{"id":2167,"date":"2025-11-09T13:49:52","date_gmt":"2025-11-09T13:49:52","guid":{"rendered":"https:\/\/heuteinfo.de\/?p=2167"},"modified":"2026-02-27T12:18:06","modified_gmt":"2026-02-27T12:18:06","slug":"wer-ist-tomas-sonnenfeldt","status":"publish","type":"post","link":"https:\/\/heuteinfo.de\/?p=2167","title":{"rendered":"Wer ist Tomas Sonnenfeldt? Das Leben und Verm\u00e4chtnis eines stillen Mannes"},"content":{"rendered":"\n<p>\u00dcber die Kindheit und Jugend von <strong>Tomas Sonnenfeldt<\/strong> ist nur wenig bekannt. Er wurde in <strong><a href=\"https:\/\/en.wikipedia.org\/wiki\/Richard_Sonnenfeldt\" data-type=\"link\" data-id=\"https:\/\/en.wikipedia.org\/wiki\/Richard_Sonnenfeldt\">Schweden<\/a><\/strong> geboren und wuchs vermutlich in einer b\u00fcrgerlichen Familie auf, in der Bildung und Verantwortung wichtig waren. Schon fr\u00fch interessierte er sich f\u00fcr <strong>Medizin und Wissenschaft<\/strong>, was ihn sp\u00e4ter zu seiner beruflichen Laufbahn f\u00fchrte. Nach seiner Schulzeit studierte Tomas Sonnenfeldt an einer schwedischen Universit\u00e4t Medizin und spezialisierte sich auf <strong>Chirurgie<\/strong>. In diesem Bereich arbeitete er viele Jahre, bevor sein Name in der \u00d6ffentlichkeit auftauchte.<\/p>\n\n\n\n<p>Seine Kollegen beschrieben ihn als <strong>zielstrebig, ruhig und zuverl\u00e4ssig<\/strong> \u2013 ein Arzt, der mit Geduld und Pr\u00e4zision arbeitete. Er bevorzugte ein Leben im Hintergrund, fern von Medien und \u00d6ffentlichkeit. Diese Haltung begleitete ihn auch sp\u00e4ter, als er pl\u00f6tzlich durch seine Ehe ins Rampenlicht r\u00fcckte.<\/p>\n\n\n\n<h2 class=\"wp-block-heading\">Tomas Sonnenfeldt und Agnetha F\u00e4ltskog \u2013 Eine besondere Verbindung<\/h2>\n\n\n\n<p>Am <strong>15. Dezember 1990<\/strong> heirateten sie in einer privaten Zeremonie. Nur enge Freunde und Familienmitglieder waren anwesend. Medien berichteten dennoch weltweit, denn Agnetha F\u00e4ltskog war eine der bekanntesten S\u00e4ngerinnen der Welt. Die Ehe war jedoch von kurzer Dauer \u2013 nur etwa <strong>zwei bis drei Jahre<\/strong>. Im Jahr <strong>1992 oder 1993<\/strong> trennten sie sich. \u00dcber die Gr\u00fcnde wurde nie \u00f6ffentlich gesprochen, denn beide hielten ihr Privatleben streng geheim.<\/p>\n\n\n\n<p>Was auff\u00e4llt: Trotz des \u00f6ffentlichen Interesses hat Tomas Sonnenfeldt nie Interviews gegeben oder B\u00fccher geschrieben. Er blieb konsequent <strong>diskret und respektvoll<\/strong>, selbst als die Medien immer wieder versuchten, mehr \u00fcber ihn herauszufinden. Diese Zur\u00fcckhaltung verschaffte ihm bei vielen Menschen Anerkennung. Sie sahen in ihm jemanden, der sich nicht vom Ruhm verf\u00fchren lie\u00df, sondern seinen eigenen Weg ging.<\/p>\n\n\n\n<h2 class=\"wp-block-heading\">Beruf und \u00f6ffentliches Leben von Tomas Sonnenfeldt<\/h2>\n\n\n\n<p>Vor und nach seiner Ehe arbeitete <strong>Tomas Sonnenfeldt<\/strong> weiterhin als <strong>Chirurg<\/strong>. In Schweden hat dieser Beruf ein hohes Ansehen, denn er erfordert jahrelange Ausbildung, Fachwissen und menschliches Feingef\u00fchl. Seine Patienten beschrieben ihn als <strong>pr\u00e4zisen und empathischen Arzt<\/strong> \u2013 einen Menschen, der zuh\u00f6rt und sich Zeit nimmt. Diese Eigenschaften machten ihn in seinem Umfeld sehr gesch\u00e4tzt.<\/p>\n\n\n\n<p>Nach der Trennung von Agnetha zog er sich noch st\u00e4rker zur\u00fcck. Es wird angenommen, dass er seine Arbeit fortsetzte, jedoch keinerlei Medienkontakt suchte. W\u00e4hrend viele andere Menschen in seiner Lage vielleicht versucht h\u00e4tten, aus der Verbindung zu einer Ber\u00fchmtheit Kapital zu schlagen, tat Tomas Sonnenfeldt das Gegenteil: <strong>Er w\u00e4hlte Stille statt Schlagzeilen.<\/strong> Diese Haltung machte ihn zu einem Sinnbild f\u00fcr Integrit\u00e4t und Bodenst\u00e4ndigkeit.<\/p>\n\n\n\n<h2 class=\"wp-block-heading\">Mythen und Fehlinformationen \u00fcber Tomas Sonnenfeldt<\/h2>\n\n\n\n<p>Im Internet kursieren verschiedene falsche Informationen \u00fcber <strong>Tomas Sonnenfeldt<\/strong>. Einige Seiten behaupten, er sei <strong>Diplomat oder Politiker<\/strong> gewesen, andere verwechseln ihn mit einem <strong>deutsch-amerikanischen Botschafter<\/strong> \u00e4hnlichen Namens. Diese Angaben sind jedoch <strong>nicht korrekt<\/strong>. Der echte Tomas Sonnenfeldt, um den es hier geht, war <strong>ein schwedischer Arzt<\/strong>, kein Musiker, kein Diplomat.<\/p>\n\n\n\n<p>Solche Verwechslungen entstehen oft, wenn seltene Namen mehrfach vorkommen. Hinzu kommt, dass er selbst nie \u00f6ffentlich auftrat, um Missverst\u00e4ndnisse richtigzustellen. Dadurch konnten falsche Informationen lange im Umlauf bleiben. Wenn man also \u00fcber Tomas Sonnenfeldt recherchiert, sollte man sich auf <strong>seri\u00f6se Quellen<\/strong> wie schwedische Medienarchive oder offizielle Biografien von Agnetha F\u00e4ltskog st\u00fctzen.<\/p>\n\n\n\n<h2 class=\"wp-block-heading\">Bedeutung der Ehe in Agnetha F\u00e4ltskogs Leben<\/h2>\n\n\n\n<p>F\u00fcr Agnetha F\u00e4ltskog bedeutete die Ehe mit <strong>Tomas Sonnenfeldt<\/strong> eine Phase der Ruhe nach Jahren des Weltruhms. Nach der Trennung von ABBA suchte sie Normalit\u00e4t \u2013 ein einfaches Leben ohne Blitzlichter und Tourneen. Tomas Sonnenfeldt verk\u00f6rperte genau das: <strong>Bodenst\u00e4ndigkeit, Stabilit\u00e4t und Privatheit<\/strong>. Die Beziehung war f\u00fcr sie ein Versuch, Abstand von der Musikindustrie zu gewinnen und ein normales Familienleben zu f\u00fchren.<\/p>\n\n\n\n<p>Auch wenn die Ehe nur kurz dauerte, spielte sie in Agnethas pers\u00f6nlicher Entwicklung eine wichtige Rolle. Sie lernte, dass Liebe und \u00d6ffentlichkeit schwer zu vereinen sind \u2013 eine Erfahrung, die sie sp\u00e4ter in Interviews vorsichtig, aber ehrlich beschrieb. Ihre Verbindung mit Tomas Sonnenfeldt steht heute sinnbildlich f\u00fcr die Suche nach Balance zwischen Ruhm und Privatleben.<\/p>\n\n\n\n<h2 class=\"wp-block-heading\">Zeitleiste und wichtige Fakten<\/h2>\n\n\n\n<figure class=\"wp-block-table\"><table class=\"has-fixed-layout\"><thead><tr><th><strong>Jahr<\/strong><\/th><th><strong>Ereignis<\/strong><\/th><\/tr><\/thead><tbody><tr><td><strong>1950er\u20131960er<\/strong><\/td><td>Geburt und fr\u00fches Leben von Tomas Sonnenfeldt in Schweden<\/td><\/tr><tr><td><strong>1970er\u20131980er<\/strong><\/td><td>Studium und Karrierebeginn in der Medizin<\/td><\/tr><tr><td><strong>Ende 1980er<\/strong><\/td><td>Kennenlernen von Agnetha F\u00e4ltskog<\/td><\/tr><tr><td><strong>1990<\/strong><\/td><td>Hochzeit am 15. Dezember<\/td><\/tr><tr><td><strong>1992\u20131993<\/strong><\/td><td>Trennung und Scheidung<\/td><\/tr><tr><td><strong>1990er bis heute<\/strong><\/td><td>R\u00fcckzug aus der \u00d6ffentlichkeit, Fortsetzung der medizinischen Karriere<\/td><\/tr><\/tbody><\/table><\/figure>\n\n\n\n<h2 class=\"wp-block-heading\">Verm\u00e4chtnis und heutiger Status<\/h2>\n\n\n\n<p>Heute, Jahrzehnte nach seiner Ehe, bleibt <strong>Tomas Sonnenfeldt<\/strong> eine faszinierende Pers\u00f6nlichkeit \u2013 gerade wegen seiner Stille. Es gibt kaum Fotos oder aktuelle Informationen \u00fcber ihn. Viele vermuten, dass er weiterhin in Schweden lebt und dort ein ruhiges Leben f\u00fchrt.<\/p>\n\n\n\n<p>Sein Name taucht hin und wieder in <strong>ABBA-Foren oder Fanartikeln<\/strong> auf, meist in Verbindung mit Fragen \u00fcber Agnethas Privatleben. Doch er selbst bleibt unsichtbar, fast wie eine Figur aus einem anderen Zeitalter \u2013 ein Mann, der den Ruhm streifte, ihn aber sofort wieder loslie\u00df. Diese bewusste Entscheidung macht ihn f\u00fcr viele zu einem Symbol f\u00fcr <strong>W\u00fcrde, Respekt und pers\u00f6nliche Grenzen<\/strong> in einer Welt, die alles \u00f6ffentlich macht.<\/p>\n\n\n\n<h2 class=\"wp-block-heading\">H\u00e4ufige Fragen (FAQ) \u00fcber Tomas Sonnenfeldt<\/h2>\n\n\n\n<p><strong>War Tomas Sonnenfeldt Mitglied von ABBA?<\/strong><br>Nein, Tomas Sonnenfeldt hatte nichts mit ABBA zu tun. Er war ein Arzt und Ehemann von Agnetha F\u00e4ltskog, nicht Musiker.<\/p>\n\n\n\n<p><strong>Wie lange waren Tomas Sonnenfeldt und Agnetha F\u00e4ltskog verheiratet?<\/strong><br>Etwa zwei bis drei Jahre \u2013 von 1990 bis ungef\u00e4hr 1993.<\/p>\n\n\n\n<p><strong>Was war Tomas Sonnenfeldts Beruf?<\/strong><br>Er war Chirurg, also ein ausgebildeter Mediziner in Schweden.<\/p>\n\n\n\n<p><strong>Warum lie\u00dfen sich Tomas Sonnenfeldt und Agnetha scheiden?<\/strong><br>Die genauen Gr\u00fcnde sind nicht bekannt. Beide \u00e4u\u00dferten sich nie \u00f6ffentlich dazu.<\/p>\n\n\n\n<p><strong>Wo lebt Tomas Sonnenfeldt heute?<\/strong><br>Er lebt wahrscheinlich weiterhin in Schweden, jedoch sehr privat.<\/p>\n\n\n\n<h2 class=\"wp-block-heading\">Fazit:<\/h2>\n\n\n\n<p><strong>Tomas Sonnenfeldt<\/strong> ist kein Mann des Rampenlichts, sondern jemand, der die Stille w\u00e4hlte, wo andere Aufmerksamkeit suchten. Seine Geschichte zeigt, dass selbst kurze Begegnungen mit Ber\u00fchmtheit Spuren in der \u00f6ffentlichen Erinnerung hinterlassen k\u00f6nnen.<\/p>\n\n\n\n<p>Er war nicht ber\u00fchmt, aber sein Name bleibt unvergessen \u2013 als Teil einer besonderen Liebesgeschichte in der Welt von ABBA. Vielleicht liegt der wahre Wert seiner Geschichte darin, dass sie uns erinnert, wie wichtig <strong>Privatsph\u00e4re, Respekt und Authentizit\u00e4t<\/strong> sind \u2013 Dinge, die im digitalen Zeitalter immer seltener werden. Tomas Sonnenfeldt mag sich aus der \u00d6ffentlichkeit zur\u00fcckgezogen haben, doch sein Name bleibt ein kleines, stilles Kapitel in der gro\u00dfen Geschichte der Popkultur.<\/p>\n\n\n\n<p><strong>Mher Lessn:&nbsp;<\/strong> <strong><a href=\"https:\/\/heuteinfo.de\/\" data-type=\"link\" data-id=\"https:\/\/heuteinfo.de\/\">heuteinfo<br><\/a><\/strong><\/p>\n","protected":false},"excerpt":{"rendered":"<p>\u00dcber die Kindheit und Jugend von Tomas Sonnenfeldt ist nur wenig bekannt. Er wurde in Schweden geboren und wuchs vermutlich in einer b\u00fcrgerlichen Familie auf, in der Bildung und Verantwortung wichtig waren. Schon fr\u00fch interessierte er sich f\u00fcr Medizin und Wissenschaft, was ihn sp\u00e4ter zu seiner beruflichen Laufbahn f\u00fchrte. Nach seiner Schulzeit studierte Tomas Sonnenfeldt [&hellip;]<\/p>\n","protected":false},"author":1,"featured_media":2168,"comment_status":"open","ping_status":"open","sticky":false,"template":"","format":"standard","meta":{"footnotes":""},"categories":[39],"tags":[],"class_list":["post-2167","post","type-post","status-publish","format-standard","has-post-thumbnail","hentry","category-lebensstil"],"yoast_head":"<!-- This site is optimized with the Yoast SEO plugin v27.4 - https:\/\/yoast.com\/product\/yoast-seo-wordpress\/ -->\n<title>Wer ist Tomas Sonnenfeldt? Das Leben und Verm\u00e4chtnis eines stillen Mannes - heuteinfo.de<\/title>\n<meta name=\"robots\" content=\"index, follow, max-snippet:-1, max-image-preview:large, max-video-preview:-1\" \/>\n<link rel=\"canonical\" href=\"https:\/\/heuteinfo.de\/?p=2167\" \/>\n<meta property=\"og:locale\" content=\"en_US\" \/>\n<meta property=\"og:type\" content=\"article\" \/>\n<meta property=\"og:title\" content=\"Wer ist Tomas Sonnenfeldt? Das Leben und Verm\u00e4chtnis eines stillen Mannes - heuteinfo.de\" \/>\n<meta property=\"og:description\" content=\"\u00dcber die Kindheit und Jugend von Tomas Sonnenfeldt ist nur wenig bekannt. Er wurde in Schweden geboren und wuchs vermutlich in einer b\u00fcrgerlichen Familie auf, in der Bildung und Verantwortung wichtig waren. Schon fr\u00fch interessierte er sich f\u00fcr Medizin und Wissenschaft, was ihn sp\u00e4ter zu seiner beruflichen Laufbahn f\u00fchrte. Nach seiner Schulzeit studierte Tomas Sonnenfeldt [&hellip;]\" \/>\n<meta property=\"og:url\" content=\"https:\/\/heuteinfo.de\/?p=2167\" \/>\n<meta property=\"og:site_name\" content=\"heuteinfo.de\" \/>\n<meta property=\"article:published_time\" content=\"2025-11-09T13:49:52+00:00\" \/>\n<meta property=\"article:modified_time\" content=\"2026-02-27T12:18:06+00:00\" \/>\n<meta property=\"og:image\" content=\"https:\/\/heuteinfo.de\/wp-content\/uploads\/2025\/11\/21e9d3e0d6c1bdc4a9c44baebbad30d3.jpg\" \/>\n\t<meta property=\"og:image:width\" content=\"512\" \/>\n\t<meta property=\"og:image:height\" content=\"600\" \/>\n\t<meta property=\"og:image:type\" content=\"image\/jpeg\" \/>\n<meta name=\"author\" content=\"ahmedhassan98764@gmail.com\" \/>\n<meta name=\"twitter:card\" content=\"summary_large_image\" \/>\n<meta name=\"twitter:label1\" content=\"Written by\" \/>\n\t<meta name=\"twitter:data1\" content=\"ahmedhassan98764@gmail.com\" \/>\n\t<meta name=\"twitter:label2\" content=\"Est. reading time\" \/>\n\t<meta name=\"twitter:data2\" content=\"5 minutes\" \/>\n<script type=\"application\/ld+json\" class=\"yoast-schema-graph\">{\"@context\":\"https:\\\/\\\/schema.org\",\"@graph\":[{\"@type\":\"Article\",\"@id\":\"https:\\\/\\\/heuteinfo.de\\\/?p=2167#article\",\"isPartOf\":{\"@id\":\"https:\\\/\\\/heuteinfo.de\\\/?p=2167\"},\"author\":{\"name\":\"ahmedhassan98764@gmail.com\",\"@id\":\"https:\\\/\\\/heuteinfo.de\\\/#\\\/schema\\\/person\\\/94a0e25dd819e325bc73714b2b0e6250\"},\"headline\":\"Wer ist Tomas Sonnenfeldt? Das Leben und Verm\u00e4chtnis eines stillen Mannes\",\"datePublished\":\"2025-11-09T13:49:52+00:00\",\"dateModified\":\"2026-02-27T12:18:06+00:00\",\"mainEntityOfPage\":{\"@id\":\"https:\\\/\\\/heuteinfo.de\\\/?p=2167\"},\"wordCount\":1046,\"commentCount\":0,\"image\":{\"@id\":\"https:\\\/\\\/heuteinfo.de\\\/?p=2167#primaryimage\"},\"thumbnailUrl\":\"https:\\\/\\\/heuteinfo.de\\\/wp-content\\\/uploads\\\/2025\\\/11\\\/21e9d3e0d6c1bdc4a9c44baebbad30d3.jpg\",\"articleSection\":[\"Lebensstil\"],\"inLanguage\":\"en-US\",\"potentialAction\":[{\"@type\":\"CommentAction\",\"name\":\"Comment\",\"target\":[\"https:\\\/\\\/heuteinfo.de\\\/?p=2167#respond\"]}]},{\"@type\":\"WebPage\",\"@id\":\"https:\\\/\\\/heuteinfo.de\\\/?p=2167\",\"url\":\"https:\\\/\\\/heuteinfo.de\\\/?p=2167\",\"name\":\"Wer ist Tomas Sonnenfeldt? Das Leben und Verm\u00e4chtnis eines stillen Mannes - heuteinfo.de\",\"isPartOf\":{\"@id\":\"https:\\\/\\\/heuteinfo.de\\\/#website\"},\"primaryImageOfPage\":{\"@id\":\"https:\\\/\\\/heuteinfo.de\\\/?p=2167#primaryimage\"},\"image\":{\"@id\":\"https:\\\/\\\/heuteinfo.de\\\/?p=2167#primaryimage\"},\"thumbnailUrl\":\"https:\\\/\\\/heuteinfo.de\\\/wp-content\\\/uploads\\\/2025\\\/11\\\/21e9d3e0d6c1bdc4a9c44baebbad30d3.jpg\",\"datePublished\":\"2025-11-09T13:49:52+00:00\",\"dateModified\":\"2026-02-27T12:18:06+00:00\",\"author\":{\"@id\":\"https:\\\/\\\/heuteinfo.de\\\/#\\\/schema\\\/person\\\/94a0e25dd819e325bc73714b2b0e6250\"},\"breadcrumb\":{\"@id\":\"https:\\\/\\\/heuteinfo.de\\\/?p=2167#breadcrumb\"},\"inLanguage\":\"en-US\",\"potentialAction\":[{\"@type\":\"ReadAction\",\"target\":[\"https:\\\/\\\/heuteinfo.de\\\/?p=2167\"]}]},{\"@type\":\"ImageObject\",\"inLanguage\":\"en-US\",\"@id\":\"https:\\\/\\\/heuteinfo.de\\\/?p=2167#primaryimage\",\"url\":\"https:\\\/\\\/heuteinfo.de\\\/wp-content\\\/uploads\\\/2025\\\/11\\\/21e9d3e0d6c1bdc4a9c44baebbad30d3.jpg\",\"contentUrl\":\"https:\\\/\\\/heuteinfo.de\\\/wp-content\\\/uploads\\\/2025\\\/11\\\/21e9d3e0d6c1bdc4a9c44baebbad30d3.jpg\",\"width\":512,\"height\":600,\"caption\":\"Tomas Sonnenfeldt\"},{\"@type\":\"BreadcrumbList\",\"@id\":\"https:\\\/\\\/heuteinfo.de\\\/?p=2167#breadcrumb\",\"itemListElement\":[{\"@type\":\"ListItem\",\"position\":1,\"name\":\"Home\",\"item\":\"https:\\\/\\\/heuteinfo.de\\\/\"},{\"@type\":\"ListItem\",\"position\":2,\"name\":\"Wer ist Tomas Sonnenfeldt? Das Leben und Verm\u00e4chtnis eines stillen Mannes\"}]},{\"@type\":\"WebSite\",\"@id\":\"https:\\\/\\\/heuteinfo.de\\\/#website\",\"url\":\"https:\\\/\\\/heuteinfo.de\\\/\",\"name\":\"heuteinfo.de\",\"description\":\"\",\"potentialAction\":[{\"@type\":\"SearchAction\",\"target\":{\"@type\":\"EntryPoint\",\"urlTemplate\":\"https:\\\/\\\/heuteinfo.de\\\/?s={search_term_string}\"},\"query-input\":{\"@type\":\"PropertyValueSpecification\",\"valueRequired\":true,\"valueName\":\"search_term_string\"}}],\"inLanguage\":\"en-US\"},{\"@type\":\"Person\",\"@id\":\"https:\\\/\\\/heuteinfo.de\\\/#\\\/schema\\\/person\\\/94a0e25dd819e325bc73714b2b0e6250\",\"name\":\"ahmedhassan98764@gmail.com\",\"image\":{\"@type\":\"ImageObject\",\"inLanguage\":\"en-US\",\"@id\":\"https:\\\/\\\/secure.gravatar.com\\\/avatar\\\/e2e9655aa74e87126cf4d7a522342156dfe63385e2ce1859f3a68169de6937a9?s=96&d=mm&r=g\",\"url\":\"https:\\\/\\\/secure.gravatar.com\\\/avatar\\\/e2e9655aa74e87126cf4d7a522342156dfe63385e2ce1859f3a68169de6937a9?s=96&d=mm&r=g\",\"contentUrl\":\"https:\\\/\\\/secure.gravatar.com\\\/avatar\\\/e2e9655aa74e87126cf4d7a522342156dfe63385e2ce1859f3a68169de6937a9?s=96&d=mm&r=g\",\"caption\":\"ahmedhassan98764@gmail.com\"},\"sameAs\":[\"https:\\\/\\\/heuteinfo.de\"],\"url\":\"https:\\\/\\\/heuteinfo.de\\\/?author=1\"}]}<\/script>\n<!-- \/ Yoast SEO plugin. -->","yoast_head_json":{"title":"Wer ist Tomas Sonnenfeldt? Das Leben und Verm\u00e4chtnis eines stillen Mannes - heuteinfo.de","robots":{"index":"index","follow":"follow","max-snippet":"max-snippet:-1","max-image-preview":"max-image-preview:large","max-video-preview":"max-video-preview:-1"},"canonical":"https:\/\/heuteinfo.de\/?p=2167","og_locale":"en_US","og_type":"article","og_title":"Wer ist Tomas Sonnenfeldt? Das Leben und Verm\u00e4chtnis eines stillen Mannes - heuteinfo.de","og_description":"\u00dcber die Kindheit und Jugend von Tomas Sonnenfeldt ist nur wenig bekannt. Er wurde in Schweden geboren und wuchs vermutlich in einer b\u00fcrgerlichen Familie auf, in der Bildung und Verantwortung wichtig waren. Schon fr\u00fch interessierte er sich f\u00fcr Medizin und Wissenschaft, was ihn sp\u00e4ter zu seiner beruflichen Laufbahn f\u00fchrte. Nach seiner Schulzeit studierte Tomas Sonnenfeldt [&hellip;]","og_url":"https:\/\/heuteinfo.de\/?p=2167","og_site_name":"heuteinfo.de","article_published_time":"2025-11-09T13:49:52+00:00","article_modified_time":"2026-02-27T12:18:06+00:00","og_image":[{"width":512,"height":600,"url":"https:\/\/heuteinfo.de\/wp-content\/uploads\/2025\/11\/21e9d3e0d6c1bdc4a9c44baebbad30d3.jpg","type":"image\/jpeg"}],"author":"ahmedhassan98764@gmail.com","twitter_card":"summary_large_image","twitter_misc":{"Written by":"ahmedhassan98764@gmail.com","Est. reading time":"5 minutes"},"schema":{"@context":"https:\/\/schema.org","@graph":[{"@type":"Article","@id":"https:\/\/heuteinfo.de\/?p=2167#article","isPartOf":{"@id":"https:\/\/heuteinfo.de\/?p=2167"},"author":{"name":"ahmedhassan98764@gmail.com","@id":"https:\/\/heuteinfo.de\/#\/schema\/person\/94a0e25dd819e325bc73714b2b0e6250"},"headline":"Wer ist Tomas Sonnenfeldt? Das Leben und Verm\u00e4chtnis eines stillen Mannes","datePublished":"2025-11-09T13:49:52+00:00","dateModified":"2026-02-27T12:18:06+00:00","mainEntityOfPage":{"@id":"https:\/\/heuteinfo.de\/?p=2167"},"wordCount":1046,"commentCount":0,"image":{"@id":"https:\/\/heuteinfo.de\/?p=2167#primaryimage"},"thumbnailUrl":"https:\/\/heuteinfo.de\/wp-content\/uploads\/2025\/11\/21e9d3e0d6c1bdc4a9c44baebbad30d3.jpg","articleSection":["Lebensstil"],"inLanguage":"en-US","potentialAction":[{"@type":"CommentAction","name":"Comment","target":["https:\/\/heuteinfo.de\/?p=2167#respond"]}]},{"@type":"WebPage","@id":"https:\/\/heuteinfo.de\/?p=2167","url":"https:\/\/heuteinfo.de\/?p=2167","name":"Wer ist Tomas Sonnenfeldt? Das Leben und Verm\u00e4chtnis eines stillen Mannes - heuteinfo.de","isPartOf":{"@id":"https:\/\/heuteinfo.de\/#website"},"primaryImageOfPage":{"@id":"https:\/\/heuteinfo.de\/?p=2167#primaryimage"},"image":{"@id":"https:\/\/heuteinfo.de\/?p=2167#primaryimage"},"thumbnailUrl":"https:\/\/heuteinfo.de\/wp-content\/uploads\/2025\/11\/21e9d3e0d6c1bdc4a9c44baebbad30d3.jpg","datePublished":"2025-11-09T13:49:52+00:00","dateModified":"2026-02-27T12:18:06+00:00","author":{"@id":"https:\/\/heuteinfo.de\/#\/schema\/person\/94a0e25dd819e325bc73714b2b0e6250"},"breadcrumb":{"@id":"https:\/\/heuteinfo.de\/?p=2167#breadcrumb"},"inLanguage":"en-US","potentialAction":[{"@type":"ReadAction","target":["https:\/\/heuteinfo.de\/?p=2167"]}]},{"@type":"ImageObject","inLanguage":"en-US","@id":"https:\/\/heuteinfo.de\/?p=2167#primaryimage","url":"https:\/\/heuteinfo.de\/wp-content\/uploads\/2025\/11\/21e9d3e0d6c1bdc4a9c44baebbad30d3.jpg","contentUrl":"https:\/\/heuteinfo.de\/wp-content\/uploads\/2025\/11\/21e9d3e0d6c1bdc4a9c44baebbad30d3.jpg","width":512,"height":600,"caption":"Tomas Sonnenfeldt"},{"@type":"BreadcrumbList","@id":"https:\/\/heuteinfo.de\/?p=2167#breadcrumb","itemListElement":[{"@type":"ListItem","position":1,"name":"Home","item":"https:\/\/heuteinfo.de\/"},{"@type":"ListItem","position":2,"name":"Wer ist Tomas Sonnenfeldt? Das Leben und Verm\u00e4chtnis eines stillen Mannes"}]},{"@type":"WebSite","@id":"https:\/\/heuteinfo.de\/#website","url":"https:\/\/heuteinfo.de\/","name":"heuteinfo.de","description":"","potentialAction":[{"@type":"SearchAction","target":{"@type":"EntryPoint","urlTemplate":"https:\/\/heuteinfo.de\/?s={search_term_string}"},"query-input":{"@type":"PropertyValueSpecification","valueRequired":true,"valueName":"search_term_string"}}],"inLanguage":"en-US"},{"@type":"Person","@id":"https:\/\/heuteinfo.de\/#\/schema\/person\/94a0e25dd819e325bc73714b2b0e6250","name":"ahmedhassan98764@gmail.com","image":{"@type":"ImageObject","inLanguage":"en-US","@id":"https:\/\/secure.gravatar.com\/avatar\/e2e9655aa74e87126cf4d7a522342156dfe63385e2ce1859f3a68169de6937a9?s=96&d=mm&r=g","url":"https:\/\/secure.gravatar.com\/avatar\/e2e9655aa74e87126cf4d7a522342156dfe63385e2ce1859f3a68169de6937a9?s=96&d=mm&r=g","contentUrl":"https:\/\/secure.gravatar.com\/avatar\/e2e9655aa74e87126cf4d7a522342156dfe63385e2ce1859f3a68169de6937a9?s=96&d=mm&r=g","caption":"ahmedhassan98764@gmail.com"},"sameAs":["https:\/\/heuteinfo.de"],"url":"https:\/\/heuteinfo.de\/?author=1"}]}},"_links":{"self":[{"href":"https:\/\/heuteinfo.de\/index.php?rest_route=\/wp\/v2\/posts\/2167","targetHints":{"allow":["GET"]}}],"collection":[{"href":"https:\/\/heuteinfo.de\/index.php?rest_route=\/wp\/v2\/posts"}],"about":[{"href":"https:\/\/heuteinfo.de\/index.php?rest_route=\/wp\/v2\/types\/post"}],"author":[{"embeddable":true,"href":"https:\/\/heuteinfo.de\/index.php?rest_route=\/wp\/v2\/users\/1"}],"replies":[{"embeddable":true,"href":"https:\/\/heuteinfo.de\/index.php?rest_route=%2Fwp%2Fv2%2Fcomments&post=2167"}],"version-history":[{"count":4,"href":"https:\/\/heuteinfo.de\/index.php?rest_route=\/wp\/v2\/posts\/2167\/revisions"}],"predecessor-version":[{"id":10720,"href":"https:\/\/heuteinfo.de\/index.php?rest_route=\/wp\/v2\/posts\/2167\/revisions\/10720"}],"wp:featuredmedia":[{"embeddable":true,"href":"https:\/\/heuteinfo.de\/index.php?rest_route=\/wp\/v2\/media\/2168"}],"wp:attachment":[{"href":"https:\/\/heuteinfo.de\/index.php?rest_route=%2Fwp%2Fv2%2Fmedia&parent=2167"}],"wp:term":[{"taxonomy":"category","embeddable":true,"href":"https:\/\/heuteinfo.de\/index.php?rest_route=%2Fwp%2Fv2%2Fcategories&post=2167"},{"taxonomy":"post_tag","embeddable":true,"href":"https:\/\/heuteinfo.de\/index.php?rest_route=%2Fwp%2Fv2%2Ftags&post=2167"}],"curies":[{"name":"wp","href":"https:\/\/api.w.org\/{rel}","templated":true}]}}