{"id":2170,"date":"2025-11-09T14:02:51","date_gmt":"2025-11-09T14:02:51","guid":{"rendered":"https:\/\/heuteinfo.de\/?p=2170"},"modified":"2026-02-27T12:18:06","modified_gmt":"2026-02-27T12:18:06","slug":"stefanie-kloss-schlaganfall","status":"publish","type":"post","link":"https:\/\/heuteinfo.de\/?p=2170","title":{"rendered":"Stefanie Klo\u00df Schlaganfall: Fakten, Ger\u00fcchte und aktuelle Infos"},"content":{"rendered":"\n<p><strong><a href=\"https:\/\/de.wikipedia.org\/wiki\/Stefanie_Klo%C3%9F\" data-type=\"link\" data-id=\"https:\/\/de.wikipedia.org\/wiki\/Stefanie_Klo%C3%9F\">Stefanie Klo\u00df<\/a><\/strong> ist eine bekannte deutsche S\u00e4ngerin, die vor allem als Frontfrau der Band <strong>Silbermond<\/strong> ber\u00fchmt wurde. Geboren am 31. Oktober 1984 in Bautzen, hat sie sich \u00fcber die Jahre einen festen Platz in der deutschen Musiklandschaft erarbeitet. Ihre Stimme und ihre Lieder ber\u00fchren Millionen von Menschen, und sie ist auch als Coach in Shows wie <strong>The Voice of Germany<\/strong> aktiv.<\/p>\n\n\n\n<p>In den letzten Jahren kursierten online Ger\u00fcchte, dass Stefanie Klo\u00df einen <strong>Schlaganfall<\/strong> erlitten habe. Das hat viele Fans und Medien aufmerksam gemacht. Doch bei solchen Aussagen ist es oft schwer zu unterscheiden, was <strong>Fakt<\/strong> ist und was nur ein <strong>Ger\u00fccht<\/strong>. In diesem Artikel wollen wir daher genau pr\u00fcfen, was hinter den Schlaganfall-Ger\u00fcchten steckt, was ein Schlaganfall eigentlich ist und wie man als Fan oder Leser verantwortungsbewusst mit solchen Informationen umgehen sollte.<\/p>\n\n\n\n<h2 class=\"wp-block-heading\">Ger\u00fcchte um einen Schlaganfall bei Stefanie Klo\u00df<\/h2>\n\n\n\n<p>In den letzten Jahren tauchten im Internet immer wieder Ger\u00fcchte \u00fcber einen m\u00f6glichen <strong>Schlaganfall bei Stefanie Klo\u00df<\/strong> auf. Vor allem in sozialen Netzwerken und auf kleineren Webseiten verbreiteten sich Beitr\u00e4ge, die suggerierten, dass die S\u00e4ngerin gesundheitlich ernsthaft erkrankt sei. H\u00e4ufig wurden dabei Fotos oder kurze Videos von \u00f6ffentlichen Auftritten genommen und f\u00e4lschlicherweise interpretiert.<\/p>\n\n\n\n<p>Viele Fans reagierten schnell besorgt, da ein Schlaganfall eine ernsthafte und oft lebensver\u00e4ndernde Erkrankung ist. Diese Unsicherheit f\u00fchrte dazu, dass sich das Thema viral verbreitete. Das Ph\u00e4nomen ist nicht ungew\u00f6hnlich: Bei bekannten Pers\u00f6nlichkeiten wie Stefanie Klo\u00df entstehen solche Gesundheitsger\u00fcchte oft sehr schnell.<\/p>\n\n\n\n<p>Typische Aussagen, die kursierten, waren zum Beispiel:<\/p>\n\n\n\n<ul class=\"wp-block-list\">\n<li>\u201eStefanie Klo\u00df musste pl\u00f6tzlich aus gesundheitlichen Gr\u00fcnden pausieren.\u201c<\/li>\n\n\n\n<li>\u201eFans bef\u00fcrchten, dass sie einen Schlaganfall hatte.\u201c<\/li>\n\n\n\n<li>\u201eGer\u00fcchte \u00fcber schwere Erkrankung der Silbermond-S\u00e4ngerin.\u201c<\/li>\n<\/ul>\n\n\n\n<p>Es ist wichtig zu verstehen, dass <strong>Ger\u00fcchte nicht automatisch wahr sind<\/strong>. Viele dieser Posts basierten auf Mutma\u00dfungen oder auf unvollst\u00e4ndigen Informationen. Die Sensationslust in Medien und Social Media kann dazu f\u00fchren, dass Meldungen aufgebauscht werden, ohne dass eine verl\u00e4ssliche Quelle dahintersteht.<\/p>\n\n\n\n<p>Interessant ist auch, dass solche Ger\u00fcchte oft lange im Umlauf bleiben. Selbst nachdem klar ist, dass es keine gesundheitliche Krise gab, erscheinen sie immer wieder in Suchmaschinen oder sozialen Medien. So wird der Eindruck erweckt, dass die Nachricht aktuell und best\u00e4tigt ist, obwohl <strong>keine offiziellen Quellen<\/strong> einen Schlaganfall bei Stefanie Klo\u00df gemeldet haben. Fans sollten deshalb besonders vorsichtig sein: Nicht jede Schlagzeile ist richtig. Es lohnt sich immer, nach <strong>offiziellen Statements von Stefanie Klo\u00df, ihrem Management oder seri\u00f6sen Medien<\/strong> zu suchen, bevor man Informationen glaubt oder teilt.<\/p>\n\n\n\n<h2 class=\"wp-block-heading\">Faktencheck \u2013 Was sagen vertrauensw\u00fcrdige Quellen?<\/h2>\n\n\n\n<p>Wenn man die Ger\u00fcchte pr\u00fcft, zeigen seri\u00f6se Quellen ein anderes Bild. <strong>Stefanie Klo\u00df<\/strong> hat in Interviews und \u00f6ffentlichen Statements nie best\u00e4tigt, dass sie einen Schlaganfall hatte. Auch ihr Management und offizielle Pressemitteilungen weisen darauf hin, dass sie <strong>gesund ist<\/strong> und ihre Pause im Rahmen ihrer normalen beruflichen Planung stand.<\/p>\n\n\n\n<p>Die Faktenlage zeigt klar:<\/p>\n\n\n\n<figure class=\"wp-block-table\"><table class=\"has-fixed-layout\"><thead><tr><th>Quelle<\/th><th>Aussage zum Schlaganfall<\/th><\/tr><\/thead><tbody><tr><td>Offizielle Pressemitteilung Management<\/td><td>Kein Schlaganfall, gesundheitlich stabil<\/td><\/tr><tr><td>Interviews in seri\u00f6sen Medien<\/td><td>Keine Hinweise auf ernsthafte Erkrankung<\/td><\/tr><tr><td>Wikipedia \/ Biografien<\/td><td>Keine Meldungen \u00fcber Schlaganfall<\/td><\/tr><tr><td>Social Media<\/td><td>Ger\u00fcchte, keine Best\u00e4tigung<\/td><\/tr><\/tbody><\/table><\/figure>\n\n\n\n<p>Aus diesen Daten l\u00e4sst sich ableiten, dass der Begriff <strong>\u201eStefanie Klo\u00df Schlaganfall\u201c<\/strong> in den meisten Online-Suchen <strong>auf Ger\u00fcchte basiert<\/strong>, nicht auf best\u00e4tigten Fakten.<\/p>\n\n\n\n<p>Experten raten au\u00dferdem, dass man <strong>nicht jeder Schlagzeilen \u00fcber Prominente Glauben schenken sollte<\/strong>, da Medien oft auf Klickzahlen aus sind. F\u00fcr Fans ist es wichtiger, sich auf <strong>verl\u00e4ssliche Informationen<\/strong> zu st\u00fctzen und nicht auf Spekulationen.<\/p>\n\n\n\n<h2 class=\"wp-block-heading\">Was ist ein Schlaganfall? \u2013 Allgemeiner \u00dcberblick<\/h2>\n\n\n\n<p>Ein Schlaganfall ist eine pl\u00f6tzliche St\u00f6rung der <strong>Durchblutung im Gehirn<\/strong>, die dazu f\u00fchren kann, dass Gehirnzellen absterben. Er kann verschiedene Ursachen haben:<\/p>\n\n\n\n<ul class=\"wp-block-list\">\n<li><strong>Isch\u00e4mischer Schlaganfall:<\/strong> Verstopfung eines Blutgef\u00e4\u00dfes im Gehirn.<\/li>\n\n\n\n<li><strong>H\u00e4morrhagischer Schlaganfall:<\/strong> Blutung im Gehirn.<\/li>\n<\/ul>\n\n\n\n<p>Typische Symptome k\u00f6nnen sein:<\/p>\n\n\n\n<ul class=\"wp-block-list\">\n<li>Pl\u00f6tzliche Schw\u00e4che oder L\u00e4hmung auf einer K\u00f6rperseite<\/li>\n\n\n\n<li>Sprach- oder Verst\u00e4ndnisschwierigkeiten<\/li>\n\n\n\n<li>Sehst\u00f6rungen<\/li>\n\n\n\n<li>Starke Kopfschmerzen<\/li>\n\n\n\n<li>Schwindel oder Gleichgewichtsst\u00f6rungen<\/li>\n<\/ul>\n\n\n\n<p><strong>Fakten:<\/strong><\/p>\n\n\n\n<ul class=\"wp-block-list\">\n<li>Schlaganf\u00e4lle sind die <strong>dritth\u00e4ufigste Todesursache in Deutschland<\/strong>.<\/li>\n\n\n\n<li>Jeder kann betroffen sein, doch <strong>Risikofaktoren<\/strong> wie Bluthochdruck, Diabetes oder Rauchen erh\u00f6hen die Wahrscheinlichkeit.<\/li>\n<\/ul>\n\n\n\n<p>F\u00fcr Fans von Stefanie Klo\u00df ist es beruhigend zu wissen, dass <strong>kein Hinweis auf einen Schlaganfall vorliegt<\/strong>. Gleichzeitig ist es eine Gelegenheit, das Thema Gesundheit allgemein besser zu verstehen.<\/p>\n\n\n\n<h2 class=\"wp-block-heading\">Warum entstehen solche Gesundheitsger\u00fcchte bei Prominenten?<\/h2>\n\n\n\n<p>Gesundheitsger\u00fcchte verbreiten sich besonders schnell bei bekannten Pers\u00f6nlichkeiten. Die Gr\u00fcnde daf\u00fcr sind vielf\u00e4ltig:<\/p>\n\n\n\n<ol class=\"wp-block-list\">\n<li><strong>Neugier und Emotionen der Fans:<\/strong> Menschen wollen wissen, ob ihre Lieblingsstars gesund sind.<\/li>\n\n\n\n<li><strong>Medienmechanik:<\/strong> Klickzahlen bringen Geld, und dramatische Schlagzeilen erzeugen Aufmerksamkeit.<\/li>\n\n\n\n<li><strong>Fehlinterpretation von \u00f6ffentlichen Auftritten:<\/strong> M\u00fcdigkeit, Pausen oder Ver\u00e4nderungen im Aussehen werden oft \u00fcberbewertet.<\/li>\n\n\n\n<li><strong>Soziale Medien:<\/strong> Ein einzelner Beitrag kann viral gehen und Ger\u00fcchte innerhalb weniger Stunden weltweit verbreiten.<\/li>\n<\/ol>\n\n\n\n<p>Dieses Ph\u00e4nomen zeigt, wie wichtig <strong>kritisches Denken<\/strong> ist. Man sollte immer pr\u00fcfen, ob die Quelle <strong>seri\u00f6s<\/strong> ist und ob es <strong>offizielle Best\u00e4tigungen<\/strong> gibt, bevor man Nachrichten weiterverbreitet.<\/p>\n\n\n\n<hr class=\"wp-block-separator has-alpha-channel-opacity\" \/>\n\n\n\n<h2 class=\"wp-block-heading\">Was bedeutet das f\u00fcr Fans von Stefanie Klo\u00df?<\/h2>\n\n\n\n<p>Fans sollten bei Ger\u00fcchten um einen <strong>Schlaganfall von Stefanie Klo\u00df<\/strong> Ruhe bewahren und sich auf verl\u00e4ssliche Informationen konzentrieren.<\/p>\n\n\n\n<p>Tipps f\u00fcr Fans:<\/p>\n\n\n\n<ul class=\"wp-block-list\">\n<li>Auf offizielle Statements achten.<\/li>\n\n\n\n<li>Nachrichten aus vertrauensw\u00fcrdigen Medien lesen.<\/li>\n\n\n\n<li>Nicht sofort jede Schlagzeile oder Social-Media-Aussage glauben.<\/li>\n\n\n\n<li>Freundlich und respektvoll in Diskussionen \u00fcber die Gesundheit von Prominenten bleiben.<\/li>\n<\/ul>\n\n\n\n<p>So k\u00f6nnen Fans Unterst\u00fctzung zeigen, ohne unbeabsichtigt Ger\u00fcchte zu verbreiten.<\/p>\n\n\n\n<h2 class=\"wp-block-heading\">Aktueller Stand &amp; Projekte von Stefanie Klo\u00df<\/h2>\n\n\n\n<p>Heute ist <strong>Stefanie Klo\u00df<\/strong> aktiv in der Musikszene und bei TV-Projekten. Sie arbeitet weiterhin mit <strong>Silbermond<\/strong> und nimmt regelm\u00e4\u00dfig an Shows wie <strong>The Voice of Germany<\/strong> teil. Es gibt keine offiziellen Hinweise auf gesundheitliche Probleme. Fans k\u00f6nnen sich also beruhigt auf neue Musik und Auftritte freuen. Die S\u00e4ngerin selbst wirkt in Interviews und \u00f6ffentlichen Auftritten <strong>gesund und energiegeladen<\/strong>.<\/p>\n\n\n\n<h2 class=\"wp-block-heading\">H\u00e4ufig gestellte Fragen (FAQ) zu Stefanie Klo\u00df Schlaganfall<\/h2>\n\n\n\n<p><strong>Hatte Stefanie Klo\u00df wirklich einen Schlaganfall?<\/strong><br>Nein, Stefanie Klo\u00df hat keinen Schlaganfall erlitten. Alle Meldungen dazu sind Ger\u00fcchte.<\/p>\n\n\n\n<p><strong>Warum gibt es Ger\u00fcchte \u00fcber einen Schlaganfall bei Stefanie Klo\u00df?<\/strong><br>Die Ger\u00fcchte entstanden durch Social-Media-Beitr\u00e4ge und falsche Berichte, seri\u00f6se Quellen best\u00e4tigen nichts.<\/p>\n\n\n\n<p><strong>Was ist ein Schlaganfall?<\/strong><br>Ein Schlaganfall ist eine pl\u00f6tzliche St\u00f6rung der Gehirndurchblutung, die Gehirnzellen sch\u00e4digen kann.<\/p>\n\n\n\n<p><strong>Wie k\u00f6nnen Fans sicher sein, dass Stefanie Klo\u00df gesund ist?<\/strong><br>Offizielle Statements von Stefanie Klo\u00df und ihrem Management zeigen, dass sie gesund und aktiv ist.<\/p>\n\n\n\n<p><strong>Was sollte man tun, wenn man solche Ger\u00fcchte liest?<\/strong><br>Man sollte nur auf verl\u00e4ssliche Quellen achten und keine ungepr\u00fcften Nachrichten teilen.<\/p>\n\n\n\n<p><strong>Welche aktuellen Projekte hat Stefanie Klo\u00df?<\/strong><br>Stefanie Klo\u00df arbeitet weiterhin mit Silbermond und ist als Coach bei The Voice of Germany aktiv.<\/p>\n\n\n\n<h2 class=\"wp-block-heading\">Fazit \u2013 <\/h2>\n\n\n\n<p>Zusammenfassend l\u00e4sst sich sagen: Die Ger\u00fcchte \u00fcber einen <strong>Schlaganfall von Stefanie Klo\u00df<\/strong> sind <strong>nicht best\u00e4tigt<\/strong>. Seri\u00f6se Quellen und offizielle Statements zeigen, dass sie <strong>gesund ist<\/strong>. Schlaganfall ist eine ernsthafte Erkrankung, die viele Menschen betrifft, aber <strong>bei Stefanie Klo\u00df gibt es daf\u00fcr keine Hinweise<\/strong>. Fans sollten kritisch bleiben und sich auf <strong>verl\u00e4ssliche Informationen<\/strong> verlassen.<\/p>\n\n\n\n<p><strong>Mher Lessn:<\/strong> <strong><a href=\"https:\/\/heuteinfo.de\/2025\/11\/09\/wer-ist-tomas-sonnenfeldt\/\" data-type=\"link\" data-id=\"https:\/\/heuteinfo.de\/2025\/11\/09\/wer-ist-tomas-sonnenfeldt\/\">Tomas Sonnenfeldt<br><\/a><\/strong><\/p>\n","protected":false},"excerpt":{"rendered":"<p>Stefanie Klo\u00df ist eine bekannte deutsche S\u00e4ngerin, die vor allem als Frontfrau der Band Silbermond ber\u00fchmt wurde. Geboren am 31. Oktober 1984 in Bautzen, hat sie sich \u00fcber die Jahre einen festen Platz in der deutschen Musiklandschaft erarbeitet. Ihre Stimme und ihre Lieder ber\u00fchren Millionen von Menschen, und sie ist auch als Coach in Shows [&hellip;]<\/p>\n","protected":false},"author":1,"featured_media":2171,"comment_status":"open","ping_status":"open","sticky":false,"template":"","format":"standard","meta":{"footnotes":""},"categories":[41],"tags":[],"class_list":["post-2170","post","type-post","status-publish","format-standard","has-post-thumbnail","hentry","category-nachrichten"],"yoast_head":"<!-- This site is optimized with the Yoast SEO plugin v27.4 - https:\/\/yoast.com\/product\/yoast-seo-wordpress\/ -->\n<title>Stefanie Klo\u00df Schlaganfall: Fakten, Ger\u00fcchte und aktuelle Infos - heuteinfo.de<\/title>\n<meta name=\"robots\" content=\"index, follow, max-snippet:-1, max-image-preview:large, max-video-preview:-1\" \/>\n<link rel=\"canonical\" href=\"https:\/\/heuteinfo.de\/?p=2170\" \/>\n<meta property=\"og:locale\" content=\"en_US\" \/>\n<meta property=\"og:type\" content=\"article\" \/>\n<meta property=\"og:title\" content=\"Stefanie Klo\u00df Schlaganfall: Fakten, Ger\u00fcchte und aktuelle Infos - heuteinfo.de\" \/>\n<meta property=\"og:description\" content=\"Stefanie Klo\u00df ist eine bekannte deutsche S\u00e4ngerin, die vor allem als Frontfrau der Band Silbermond ber\u00fchmt wurde. Geboren am 31. Oktober 1984 in Bautzen, hat sie sich \u00fcber die Jahre einen festen Platz in der deutschen Musiklandschaft erarbeitet. Ihre Stimme und ihre Lieder ber\u00fchren Millionen von Menschen, und sie ist auch als Coach in Shows [&hellip;]\" \/>\n<meta property=\"og:url\" content=\"https:\/\/heuteinfo.de\/?p=2170\" \/>\n<meta property=\"og:site_name\" content=\"heuteinfo.de\" \/>\n<meta property=\"article:published_time\" content=\"2025-11-09T14:02:51+00:00\" \/>\n<meta property=\"article:modified_time\" content=\"2026-02-27T12:18:06+00:00\" \/>\n<meta property=\"og:image\" content=\"https:\/\/heuteinfo.de\/wp-content\/uploads\/2025\/11\/images-2025-11-09T190209.139.jpg\" \/>\n\t<meta property=\"og:image:width\" content=\"300\" \/>\n\t<meta property=\"og:image:height\" content=\"168\" \/>\n\t<meta property=\"og:image:type\" content=\"image\/jpeg\" \/>\n<meta name=\"author\" content=\"ahmedhassan98764@gmail.com\" \/>\n<meta name=\"twitter:card\" content=\"summary_large_image\" \/>\n<meta name=\"twitter:label1\" content=\"Written by\" \/>\n\t<meta name=\"twitter:data1\" content=\"ahmedhassan98764@gmail.com\" \/>\n\t<meta name=\"twitter:label2\" content=\"Est. reading time\" \/>\n\t<meta name=\"twitter:data2\" content=\"6 minutes\" \/>\n<script type=\"application\/ld+json\" class=\"yoast-schema-graph\">{\"@context\":\"https:\\\/\\\/schema.org\",\"@graph\":[{\"@type\":\"Article\",\"@id\":\"https:\\\/\\\/heuteinfo.de\\\/?p=2170#article\",\"isPartOf\":{\"@id\":\"https:\\\/\\\/heuteinfo.de\\\/?p=2170\"},\"author\":{\"name\":\"ahmedhassan98764@gmail.com\",\"@id\":\"https:\\\/\\\/heuteinfo.de\\\/#\\\/schema\\\/person\\\/94a0e25dd819e325bc73714b2b0e6250\"},\"headline\":\"Stefanie Klo\u00df Schlaganfall: Fakten, Ger\u00fcchte und aktuelle Infos\",\"datePublished\":\"2025-11-09T14:02:51+00:00\",\"dateModified\":\"2026-02-27T12:18:06+00:00\",\"mainEntityOfPage\":{\"@id\":\"https:\\\/\\\/heuteinfo.de\\\/?p=2170\"},\"wordCount\":1182,\"commentCount\":0,\"image\":{\"@id\":\"https:\\\/\\\/heuteinfo.de\\\/?p=2170#primaryimage\"},\"thumbnailUrl\":\"https:\\\/\\\/heuteinfo.de\\\/wp-content\\\/uploads\\\/2025\\\/11\\\/images-2025-11-09T190209.139.jpg\",\"articleSection\":[\"Nachrichten\"],\"inLanguage\":\"en-US\",\"potentialAction\":[{\"@type\":\"CommentAction\",\"name\":\"Comment\",\"target\":[\"https:\\\/\\\/heuteinfo.de\\\/?p=2170#respond\"]}]},{\"@type\":\"WebPage\",\"@id\":\"https:\\\/\\\/heuteinfo.de\\\/?p=2170\",\"url\":\"https:\\\/\\\/heuteinfo.de\\\/?p=2170\",\"name\":\"Stefanie Klo\u00df Schlaganfall: Fakten, Ger\u00fcchte und aktuelle Infos - heuteinfo.de\",\"isPartOf\":{\"@id\":\"https:\\\/\\\/heuteinfo.de\\\/#website\"},\"primaryImageOfPage\":{\"@id\":\"https:\\\/\\\/heuteinfo.de\\\/?p=2170#primaryimage\"},\"image\":{\"@id\":\"https:\\\/\\\/heuteinfo.de\\\/?p=2170#primaryimage\"},\"thumbnailUrl\":\"https:\\\/\\\/heuteinfo.de\\\/wp-content\\\/uploads\\\/2025\\\/11\\\/images-2025-11-09T190209.139.jpg\",\"datePublished\":\"2025-11-09T14:02:51+00:00\",\"dateModified\":\"2026-02-27T12:18:06+00:00\",\"author\":{\"@id\":\"https:\\\/\\\/heuteinfo.de\\\/#\\\/schema\\\/person\\\/94a0e25dd819e325bc73714b2b0e6250\"},\"breadcrumb\":{\"@id\":\"https:\\\/\\\/heuteinfo.de\\\/?p=2170#breadcrumb\"},\"inLanguage\":\"en-US\",\"potentialAction\":[{\"@type\":\"ReadAction\",\"target\":[\"https:\\\/\\\/heuteinfo.de\\\/?p=2170\"]}]},{\"@type\":\"ImageObject\",\"inLanguage\":\"en-US\",\"@id\":\"https:\\\/\\\/heuteinfo.de\\\/?p=2170#primaryimage\",\"url\":\"https:\\\/\\\/heuteinfo.de\\\/wp-content\\\/uploads\\\/2025\\\/11\\\/images-2025-11-09T190209.139.jpg\",\"contentUrl\":\"https:\\\/\\\/heuteinfo.de\\\/wp-content\\\/uploads\\\/2025\\\/11\\\/images-2025-11-09T190209.139.jpg\",\"width\":300,\"height\":168,\"caption\":\"Stefanie Klo\u00df Schlaganfall\"},{\"@type\":\"BreadcrumbList\",\"@id\":\"https:\\\/\\\/heuteinfo.de\\\/?p=2170#breadcrumb\",\"itemListElement\":[{\"@type\":\"ListItem\",\"position\":1,\"name\":\"Home\",\"item\":\"https:\\\/\\\/heuteinfo.de\\\/\"},{\"@type\":\"ListItem\",\"position\":2,\"name\":\"Stefanie Klo\u00df Schlaganfall: Fakten, Ger\u00fcchte und aktuelle Infos\"}]},{\"@type\":\"WebSite\",\"@id\":\"https:\\\/\\\/heuteinfo.de\\\/#website\",\"url\":\"https:\\\/\\\/heuteinfo.de\\\/\",\"name\":\"heuteinfo.de\",\"description\":\"\",\"potentialAction\":[{\"@type\":\"SearchAction\",\"target\":{\"@type\":\"EntryPoint\",\"urlTemplate\":\"https:\\\/\\\/heuteinfo.de\\\/?s={search_term_string}\"},\"query-input\":{\"@type\":\"PropertyValueSpecification\",\"valueRequired\":true,\"valueName\":\"search_term_string\"}}],\"inLanguage\":\"en-US\"},{\"@type\":\"Person\",\"@id\":\"https:\\\/\\\/heuteinfo.de\\\/#\\\/schema\\\/person\\\/94a0e25dd819e325bc73714b2b0e6250\",\"name\":\"ahmedhassan98764@gmail.com\",\"image\":{\"@type\":\"ImageObject\",\"inLanguage\":\"en-US\",\"@id\":\"https:\\\/\\\/secure.gravatar.com\\\/avatar\\\/e2e9655aa74e87126cf4d7a522342156dfe63385e2ce1859f3a68169de6937a9?s=96&d=mm&r=g\",\"url\":\"https:\\\/\\\/secure.gravatar.com\\\/avatar\\\/e2e9655aa74e87126cf4d7a522342156dfe63385e2ce1859f3a68169de6937a9?s=96&d=mm&r=g\",\"contentUrl\":\"https:\\\/\\\/secure.gravatar.com\\\/avatar\\\/e2e9655aa74e87126cf4d7a522342156dfe63385e2ce1859f3a68169de6937a9?s=96&d=mm&r=g\",\"caption\":\"ahmedhassan98764@gmail.com\"},\"sameAs\":[\"https:\\\/\\\/heuteinfo.de\"],\"url\":\"https:\\\/\\\/heuteinfo.de\\\/?author=1\"}]}<\/script>\n<!-- \/ Yoast SEO plugin. -->","yoast_head_json":{"title":"Stefanie Klo\u00df Schlaganfall: Fakten, Ger\u00fcchte und aktuelle Infos - heuteinfo.de","robots":{"index":"index","follow":"follow","max-snippet":"max-snippet:-1","max-image-preview":"max-image-preview:large","max-video-preview":"max-video-preview:-1"},"canonical":"https:\/\/heuteinfo.de\/?p=2170","og_locale":"en_US","og_type":"article","og_title":"Stefanie Klo\u00df Schlaganfall: Fakten, Ger\u00fcchte und aktuelle Infos - heuteinfo.de","og_description":"Stefanie Klo\u00df ist eine bekannte deutsche S\u00e4ngerin, die vor allem als Frontfrau der Band Silbermond ber\u00fchmt wurde. Geboren am 31. Oktober 1984 in Bautzen, hat sie sich \u00fcber die Jahre einen festen Platz in der deutschen Musiklandschaft erarbeitet. Ihre Stimme und ihre Lieder ber\u00fchren Millionen von Menschen, und sie ist auch als Coach in Shows [&hellip;]","og_url":"https:\/\/heuteinfo.de\/?p=2170","og_site_name":"heuteinfo.de","article_published_time":"2025-11-09T14:02:51+00:00","article_modified_time":"2026-02-27T12:18:06+00:00","og_image":[{"width":300,"height":168,"url":"https:\/\/heuteinfo.de\/wp-content\/uploads\/2025\/11\/images-2025-11-09T190209.139.jpg","type":"image\/jpeg"}],"author":"ahmedhassan98764@gmail.com","twitter_card":"summary_large_image","twitter_misc":{"Written by":"ahmedhassan98764@gmail.com","Est. reading time":"6 minutes"},"schema":{"@context":"https:\/\/schema.org","@graph":[{"@type":"Article","@id":"https:\/\/heuteinfo.de\/?p=2170#article","isPartOf":{"@id":"https:\/\/heuteinfo.de\/?p=2170"},"author":{"name":"ahmedhassan98764@gmail.com","@id":"https:\/\/heuteinfo.de\/#\/schema\/person\/94a0e25dd819e325bc73714b2b0e6250"},"headline":"Stefanie Klo\u00df Schlaganfall: Fakten, Ger\u00fcchte und aktuelle Infos","datePublished":"2025-11-09T14:02:51+00:00","dateModified":"2026-02-27T12:18:06+00:00","mainEntityOfPage":{"@id":"https:\/\/heuteinfo.de\/?p=2170"},"wordCount":1182,"commentCount":0,"image":{"@id":"https:\/\/heuteinfo.de\/?p=2170#primaryimage"},"thumbnailUrl":"https:\/\/heuteinfo.de\/wp-content\/uploads\/2025\/11\/images-2025-11-09T190209.139.jpg","articleSection":["Nachrichten"],"inLanguage":"en-US","potentialAction":[{"@type":"CommentAction","name":"Comment","target":["https:\/\/heuteinfo.de\/?p=2170#respond"]}]},{"@type":"WebPage","@id":"https:\/\/heuteinfo.de\/?p=2170","url":"https:\/\/heuteinfo.de\/?p=2170","name":"Stefanie Klo\u00df Schlaganfall: Fakten, Ger\u00fcchte und aktuelle Infos - heuteinfo.de","isPartOf":{"@id":"https:\/\/heuteinfo.de\/#website"},"primaryImageOfPage":{"@id":"https:\/\/heuteinfo.de\/?p=2170#primaryimage"},"image":{"@id":"https:\/\/heuteinfo.de\/?p=2170#primaryimage"},"thumbnailUrl":"https:\/\/heuteinfo.de\/wp-content\/uploads\/2025\/11\/images-2025-11-09T190209.139.jpg","datePublished":"2025-11-09T14:02:51+00:00","dateModified":"2026-02-27T12:18:06+00:00","author":{"@id":"https:\/\/heuteinfo.de\/#\/schema\/person\/94a0e25dd819e325bc73714b2b0e6250"},"breadcrumb":{"@id":"https:\/\/heuteinfo.de\/?p=2170#breadcrumb"},"inLanguage":"en-US","potentialAction":[{"@type":"ReadAction","target":["https:\/\/heuteinfo.de\/?p=2170"]}]},{"@type":"ImageObject","inLanguage":"en-US","@id":"https:\/\/heuteinfo.de\/?p=2170#primaryimage","url":"https:\/\/heuteinfo.de\/wp-content\/uploads\/2025\/11\/images-2025-11-09T190209.139.jpg","contentUrl":"https:\/\/heuteinfo.de\/wp-content\/uploads\/2025\/11\/images-2025-11-09T190209.139.jpg","width":300,"height":168,"caption":"Stefanie Klo\u00df Schlaganfall"},{"@type":"BreadcrumbList","@id":"https:\/\/heuteinfo.de\/?p=2170#breadcrumb","itemListElement":[{"@type":"ListItem","position":1,"name":"Home","item":"https:\/\/heuteinfo.de\/"},{"@type":"ListItem","position":2,"name":"Stefanie Klo\u00df Schlaganfall: Fakten, Ger\u00fcchte und aktuelle Infos"}]},{"@type":"WebSite","@id":"https:\/\/heuteinfo.de\/#website","url":"https:\/\/heuteinfo.de\/","name":"heuteinfo.de","description":"","potentialAction":[{"@type":"SearchAction","target":{"@type":"EntryPoint","urlTemplate":"https:\/\/heuteinfo.de\/?s={search_term_string}"},"query-input":{"@type":"PropertyValueSpecification","valueRequired":true,"valueName":"search_term_string"}}],"inLanguage":"en-US"},{"@type":"Person","@id":"https:\/\/heuteinfo.de\/#\/schema\/person\/94a0e25dd819e325bc73714b2b0e6250","name":"ahmedhassan98764@gmail.com","image":{"@type":"ImageObject","inLanguage":"en-US","@id":"https:\/\/secure.gravatar.com\/avatar\/e2e9655aa74e87126cf4d7a522342156dfe63385e2ce1859f3a68169de6937a9?s=96&d=mm&r=g","url":"https:\/\/secure.gravatar.com\/avatar\/e2e9655aa74e87126cf4d7a522342156dfe63385e2ce1859f3a68169de6937a9?s=96&d=mm&r=g","contentUrl":"https:\/\/secure.gravatar.com\/avatar\/e2e9655aa74e87126cf4d7a522342156dfe63385e2ce1859f3a68169de6937a9?s=96&d=mm&r=g","caption":"ahmedhassan98764@gmail.com"},"sameAs":["https:\/\/heuteinfo.de"],"url":"https:\/\/heuteinfo.de\/?author=1"}]}},"_links":{"self":[{"href":"https:\/\/heuteinfo.de\/index.php?rest_route=\/wp\/v2\/posts\/2170","targetHints":{"allow":["GET"]}}],"collection":[{"href":"https:\/\/heuteinfo.de\/index.php?rest_route=\/wp\/v2\/posts"}],"about":[{"href":"https:\/\/heuteinfo.de\/index.php?rest_route=\/wp\/v2\/types\/post"}],"author":[{"embeddable":true,"href":"https:\/\/heuteinfo.de\/index.php?rest_route=\/wp\/v2\/users\/1"}],"replies":[{"embeddable":true,"href":"https:\/\/heuteinfo.de\/index.php?rest_route=%2Fwp%2Fv2%2Fcomments&post=2170"}],"version-history":[{"count":3,"href":"https:\/\/heuteinfo.de\/index.php?rest_route=\/wp\/v2\/posts\/2170\/revisions"}],"predecessor-version":[{"id":10721,"href":"https:\/\/heuteinfo.de\/index.php?rest_route=\/wp\/v2\/posts\/2170\/revisions\/10721"}],"wp:featuredmedia":[{"embeddable":true,"href":"https:\/\/heuteinfo.de\/index.php?rest_route=\/wp\/v2\/media\/2171"}],"wp:attachment":[{"href":"https:\/\/heuteinfo.de\/index.php?rest_route=%2Fwp%2Fv2%2Fmedia&parent=2170"}],"wp:term":[{"taxonomy":"category","embeddable":true,"href":"https:\/\/heuteinfo.de\/index.php?rest_route=%2Fwp%2Fv2%2Fcategories&post=2170"},{"taxonomy":"post_tag","embeddable":true,"href":"https:\/\/heuteinfo.de\/index.php?rest_route=%2Fwp%2Fv2%2Ftags&post=2170"}],"curies":[{"name":"wp","href":"https:\/\/api.w.org\/{rel}","templated":true}]}}