{"id":2190,"date":"2025-11-12T13:27:49","date_gmt":"2025-11-12T13:27:49","guid":{"rendered":"https:\/\/heuteinfo.de\/?p=2190"},"modified":"2026-02-27T12:18:10","modified_gmt":"2026-02-27T12:18:10","slug":"shirin-kresse","status":"publish","type":"post","link":"https:\/\/heuteinfo.de\/?p=2190","title":{"rendered":"Shirin Kresse: Wer sie ist, was passiert ist und warum es wichtig ist"},"content":{"rendered":"\n<p><strong><a href=\"https:\/\/www.reddit.com\/r\/de\/comments\/1i4im1t\/gravierend_gr%C3%BCnenspitze_droht_im_fall_stefan\/?tl=en\" data-type=\"link\" data-id=\"https:\/\/www.reddit.com\/r\/de\/comments\/1i4im1t\/gravierend_gr%C3%BCnenspitze_droht_im_fall_stefan\/?tl=en\">Shirin Kresse<\/a><\/strong> \u2013 manchmal auch <strong>Shirin Kre\u00dfe<\/strong> geschrieben \u2013 ist eine deutsche Politikerin, die in den letzten Monaten stark in den Fokus der \u00d6ffentlichkeit geraten ist. Sie war Mitglied der <strong>Partei B\u00fcndnis 90\/Die Gr\u00fcnen<\/strong> in Berlin und engagierte sich besonders in der <strong>feministischen Politik<\/strong>. Bekannt wurde sie f\u00fcr ihr Engagement f\u00fcr <strong>Gleichberechtigung, soziale Gerechtigkeit<\/strong> und eine offene politische Kultur. Doch seit Ende 2024 steht ihr Name f\u00fcr etwas anderes: f\u00fcr eine <strong>politische Aff\u00e4re<\/strong>, die Fragen nach Wahrheit, Verantwortung und Glaubw\u00fcrdigkeit aufwirft.<\/p>\n\n\n\n<h2 class=\"wp-block-heading\"><strong>Wer ist Shirin Kresse? Ein \u00dcberblick \u00fcber die Politikerin und die Kontroverse<\/strong><\/h2>\n\n\n\n<p><strong>Shirin Kresse<\/strong> stammt aus Berlin-Mitte und war viele Jahre aktives Mitglied der Gr\u00fcnen. Sie setzte sich f\u00fcr Themen wie <strong>Feminismus<\/strong>, <strong>Gleichstellung<\/strong> und <strong>soziale Gerechtigkeit<\/strong> ein. Ihre politische Laufbahn begann im Bezirk, wo sie sich schnell als engagierte Stimme f\u00fcr Frauenrechte etablierte. In der <strong>Landesarbeitsgemeinschaft Feminismus (LAG Feminismus)<\/strong> der Berliner Gr\u00fcnen war sie aktiv an der Entwicklung von Konzepten beteiligt, um Frauen in Pflegeberufen, Politik und Wirtschaft st\u00e4rker zu unterst\u00fctzen. Ihre Mitstreiterinnen beschrieben sie als empathisch, entschlossen und ideologisch fest verankert im progressiven Fl\u00fcgel der Partei.<\/p>\n\n\n\n<p>Doch Ende 2024 \u00e4nderte sich ihr Image schlagartig. Medienberichte nannten sie pl\u00f6tzlich in Verbindung mit einem <strong>politischen Skandal<\/strong>, der zu einem der meistdiskutierten Themen der Gr\u00fcnen wurde: dem <strong>Gelbhaar-Fall<\/strong>.<\/p>\n\n\n\n<h2 class=\"wp-block-heading\"><strong>Fr\u00fches Leben und politischer Aufstieg von Shirin Kresse<\/strong><\/h2>\n\n\n\n<p>\u00dcber das Privatleben von <strong>Shirin Kresse<\/strong> ist \u00f6ffentlich wenig bekannt \u2013 was typisch f\u00fcr viele Lokalpolitikerinnen ist. Sie trat fr\u00fch politisch in Erscheinung, meist mit Themen, die sich um <strong>Feminismus, soziale Gerechtigkeit und Klima<\/strong> drehten. Innerhalb der Berliner Gr\u00fcnen machte sie sich durch konsequente Arbeit einen Namen. Besonders im Bezirk <strong>Berlin-Mitte<\/strong>, einem politischen Brennpunkt der Hauptstadt, gewann sie Anerkennung f\u00fcr ihr Engagement. Sie setzte sich unter anderem f\u00fcr faire Arbeitsbedingungen in der Pflege, bessere Vereinbarkeit von Familie und Beruf und gegen Diskriminierung in \u00f6ffentlichen \u00c4mtern ein.<\/p>\n\n\n\n<p>In Parteikreisen galt Shirin Kresse als <strong>ehrgeizig und zielstrebig<\/strong>, aber auch als jemand, der Konflikte nicht scheute. Sie war Teil jener jungen Generation von Gr\u00fcnen, die Politik offener, weiblicher und emotionaler gestalten wollten. Diese Haltung brachte ihr Sympathien, aber auch Widerstand ein \u2013 insbesondere in innerparteilichen Debatten, wo feministische Themen h\u00e4ufig kontrovers diskutiert wurden.<\/p>\n\n\n\n<h2 class=\"wp-block-heading\"><strong>Die Anschuldigungen und der Skandal um Shirin Kresse<\/strong><\/h2>\n\n\n\n<p>Der <strong>\u201eGelbhaar-Fall\u201c<\/strong> ersch\u00fctterte die Berliner Gr\u00fcnen im Winter 2024. Ausgangspunkt waren <strong>Vorw\u00fcrfe sexueller Bel\u00e4stigung<\/strong> gegen den Bundestagsabgeordneten <strong>Stefan Gelbhaar<\/strong>. Diese Anschuldigungen f\u00fchrten zu Medienberichten, internen Untersuchungen und einer breiten gesellschaftlichen Debatte \u00fcber Machtmissbrauch und Glaubw\u00fcrdigkeit. Inmitten dieser Vorg\u00e4nge tauchte der Name <strong>Shirin Kresse<\/strong> auf. Laut mehreren Medien soll sie eine <strong>zentrale Rolle<\/strong> bei der Verbreitung von Anschuldigungen gespielt haben \u2013 teilweise unter <strong>falscher Identit\u00e4t<\/strong>. Ermittler und Journalisten warfen ihr vor, m\u00f6glicherweise <strong>eine eidesstattliche Erkl\u00e4rung manipuliert oder gef\u00e4lscht<\/strong> zu haben.<\/p>\n\n\n\n<p>Die Berliner Staatsanwaltschaft nahm <strong>Ermittlungen wegen Verleumdung<\/strong> auf, w\u00e4hrend die Gr\u00fcnen intern eine Pr\u00fcfung begannen. Kurz darauf erkl\u00e4rte Shirin Kresse ihren <strong>R\u00fccktritt von allen Partei\u00e4mtern<\/strong> und verlie\u00df die Gr\u00fcnen. Ob sie tats\u00e4chlich eine Falschaussage gemacht hat, ist bisher <strong>nicht endg\u00fcltig gekl\u00e4rt<\/strong>. Die Ermittlungen laufen weiterhin.<\/p>\n\n\n\n<h2 class=\"wp-block-heading\"><strong>Folgen f\u00fcr die Gr\u00fcnen und das politische Vertrauen<\/strong><\/h2>\n\n\n\n<p>Der Fall <strong>Shirin Kresse<\/strong> traf die Gr\u00fcnen zu einem sensiblen Zeitpunkt. Die Partei k\u00e4mpfte ohnehin mit internen Spannungen zwischen dem realpolitischen und dem linken Fl\u00fcgel. Viele Mitglieder \u00e4u\u00dferten Sorge, dass der Skandal das Vertrauen in die Partei untergraben k\u00f6nnte \u2013 insbesondere bei jungen Frauen, die sich in feministischen Bewegungen engagieren. Einige Beobachter sprachen sogar von einer <strong>\u201eVertrauenskrise in der Glaubw\u00fcrdigkeit feministischer Politik\u201c<\/strong>. Denn wenn Anschuldigungen manipuliert oder \u00fcbertrieben werden, leidet die Ernsthaftigkeit echter Opfer von \u00dcbergriffen.<\/p>\n\n\n\n<p>Gleichzeitig zeigte der Fall, wie <strong>m\u00e4chtig soziale Medien<\/strong> bei der Verbreitung von Ger\u00fcchten sein k\u00f6nnen. Innerhalb weniger Tage verbreiteten sich Falschmeldungen, Meinungen und Spekulationen schneller als offizielle Erkl\u00e4rungen. Das Ergebnis: Die \u00f6ffentliche Wahrnehmung der Gr\u00fcnen wurde stark besch\u00e4digt.<\/p>\n\n\n\n<h2 class=\"wp-block-heading\"><strong>Was bisher bekannt ist \u2013 und was noch offen bleibt<\/strong><\/h2>\n\n\n\n<figure class=\"wp-block-table\"><table class=\"has-fixed-layout\"><thead><tr><th><strong>Aspekt<\/strong><\/th><th><strong>Status (Stand 2025)<\/strong><\/th><\/tr><\/thead><tbody><tr><td>Parteimitgliedschaft<\/td><td>Shirin Kresse ist aus den Gr\u00fcnen ausgetreten<\/td><\/tr><tr><td>Ermittlungen<\/td><td>Staatsanwaltschaft Berlin ermittelt wegen m\u00f6glicher Verleumdung<\/td><\/tr><tr><td>Beweise<\/td><td>Teilweise widerspr\u00fcchlich; kein gerichtliches Urteil<\/td><\/tr><tr><td>\u00d6ffentliches Statement<\/td><td>Kresse bestritt direkte T\u00e4uschung, sprach aber von \u201eFehlern im Verfahren\u201c<\/td><\/tr><tr><td>Politische Zukunft<\/td><td>Unklar; keine aktuelle T\u00e4tigkeit bekannt<\/td><\/tr><\/tbody><\/table><\/figure>\n\n\n\n<p>Viele Fragen bleiben offen. Warum kam es zu dieser Eskalation? War es pers\u00f6nlicher Ehrgeiz, innerparteilicher Druck oder ein Missverst\u00e4ndnis? Die Antworten darauf sind entscheidend, um den Fall vollst\u00e4ndig zu verstehen.<\/p>\n\n\n\n<h2 class=\"wp-block-heading\"><strong>Was der Fall Shirin Kresse \u00fcber Politik und Verantwortung lehrt<\/strong><\/h2>\n\n\n\n<p>Der Fall zeigt, wie fragil politisches Vertrauen ist. Eine einzige falsche Entscheidung kann eine ganze Karriere zerst\u00f6ren. Politikerinnen wie Shirin Kresse stehen unter hohem \u00f6ffentlichem Druck \u2013 besonders, wenn sie feministische Themen vertreten. Jede Anschuldigung wird st\u00e4rker beleuchtet, jede Aussage bewertet.<\/p>\n\n\n\n<p>Gleichzeitig wirft der Fall Fragen \u00fcber den <strong>Umgang mit Anschuldigungen<\/strong> auf:<br>Wie k\u00f6nnen Parteien Vorw\u00fcrfe pr\u00fcfen, ohne Opfer zu diskreditieren, aber auch ohne Unschuldige zu verurteilen? Wie sch\u00fctzt man die Wahrheit in Zeiten von Social Media und \u00f6ffentlicher Vorverurteilung?<\/p>\n\n\n\n<h2 class=\"wp-block-heading\"><strong>Zeitleiste: Wichtige Ereignisse im Fall Shirin Kresse<\/strong><\/h2>\n\n\n\n<figure class=\"wp-block-table\"><table class=\"has-fixed-layout\"><thead><tr><th><strong>Datum<\/strong><\/th><th><strong>Ereignis<\/strong><\/th><\/tr><\/thead><tbody><tr><td>Herbst 2024<\/td><td>Erste Vorw\u00fcrfe gegen Stefan Gelbhaar tauchen auf<\/td><\/tr><tr><td>Dezember 2024<\/td><td>Medien nennen Shirin Kresse im Zusammenhang mit der Aff\u00e4re<\/td><\/tr><tr><td>Januar 2025<\/td><td>Staatsanwaltschaft best\u00e4tigt Ermittlungen<\/td><\/tr><tr><td>Februar 2025<\/td><td>Shirin Kresse tritt von allen \u00c4mtern zur\u00fcck<\/td><\/tr><tr><td>Fr\u00fchjahr 2025<\/td><td>\u00d6ffentliche Debatte \u00fcber Wahrheit und Glaubw\u00fcrdigkeit in der Politik<\/td><\/tr><\/tbody><\/table><\/figure>\n\n\n\n<h2 class=\"wp-block-heading\"><strong>H\u00e4ufige Fragen (FAQ)<\/strong><\/h2>\n\n\n\n<p><strong>Ist Shirin Kresse schuldig?<\/strong><br>Bislang gibt es <strong>kein Urteil<\/strong>. Die Ermittlungen laufen noch.<\/p>\n\n\n\n<p><strong>Warum hat sie die Gr\u00fcnen verlassen?<\/strong><br>Sie erkl\u00e4rte, sie wolle \u201eweiteren Schaden von der Partei abwenden\u201c.<\/p>\n\n\n\n<p><strong>Was bedeutet der Fall f\u00fcr die Politik?<\/strong><br>Er zeigt, wie wichtig Faktenpr\u00fcfung, Transparenz und faire Verfahren sind.<\/p>\n\n\n\n<p><strong>Wird Shirin Kresse wieder politisch aktiv sein?<\/strong><br>Momentan gibt es keine Hinweise auf eine R\u00fcckkehr.<\/p>\n\n\n\n<h2 class=\"wp-block-heading\"><strong>Fazit<\/strong><\/h2>\n\n\n\n<p>Der Fall <strong>Shirin Kresse<\/strong> ist mehr als nur ein politischer Skandal. Er ist ein Spiegel f\u00fcr die Herausforderungen moderner Politik: Wahrheit, Vertrauen und Verantwortung. Ob sie schuldig ist oder nicht, spielt in der \u00f6ffentlichen Wahrnehmung l\u00e4ngst eine untergeordnete Rolle. Wichtiger ist die Frage, <strong>wie Parteien mit Fehlern umgehen<\/strong>, wie Medien \u00fcber sie berichten und wie B\u00fcrgerinnen und B\u00fcrger lernen, Informationen kritisch zu hinterfragen. <strong>Shirin Kresse<\/strong> erinnert uns daran, dass politische Karrieren schnell enden k\u00f6nnen \u2013 aber die Lehren daraus bleiben.<\/p>\n\n\n\n<p><strong>Mher Lessn:<em>\u00a0<\/em><\/strong> <strong><a href=\"https:\/\/heuteinfo.de\/2025\/11\/10\/teilnehmer-boston-celtics-gegen-dallas-mavericks\/\" data-type=\"link\" data-id=\"https:\/\/heuteinfo.de\/2025\/11\/10\/teilnehmer-boston-celtics-gegen-dallas-mavericks\/\">Teilnehmer Boston Celtics gegen Dallas Mavericks<br><\/a><\/strong><\/p>\n","protected":false},"excerpt":{"rendered":"<p>Shirin Kresse \u2013 manchmal auch Shirin Kre\u00dfe geschrieben \u2013 ist eine deutsche Politikerin, die in den letzten Monaten stark in den Fokus der \u00d6ffentlichkeit geraten ist. Sie war Mitglied der Partei B\u00fcndnis 90\/Die Gr\u00fcnen in Berlin und engagierte sich besonders in der feministischen Politik. Bekannt wurde sie f\u00fcr ihr Engagement f\u00fcr Gleichberechtigung, soziale Gerechtigkeit und [&hellip;]<\/p>\n","protected":false},"author":1,"featured_media":2191,"comment_status":"open","ping_status":"open","sticky":false,"template":"","format":"standard","meta":{"footnotes":""},"categories":[39],"tags":[],"class_list":["post-2190","post","type-post","status-publish","format-standard","has-post-thumbnail","hentry","category-lebensstil"],"yoast_head":"<!-- This site is optimized with the Yoast SEO plugin v27.4 - https:\/\/yoast.com\/product\/yoast-seo-wordpress\/ -->\n<title>Shirin Kresse: Wer sie ist, was passiert ist und warum es wichtig ist - heuteinfo.de<\/title>\n<meta name=\"robots\" content=\"index, follow, max-snippet:-1, max-image-preview:large, max-video-preview:-1\" \/>\n<link rel=\"canonical\" href=\"https:\/\/heuteinfo.de\/?p=2190\" \/>\n<meta property=\"og:locale\" content=\"en_US\" \/>\n<meta property=\"og:type\" content=\"article\" \/>\n<meta property=\"og:title\" content=\"Shirin Kresse: Wer sie ist, was passiert ist und warum es wichtig ist - heuteinfo.de\" \/>\n<meta property=\"og:description\" content=\"Shirin Kresse \u2013 manchmal auch Shirin Kre\u00dfe geschrieben \u2013 ist eine deutsche Politikerin, die in den letzten Monaten stark in den Fokus der \u00d6ffentlichkeit geraten ist. Sie war Mitglied der Partei B\u00fcndnis 90\/Die Gr\u00fcnen in Berlin und engagierte sich besonders in der feministischen Politik. Bekannt wurde sie f\u00fcr ihr Engagement f\u00fcr Gleichberechtigung, soziale Gerechtigkeit und [&hellip;]\" \/>\n<meta property=\"og:url\" content=\"https:\/\/heuteinfo.de\/?p=2190\" \/>\n<meta property=\"og:site_name\" content=\"heuteinfo.de\" \/>\n<meta property=\"article:published_time\" content=\"2025-11-12T13:27:49+00:00\" \/>\n<meta property=\"article:modified_time\" content=\"2026-02-27T12:18:10+00:00\" \/>\n<meta property=\"og:image\" content=\"https:\/\/heuteinfo.de\/wp-content\/uploads\/2025\/11\/Shirin-Kresse-Archiv-1140x620-1.jpg\" \/>\n\t<meta property=\"og:image:width\" content=\"1140\" \/>\n\t<meta property=\"og:image:height\" content=\"620\" \/>\n\t<meta property=\"og:image:type\" content=\"image\/jpeg\" \/>\n<meta name=\"author\" content=\"ahmedhassan98764@gmail.com\" \/>\n<meta name=\"twitter:card\" content=\"summary_large_image\" \/>\n<meta name=\"twitter:label1\" content=\"Written by\" \/>\n\t<meta name=\"twitter:data1\" content=\"ahmedhassan98764@gmail.com\" \/>\n\t<meta name=\"twitter:label2\" content=\"Est. reading time\" \/>\n\t<meta name=\"twitter:data2\" content=\"5 minutes\" \/>\n<script type=\"application\/ld+json\" class=\"yoast-schema-graph\">{\"@context\":\"https:\\\/\\\/schema.org\",\"@graph\":[{\"@type\":\"Article\",\"@id\":\"https:\\\/\\\/heuteinfo.de\\\/?p=2190#article\",\"isPartOf\":{\"@id\":\"https:\\\/\\\/heuteinfo.de\\\/?p=2190\"},\"author\":{\"name\":\"ahmedhassan98764@gmail.com\",\"@id\":\"https:\\\/\\\/heuteinfo.de\\\/#\\\/schema\\\/person\\\/94a0e25dd819e325bc73714b2b0e6250\"},\"headline\":\"Shirin Kresse: Wer sie ist, was passiert ist und warum es wichtig ist\",\"datePublished\":\"2025-11-12T13:27:49+00:00\",\"dateModified\":\"2026-02-27T12:18:10+00:00\",\"mainEntityOfPage\":{\"@id\":\"https:\\\/\\\/heuteinfo.de\\\/?p=2190\"},\"wordCount\":1077,\"commentCount\":0,\"image\":{\"@id\":\"https:\\\/\\\/heuteinfo.de\\\/?p=2190#primaryimage\"},\"thumbnailUrl\":\"https:\\\/\\\/heuteinfo.de\\\/wp-content\\\/uploads\\\/2025\\\/11\\\/Shirin-Kresse-Archiv-1140x620-1.jpg\",\"articleSection\":[\"Lebensstil\"],\"inLanguage\":\"en-US\",\"potentialAction\":[{\"@type\":\"CommentAction\",\"name\":\"Comment\",\"target\":[\"https:\\\/\\\/heuteinfo.de\\\/?p=2190#respond\"]}]},{\"@type\":\"WebPage\",\"@id\":\"https:\\\/\\\/heuteinfo.de\\\/?p=2190\",\"url\":\"https:\\\/\\\/heuteinfo.de\\\/?p=2190\",\"name\":\"Shirin Kresse: Wer sie ist, was passiert ist und warum es wichtig ist - heuteinfo.de\",\"isPartOf\":{\"@id\":\"https:\\\/\\\/heuteinfo.de\\\/#website\"},\"primaryImageOfPage\":{\"@id\":\"https:\\\/\\\/heuteinfo.de\\\/?p=2190#primaryimage\"},\"image\":{\"@id\":\"https:\\\/\\\/heuteinfo.de\\\/?p=2190#primaryimage\"},\"thumbnailUrl\":\"https:\\\/\\\/heuteinfo.de\\\/wp-content\\\/uploads\\\/2025\\\/11\\\/Shirin-Kresse-Archiv-1140x620-1.jpg\",\"datePublished\":\"2025-11-12T13:27:49+00:00\",\"dateModified\":\"2026-02-27T12:18:10+00:00\",\"author\":{\"@id\":\"https:\\\/\\\/heuteinfo.de\\\/#\\\/schema\\\/person\\\/94a0e25dd819e325bc73714b2b0e6250\"},\"breadcrumb\":{\"@id\":\"https:\\\/\\\/heuteinfo.de\\\/?p=2190#breadcrumb\"},\"inLanguage\":\"en-US\",\"potentialAction\":[{\"@type\":\"ReadAction\",\"target\":[\"https:\\\/\\\/heuteinfo.de\\\/?p=2190\"]}]},{\"@type\":\"ImageObject\",\"inLanguage\":\"en-US\",\"@id\":\"https:\\\/\\\/heuteinfo.de\\\/?p=2190#primaryimage\",\"url\":\"https:\\\/\\\/heuteinfo.de\\\/wp-content\\\/uploads\\\/2025\\\/11\\\/Shirin-Kresse-Archiv-1140x620-1.jpg\",\"contentUrl\":\"https:\\\/\\\/heuteinfo.de\\\/wp-content\\\/uploads\\\/2025\\\/11\\\/Shirin-Kresse-Archiv-1140x620-1.jpg\",\"width\":1140,\"height\":620,\"caption\":\"Shirin Kresse\"},{\"@type\":\"BreadcrumbList\",\"@id\":\"https:\\\/\\\/heuteinfo.de\\\/?p=2190#breadcrumb\",\"itemListElement\":[{\"@type\":\"ListItem\",\"position\":1,\"name\":\"Home\",\"item\":\"https:\\\/\\\/heuteinfo.de\\\/\"},{\"@type\":\"ListItem\",\"position\":2,\"name\":\"Shirin Kresse: Wer sie ist, was passiert ist und warum es wichtig ist\"}]},{\"@type\":\"WebSite\",\"@id\":\"https:\\\/\\\/heuteinfo.de\\\/#website\",\"url\":\"https:\\\/\\\/heuteinfo.de\\\/\",\"name\":\"heuteinfo.de\",\"description\":\"\",\"potentialAction\":[{\"@type\":\"SearchAction\",\"target\":{\"@type\":\"EntryPoint\",\"urlTemplate\":\"https:\\\/\\\/heuteinfo.de\\\/?s={search_term_string}\"},\"query-input\":{\"@type\":\"PropertyValueSpecification\",\"valueRequired\":true,\"valueName\":\"search_term_string\"}}],\"inLanguage\":\"en-US\"},{\"@type\":\"Person\",\"@id\":\"https:\\\/\\\/heuteinfo.de\\\/#\\\/schema\\\/person\\\/94a0e25dd819e325bc73714b2b0e6250\",\"name\":\"ahmedhassan98764@gmail.com\",\"image\":{\"@type\":\"ImageObject\",\"inLanguage\":\"en-US\",\"@id\":\"https:\\\/\\\/secure.gravatar.com\\\/avatar\\\/e2e9655aa74e87126cf4d7a522342156dfe63385e2ce1859f3a68169de6937a9?s=96&d=mm&r=g\",\"url\":\"https:\\\/\\\/secure.gravatar.com\\\/avatar\\\/e2e9655aa74e87126cf4d7a522342156dfe63385e2ce1859f3a68169de6937a9?s=96&d=mm&r=g\",\"contentUrl\":\"https:\\\/\\\/secure.gravatar.com\\\/avatar\\\/e2e9655aa74e87126cf4d7a522342156dfe63385e2ce1859f3a68169de6937a9?s=96&d=mm&r=g\",\"caption\":\"ahmedhassan98764@gmail.com\"},\"sameAs\":[\"https:\\\/\\\/heuteinfo.de\"],\"url\":\"https:\\\/\\\/heuteinfo.de\\\/?author=1\"}]}<\/script>\n<!-- \/ Yoast SEO plugin. -->","yoast_head_json":{"title":"Shirin Kresse: Wer sie ist, was passiert ist und warum es wichtig ist - heuteinfo.de","robots":{"index":"index","follow":"follow","max-snippet":"max-snippet:-1","max-image-preview":"max-image-preview:large","max-video-preview":"max-video-preview:-1"},"canonical":"https:\/\/heuteinfo.de\/?p=2190","og_locale":"en_US","og_type":"article","og_title":"Shirin Kresse: Wer sie ist, was passiert ist und warum es wichtig ist - heuteinfo.de","og_description":"Shirin Kresse \u2013 manchmal auch Shirin Kre\u00dfe geschrieben \u2013 ist eine deutsche Politikerin, die in den letzten Monaten stark in den Fokus der \u00d6ffentlichkeit geraten ist. Sie war Mitglied der Partei B\u00fcndnis 90\/Die Gr\u00fcnen in Berlin und engagierte sich besonders in der feministischen Politik. Bekannt wurde sie f\u00fcr ihr Engagement f\u00fcr Gleichberechtigung, soziale Gerechtigkeit und [&hellip;]","og_url":"https:\/\/heuteinfo.de\/?p=2190","og_site_name":"heuteinfo.de","article_published_time":"2025-11-12T13:27:49+00:00","article_modified_time":"2026-02-27T12:18:10+00:00","og_image":[{"width":1140,"height":620,"url":"https:\/\/heuteinfo.de\/wp-content\/uploads\/2025\/11\/Shirin-Kresse-Archiv-1140x620-1.jpg","type":"image\/jpeg"}],"author":"ahmedhassan98764@gmail.com","twitter_card":"summary_large_image","twitter_misc":{"Written by":"ahmedhassan98764@gmail.com","Est. reading time":"5 minutes"},"schema":{"@context":"https:\/\/schema.org","@graph":[{"@type":"Article","@id":"https:\/\/heuteinfo.de\/?p=2190#article","isPartOf":{"@id":"https:\/\/heuteinfo.de\/?p=2190"},"author":{"name":"ahmedhassan98764@gmail.com","@id":"https:\/\/heuteinfo.de\/#\/schema\/person\/94a0e25dd819e325bc73714b2b0e6250"},"headline":"Shirin Kresse: Wer sie ist, was passiert ist und warum es wichtig ist","datePublished":"2025-11-12T13:27:49+00:00","dateModified":"2026-02-27T12:18:10+00:00","mainEntityOfPage":{"@id":"https:\/\/heuteinfo.de\/?p=2190"},"wordCount":1077,"commentCount":0,"image":{"@id":"https:\/\/heuteinfo.de\/?p=2190#primaryimage"},"thumbnailUrl":"https:\/\/heuteinfo.de\/wp-content\/uploads\/2025\/11\/Shirin-Kresse-Archiv-1140x620-1.jpg","articleSection":["Lebensstil"],"inLanguage":"en-US","potentialAction":[{"@type":"CommentAction","name":"Comment","target":["https:\/\/heuteinfo.de\/?p=2190#respond"]}]},{"@type":"WebPage","@id":"https:\/\/heuteinfo.de\/?p=2190","url":"https:\/\/heuteinfo.de\/?p=2190","name":"Shirin Kresse: Wer sie ist, was passiert ist und warum es wichtig ist - heuteinfo.de","isPartOf":{"@id":"https:\/\/heuteinfo.de\/#website"},"primaryImageOfPage":{"@id":"https:\/\/heuteinfo.de\/?p=2190#primaryimage"},"image":{"@id":"https:\/\/heuteinfo.de\/?p=2190#primaryimage"},"thumbnailUrl":"https:\/\/heuteinfo.de\/wp-content\/uploads\/2025\/11\/Shirin-Kresse-Archiv-1140x620-1.jpg","datePublished":"2025-11-12T13:27:49+00:00","dateModified":"2026-02-27T12:18:10+00:00","author":{"@id":"https:\/\/heuteinfo.de\/#\/schema\/person\/94a0e25dd819e325bc73714b2b0e6250"},"breadcrumb":{"@id":"https:\/\/heuteinfo.de\/?p=2190#breadcrumb"},"inLanguage":"en-US","potentialAction":[{"@type":"ReadAction","target":["https:\/\/heuteinfo.de\/?p=2190"]}]},{"@type":"ImageObject","inLanguage":"en-US","@id":"https:\/\/heuteinfo.de\/?p=2190#primaryimage","url":"https:\/\/heuteinfo.de\/wp-content\/uploads\/2025\/11\/Shirin-Kresse-Archiv-1140x620-1.jpg","contentUrl":"https:\/\/heuteinfo.de\/wp-content\/uploads\/2025\/11\/Shirin-Kresse-Archiv-1140x620-1.jpg","width":1140,"height":620,"caption":"Shirin Kresse"},{"@type":"BreadcrumbList","@id":"https:\/\/heuteinfo.de\/?p=2190#breadcrumb","itemListElement":[{"@type":"ListItem","position":1,"name":"Home","item":"https:\/\/heuteinfo.de\/"},{"@type":"ListItem","position":2,"name":"Shirin Kresse: Wer sie ist, was passiert ist und warum es wichtig ist"}]},{"@type":"WebSite","@id":"https:\/\/heuteinfo.de\/#website","url":"https:\/\/heuteinfo.de\/","name":"heuteinfo.de","description":"","potentialAction":[{"@type":"SearchAction","target":{"@type":"EntryPoint","urlTemplate":"https:\/\/heuteinfo.de\/?s={search_term_string}"},"query-input":{"@type":"PropertyValueSpecification","valueRequired":true,"valueName":"search_term_string"}}],"inLanguage":"en-US"},{"@type":"Person","@id":"https:\/\/heuteinfo.de\/#\/schema\/person\/94a0e25dd819e325bc73714b2b0e6250","name":"ahmedhassan98764@gmail.com","image":{"@type":"ImageObject","inLanguage":"en-US","@id":"https:\/\/secure.gravatar.com\/avatar\/e2e9655aa74e87126cf4d7a522342156dfe63385e2ce1859f3a68169de6937a9?s=96&d=mm&r=g","url":"https:\/\/secure.gravatar.com\/avatar\/e2e9655aa74e87126cf4d7a522342156dfe63385e2ce1859f3a68169de6937a9?s=96&d=mm&r=g","contentUrl":"https:\/\/secure.gravatar.com\/avatar\/e2e9655aa74e87126cf4d7a522342156dfe63385e2ce1859f3a68169de6937a9?s=96&d=mm&r=g","caption":"ahmedhassan98764@gmail.com"},"sameAs":["https:\/\/heuteinfo.de"],"url":"https:\/\/heuteinfo.de\/?author=1"}]}},"_links":{"self":[{"href":"https:\/\/heuteinfo.de\/index.php?rest_route=\/wp\/v2\/posts\/2190","targetHints":{"allow":["GET"]}}],"collection":[{"href":"https:\/\/heuteinfo.de\/index.php?rest_route=\/wp\/v2\/posts"}],"about":[{"href":"https:\/\/heuteinfo.de\/index.php?rest_route=\/wp\/v2\/types\/post"}],"author":[{"embeddable":true,"href":"https:\/\/heuteinfo.de\/index.php?rest_route=\/wp\/v2\/users\/1"}],"replies":[{"embeddable":true,"href":"https:\/\/heuteinfo.de\/index.php?rest_route=%2Fwp%2Fv2%2Fcomments&post=2190"}],"version-history":[{"count":3,"href":"https:\/\/heuteinfo.de\/index.php?rest_route=\/wp\/v2\/posts\/2190\/revisions"}],"predecessor-version":[{"id":10726,"href":"https:\/\/heuteinfo.de\/index.php?rest_route=\/wp\/v2\/posts\/2190\/revisions\/10726"}],"wp:featuredmedia":[{"embeddable":true,"href":"https:\/\/heuteinfo.de\/index.php?rest_route=\/wp\/v2\/media\/2191"}],"wp:attachment":[{"href":"https:\/\/heuteinfo.de\/index.php?rest_route=%2Fwp%2Fv2%2Fmedia&parent=2190"}],"wp:term":[{"taxonomy":"category","embeddable":true,"href":"https:\/\/heuteinfo.de\/index.php?rest_route=%2Fwp%2Fv2%2Fcategories&post=2190"},{"taxonomy":"post_tag","embeddable":true,"href":"https:\/\/heuteinfo.de\/index.php?rest_route=%2Fwp%2Fv2%2Ftags&post=2190"}],"curies":[{"name":"wp","href":"https:\/\/api.w.org\/{rel}","templated":true}]}}