{"id":2196,"date":"2025-11-12T13:46:09","date_gmt":"2025-11-12T13:46:09","guid":{"rendered":"https:\/\/heuteinfo.de\/?p=2196"},"modified":"2026-02-27T12:18:11","modified_gmt":"2026-02-27T12:18:11","slug":"thorsten-legat-beitrittsdaten","status":"publish","type":"post","link":"https:\/\/heuteinfo.de\/?p=2196","title":{"rendered":"Thorsten Legat Beitrittsdaten \u2013 Alle wichtigen Daten im \u00dcberblick"},"content":{"rendered":"\n<p><strong><a href=\"https:\/\/en.wikipedia.org\/wiki\/Thorsten_Legat\" data-type=\"link\" data-id=\"https:\/\/en.wikipedia.org\/wiki\/Thorsten_Legat\">Thorsten Legat<\/a><\/strong> ist eine der schillerndsten Pers\u00f6nlichkeiten des deutschen Fu\u00dfballs. Sein Name steht nicht nur f\u00fcr sportlichen Ehrgeiz, sondern auch f\u00fcr Disziplin, Leidenschaft und eine bemerkenswerte Karriere. Viele Fans interessieren sich heute f\u00fcr die genauen <strong>Beitrittsdaten<\/strong> seiner Vereine \u2013 also, wann er zu welchen Clubs kam und wie sich seine Laufbahn \u00fcber die Jahre entwickelte. In diesem Beitrag erf\u00e4hrst du alle wichtigen Informationen \u00fcber die <strong>Thorsten Legat Beitrittsdaten<\/strong>, erg\u00e4nzt durch interessante Fakten, verst\u00e4ndliche Erkl\u00e4rungen und einen klaren \u00dcberblick \u00fcber seine Karrierewege.<\/p>\n\n\n\n<h2 class=\"wp-block-heading\"><strong>Thorsten Legat Beitrittsdaten \u2013 Was bedeutet das \u00fcberhaupt?<\/strong><\/h2>\n\n\n\n<p>Der Begriff <strong>Beitrittsdaten<\/strong> wird im Fu\u00dfball h\u00e4ufig verwendet, um die genauen <strong>Eintrittsdaten eines Spielers in einen Verein<\/strong> zu bezeichnen. Diese Daten geben Aufschluss dar\u00fcber, wann ein Spieler offiziell unter Vertrag stand, wann Transfers stattgefunden haben und wie sich seine Karriere \u00fcber die Jahre entwickelt hat. Bei einem bekannten Spieler wie <strong>Thorsten Legat<\/strong> sind diese Daten besonders spannend, weil sie seine beeindruckende Laufbahn widerspiegeln \u2013 vom talentierten Nachwuchsspieler bis hin zum Bundesliga-Profi und sp\u00e4teren Trainer.<\/p>\n\n\n\n<p>Beitrittsdaten sind nicht nur Zahlen. Sie erz\u00e4hlen Geschichten:<\/p>\n\n\n\n<ul class=\"wp-block-list\">\n<li>Wann begann ein Spieler seine Profi-Karriere?<\/li>\n\n\n\n<li>Wie oft wechselte er den Verein?<\/li>\n\n\n\n<li>Wann endeten seine aktiven Jahre?<\/li>\n<\/ul>\n\n\n\n<p>Solche Fragen sind f\u00fcr Fans, Sportjournalisten und Fu\u00dfballhistoriker gleicherma\u00dfen interessant, denn sie zeigen den Verlauf einer Karriere in Etappen.<\/p>\n\n\n\n<h2 class=\"wp-block-heading\"><strong>Kurzer \u00dcberblick \u00fcber Thorsten Legat<\/strong><\/h2>\n\n\n\n<p><strong>Thorsten Legat<\/strong> wurde am <strong>7. November 1968 in Bochum<\/strong> geboren. Schon fr\u00fch war klar, dass er Talent und Durchsetzungsverm\u00f6gen besa\u00df. Seine Karriere begann beim <strong>VfL Bochum<\/strong>, wo er sich schnell einen Namen machte. Sp\u00e4ter spielte er f\u00fcr Vereine wie <strong>Werder Bremen<\/strong>, <strong>Eintracht Frankfurt<\/strong>, <strong>VfB Stuttgart<\/strong> und <strong>Schalke 04<\/strong>. Seine Position war meist im <strong>Mittelfeld<\/strong>, wo er durch Kraft, Einsatz und Entschlossenheit auffiel. Neben sportlichen Erfolgen pr\u00e4gte ihn auch seine direkte, ehrliche Art, die ihn sp\u00e4ter zu einem beliebten \u2013 aber auch manchmal polarisierenden \u2013 Charakter im Fernsehen machte.<\/p>\n\n\n\n<p>Im Laufe seiner Karriere durchlief Legat viele Stationen, und jede davon begann mit einem klaren <strong>Beitrittsdatum<\/strong> \u2013 dem Moment, an dem er Teil eines neuen Teams wurde. Diese Daten zeigen nicht nur, wann er zu einem Club kam, sondern markieren auch Wendepunkte in seiner Laufbahn.<\/p>\n\n\n\n<h2 class=\"wp-block-heading\"><strong>Warum sind die Thorsten Legat Beitrittsdaten wichtig?<\/strong><\/h2>\n\n\n\n<p>Die <strong>Beitrittsdaten von Thorsten Legat<\/strong> helfen dabei, seine Karriere besser zu verstehen. Fu\u00dfballfans interessieren sich oft f\u00fcr mehr als nur Statistiken \u2013 sie wollen wissen, <strong>wann und warum ein Spieler den Verein wechselte<\/strong>.<\/p>\n\n\n\n<p>Ein paar Gr\u00fcnde, warum diese Daten so interessant sind:<\/p>\n\n\n\n<ul class=\"wp-block-list\">\n<li><strong>Historischer Wert:<\/strong> Sie zeigen die Entwicklung des deutschen Fu\u00dfballs in den 80er- und 90er-Jahren.<\/li>\n\n\n\n<li><strong>Vergleichsfaktor:<\/strong> Fans k\u00f6nnen nachvollziehen, in welchen Zeitr\u00e4umen Legat mit bekannten Spielern seiner Generation aktiv war.<\/li>\n\n\n\n<li><strong>Emotionale Verbindung:<\/strong> Viele erinnern sich an bestimmte Spiele oder Momente, die mit seinen Vereinswechseln zusammenfallen.<\/li>\n\n\n\n<li><strong>Lernfaktor:<\/strong> Junge Spieler k\u00f6nnen aus seiner Karriere lernen, wie wichtig Timing und Entscheidungen im Profisport sind.<\/li>\n\n\n\n<li><\/li>\n<\/ul>\n\n\n\n<p>Dieses Motto spiegelt sich auch in seiner Karriere wider \u2013 und genau das machen die <strong>Beitrittsdaten<\/strong> sichtbar: seine st\u00e4ndige Bewegung, sein Wille zum Fortschritt, und seine Loyalit\u00e4t gegen\u00fcber dem Sport.<\/p>\n\n\n\n<h2 class=\"wp-block-heading\"><strong>Tabelle: \u00dcbersicht \u00fcber Thorsten Legats Karriere und Beitrittsdaten<\/strong><\/h2>\n\n\n\n<figure class=\"wp-block-table\"><table class=\"has-fixed-layout\"><thead><tr><th><strong>Verein<\/strong><\/th><th><strong>Beitrittsdatum<\/strong><\/th><th><strong>Austrittsdatum<\/strong><\/th><th><strong>Position<\/strong><\/th><th><strong>Besonderheit<\/strong><\/th><\/tr><\/thead><tbody><tr><td>VfL Bochum<\/td><td>01.07.1986<\/td><td>30.06.1991<\/td><td>Mittelfeld<\/td><td>Start seiner Profikarriere<\/td><\/tr><tr><td>SV Werder Bremen<\/td><td>01.07.1991<\/td><td>30.06.1994<\/td><td>Mittelfeld<\/td><td>Gewinn des Europapokals der Pokalsieger<\/td><\/tr><tr><td>Eintracht Frankfurt<\/td><td>01.07.1994<\/td><td>30.06.1995<\/td><td>Mittelfeld<\/td><td>Kurze, aber pr\u00e4gende Zeit<\/td><\/tr><tr><td>VfB Stuttgart<\/td><td>01.07.1995<\/td><td>31.12.1999<\/td><td>Mittelfeld<\/td><td>DFB-Pokal-Finale 1998<\/td><\/tr><tr><td>FC Schalke 04<\/td><td>01.01.2000<\/td><td>30.06.2000<\/td><td>Mittelfeld<\/td><td>Letzte Profi-Station<\/td><\/tr><tr><td>Trainerlaufbahn (div.)<\/td><td>ab 2001<\/td><td>\u2013<\/td><td>Trainer<\/td><td>Trainer u. TV-Pers\u00f6nlichkeit<\/td><\/tr><\/tbody><\/table><\/figure>\n\n\n\n<p>Diese \u00dcbersicht macht deutlich, wie regelm\u00e4\u00dfig sich Legat neuen Herausforderungen stellte. Seine <strong>Beitrittsdaten<\/strong> zeigen eine Karriere, die von Aktivit\u00e4t, Mut und Zielstrebigkeit gepr\u00e4gt war.<\/p>\n\n\n\n<h2 class=\"wp-block-heading\"><strong>FQRS \u2013 H\u00e4ufig gestellte Fragen zu Thorsten Legat Beitrittsdaten<\/strong><\/h2>\n\n\n\n<p><strong>1. Was bedeutet eigentlich \u201eBeitrittsdaten\u201c bei Fu\u00dfballspielern?<\/strong><br>Beitrittsdaten zeigen, wann ein Spieler offiziell zu einem Verein gewechselt ist. Es sind die genauen Eintritts- oder Vertragsdaten, also der Zeitpunkt, an dem er Teil des Teams wurde.<\/p>\n\n\n\n<p><strong>2. Wann begann Thorsten Legat seine Profikarriere?<\/strong><br>Seine Profikarriere startete 1986 beim <strong>VfL Bochum<\/strong>, wo er den Grundstein f\u00fcr seine erfolgreiche Laufbahn legte.<\/p>\n\n\n\n<p><strong>3. F\u00fcr welche Vereine spielte Thorsten Legat in seiner Karriere?<\/strong><br>Er spielte f\u00fcr <strong>VfL Bochum<\/strong>, <strong>SV Werder Bremen<\/strong>, <strong>Eintracht Frankfurt<\/strong>, <strong>VfB Stuttgart<\/strong> und <strong>FC Schalke 04<\/strong>.<\/p>\n\n\n\n<p><strong>4. Wann trat Thorsten Legat dem SV Werder Bremen bei?<\/strong><br>Er wechselte im Sommer <strong>1991<\/strong> nach Bremen. Dieses Beitrittsdatum markiert eine seiner erfolgreichsten Phasen \u2013 hier gewann er den Europapokal der Pokalsieger.<\/p>\n\n\n\n<p><strong>5. Gab es auch eine Trainerkarriere?<\/strong><br>Ja, nach seinem aktiven Spielende begann Legat ab <strong>2001<\/strong> als Trainer. Er war unter anderem im Jugendbereich t\u00e4tig und trat sp\u00e4ter in mehreren TV-Formaten auf.<\/p>\n\n\n\n<h2 class=\"wp-block-heading\"><strong>Fazit <\/strong><\/h2>\n\n\n\n<p>Die <strong>Thorsten Legat Beitrittsdaten<\/strong> sind mehr als blo\u00dfe Zahlen \u2013 sie sind ein Spiegelbild seiner Pers\u00f6nlichkeit und seines Weges durch den deutschen Fu\u00dfball. Wer seine Karriere verstehen will, sollte sich mit diesen Daten besch\u00e4ftigen, denn sie geben Aufschluss \u00fcber seine Entwicklung vom ehrgeizigen Bochumer Jungen bis hin zur bekannten Sport- und TV-Figur.<\/p>\n\n\n\n<p>Im n\u00e4chsten Abschnitt gehen wir tiefer darauf ein, <strong>wer Thorsten Legat wirklich ist<\/strong>, und welche Stationen in seiner Laufbahn besonders pr\u00e4gend waren.<\/p>\n\n\n\n<p><strong>Mher Lessn:\u00a0<a href=\"https:\/\/heuteinfo.de\/2025\/11\/12\/michaela-gorgoglione\/\" data-type=\"link\" data-id=\"https:\/\/heuteinfo.de\/2025\/11\/12\/michaela-gorgoglione\/\"> Michaela Gorgoglione<\/a><\/strong><br><\/p>\n","protected":false},"excerpt":{"rendered":"<p>Thorsten Legat ist eine der schillerndsten Pers\u00f6nlichkeiten des deutschen Fu\u00dfballs. Sein Name steht nicht nur f\u00fcr sportlichen Ehrgeiz, sondern auch f\u00fcr Disziplin, Leidenschaft und eine bemerkenswerte Karriere. Viele Fans interessieren sich heute f\u00fcr die genauen Beitrittsdaten seiner Vereine \u2013 also, wann er zu welchen Clubs kam und wie sich seine Laufbahn \u00fcber die Jahre entwickelte. [&hellip;]<\/p>\n","protected":false},"author":1,"featured_media":2197,"comment_status":"open","ping_status":"open","sticky":false,"template":"","format":"standard","meta":{"footnotes":""},"categories":[39],"tags":[],"class_list":["post-2196","post","type-post","status-publish","format-standard","has-post-thumbnail","hentry","category-lebensstil"],"yoast_head":"<!-- This site is optimized with the Yoast SEO plugin v27.4 - https:\/\/yoast.com\/product\/yoast-seo-wordpress\/ -->\n<title>Thorsten Legat Beitrittsdaten \u2013 Alle wichtigen Daten im \u00dcberblick - heuteinfo.de<\/title>\n<meta name=\"robots\" content=\"index, follow, max-snippet:-1, max-image-preview:large, max-video-preview:-1\" \/>\n<link rel=\"canonical\" href=\"https:\/\/heuteinfo.de\/?p=2196\" \/>\n<meta property=\"og:locale\" content=\"en_US\" \/>\n<meta property=\"og:type\" content=\"article\" \/>\n<meta property=\"og:title\" content=\"Thorsten Legat Beitrittsdaten \u2013 Alle wichtigen Daten im \u00dcberblick - heuteinfo.de\" \/>\n<meta property=\"og:description\" content=\"Thorsten Legat ist eine der schillerndsten Pers\u00f6nlichkeiten des deutschen Fu\u00dfballs. Sein Name steht nicht nur f\u00fcr sportlichen Ehrgeiz, sondern auch f\u00fcr Disziplin, Leidenschaft und eine bemerkenswerte Karriere. Viele Fans interessieren sich heute f\u00fcr die genauen Beitrittsdaten seiner Vereine \u2013 also, wann er zu welchen Clubs kam und wie sich seine Laufbahn \u00fcber die Jahre entwickelte. [&hellip;]\" \/>\n<meta property=\"og:url\" content=\"https:\/\/heuteinfo.de\/?p=2196\" \/>\n<meta property=\"og:site_name\" content=\"heuteinfo.de\" \/>\n<meta property=\"article:published_time\" content=\"2025-11-12T13:46:09+00:00\" \/>\n<meta property=\"article:modified_time\" content=\"2026-02-27T12:18:11+00:00\" \/>\n<meta property=\"og:image\" content=\"https:\/\/heuteinfo.de\/wp-content\/uploads\/2025\/11\/b9cd5490fefa4afc10a519abf50f8595a974c772.webp\" \/>\n\t<meta property=\"og:image:width\" content=\"992\" \/>\n\t<meta property=\"og:image:height\" content=\"1178\" \/>\n\t<meta property=\"og:image:type\" content=\"image\/webp\" \/>\n<meta name=\"author\" content=\"ahmedhassan98764@gmail.com\" \/>\n<meta name=\"twitter:card\" content=\"summary_large_image\" \/>\n<meta name=\"twitter:label1\" content=\"Written by\" \/>\n\t<meta name=\"twitter:data1\" content=\"ahmedhassan98764@gmail.com\" \/>\n\t<meta name=\"twitter:label2\" content=\"Est. reading time\" \/>\n\t<meta name=\"twitter:data2\" content=\"4 minutes\" \/>\n<script type=\"application\/ld+json\" class=\"yoast-schema-graph\">{\"@context\":\"https:\\\/\\\/schema.org\",\"@graph\":[{\"@type\":\"Article\",\"@id\":\"https:\\\/\\\/heuteinfo.de\\\/?p=2196#article\",\"isPartOf\":{\"@id\":\"https:\\\/\\\/heuteinfo.de\\\/?p=2196\"},\"author\":{\"name\":\"ahmedhassan98764@gmail.com\",\"@id\":\"https:\\\/\\\/heuteinfo.de\\\/#\\\/schema\\\/person\\\/94a0e25dd819e325bc73714b2b0e6250\"},\"headline\":\"Thorsten Legat Beitrittsdaten \u2013 Alle wichtigen Daten im \u00dcberblick\",\"datePublished\":\"2025-11-12T13:46:09+00:00\",\"dateModified\":\"2026-02-27T12:18:11+00:00\",\"mainEntityOfPage\":{\"@id\":\"https:\\\/\\\/heuteinfo.de\\\/?p=2196\"},\"wordCount\":830,\"commentCount\":0,\"image\":{\"@id\":\"https:\\\/\\\/heuteinfo.de\\\/?p=2196#primaryimage\"},\"thumbnailUrl\":\"https:\\\/\\\/heuteinfo.de\\\/wp-content\\\/uploads\\\/2025\\\/11\\\/b9cd5490fefa4afc10a519abf50f8595a974c772.webp\",\"articleSection\":[\"Lebensstil\"],\"inLanguage\":\"en-US\",\"potentialAction\":[{\"@type\":\"CommentAction\",\"name\":\"Comment\",\"target\":[\"https:\\\/\\\/heuteinfo.de\\\/?p=2196#respond\"]}]},{\"@type\":\"WebPage\",\"@id\":\"https:\\\/\\\/heuteinfo.de\\\/?p=2196\",\"url\":\"https:\\\/\\\/heuteinfo.de\\\/?p=2196\",\"name\":\"Thorsten Legat Beitrittsdaten \u2013 Alle wichtigen Daten im \u00dcberblick - heuteinfo.de\",\"isPartOf\":{\"@id\":\"https:\\\/\\\/heuteinfo.de\\\/#website\"},\"primaryImageOfPage\":{\"@id\":\"https:\\\/\\\/heuteinfo.de\\\/?p=2196#primaryimage\"},\"image\":{\"@id\":\"https:\\\/\\\/heuteinfo.de\\\/?p=2196#primaryimage\"},\"thumbnailUrl\":\"https:\\\/\\\/heuteinfo.de\\\/wp-content\\\/uploads\\\/2025\\\/11\\\/b9cd5490fefa4afc10a519abf50f8595a974c772.webp\",\"datePublished\":\"2025-11-12T13:46:09+00:00\",\"dateModified\":\"2026-02-27T12:18:11+00:00\",\"author\":{\"@id\":\"https:\\\/\\\/heuteinfo.de\\\/#\\\/schema\\\/person\\\/94a0e25dd819e325bc73714b2b0e6250\"},\"breadcrumb\":{\"@id\":\"https:\\\/\\\/heuteinfo.de\\\/?p=2196#breadcrumb\"},\"inLanguage\":\"en-US\",\"potentialAction\":[{\"@type\":\"ReadAction\",\"target\":[\"https:\\\/\\\/heuteinfo.de\\\/?p=2196\"]}]},{\"@type\":\"ImageObject\",\"inLanguage\":\"en-US\",\"@id\":\"https:\\\/\\\/heuteinfo.de\\\/?p=2196#primaryimage\",\"url\":\"https:\\\/\\\/heuteinfo.de\\\/wp-content\\\/uploads\\\/2025\\\/11\\\/b9cd5490fefa4afc10a519abf50f8595a974c772.webp\",\"contentUrl\":\"https:\\\/\\\/heuteinfo.de\\\/wp-content\\\/uploads\\\/2025\\\/11\\\/b9cd5490fefa4afc10a519abf50f8595a974c772.webp\",\"width\":992,\"height\":1178,\"caption\":\"Thorsten Legat Beitrittsdaten\"},{\"@type\":\"BreadcrumbList\",\"@id\":\"https:\\\/\\\/heuteinfo.de\\\/?p=2196#breadcrumb\",\"itemListElement\":[{\"@type\":\"ListItem\",\"position\":1,\"name\":\"Home\",\"item\":\"https:\\\/\\\/heuteinfo.de\\\/\"},{\"@type\":\"ListItem\",\"position\":2,\"name\":\"Thorsten Legat Beitrittsdaten \u2013 Alle wichtigen Daten im \u00dcberblick\"}]},{\"@type\":\"WebSite\",\"@id\":\"https:\\\/\\\/heuteinfo.de\\\/#website\",\"url\":\"https:\\\/\\\/heuteinfo.de\\\/\",\"name\":\"heuteinfo.de\",\"description\":\"\",\"potentialAction\":[{\"@type\":\"SearchAction\",\"target\":{\"@type\":\"EntryPoint\",\"urlTemplate\":\"https:\\\/\\\/heuteinfo.de\\\/?s={search_term_string}\"},\"query-input\":{\"@type\":\"PropertyValueSpecification\",\"valueRequired\":true,\"valueName\":\"search_term_string\"}}],\"inLanguage\":\"en-US\"},{\"@type\":\"Person\",\"@id\":\"https:\\\/\\\/heuteinfo.de\\\/#\\\/schema\\\/person\\\/94a0e25dd819e325bc73714b2b0e6250\",\"name\":\"ahmedhassan98764@gmail.com\",\"image\":{\"@type\":\"ImageObject\",\"inLanguage\":\"en-US\",\"@id\":\"https:\\\/\\\/secure.gravatar.com\\\/avatar\\\/e2e9655aa74e87126cf4d7a522342156dfe63385e2ce1859f3a68169de6937a9?s=96&d=mm&r=g\",\"url\":\"https:\\\/\\\/secure.gravatar.com\\\/avatar\\\/e2e9655aa74e87126cf4d7a522342156dfe63385e2ce1859f3a68169de6937a9?s=96&d=mm&r=g\",\"contentUrl\":\"https:\\\/\\\/secure.gravatar.com\\\/avatar\\\/e2e9655aa74e87126cf4d7a522342156dfe63385e2ce1859f3a68169de6937a9?s=96&d=mm&r=g\",\"caption\":\"ahmedhassan98764@gmail.com\"},\"sameAs\":[\"https:\\\/\\\/heuteinfo.de\"],\"url\":\"https:\\\/\\\/heuteinfo.de\\\/?author=1\"}]}<\/script>\n<!-- \/ Yoast SEO plugin. -->","yoast_head_json":{"title":"Thorsten Legat Beitrittsdaten \u2013 Alle wichtigen Daten im \u00dcberblick - heuteinfo.de","robots":{"index":"index","follow":"follow","max-snippet":"max-snippet:-1","max-image-preview":"max-image-preview:large","max-video-preview":"max-video-preview:-1"},"canonical":"https:\/\/heuteinfo.de\/?p=2196","og_locale":"en_US","og_type":"article","og_title":"Thorsten Legat Beitrittsdaten \u2013 Alle wichtigen Daten im \u00dcberblick - heuteinfo.de","og_description":"Thorsten Legat ist eine der schillerndsten Pers\u00f6nlichkeiten des deutschen Fu\u00dfballs. Sein Name steht nicht nur f\u00fcr sportlichen Ehrgeiz, sondern auch f\u00fcr Disziplin, Leidenschaft und eine bemerkenswerte Karriere. Viele Fans interessieren sich heute f\u00fcr die genauen Beitrittsdaten seiner Vereine \u2013 also, wann er zu welchen Clubs kam und wie sich seine Laufbahn \u00fcber die Jahre entwickelte. [&hellip;]","og_url":"https:\/\/heuteinfo.de\/?p=2196","og_site_name":"heuteinfo.de","article_published_time":"2025-11-12T13:46:09+00:00","article_modified_time":"2026-02-27T12:18:11+00:00","og_image":[{"width":992,"height":1178,"url":"https:\/\/heuteinfo.de\/wp-content\/uploads\/2025\/11\/b9cd5490fefa4afc10a519abf50f8595a974c772.webp","type":"image\/webp"}],"author":"ahmedhassan98764@gmail.com","twitter_card":"summary_large_image","twitter_misc":{"Written by":"ahmedhassan98764@gmail.com","Est. reading time":"4 minutes"},"schema":{"@context":"https:\/\/schema.org","@graph":[{"@type":"Article","@id":"https:\/\/heuteinfo.de\/?p=2196#article","isPartOf":{"@id":"https:\/\/heuteinfo.de\/?p=2196"},"author":{"name":"ahmedhassan98764@gmail.com","@id":"https:\/\/heuteinfo.de\/#\/schema\/person\/94a0e25dd819e325bc73714b2b0e6250"},"headline":"Thorsten Legat Beitrittsdaten \u2013 Alle wichtigen Daten im \u00dcberblick","datePublished":"2025-11-12T13:46:09+00:00","dateModified":"2026-02-27T12:18:11+00:00","mainEntityOfPage":{"@id":"https:\/\/heuteinfo.de\/?p=2196"},"wordCount":830,"commentCount":0,"image":{"@id":"https:\/\/heuteinfo.de\/?p=2196#primaryimage"},"thumbnailUrl":"https:\/\/heuteinfo.de\/wp-content\/uploads\/2025\/11\/b9cd5490fefa4afc10a519abf50f8595a974c772.webp","articleSection":["Lebensstil"],"inLanguage":"en-US","potentialAction":[{"@type":"CommentAction","name":"Comment","target":["https:\/\/heuteinfo.de\/?p=2196#respond"]}]},{"@type":"WebPage","@id":"https:\/\/heuteinfo.de\/?p=2196","url":"https:\/\/heuteinfo.de\/?p=2196","name":"Thorsten Legat Beitrittsdaten \u2013 Alle wichtigen Daten im \u00dcberblick - heuteinfo.de","isPartOf":{"@id":"https:\/\/heuteinfo.de\/#website"},"primaryImageOfPage":{"@id":"https:\/\/heuteinfo.de\/?p=2196#primaryimage"},"image":{"@id":"https:\/\/heuteinfo.de\/?p=2196#primaryimage"},"thumbnailUrl":"https:\/\/heuteinfo.de\/wp-content\/uploads\/2025\/11\/b9cd5490fefa4afc10a519abf50f8595a974c772.webp","datePublished":"2025-11-12T13:46:09+00:00","dateModified":"2026-02-27T12:18:11+00:00","author":{"@id":"https:\/\/heuteinfo.de\/#\/schema\/person\/94a0e25dd819e325bc73714b2b0e6250"},"breadcrumb":{"@id":"https:\/\/heuteinfo.de\/?p=2196#breadcrumb"},"inLanguage":"en-US","potentialAction":[{"@type":"ReadAction","target":["https:\/\/heuteinfo.de\/?p=2196"]}]},{"@type":"ImageObject","inLanguage":"en-US","@id":"https:\/\/heuteinfo.de\/?p=2196#primaryimage","url":"https:\/\/heuteinfo.de\/wp-content\/uploads\/2025\/11\/b9cd5490fefa4afc10a519abf50f8595a974c772.webp","contentUrl":"https:\/\/heuteinfo.de\/wp-content\/uploads\/2025\/11\/b9cd5490fefa4afc10a519abf50f8595a974c772.webp","width":992,"height":1178,"caption":"Thorsten Legat Beitrittsdaten"},{"@type":"BreadcrumbList","@id":"https:\/\/heuteinfo.de\/?p=2196#breadcrumb","itemListElement":[{"@type":"ListItem","position":1,"name":"Home","item":"https:\/\/heuteinfo.de\/"},{"@type":"ListItem","position":2,"name":"Thorsten Legat Beitrittsdaten \u2013 Alle wichtigen Daten im \u00dcberblick"}]},{"@type":"WebSite","@id":"https:\/\/heuteinfo.de\/#website","url":"https:\/\/heuteinfo.de\/","name":"heuteinfo.de","description":"","potentialAction":[{"@type":"SearchAction","target":{"@type":"EntryPoint","urlTemplate":"https:\/\/heuteinfo.de\/?s={search_term_string}"},"query-input":{"@type":"PropertyValueSpecification","valueRequired":true,"valueName":"search_term_string"}}],"inLanguage":"en-US"},{"@type":"Person","@id":"https:\/\/heuteinfo.de\/#\/schema\/person\/94a0e25dd819e325bc73714b2b0e6250","name":"ahmedhassan98764@gmail.com","image":{"@type":"ImageObject","inLanguage":"en-US","@id":"https:\/\/secure.gravatar.com\/avatar\/e2e9655aa74e87126cf4d7a522342156dfe63385e2ce1859f3a68169de6937a9?s=96&d=mm&r=g","url":"https:\/\/secure.gravatar.com\/avatar\/e2e9655aa74e87126cf4d7a522342156dfe63385e2ce1859f3a68169de6937a9?s=96&d=mm&r=g","contentUrl":"https:\/\/secure.gravatar.com\/avatar\/e2e9655aa74e87126cf4d7a522342156dfe63385e2ce1859f3a68169de6937a9?s=96&d=mm&r=g","caption":"ahmedhassan98764@gmail.com"},"sameAs":["https:\/\/heuteinfo.de"],"url":"https:\/\/heuteinfo.de\/?author=1"}]}},"_links":{"self":[{"href":"https:\/\/heuteinfo.de\/index.php?rest_route=\/wp\/v2\/posts\/2196","targetHints":{"allow":["GET"]}}],"collection":[{"href":"https:\/\/heuteinfo.de\/index.php?rest_route=\/wp\/v2\/posts"}],"about":[{"href":"https:\/\/heuteinfo.de\/index.php?rest_route=\/wp\/v2\/types\/post"}],"author":[{"embeddable":true,"href":"https:\/\/heuteinfo.de\/index.php?rest_route=\/wp\/v2\/users\/1"}],"replies":[{"embeddable":true,"href":"https:\/\/heuteinfo.de\/index.php?rest_route=%2Fwp%2Fv2%2Fcomments&post=2196"}],"version-history":[{"count":3,"href":"https:\/\/heuteinfo.de\/index.php?rest_route=\/wp\/v2\/posts\/2196\/revisions"}],"predecessor-version":[{"id":10728,"href":"https:\/\/heuteinfo.de\/index.php?rest_route=\/wp\/v2\/posts\/2196\/revisions\/10728"}],"wp:featuredmedia":[{"embeddable":true,"href":"https:\/\/heuteinfo.de\/index.php?rest_route=\/wp\/v2\/media\/2197"}],"wp:attachment":[{"href":"https:\/\/heuteinfo.de\/index.php?rest_route=%2Fwp%2Fv2%2Fmedia&parent=2196"}],"wp:term":[{"taxonomy":"category","embeddable":true,"href":"https:\/\/heuteinfo.de\/index.php?rest_route=%2Fwp%2Fv2%2Fcategories&post=2196"},{"taxonomy":"post_tag","embeddable":true,"href":"https:\/\/heuteinfo.de\/index.php?rest_route=%2Fwp%2Fv2%2Ftags&post=2196"}],"curies":[{"name":"wp","href":"https:\/\/api.w.org\/{rel}","templated":true}]}}