{"id":2202,"date":"2025-11-16T12:11:52","date_gmt":"2025-11-16T12:11:52","guid":{"rendered":"https:\/\/heuteinfo.de\/?p=2202"},"modified":"2026-02-27T12:18:13","modified_gmt":"2026-02-27T12:18:13","slug":"matthias-deiss-krankheit","status":"publish","type":"post","link":"https:\/\/heuteinfo.de\/?p=2202","title":{"rendered":"Matthias Dei\u00df Krankheit: Was wirklich hinter den Ger\u00fcchten steckt"},"content":{"rendered":"\n<p>Immer mehr Menschen suchen nach <strong>\u201e<a href=\"https:\/\/de.wikipedia.org\/wiki\/Matthias_Dei%C3%9F\" data-type=\"link\" data-id=\"https:\/\/de.wikipedia.org\/wiki\/Matthias_Dei%C3%9F\">Matthias Dei\u00df <\/a>Krankheit\u201c<\/strong>, weil sie wissen m\u00f6chten, ob der bekannte ARD-Journalist tats\u00e4chlich an einer bestimmten Erkrankung leidet. In den sozialen Medien und auf kleineren Webseiten tauchen immer wieder Aussagen dar\u00fcber auf. Doch wie viel davon stimmt wirklich? Und warum ist das Thema \u00fcberhaupt so pr\u00e4sent?<\/p>\n\n\n\n<p>Wenn eine \u00f6ffentliche Person wie Matthias Dei\u00df regelm\u00e4\u00dfig im Fernsehen zu sehen ist, fallen k\u00f6rperliche Ver\u00e4nderungen schnell auf. Besonders beim Thema Haare und sichtbare Merkmale reagieren viele Menschen neugierig. Gleichzeitig gibt es oft nur wenige offizielle Informationen, was Raum f\u00fcr Spekulationen l\u00e4sst.<strong><em>Mher Lesson:\u00a0<\/em><\/strong><br><\/p>\n\n\n\n<h1 class=\"wp-block-heading\"><strong>Wer ist Matthias Dei\u00df?<\/strong><\/h1>\n\n\n\n<p>Um zu verstehen, warum so viele \u00fcber <strong>\u201eMatthias Dei\u00df Krankheit\u201c<\/strong> sprechen, lohnt sich ein Blick auf seine Person. Matthias Dei\u00df ist ein deutscher Journalist, der seit vielen Jahren f\u00fcr die ARD arbeitet. Er wurde 1978 in Hamburg geboren und hat Kommunikations- und Politikwissenschaften studiert.<\/p>\n\n\n\n<p>Bekannt wurde er vor allem durch seine Arbeit im <strong>ARD-Hauptstadtstudio<\/strong>. Dort besch\u00e4ftigt er sich mit politischen Themen wie Extremismus, Innenpolitik, Parteienlandschaften und gesellschaftlichen Entwicklungen. Viele Zuschauer kennen ihn aus Nachrichtenbeitr\u00e4gen, TV-Interviews und Analyseformaten. Weil er h\u00e4ufig im Fernsehen erscheint, beobachten Menschen nat\u00fcrlich auch optische Ver\u00e4nderungen. Genau dadurch entstand vermutlich die wachsende Frage nach seiner Gesundheit \u2013 und das Suchinteresse rund um den Begriff <strong>\u201eMatthias Dei\u00df Krankheit\u201c<\/strong>.<\/p>\n\n\n\n<h2 class=\"wp-block-heading\"><strong>Was bedeutet \u201eMatthias Dei\u00df Krankheit\u201c wirklich?<\/strong><\/h2>\n\n\n\n<p>Der Ausdruck <strong>\u201eMatthias Dei\u00df Krankheit\u201c<\/strong> taucht vor allem auf Blogs, Klatschseiten und kleineren Informationsportalen auf. Die meisten dieser Quellen behaupten, dass Matthias Dei\u00df angeblich an <strong>Alopezie<\/strong> leidet \u2013 also kreisrundem Haarausfall.<\/p>\n\n\n\n<p>Wichtig ist hier jedoch eines:<br><strong>Bis heute gibt es keine offizielle Best\u00e4tigung von Matthias Dei\u00df selbst oder einer seri\u00f6sen gro\u00dfen Nachrichtenquelle.<\/strong><\/p>\n\n\n\n<p>Das bedeutet:<\/p>\n\n\n\n<ul class=\"wp-block-list\">\n<li>Es <strong>kann<\/strong> stimmen, muss aber nicht.<\/li>\n\n\n\n<li>Die Informationen stammen nicht aus sicheren, medizinisch verifizierten Quellen.<\/li>\n\n\n\n<li>Es handelt sich eher um Beobachtungen von au\u00dfen und Vermutungen.<\/li>\n<\/ul>\n\n\n\n<p>Trotzdem wird das Thema so h\u00e4ufig gesucht, dass es sich lohnt, dar\u00fcber aufzukl\u00e4ren \u2013 gerade um Missverst\u00e4ndnisse zu vermeiden.<\/p>\n\n\n\n<h2 class=\"wp-block-heading\"><strong>Alopezie einfach erkl\u00e4rt<\/strong><\/h2>\n\n\n\n<p>Da der Begriff <strong>Alopezie<\/strong> oft im Zusammenhang mit \u201eMatthias Dei\u00df Krankheit\u201c erw\u00e4hnt wird, ist es hilfreich, kurz zu erkl\u00e4ren, worum es dabei geht. Viele Menschen kennen nur den sichtbaren Aspekt, nicht aber die Hintergr\u00fcnde.<\/p>\n\n\n\n<h3 class=\"wp-block-heading\"><strong>Was ist Alopezie?<\/strong><\/h3>\n\n\n\n<p>Alopezie ist ein Sammelbegriff f\u00fcr verschiedene Formen von Haarausfall. Besonders bekannt ist die kreisrunde Alopezie, bei der:<\/p>\n\n\n\n<ul class=\"wp-block-list\">\n<li>einzelne runde Stellen kahl werden<\/li>\n\n\n\n<li>oder der Haarverlust gr\u00f6\u00dferfl\u00e4chig auftritt<\/li>\n\n\n\n<li>aber die Gesundheit sonst meist nicht beeintr\u00e4chtigt ist<\/li>\n<\/ul>\n\n\n\n<h3 class=\"wp-block-heading\"><strong>Warum entsteht sie?<\/strong><\/h3>\n\n\n\n<p>Die genaue Ursache ist nicht vollst\u00e4ndig gekl\u00e4rt. H\u00e4ufig vermutet werden:<\/p>\n\n\n\n<ul class=\"wp-block-list\">\n<li>Autoimmunreaktionen<\/li>\n\n\n\n<li>Stress<\/li>\n\n\n\n<li>genetische Faktoren<\/li>\n\n\n\n<li>hormonelle Einfl\u00fcsse<\/li>\n<\/ul>\n\n\n\n<h3 class=\"wp-block-heading\"><strong>Ist Alopezie gef\u00e4hrlich?<\/strong><\/h3>\n\n\n\n<p>Nein, die Erkrankung ist <strong>nicht gef\u00e4hrlich<\/strong>, aber oft psychisch belastend. Besonders bei Menschen, die im Fernsehen stehen, f\u00e4llt sie st\u00e4rker auf. Die Vermutung, dass <strong>\u201eMatthias Dei\u00df Krankheit\u201c<\/strong> eine Form der Alopezie sein k\u00f6nnte, stammt also vermutlich daher, dass Zuschauer sichtbaren Haarverlust bemerkt haben.<\/p>\n\n\n\n<h2 class=\"wp-block-heading\"><strong>Wie Matthias Dei\u00df mit der m\u00f6glichen Erkrankung umgeht<\/strong><\/h2>\n\n\n\n<p>Ob Matthias Dei\u00df wirklich Alopezie hat oder nicht, bleibt unbest\u00e4tigt. Was jedoch auff\u00e4llt: Er geht sehr gelassen und nat\u00fcrlich mit seinem \u00e4u\u00dferen Erscheinungsbild um. Viele Zuschauer loben ihn sogar daf\u00fcr, dass er <strong>authentisch<\/strong> und <strong>selbstbewusst<\/strong> auftritt \u2013 ohne k\u00fcnstliche Verdeckungen oder \u00fcberm\u00e4\u00dfige Erkl\u00e4rungen. Gerade in einer Zeit, in der viele Menschen unter Sch\u00f6nheitsdruck stehen, wirkt das auf viele ermutigend.<\/p>\n\n\n\n<p>Sein Auftreten vermittelt:<\/p>\n\n\n\n<ul class=\"wp-block-list\">\n<li>St\u00e4rke<\/li>\n\n\n\n<li>Professionalit\u00e4t<\/li>\n\n\n\n<li>und Normalit\u00e4t trotz sichtbarer Ver\u00e4nderungen<\/li>\n<\/ul>\n\n\n\n<p>Ob Krankheit oder nicht \u2013 diese Haltung kann vielen Menschen Mut machen, die selbst mit \u00e4u\u00dferlichen Ver\u00e4nderungen k\u00e4mpfen.<\/p>\n\n\n\n<h2 class=\"wp-block-heading\"><strong>H\u00e4ufige Fragen zu Matthias Dei\u00df und seiner Gesundheit<\/strong><\/h2>\n\n\n\n<h3 class=\"wp-block-heading\"><strong>1. Ist die Krankheit offiziell best\u00e4tigt?<\/strong><\/h3>\n\n\n\n<p>Nein. Es gibt keine Aussage von ihm selbst und keine offiziellen medizinischen Informationen. Alles basiert auf Beobachtungen von au\u00dfen.<\/p>\n\n\n\n<h3 class=\"wp-block-heading\"><strong>2. Hat die m\u00f6gliche Krankheit Einfluss auf seine Arbeit?<\/strong><\/h3>\n\n\n\n<p>Nein. Matthias Dei\u00df arbeitet weiterhin erfolgreich als Journalist, Moderator und politischer Analyst. Seine Expertise steht im Mittelpunkt \u2013 nicht sein Aussehen.<\/p>\n\n\n\n<h3 class=\"wp-block-heading\"><strong>3. Was bedeutet das f\u00fcr Zuschauer?<\/strong><\/h3>\n\n\n\n<p>Viele empfinden es als inspirierend, dass er offen und selbstbewusst auftritt, auch wenn sein Aussehen Gespr\u00e4chsthema ist.<\/p>\n\n\n\n<h3 class=\"wp-block-heading\"><strong>4. Sollte man dar\u00fcber spekulieren?<\/strong><\/h3>\n\n\n\n<p>Gesundheit ist Privatsache. Wenn Dei\u00df etwas mitteilen m\u00f6chte, wird er es sicher selbst tun. Spekulationen helfen niemandem.<\/p>\n\n\n\n<h2 class=\"wp-block-heading\"><strong>Was seine Geschichte f\u00fcr andere bedeutet<\/strong><\/h2>\n\n\n\n<p>Ganz unabh\u00e4ngig davon, ob die Ger\u00fcchte \u00fcber <strong>\u201eMatthias Dei\u00df Krankheit\u201c<\/strong> stimmen oder nicht, zeigt seine Geschichte etwas Wichtiges: \u00d6ffentliche Personen k\u00f6nnen anderen Mut machen, indem sie sich so zeigen, wie sie sind.<\/p>\n\n\n\n<p>Viele Menschen leiden unter sichtbaren Ver\u00e4nderungen \u2013 sei es durch Haarausfall, Hauterkrankungen oder Narben. In einer Gesellschaft, in der Aussehen oft \u00fcberbewertet wird, ist es wohltuend zu sehen, dass Erfolg und Kompetenz nichts mit perfekten Haaren zu tun haben.<\/p>\n\n\n\n<p>Sein Auftreten sendet eine klare Botschaft:<\/p>\n\n\n\n<ul class=\"wp-block-list\">\n<li>Akzeptanz ist m\u00f6glich<\/li>\n\n\n\n<li>Man kann beruflich gl\u00e4nzen, auch wenn man \u00e4u\u00dferlich nicht dem \u201eIdeal\u201c entspricht<\/li>\n\n\n\n<li>Gesundheitsthemen m\u00fcssen nicht tabu sein<\/li>\n<\/ul>\n\n\n\n<p>Das macht ihn f\u00fcr viele Menschen zu einem unbeabsichtigten Vorbild.<\/p>\n\n\n\n<h2 class=\"wp-block-heading\"><strong>Was wir nicht wissen \u2013 und warum das in Ordnung ist<\/strong><\/h2>\n\n\n\n<p>Es gibt vieles, was \u00fcber die angebliche <strong>\u201eKrankheit von Matthias Dei\u00df\u201c<\/strong> nicht bekannt ist. Und das ist absolut normal. Jeder Mensch hat das Recht auf Privatsph\u00e4re \u2013 auch wenn er im Fernsehen arbeitet.<\/p>\n\n\n\n<p>Statt zu spekulieren, ist es sinnvoller, die Fakten zu betrachten:<\/p>\n\n\n\n<ul class=\"wp-block-list\">\n<li>Es gibt keine best\u00e4tigte Diagnose<\/li>\n\n\n\n<li>Es gibt keine offiziellen Statements<\/li>\n\n\n\n<li>Alles, was man sieht, ist \u00e4u\u00dferlich<\/li>\n\n\n\n<li>Gesundheitliche Vermutungen k\u00f6nnen irref\u00fchrend sein<\/li>\n<\/ul>\n\n\n\n<p>Diese Klarheit sch\u00fctzt sowohl die Privatsph\u00e4re des Journalisten als auch die Leser vor falschen Schlussfolgerungen.<\/p>\n\n\n\n<h2 class=\"wp-block-heading\"><strong>Fazit<\/strong><\/h2>\n\n\n\n<p>Der Begriff <strong>\u201eMatthias Dei\u00df Krankheit\u201c<\/strong> wird h\u00e4ufig gesucht, obwohl nur wenig dar\u00fcber bekannt ist. Die meisten Vermutungen drehen sich um Alopezie, doch best\u00e4tigt ist das nicht. Trotzdem zeigt seine Geschichte etwas sehr Wertvolles:<\/p>\n\n\n\n<ul class=\"wp-block-list\">\n<li>Man muss sich nicht verstecken, nur weil man anders aussieht.<\/li>\n\n\n\n<li>Erfolg h\u00e4ngt nicht von perfekten Haaren ab.<\/li>\n\n\n\n<li>Niemand ist verpflichtet, seine Gesundheit \u00f6ffentlich zu erkl\u00e4ren.<\/li>\n\n\n\n<li>Sichtbare Ver\u00e4nderungen geh\u00f6ren zum Leben \u2013 und sind kein Grund f\u00fcr Scham.<\/li>\n<\/ul>\n\n\n\n<p>Am Ende bleibt: Matthias Dei\u00df \u00fcberzeugt durch seine Arbeit, seine Kompetenz und seine ruhige, professionelle Art \u2013 und genau das macht ihn aus.<\/p>\n\n\n\n<p><strong>Mher Lesson:\u00a0<\/strong> <strong><a href=\"https:\/\/heuteinfo.de\/2025\/11\/16\/meeno-schrader-schlaganfall\/\" data-type=\"link\" data-id=\"https:\/\/heuteinfo.de\/2025\/11\/16\/meeno-schrader-schlaganfall\/\">Meeno Schrader Schlaganfall<br><\/a><\/strong><\/p>\n","protected":false},"excerpt":{"rendered":"<p>Immer mehr Menschen suchen nach \u201eMatthias Dei\u00df Krankheit\u201c, weil sie wissen m\u00f6chten, ob der bekannte ARD-Journalist tats\u00e4chlich an einer bestimmten Erkrankung leidet. In den sozialen Medien und auf kleineren Webseiten tauchen immer wieder Aussagen dar\u00fcber auf. Doch wie viel davon stimmt wirklich? Und warum ist das Thema \u00fcberhaupt so pr\u00e4sent? Wenn eine \u00f6ffentliche Person wie [&hellip;]<\/p>\n","protected":false},"author":1,"featured_media":2204,"comment_status":"open","ping_status":"open","sticky":false,"template":"","format":"standard","meta":{"footnotes":""},"categories":[41],"tags":[],"class_list":["post-2202","post","type-post","status-publish","format-standard","has-post-thumbnail","hentry","category-nachrichten"],"yoast_head":"<!-- This site is optimized with the Yoast SEO plugin v27.4 - https:\/\/yoast.com\/product\/yoast-seo-wordpress\/ -->\n<title>Matthias Dei\u00df Krankheit: Was wirklich hinter den Ger\u00fcchten steckt - heuteinfo.de<\/title>\n<meta name=\"robots\" content=\"index, follow, max-snippet:-1, max-image-preview:large, max-video-preview:-1\" \/>\n<link rel=\"canonical\" href=\"https:\/\/heuteinfo.de\/?p=2202\" \/>\n<meta property=\"og:locale\" content=\"en_US\" \/>\n<meta property=\"og:type\" content=\"article\" \/>\n<meta property=\"og:title\" content=\"Matthias Dei\u00df Krankheit: Was wirklich hinter den Ger\u00fcchten steckt - heuteinfo.de\" \/>\n<meta property=\"og:description\" content=\"Immer mehr Menschen suchen nach \u201eMatthias Dei\u00df Krankheit\u201c, weil sie wissen m\u00f6chten, ob der bekannte ARD-Journalist tats\u00e4chlich an einer bestimmten Erkrankung leidet. In den sozialen Medien und auf kleineren Webseiten tauchen immer wieder Aussagen dar\u00fcber auf. Doch wie viel davon stimmt wirklich? Und warum ist das Thema \u00fcberhaupt so pr\u00e4sent? Wenn eine \u00f6ffentliche Person wie [&hellip;]\" \/>\n<meta property=\"og:url\" content=\"https:\/\/heuteinfo.de\/?p=2202\" \/>\n<meta property=\"og:site_name\" content=\"heuteinfo.de\" \/>\n<meta property=\"article:published_time\" content=\"2025-11-16T12:11:52+00:00\" \/>\n<meta property=\"article:modified_time\" content=\"2026-02-27T12:18:13+00:00\" \/>\n<meta property=\"og:image\" content=\"https:\/\/heuteinfo.de\/wp-content\/uploads\/2025\/11\/Re-publica_22_-_Tag_3_52135978571-scaled.jpg\" \/>\n\t<meta property=\"og:image:width\" content=\"2560\" \/>\n\t<meta property=\"og:image:height\" content=\"1707\" \/>\n\t<meta property=\"og:image:type\" content=\"image\/jpeg\" \/>\n<meta name=\"author\" content=\"ahmedhassan98764@gmail.com\" \/>\n<meta name=\"twitter:card\" content=\"summary_large_image\" \/>\n<meta name=\"twitter:label1\" content=\"Written by\" \/>\n\t<meta name=\"twitter:data1\" content=\"ahmedhassan98764@gmail.com\" \/>\n\t<meta name=\"twitter:label2\" content=\"Est. reading time\" \/>\n\t<meta name=\"twitter:data2\" content=\"5 minutes\" \/>\n<script type=\"application\/ld+json\" class=\"yoast-schema-graph\">{\"@context\":\"https:\\\/\\\/schema.org\",\"@graph\":[{\"@type\":\"Article\",\"@id\":\"https:\\\/\\\/heuteinfo.de\\\/?p=2202#article\",\"isPartOf\":{\"@id\":\"https:\\\/\\\/heuteinfo.de\\\/?p=2202\"},\"author\":{\"name\":\"ahmedhassan98764@gmail.com\",\"@id\":\"https:\\\/\\\/heuteinfo.de\\\/#\\\/schema\\\/person\\\/94a0e25dd819e325bc73714b2b0e6250\"},\"headline\":\"Matthias Dei\u00df Krankheit: Was wirklich hinter den Ger\u00fcchten steckt\",\"datePublished\":\"2025-11-16T12:11:52+00:00\",\"dateModified\":\"2026-02-27T12:18:13+00:00\",\"mainEntityOfPage\":{\"@id\":\"https:\\\/\\\/heuteinfo.de\\\/?p=2202\"},\"wordCount\":1041,\"commentCount\":0,\"image\":{\"@id\":\"https:\\\/\\\/heuteinfo.de\\\/?p=2202#primaryimage\"},\"thumbnailUrl\":\"https:\\\/\\\/heuteinfo.de\\\/wp-content\\\/uploads\\\/2025\\\/11\\\/Re-publica_22_-_Tag_3_52135978571-scaled.jpg\",\"articleSection\":[\"Nachrichten\"],\"inLanguage\":\"en-US\",\"potentialAction\":[{\"@type\":\"CommentAction\",\"name\":\"Comment\",\"target\":[\"https:\\\/\\\/heuteinfo.de\\\/?p=2202#respond\"]}]},{\"@type\":\"WebPage\",\"@id\":\"https:\\\/\\\/heuteinfo.de\\\/?p=2202\",\"url\":\"https:\\\/\\\/heuteinfo.de\\\/?p=2202\",\"name\":\"Matthias Dei\u00df Krankheit: Was wirklich hinter den Ger\u00fcchten steckt - heuteinfo.de\",\"isPartOf\":{\"@id\":\"https:\\\/\\\/heuteinfo.de\\\/#website\"},\"primaryImageOfPage\":{\"@id\":\"https:\\\/\\\/heuteinfo.de\\\/?p=2202#primaryimage\"},\"image\":{\"@id\":\"https:\\\/\\\/heuteinfo.de\\\/?p=2202#primaryimage\"},\"thumbnailUrl\":\"https:\\\/\\\/heuteinfo.de\\\/wp-content\\\/uploads\\\/2025\\\/11\\\/Re-publica_22_-_Tag_3_52135978571-scaled.jpg\",\"datePublished\":\"2025-11-16T12:11:52+00:00\",\"dateModified\":\"2026-02-27T12:18:13+00:00\",\"author\":{\"@id\":\"https:\\\/\\\/heuteinfo.de\\\/#\\\/schema\\\/person\\\/94a0e25dd819e325bc73714b2b0e6250\"},\"breadcrumb\":{\"@id\":\"https:\\\/\\\/heuteinfo.de\\\/?p=2202#breadcrumb\"},\"inLanguage\":\"en-US\",\"potentialAction\":[{\"@type\":\"ReadAction\",\"target\":[\"https:\\\/\\\/heuteinfo.de\\\/?p=2202\"]}]},{\"@type\":\"ImageObject\",\"inLanguage\":\"en-US\",\"@id\":\"https:\\\/\\\/heuteinfo.de\\\/?p=2202#primaryimage\",\"url\":\"https:\\\/\\\/heuteinfo.de\\\/wp-content\\\/uploads\\\/2025\\\/11\\\/Re-publica_22_-_Tag_3_52135978571-scaled.jpg\",\"contentUrl\":\"https:\\\/\\\/heuteinfo.de\\\/wp-content\\\/uploads\\\/2025\\\/11\\\/Re-publica_22_-_Tag_3_52135978571-scaled.jpg\",\"width\":2560,\"height\":1707,\"caption\":\"Matthias Dei\u00df Krankheit\"},{\"@type\":\"BreadcrumbList\",\"@id\":\"https:\\\/\\\/heuteinfo.de\\\/?p=2202#breadcrumb\",\"itemListElement\":[{\"@type\":\"ListItem\",\"position\":1,\"name\":\"Home\",\"item\":\"https:\\\/\\\/heuteinfo.de\\\/\"},{\"@type\":\"ListItem\",\"position\":2,\"name\":\"Matthias Dei\u00df Krankheit: Was wirklich hinter den Ger\u00fcchten steckt\"}]},{\"@type\":\"WebSite\",\"@id\":\"https:\\\/\\\/heuteinfo.de\\\/#website\",\"url\":\"https:\\\/\\\/heuteinfo.de\\\/\",\"name\":\"heuteinfo.de\",\"description\":\"\",\"potentialAction\":[{\"@type\":\"SearchAction\",\"target\":{\"@type\":\"EntryPoint\",\"urlTemplate\":\"https:\\\/\\\/heuteinfo.de\\\/?s={search_term_string}\"},\"query-input\":{\"@type\":\"PropertyValueSpecification\",\"valueRequired\":true,\"valueName\":\"search_term_string\"}}],\"inLanguage\":\"en-US\"},{\"@type\":\"Person\",\"@id\":\"https:\\\/\\\/heuteinfo.de\\\/#\\\/schema\\\/person\\\/94a0e25dd819e325bc73714b2b0e6250\",\"name\":\"ahmedhassan98764@gmail.com\",\"image\":{\"@type\":\"ImageObject\",\"inLanguage\":\"en-US\",\"@id\":\"https:\\\/\\\/secure.gravatar.com\\\/avatar\\\/e2e9655aa74e87126cf4d7a522342156dfe63385e2ce1859f3a68169de6937a9?s=96&d=mm&r=g\",\"url\":\"https:\\\/\\\/secure.gravatar.com\\\/avatar\\\/e2e9655aa74e87126cf4d7a522342156dfe63385e2ce1859f3a68169de6937a9?s=96&d=mm&r=g\",\"contentUrl\":\"https:\\\/\\\/secure.gravatar.com\\\/avatar\\\/e2e9655aa74e87126cf4d7a522342156dfe63385e2ce1859f3a68169de6937a9?s=96&d=mm&r=g\",\"caption\":\"ahmedhassan98764@gmail.com\"},\"sameAs\":[\"https:\\\/\\\/heuteinfo.de\"],\"url\":\"https:\\\/\\\/heuteinfo.de\\\/?author=1\"}]}<\/script>\n<!-- \/ Yoast SEO plugin. -->","yoast_head_json":{"title":"Matthias Dei\u00df Krankheit: Was wirklich hinter den Ger\u00fcchten steckt - heuteinfo.de","robots":{"index":"index","follow":"follow","max-snippet":"max-snippet:-1","max-image-preview":"max-image-preview:large","max-video-preview":"max-video-preview:-1"},"canonical":"https:\/\/heuteinfo.de\/?p=2202","og_locale":"en_US","og_type":"article","og_title":"Matthias Dei\u00df Krankheit: Was wirklich hinter den Ger\u00fcchten steckt - heuteinfo.de","og_description":"Immer mehr Menschen suchen nach \u201eMatthias Dei\u00df Krankheit\u201c, weil sie wissen m\u00f6chten, ob der bekannte ARD-Journalist tats\u00e4chlich an einer bestimmten Erkrankung leidet. In den sozialen Medien und auf kleineren Webseiten tauchen immer wieder Aussagen dar\u00fcber auf. Doch wie viel davon stimmt wirklich? Und warum ist das Thema \u00fcberhaupt so pr\u00e4sent? Wenn eine \u00f6ffentliche Person wie [&hellip;]","og_url":"https:\/\/heuteinfo.de\/?p=2202","og_site_name":"heuteinfo.de","article_published_time":"2025-11-16T12:11:52+00:00","article_modified_time":"2026-02-27T12:18:13+00:00","og_image":[{"width":2560,"height":1707,"url":"https:\/\/heuteinfo.de\/wp-content\/uploads\/2025\/11\/Re-publica_22_-_Tag_3_52135978571-scaled.jpg","type":"image\/jpeg"}],"author":"ahmedhassan98764@gmail.com","twitter_card":"summary_large_image","twitter_misc":{"Written by":"ahmedhassan98764@gmail.com","Est. reading time":"5 minutes"},"schema":{"@context":"https:\/\/schema.org","@graph":[{"@type":"Article","@id":"https:\/\/heuteinfo.de\/?p=2202#article","isPartOf":{"@id":"https:\/\/heuteinfo.de\/?p=2202"},"author":{"name":"ahmedhassan98764@gmail.com","@id":"https:\/\/heuteinfo.de\/#\/schema\/person\/94a0e25dd819e325bc73714b2b0e6250"},"headline":"Matthias Dei\u00df Krankheit: Was wirklich hinter den Ger\u00fcchten steckt","datePublished":"2025-11-16T12:11:52+00:00","dateModified":"2026-02-27T12:18:13+00:00","mainEntityOfPage":{"@id":"https:\/\/heuteinfo.de\/?p=2202"},"wordCount":1041,"commentCount":0,"image":{"@id":"https:\/\/heuteinfo.de\/?p=2202#primaryimage"},"thumbnailUrl":"https:\/\/heuteinfo.de\/wp-content\/uploads\/2025\/11\/Re-publica_22_-_Tag_3_52135978571-scaled.jpg","articleSection":["Nachrichten"],"inLanguage":"en-US","potentialAction":[{"@type":"CommentAction","name":"Comment","target":["https:\/\/heuteinfo.de\/?p=2202#respond"]}]},{"@type":"WebPage","@id":"https:\/\/heuteinfo.de\/?p=2202","url":"https:\/\/heuteinfo.de\/?p=2202","name":"Matthias Dei\u00df Krankheit: Was wirklich hinter den Ger\u00fcchten steckt - heuteinfo.de","isPartOf":{"@id":"https:\/\/heuteinfo.de\/#website"},"primaryImageOfPage":{"@id":"https:\/\/heuteinfo.de\/?p=2202#primaryimage"},"image":{"@id":"https:\/\/heuteinfo.de\/?p=2202#primaryimage"},"thumbnailUrl":"https:\/\/heuteinfo.de\/wp-content\/uploads\/2025\/11\/Re-publica_22_-_Tag_3_52135978571-scaled.jpg","datePublished":"2025-11-16T12:11:52+00:00","dateModified":"2026-02-27T12:18:13+00:00","author":{"@id":"https:\/\/heuteinfo.de\/#\/schema\/person\/94a0e25dd819e325bc73714b2b0e6250"},"breadcrumb":{"@id":"https:\/\/heuteinfo.de\/?p=2202#breadcrumb"},"inLanguage":"en-US","potentialAction":[{"@type":"ReadAction","target":["https:\/\/heuteinfo.de\/?p=2202"]}]},{"@type":"ImageObject","inLanguage":"en-US","@id":"https:\/\/heuteinfo.de\/?p=2202#primaryimage","url":"https:\/\/heuteinfo.de\/wp-content\/uploads\/2025\/11\/Re-publica_22_-_Tag_3_52135978571-scaled.jpg","contentUrl":"https:\/\/heuteinfo.de\/wp-content\/uploads\/2025\/11\/Re-publica_22_-_Tag_3_52135978571-scaled.jpg","width":2560,"height":1707,"caption":"Matthias Dei\u00df Krankheit"},{"@type":"BreadcrumbList","@id":"https:\/\/heuteinfo.de\/?p=2202#breadcrumb","itemListElement":[{"@type":"ListItem","position":1,"name":"Home","item":"https:\/\/heuteinfo.de\/"},{"@type":"ListItem","position":2,"name":"Matthias Dei\u00df Krankheit: Was wirklich hinter den Ger\u00fcchten steckt"}]},{"@type":"WebSite","@id":"https:\/\/heuteinfo.de\/#website","url":"https:\/\/heuteinfo.de\/","name":"heuteinfo.de","description":"","potentialAction":[{"@type":"SearchAction","target":{"@type":"EntryPoint","urlTemplate":"https:\/\/heuteinfo.de\/?s={search_term_string}"},"query-input":{"@type":"PropertyValueSpecification","valueRequired":true,"valueName":"search_term_string"}}],"inLanguage":"en-US"},{"@type":"Person","@id":"https:\/\/heuteinfo.de\/#\/schema\/person\/94a0e25dd819e325bc73714b2b0e6250","name":"ahmedhassan98764@gmail.com","image":{"@type":"ImageObject","inLanguage":"en-US","@id":"https:\/\/secure.gravatar.com\/avatar\/e2e9655aa74e87126cf4d7a522342156dfe63385e2ce1859f3a68169de6937a9?s=96&d=mm&r=g","url":"https:\/\/secure.gravatar.com\/avatar\/e2e9655aa74e87126cf4d7a522342156dfe63385e2ce1859f3a68169de6937a9?s=96&d=mm&r=g","contentUrl":"https:\/\/secure.gravatar.com\/avatar\/e2e9655aa74e87126cf4d7a522342156dfe63385e2ce1859f3a68169de6937a9?s=96&d=mm&r=g","caption":"ahmedhassan98764@gmail.com"},"sameAs":["https:\/\/heuteinfo.de"],"url":"https:\/\/heuteinfo.de\/?author=1"}]}},"_links":{"self":[{"href":"https:\/\/heuteinfo.de\/index.php?rest_route=\/wp\/v2\/posts\/2202","targetHints":{"allow":["GET"]}}],"collection":[{"href":"https:\/\/heuteinfo.de\/index.php?rest_route=\/wp\/v2\/posts"}],"about":[{"href":"https:\/\/heuteinfo.de\/index.php?rest_route=\/wp\/v2\/types\/post"}],"author":[{"embeddable":true,"href":"https:\/\/heuteinfo.de\/index.php?rest_route=\/wp\/v2\/users\/1"}],"replies":[{"embeddable":true,"href":"https:\/\/heuteinfo.de\/index.php?rest_route=%2Fwp%2Fv2%2Fcomments&post=2202"}],"version-history":[{"count":3,"href":"https:\/\/heuteinfo.de\/index.php?rest_route=\/wp\/v2\/posts\/2202\/revisions"}],"predecessor-version":[{"id":10730,"href":"https:\/\/heuteinfo.de\/index.php?rest_route=\/wp\/v2\/posts\/2202\/revisions\/10730"}],"wp:featuredmedia":[{"embeddable":true,"href":"https:\/\/heuteinfo.de\/index.php?rest_route=\/wp\/v2\/media\/2204"}],"wp:attachment":[{"href":"https:\/\/heuteinfo.de\/index.php?rest_route=%2Fwp%2Fv2%2Fmedia&parent=2202"}],"wp:term":[{"taxonomy":"category","embeddable":true,"href":"https:\/\/heuteinfo.de\/index.php?rest_route=%2Fwp%2Fv2%2Fcategories&post=2202"},{"taxonomy":"post_tag","embeddable":true,"href":"https:\/\/heuteinfo.de\/index.php?rest_route=%2Fwp%2Fv2%2Ftags&post=2202"}],"curies":[{"name":"wp","href":"https:\/\/api.w.org\/{rel}","templated":true}]}}