{"id":2221,"date":"2025-11-18T12:20:54","date_gmt":"2025-11-18T12:20:54","guid":{"rendered":"https:\/\/heuteinfo.de\/?p=2221"},"modified":"2026-02-27T12:18:16","modified_gmt":"2026-02-27T12:18:16","slug":"moritz-duttenhofer-krankheit","status":"publish","type":"post","link":"https:\/\/heuteinfo.de\/?p=2221","title":{"rendered":"Moritz Duttenhofer Krankheit \u2013 Was wirklich dahinter steckt"},"content":{"rendered":"\n<p>Viele Menschen fragen sich: <strong>Welche <a href=\"https:\/\/de.wikipedia.org\/wiki\/Bernd_Neuner-Duttenhofer\" data-type=\"link\" data-id=\"https:\/\/de.wikipedia.org\/wiki\/Bernd_Neuner-Duttenhofer\">Krankheit hat Moritz Duttenhofer<\/a> wirklich?<\/strong> Das l\u00e4sst sich nur teilweise beantworten, weil es keine offiziellen medizinischen Berichte gibt. In der \u00d6ffentlichkeit kursieren verschiedene Vermutungen, teils best\u00e4tigt, teils reine Spekulation. H\u00e4ufig taucht der Begriff <strong>Polyneuropathie<\/strong> auf \u2013 eine Erkrankung der peripheren Nerven.<\/p>\n\n\n\n<h3 class=\"wp-block-heading\">Polyneuropathie \u2013 kurz erkl\u00e4rt<\/h3>\n\n\n\n<p>Polyneuropathie ist ein medizinischer Begriff, der beschreibt, dass die Nerven in Armen, Beinen oder anderen K\u00f6rperbereichen nicht mehr richtig funktionieren. Symptome k\u00f6nnen sein:<\/p>\n\n\n\n<ul class=\"wp-block-list\">\n<li><strong>Taubheitsgef\u00fchle oder Kribbeln<\/strong> in H\u00e4nden und F\u00fc\u00dfen<\/li>\n\n\n\n<li><strong>Schw\u00e4che oder Muskelprobleme<\/strong>, die Bewegungen erschweren<\/li>\n\n\n\n<li><strong>Schmerzen<\/strong> oder unangenehmes Brennen<\/li>\n\n\n\n<li><strong>Koordinationsprobleme<\/strong>, z.\u202fB. beim Gehen<\/li>\n<\/ul>\n\n\n\n<figure class=\"wp-block-table\"><table class=\"has-fixed-layout\"><thead><tr><th>Symptom<\/th><th>Beschreibung<\/th><th>H\u00e4ufigkeit<\/th><\/tr><\/thead><tbody><tr><td>Kribbeln\/Taubheit<\/td><td>Oft in H\u00e4nden und F\u00fc\u00dfen<\/td><td>Sehr h\u00e4ufig<\/td><\/tr><tr><td>Muskelschw\u00e4che<\/td><td>Probleme bei Alltagst\u00e4tigkeiten<\/td><td>Mittel<\/td><\/tr><tr><td>Schmerzen<\/td><td>Brennend oder stechend<\/td><td>H\u00e4ufig<\/td><\/tr><tr><td>Gleichgewichtsst\u00f6rungen<\/td><td>St\u00fcrze oder unsicheres Gehen<\/td><td>Weniger h\u00e4ufig<\/td><\/tr><\/tbody><\/table><\/figure>\n\n\n\n<p>Bei Moritz selbst ist nicht offiziell best\u00e4tigt, ob er tats\u00e4chlich diese Erkrankung hat. Medienberichte st\u00fctzen sich oft auf Interviews, Andeutungen in der \u00d6ffentlichkeit oder Fan-Vermutungen.<\/p>\n\n\n\n<h3 class=\"wp-block-heading\">Warum viele Menschen den Begriff suchen<\/h3>\n\n\n\n<ul class=\"wp-block-list\">\n<li>Neugier auf das Privatleben einer bekannten Pers\u00f6nlichkeit<\/li>\n\n\n\n<li>Interesse an m\u00f6glichen Auswirkungen auf seine TV-Karriere<\/li>\n\n\n\n<li>Wunsch, von jemandem zu lernen, der trotz gesundheitlicher Einschr\u00e4nkungen aktiv bleibt<\/li>\n<\/ul>\n\n\n\n<h3 class=\"wp-block-heading\">Wichtiger Hinweis<\/h3>\n\n\n\n<p>Es gibt auch Stimmen von Moritz und seiner Frau Martina, die betonen: \u201eWir sind gesund und f\u00fchlen uns wohl\u201c. Das zeigt, dass nicht alles, was online \u00fcber seine Krankheit steht, korrekt ist. Manche Berichte sind Ger\u00fcchte oder Fehlinformationen. Trotzdem hat die Diskussion \u00fcber die <strong>Moritz Duttenhofer Krankheit<\/strong> einen positiven Effekt: Sie sensibilisiert Menschen f\u00fcr <strong>Nervenerkrankungen<\/strong>, deren Symptome oft unsichtbar, aber belastend sein k\u00f6nnen.<\/p>\n\n\n\n<h2 class=\"wp-block-heading\"><strong>Wie zeigt sich eine m\u00f6gliche Erkrankung bei ihm?<\/strong><\/h2>\n\n\n\n<p><em>(H2 mit Keyword-Variation: Moritz Duttenhofer Krankheit)<\/em> Sollte Moritz tats\u00e4chlich gesundheitliche Einschr\u00e4nkungen haben, k\u00f6nnten die Symptome subtil beginnen. Bei vielen Betroffenen treten kleine Probleme zuerst auf, z.\u202fB.:<\/p>\n\n\n\n<ul class=\"wp-block-list\">\n<li><strong>Leichte Schw\u00e4che in Fingern oder Armen<\/strong> \u2013 Kochen wird schwerer<\/li>\n\n\n\n<li><strong>Kribbeln in F\u00fc\u00dfen oder Beinen<\/strong> \u2013 lange Spazierg\u00e4nge oder Stehen sind unangenehm<\/li>\n\n\n\n<li><strong>Ver\u00e4nderte Feinmotorik<\/strong> \u2013 beim Schneiden oder Hantieren in der K\u00fcche<\/li>\n<\/ul>\n\n\n\n<p>In Interviews erw\u00e4hnen Fans, dass Moritz im Alter langsamer wurde, aber gleichzeitig weiterhin aktiv blieb. Das zeigt ein wichtiges Prinzip: <strong>Man kann trotz gesundheitlicher Einschr\u00e4nkungen ein erf\u00fclltes Leben f\u00fchren<\/strong>, wenn man Anpassungen vornimmt.<\/p>\n\n\n\n<h2 class=\"wp-block-heading\"><strong>Behandlung und Umgang im Alltag<\/strong><\/h2>\n\n\n\n<p><em>(H2 mit Keyword: Moritz Duttenhofer Krankheit)<\/em> F\u00fcr Erkrankungen wie Polyneuropathie oder \u00e4hnliche Nervenprobleme gibt es keine \u201eeinheitliche Heilung\u201c. Stattdessen geht es um <strong>Symptommanagement<\/strong> und <strong>Lebensstil-Anpassungen<\/strong>:<\/p>\n\n\n\n<ol class=\"wp-block-list\">\n<li><strong>Medikamente zur Schmerz- und Symptomkontrolle<\/strong> \u2013 z.\u202fB. Schmerzmittel oder spezielle Nerventherapien<\/li>\n\n\n\n<li><strong>Physiotherapie &amp; Bewegung<\/strong> \u2013 verbessert Koordination, Kraft und Mobilit\u00e4t<\/li>\n\n\n\n<li><strong>Ern\u00e4hrung<\/strong> \u2013 ausgewogen, vitaminreich (vor allem B-Vitamine wichtig f\u00fcr Nerven)<\/li>\n\n\n\n<li><strong>Regelm\u00e4\u00dfige Pausen<\/strong> \u2013 im Alltag oder beim Kochen Energie sparen<\/li>\n\n\n\n<li><strong>Technische Hilfsmittel<\/strong> \u2013 rutschfeste Schuhe, ergonomische K\u00fcchenutensilien<\/li>\n<\/ol>\n\n\n\n<p>Moritz ist bekannt daf\u00fcr, dass er seine Arbeit und seinen Alltag so gestaltet, dass er aktiv bleiben kann, ohne seine Gesundheit zu \u00fcberlasten. Dies zeigt, dass <strong>Anpassung oft wichtiger ist als Heilung<\/strong>.<\/p>\n\n\n\n<h2 class=\"wp-block-heading\"><strong>Einfluss auf Leben &amp; Karriere<\/strong><\/h2>\n\n\n\n<p>Eine Erkrankung kann das Leben stark beeinflussen. Bei Moritz k\u00f6nnten folgende Punkte relevant sein:<\/p>\n\n\n\n<ul class=\"wp-block-list\">\n<li><strong>TV-Arbeit<\/strong>: L\u00e4ngere Drehs oder stressige Sendungen k\u00f6nnen anstrengender sein<\/li>\n\n\n\n<li><strong>B\u00fccher &amp; Rezepte<\/strong>: Weniger h\u00e4ufiges Arbeiten, mehr Fokus auf Planung<\/li>\n\n\n\n<li><strong>Privates Leben<\/strong>: Zeit f\u00fcr Familie, Garten und Apfelgut steht st\u00e4rker im Vordergrund<\/li>\n\n\n\n<li><strong>\u00d6ffentliche Wahrnehmung<\/strong>: Fans achten mehr auf sein Wohlbefinden<\/li>\n<\/ul>\n\n\n\n<p>Die zentrale Erkenntnis: Selbst bekannte Pers\u00f6nlichkeiten m\u00fcssen ihre <strong>Aktivit\u00e4ten an die eigene Gesundheit anpassen<\/strong>, um langfristig aktiv und gl\u00fccklich zu bleiben.<\/p>\n\n\n\n<h2 class=\"wp-block-heading\"><strong>Warum so viele Menschen nach seiner Gesundheit suchen<\/strong><\/h2>\n\n\n\n<p><em>(H2 mit Keyword: Moritz Duttenhofer Krankheit)<\/em><\/p>\n\n\n\n<ul class=\"wp-block-list\">\n<li><strong>Emotionale Bindung<\/strong>: Menschen f\u00fchlen sich verbunden mit TV-Pers\u00f6nlichkeiten<\/li>\n\n\n\n<li><strong>Vorbildfunktion<\/strong>: Moritz zeigt, dass man trotz m\u00f6glicher Einschr\u00e4nkungen aktiv bleiben kann<\/li>\n\n\n\n<li><strong>Informationsbedarf<\/strong>: Viele wollen Symptome, Ursachen und Umgang mit Krankheiten verstehen<\/li>\n\n\n\n<li><strong>Medienberichte &amp; Social Media<\/strong>: Ger\u00fcchte verbreiten sich schnell<\/li>\n<\/ul>\n\n\n\n<h2 class=\"wp-block-heading\"><strong>Fakten vs. Ger\u00fcchte<\/strong><\/h2>\n\n\n\n<p><em>(H2 mit Keyword-Variation: Moritz Duttenhofer Krankheit)<\/em><\/p>\n\n\n\n<figure class=\"wp-block-table\"><table class=\"has-fixed-layout\"><thead><tr><th>Fakten<\/th><th>Ger\u00fcchte<\/th><\/tr><\/thead><tbody><tr><td>Moritz lebt auf einem Apfelgut im Schwarzwald<\/td><td>Moritz hat schwere Polyneuropathie<\/td><\/tr><tr><td>Er hat eine lange TV-Karriere<\/td><td>Er ist dauerhaft arbeitsunf\u00e4hig<\/td><\/tr><tr><td>Interviews betonen: \u201eWir sind gesund\u201c<\/td><td>Medienberichte behaupten Krankheit als Grund f\u00fcr R\u00fcckzug<\/td><\/tr><tr><td>Faninteresse ist hoch<\/td><td>Unbest\u00e4tigte Behauptungen kursieren online<\/td><\/tr><\/tbody><\/table><\/figure>\n\n\n\n<p>Die Lektion f\u00fcr Leser: <strong>Nicht alles glauben, was online steht<\/strong>. Verl\u00e4ssliche Quellen sind Interviews, offizielle Statements und seri\u00f6se Medien.<\/p>\n\n\n\n<h2 class=\"wp-block-heading\"><strong>Ausblick &amp; m\u00f6gliche Entwicklungen<\/strong><\/h2>\n\n\n\n<p><em>(H2 mit Keyword: Moritz Duttenhofer Krankheit)<\/em><\/p>\n\n\n\n<p>Ob Moritz gesundheitlich eingeschr\u00e4nkt ist oder nicht, eins ist klar: <strong>Er lebt aktiv, kocht, schreibt und inspiriert Menschen weiter<\/strong>. F\u00fcr Fans und Menschen mit \u00e4hnlichen Erkrankungen gilt:<\/p>\n\n\n\n<ul class=\"wp-block-list\">\n<li>Fr\u00fcherkennung von Symptomen ist entscheidend<\/li>\n\n\n\n<li>Anpassungen im Alltag helfen, Lebensqualit\u00e4t zu sichern<\/li>\n\n\n\n<li>Positives Denken und kleine Schritte machen langfristig stark<\/li>\n<\/ul>\n\n\n\n<h2 class=\"wp-block-heading\"><strong>FAQ \u2013 H\u00e4ufige Fragen zur Moritz Duttenhofer Krankheit<\/strong><\/h2>\n\n\n\n<p><strong>Welche Krankheit hat Moritz Duttenhofer?<\/strong><\/p>\n\n\n\n<ul class=\"wp-block-list\">\n<li>Offiziell nicht best\u00e4tigt; Ger\u00fcchte sprechen von Nervenerkrankungen wie Polyneuropathie.<\/li>\n<\/ul>\n\n\n\n<p><strong>Beeinflusst die Erkrankung seine Arbeit?<\/strong><\/p>\n\n\n\n<ul class=\"wp-block-list\">\n<li>Falls vorhanden, minimal, da Moritz seinen Alltag gut anpasst.<\/li>\n<\/ul>\n\n\n\n<p><strong>Kann man wie Moritz weiterhin aktiv bleiben?<\/strong><\/p>\n\n\n\n<ul class=\"wp-block-list\">\n<li>Ja, mit Lebensstil-Anpassungen, Bewegung und gesundem Rhythmus.<\/li>\n<\/ul>\n\n\n\n<p><strong>Wie ernst ist die Krankheit?<\/strong><\/p>\n\n\n\n<ul class=\"wp-block-list\">\n<li>Nicht klar; es gibt keine offiziellen medizinischen Berichte.<\/li>\n<\/ul>\n\n\n\n<p><strong>Woher stammen die Informationen?<\/strong><\/p>\n\n\n\n<ul class=\"wp-block-list\">\n<li>Interviews, Medienberichte und Fanberichte, nicht von offiziellen \u00c4rzten.<\/li>\n<\/ul>\n\n\n\n<h2 class=\"wp-block-heading\"><strong>Fazit<\/strong><\/h2>\n\n\n\n<p>Die <strong>Moritz Duttenhofer Krankheit<\/strong> ist ein Thema, das viele Menschen besch\u00e4ftigt, vor allem Fans seiner TV-Sendungen. Wichtig ist: Es gibt <strong>keine offiziellen medizinischen Best\u00e4tigungen<\/strong>, und viele der Berichte, die online kursieren, sind <strong>Ger\u00fcchte oder Spekulationen<\/strong>.<\/p>\n\n\n\n<p>Trotzdem l\u00e4sst sich einiges lernen: Moritz zeigt, wie man <strong>trotz gesundheitlicher Einschr\u00e4nkungen aktiv bleiben<\/strong> kann. Durch Anpassungen im Alltag, bewusste Pausen, Bewegung und gesunde Ern\u00e4hrung kann die Lebensqualit\u00e4t erhalten werden. Seine Geschichte ist ein Beispiel daf\u00fcr, dass <strong>Gesundheit und Leidenschaft f\u00fcr die Arbeit<\/strong> auch im Alter oder bei kleinen Einschr\u00e4nkungen Hand in Hand gehen k\u00f6nnen.<\/p>\n\n\n\n<p><strong>Mher Lesson:<em>\u00a0<\/em><\/strong> <strong><a href=\"https:\/\/heuteinfo.de\/2025\/11\/18\/carlos-detlef-akwasi\/\" data-type=\"link\" data-id=\"https:\/\/heuteinfo.de\/2025\/11\/18\/carlos-detlef-akwasi\/\">Carlos Detlef Akwasi<\/a><\/strong><br><\/p>\n","protected":false},"excerpt":{"rendered":"<p>Viele Menschen fragen sich: Welche Krankheit hat Moritz Duttenhofer wirklich? Das l\u00e4sst sich nur teilweise beantworten, weil es keine offiziellen medizinischen Berichte gibt. In der \u00d6ffentlichkeit kursieren verschiedene Vermutungen, teils best\u00e4tigt, teils reine Spekulation. H\u00e4ufig taucht der Begriff Polyneuropathie auf \u2013 eine Erkrankung der peripheren Nerven. Polyneuropathie \u2013 kurz erkl\u00e4rt Polyneuropathie ist ein medizinischer Begriff, [&hellip;]<\/p>\n","protected":false},"author":1,"featured_media":2223,"comment_status":"open","ping_status":"open","sticky":false,"template":"","format":"standard","meta":{"footnotes":""},"categories":[41],"tags":[],"class_list":["post-2221","post","type-post","status-publish","format-standard","has-post-thumbnail","hentry","category-nachrichten"],"yoast_head":"<!-- This site is optimized with the Yoast SEO plugin v27.4 - https:\/\/yoast.com\/product\/yoast-seo-wordpress\/ -->\n<title>Moritz Duttenhofer Krankheit \u2013 Was wirklich dahinter steckt - heuteinfo.de<\/title>\n<meta name=\"robots\" content=\"index, follow, max-snippet:-1, max-image-preview:large, max-video-preview:-1\" \/>\n<link rel=\"canonical\" href=\"https:\/\/heuteinfo.de\/?p=2221\" \/>\n<meta property=\"og:locale\" content=\"en_US\" \/>\n<meta property=\"og:type\" content=\"article\" \/>\n<meta property=\"og:title\" content=\"Moritz Duttenhofer Krankheit \u2013 Was wirklich dahinter steckt - heuteinfo.de\" \/>\n<meta property=\"og:description\" content=\"Viele Menschen fragen sich: Welche Krankheit hat Moritz Duttenhofer wirklich? Das l\u00e4sst sich nur teilweise beantworten, weil es keine offiziellen medizinischen Berichte gibt. In der \u00d6ffentlichkeit kursieren verschiedene Vermutungen, teils best\u00e4tigt, teils reine Spekulation. H\u00e4ufig taucht der Begriff Polyneuropathie auf \u2013 eine Erkrankung der peripheren Nerven. Polyneuropathie \u2013 kurz erkl\u00e4rt Polyneuropathie ist ein medizinischer Begriff, [&hellip;]\" \/>\n<meta property=\"og:url\" content=\"https:\/\/heuteinfo.de\/?p=2221\" \/>\n<meta property=\"og:site_name\" content=\"heuteinfo.de\" \/>\n<meta property=\"article:published_time\" content=\"2025-11-18T12:20:54+00:00\" \/>\n<meta property=\"article:modified_time\" content=\"2026-02-27T12:18:16+00:00\" \/>\n<meta property=\"og:image\" content=\"https:\/\/heuteinfo.de\/wp-content\/uploads\/2025\/11\/Martina_und_Moritz_hhn8s8ivyl.webp\" \/>\n\t<meta property=\"og:image:width\" content=\"580\" \/>\n\t<meta property=\"og:image:height\" content=\"420\" \/>\n\t<meta property=\"og:image:type\" content=\"image\/webp\" \/>\n<meta name=\"author\" content=\"ahmedhassan98764@gmail.com\" \/>\n<meta name=\"twitter:card\" content=\"summary_large_image\" \/>\n<meta name=\"twitter:label1\" content=\"Written by\" \/>\n\t<meta name=\"twitter:data1\" content=\"ahmedhassan98764@gmail.com\" \/>\n\t<meta name=\"twitter:label2\" content=\"Est. reading time\" \/>\n\t<meta name=\"twitter:data2\" content=\"5 minutes\" \/>\n<script type=\"application\/ld+json\" class=\"yoast-schema-graph\">{\"@context\":\"https:\\\/\\\/schema.org\",\"@graph\":[{\"@type\":\"Article\",\"@id\":\"https:\\\/\\\/heuteinfo.de\\\/?p=2221#article\",\"isPartOf\":{\"@id\":\"https:\\\/\\\/heuteinfo.de\\\/?p=2221\"},\"author\":{\"name\":\"ahmedhassan98764@gmail.com\",\"@id\":\"https:\\\/\\\/heuteinfo.de\\\/#\\\/schema\\\/person\\\/94a0e25dd819e325bc73714b2b0e6250\"},\"headline\":\"Moritz Duttenhofer Krankheit \u2013 Was wirklich dahinter steckt\",\"datePublished\":\"2025-11-18T12:20:54+00:00\",\"dateModified\":\"2026-02-27T12:18:16+00:00\",\"mainEntityOfPage\":{\"@id\":\"https:\\\/\\\/heuteinfo.de\\\/?p=2221\"},\"wordCount\":972,\"commentCount\":0,\"image\":{\"@id\":\"https:\\\/\\\/heuteinfo.de\\\/?p=2221#primaryimage\"},\"thumbnailUrl\":\"https:\\\/\\\/heuteinfo.de\\\/wp-content\\\/uploads\\\/2025\\\/11\\\/Martina_und_Moritz_hhn8s8ivyl.webp\",\"articleSection\":[\"Nachrichten\"],\"inLanguage\":\"en-US\",\"potentialAction\":[{\"@type\":\"CommentAction\",\"name\":\"Comment\",\"target\":[\"https:\\\/\\\/heuteinfo.de\\\/?p=2221#respond\"]}]},{\"@type\":\"WebPage\",\"@id\":\"https:\\\/\\\/heuteinfo.de\\\/?p=2221\",\"url\":\"https:\\\/\\\/heuteinfo.de\\\/?p=2221\",\"name\":\"Moritz Duttenhofer Krankheit \u2013 Was wirklich dahinter steckt - heuteinfo.de\",\"isPartOf\":{\"@id\":\"https:\\\/\\\/heuteinfo.de\\\/#website\"},\"primaryImageOfPage\":{\"@id\":\"https:\\\/\\\/heuteinfo.de\\\/?p=2221#primaryimage\"},\"image\":{\"@id\":\"https:\\\/\\\/heuteinfo.de\\\/?p=2221#primaryimage\"},\"thumbnailUrl\":\"https:\\\/\\\/heuteinfo.de\\\/wp-content\\\/uploads\\\/2025\\\/11\\\/Martina_und_Moritz_hhn8s8ivyl.webp\",\"datePublished\":\"2025-11-18T12:20:54+00:00\",\"dateModified\":\"2026-02-27T12:18:16+00:00\",\"author\":{\"@id\":\"https:\\\/\\\/heuteinfo.de\\\/#\\\/schema\\\/person\\\/94a0e25dd819e325bc73714b2b0e6250\"},\"breadcrumb\":{\"@id\":\"https:\\\/\\\/heuteinfo.de\\\/?p=2221#breadcrumb\"},\"inLanguage\":\"en-US\",\"potentialAction\":[{\"@type\":\"ReadAction\",\"target\":[\"https:\\\/\\\/heuteinfo.de\\\/?p=2221\"]}]},{\"@type\":\"ImageObject\",\"inLanguage\":\"en-US\",\"@id\":\"https:\\\/\\\/heuteinfo.de\\\/?p=2221#primaryimage\",\"url\":\"https:\\\/\\\/heuteinfo.de\\\/wp-content\\\/uploads\\\/2025\\\/11\\\/Martina_und_Moritz_hhn8s8ivyl.webp\",\"contentUrl\":\"https:\\\/\\\/heuteinfo.de\\\/wp-content\\\/uploads\\\/2025\\\/11\\\/Martina_und_Moritz_hhn8s8ivyl.webp\",\"width\":580,\"height\":420,\"caption\":\"Moritz Duttenhofer Krankheit\"},{\"@type\":\"BreadcrumbList\",\"@id\":\"https:\\\/\\\/heuteinfo.de\\\/?p=2221#breadcrumb\",\"itemListElement\":[{\"@type\":\"ListItem\",\"position\":1,\"name\":\"Home\",\"item\":\"https:\\\/\\\/heuteinfo.de\\\/\"},{\"@type\":\"ListItem\",\"position\":2,\"name\":\"Moritz Duttenhofer Krankheit \u2013 Was wirklich dahinter steckt\"}]},{\"@type\":\"WebSite\",\"@id\":\"https:\\\/\\\/heuteinfo.de\\\/#website\",\"url\":\"https:\\\/\\\/heuteinfo.de\\\/\",\"name\":\"heuteinfo.de\",\"description\":\"\",\"potentialAction\":[{\"@type\":\"SearchAction\",\"target\":{\"@type\":\"EntryPoint\",\"urlTemplate\":\"https:\\\/\\\/heuteinfo.de\\\/?s={search_term_string}\"},\"query-input\":{\"@type\":\"PropertyValueSpecification\",\"valueRequired\":true,\"valueName\":\"search_term_string\"}}],\"inLanguage\":\"en-US\"},{\"@type\":\"Person\",\"@id\":\"https:\\\/\\\/heuteinfo.de\\\/#\\\/schema\\\/person\\\/94a0e25dd819e325bc73714b2b0e6250\",\"name\":\"ahmedhassan98764@gmail.com\",\"image\":{\"@type\":\"ImageObject\",\"inLanguage\":\"en-US\",\"@id\":\"https:\\\/\\\/secure.gravatar.com\\\/avatar\\\/e2e9655aa74e87126cf4d7a522342156dfe63385e2ce1859f3a68169de6937a9?s=96&d=mm&r=g\",\"url\":\"https:\\\/\\\/secure.gravatar.com\\\/avatar\\\/e2e9655aa74e87126cf4d7a522342156dfe63385e2ce1859f3a68169de6937a9?s=96&d=mm&r=g\",\"contentUrl\":\"https:\\\/\\\/secure.gravatar.com\\\/avatar\\\/e2e9655aa74e87126cf4d7a522342156dfe63385e2ce1859f3a68169de6937a9?s=96&d=mm&r=g\",\"caption\":\"ahmedhassan98764@gmail.com\"},\"sameAs\":[\"https:\\\/\\\/heuteinfo.de\"],\"url\":\"https:\\\/\\\/heuteinfo.de\\\/?author=1\"}]}<\/script>\n<!-- \/ Yoast SEO plugin. -->","yoast_head_json":{"title":"Moritz Duttenhofer Krankheit \u2013 Was wirklich dahinter steckt - heuteinfo.de","robots":{"index":"index","follow":"follow","max-snippet":"max-snippet:-1","max-image-preview":"max-image-preview:large","max-video-preview":"max-video-preview:-1"},"canonical":"https:\/\/heuteinfo.de\/?p=2221","og_locale":"en_US","og_type":"article","og_title":"Moritz Duttenhofer Krankheit \u2013 Was wirklich dahinter steckt - heuteinfo.de","og_description":"Viele Menschen fragen sich: Welche Krankheit hat Moritz Duttenhofer wirklich? Das l\u00e4sst sich nur teilweise beantworten, weil es keine offiziellen medizinischen Berichte gibt. In der \u00d6ffentlichkeit kursieren verschiedene Vermutungen, teils best\u00e4tigt, teils reine Spekulation. H\u00e4ufig taucht der Begriff Polyneuropathie auf \u2013 eine Erkrankung der peripheren Nerven. Polyneuropathie \u2013 kurz erkl\u00e4rt Polyneuropathie ist ein medizinischer Begriff, [&hellip;]","og_url":"https:\/\/heuteinfo.de\/?p=2221","og_site_name":"heuteinfo.de","article_published_time":"2025-11-18T12:20:54+00:00","article_modified_time":"2026-02-27T12:18:16+00:00","og_image":[{"width":580,"height":420,"url":"https:\/\/heuteinfo.de\/wp-content\/uploads\/2025\/11\/Martina_und_Moritz_hhn8s8ivyl.webp","type":"image\/webp"}],"author":"ahmedhassan98764@gmail.com","twitter_card":"summary_large_image","twitter_misc":{"Written by":"ahmedhassan98764@gmail.com","Est. reading time":"5 minutes"},"schema":{"@context":"https:\/\/schema.org","@graph":[{"@type":"Article","@id":"https:\/\/heuteinfo.de\/?p=2221#article","isPartOf":{"@id":"https:\/\/heuteinfo.de\/?p=2221"},"author":{"name":"ahmedhassan98764@gmail.com","@id":"https:\/\/heuteinfo.de\/#\/schema\/person\/94a0e25dd819e325bc73714b2b0e6250"},"headline":"Moritz Duttenhofer Krankheit \u2013 Was wirklich dahinter steckt","datePublished":"2025-11-18T12:20:54+00:00","dateModified":"2026-02-27T12:18:16+00:00","mainEntityOfPage":{"@id":"https:\/\/heuteinfo.de\/?p=2221"},"wordCount":972,"commentCount":0,"image":{"@id":"https:\/\/heuteinfo.de\/?p=2221#primaryimage"},"thumbnailUrl":"https:\/\/heuteinfo.de\/wp-content\/uploads\/2025\/11\/Martina_und_Moritz_hhn8s8ivyl.webp","articleSection":["Nachrichten"],"inLanguage":"en-US","potentialAction":[{"@type":"CommentAction","name":"Comment","target":["https:\/\/heuteinfo.de\/?p=2221#respond"]}]},{"@type":"WebPage","@id":"https:\/\/heuteinfo.de\/?p=2221","url":"https:\/\/heuteinfo.de\/?p=2221","name":"Moritz Duttenhofer Krankheit \u2013 Was wirklich dahinter steckt - heuteinfo.de","isPartOf":{"@id":"https:\/\/heuteinfo.de\/#website"},"primaryImageOfPage":{"@id":"https:\/\/heuteinfo.de\/?p=2221#primaryimage"},"image":{"@id":"https:\/\/heuteinfo.de\/?p=2221#primaryimage"},"thumbnailUrl":"https:\/\/heuteinfo.de\/wp-content\/uploads\/2025\/11\/Martina_und_Moritz_hhn8s8ivyl.webp","datePublished":"2025-11-18T12:20:54+00:00","dateModified":"2026-02-27T12:18:16+00:00","author":{"@id":"https:\/\/heuteinfo.de\/#\/schema\/person\/94a0e25dd819e325bc73714b2b0e6250"},"breadcrumb":{"@id":"https:\/\/heuteinfo.de\/?p=2221#breadcrumb"},"inLanguage":"en-US","potentialAction":[{"@type":"ReadAction","target":["https:\/\/heuteinfo.de\/?p=2221"]}]},{"@type":"ImageObject","inLanguage":"en-US","@id":"https:\/\/heuteinfo.de\/?p=2221#primaryimage","url":"https:\/\/heuteinfo.de\/wp-content\/uploads\/2025\/11\/Martina_und_Moritz_hhn8s8ivyl.webp","contentUrl":"https:\/\/heuteinfo.de\/wp-content\/uploads\/2025\/11\/Martina_und_Moritz_hhn8s8ivyl.webp","width":580,"height":420,"caption":"Moritz Duttenhofer Krankheit"},{"@type":"BreadcrumbList","@id":"https:\/\/heuteinfo.de\/?p=2221#breadcrumb","itemListElement":[{"@type":"ListItem","position":1,"name":"Home","item":"https:\/\/heuteinfo.de\/"},{"@type":"ListItem","position":2,"name":"Moritz Duttenhofer Krankheit \u2013 Was wirklich dahinter steckt"}]},{"@type":"WebSite","@id":"https:\/\/heuteinfo.de\/#website","url":"https:\/\/heuteinfo.de\/","name":"heuteinfo.de","description":"","potentialAction":[{"@type":"SearchAction","target":{"@type":"EntryPoint","urlTemplate":"https:\/\/heuteinfo.de\/?s={search_term_string}"},"query-input":{"@type":"PropertyValueSpecification","valueRequired":true,"valueName":"search_term_string"}}],"inLanguage":"en-US"},{"@type":"Person","@id":"https:\/\/heuteinfo.de\/#\/schema\/person\/94a0e25dd819e325bc73714b2b0e6250","name":"ahmedhassan98764@gmail.com","image":{"@type":"ImageObject","inLanguage":"en-US","@id":"https:\/\/secure.gravatar.com\/avatar\/e2e9655aa74e87126cf4d7a522342156dfe63385e2ce1859f3a68169de6937a9?s=96&d=mm&r=g","url":"https:\/\/secure.gravatar.com\/avatar\/e2e9655aa74e87126cf4d7a522342156dfe63385e2ce1859f3a68169de6937a9?s=96&d=mm&r=g","contentUrl":"https:\/\/secure.gravatar.com\/avatar\/e2e9655aa74e87126cf4d7a522342156dfe63385e2ce1859f3a68169de6937a9?s=96&d=mm&r=g","caption":"ahmedhassan98764@gmail.com"},"sameAs":["https:\/\/heuteinfo.de"],"url":"https:\/\/heuteinfo.de\/?author=1"}]}},"_links":{"self":[{"href":"https:\/\/heuteinfo.de\/index.php?rest_route=\/wp\/v2\/posts\/2221","targetHints":{"allow":["GET"]}}],"collection":[{"href":"https:\/\/heuteinfo.de\/index.php?rest_route=\/wp\/v2\/posts"}],"about":[{"href":"https:\/\/heuteinfo.de\/index.php?rest_route=\/wp\/v2\/types\/post"}],"author":[{"embeddable":true,"href":"https:\/\/heuteinfo.de\/index.php?rest_route=\/wp\/v2\/users\/1"}],"replies":[{"embeddable":true,"href":"https:\/\/heuteinfo.de\/index.php?rest_route=%2Fwp%2Fv2%2Fcomments&post=2221"}],"version-history":[{"count":3,"href":"https:\/\/heuteinfo.de\/index.php?rest_route=\/wp\/v2\/posts\/2221\/revisions"}],"predecessor-version":[{"id":10736,"href":"https:\/\/heuteinfo.de\/index.php?rest_route=\/wp\/v2\/posts\/2221\/revisions\/10736"}],"wp:featuredmedia":[{"embeddable":true,"href":"https:\/\/heuteinfo.de\/index.php?rest_route=\/wp\/v2\/media\/2223"}],"wp:attachment":[{"href":"https:\/\/heuteinfo.de\/index.php?rest_route=%2Fwp%2Fv2%2Fmedia&parent=2221"}],"wp:term":[{"taxonomy":"category","embeddable":true,"href":"https:\/\/heuteinfo.de\/index.php?rest_route=%2Fwp%2Fv2%2Fcategories&post=2221"},{"taxonomy":"post_tag","embeddable":true,"href":"https:\/\/heuteinfo.de\/index.php?rest_route=%2Fwp%2Fv2%2Ftags&post=2221"}],"curies":[{"name":"wp","href":"https:\/\/api.w.org\/{rel}","templated":true}]}}