{"id":2238,"date":"2025-11-19T13:46:15","date_gmt":"2025-11-19T13:46:15","guid":{"rendered":"https:\/\/heuteinfo.de\/?p=2238"},"modified":"2026-02-27T12:18:20","modified_gmt":"2026-02-27T12:18:20","slug":"marwa-eldesouky-figur","status":"publish","type":"post","link":"https:\/\/heuteinfo.de\/?p=2238","title":{"rendered":"Marwa Eldesouky Figur: Die \u00f6ffentliche Pers\u00f6nlichkeit hinter dem Namen"},"content":{"rendered":"\n<p>Wenn Menschen nach <strong>marwa eldesouki figur<\/strong> suchen, wollen sie meistens mehr \u00fcber die \u00f6ffentliche Pers\u00f6nlichkeit von <strong><a href=\"https:\/\/de.wikipedia.org\/wiki\/Marwa_Eldessouky\" data-type=\"link\" data-id=\"https:\/\/de.wikipedia.org\/wiki\/Marwa_Eldessouky\">Marwa Eldesouky<\/a><\/strong> erfahren. Das deutsche Wort <em>\u201eFigur\u201c<\/em> beschreibt in diesem Fall nicht das Aussehen, sondern die Rolle, den Einfluss und das Bild einer Person in der \u00d6ffentlichkeit. Es geht also darum, wer sie ist, wie sie wirkt und warum sie in den Medien so pr\u00e4sent ist.<\/p>\n\n\n\n<p>Marwa Eldesouky ist vielen Zuschauerinnen und Zuschauern vor allem durch das ARD-Magazin <strong>\u201eBrisant\u201c<\/strong> bekannt. Dort moderiert sie mit einer warmen, ruhigen und professionellen Art, die viele Menschen anspricht. Durch ihre Arbeit hat sie sich zu einer angesehenen Medienfigur entwickelt, die sowohl im Fernsehen als auch online viel Aufmerksamkeit erh\u00e4lt.<\/p>\n\n\n\n<h2 class=\"wp-block-heading\"><strong>Was bedeutet \u201eFigur\u201c in Bezug auf Marwa Eldesouky?<\/strong><\/h2>\n\n\n\n<p>Das deutsche Wort <em>\u201eFigur\u201c<\/em> hat mehrere Bedeutungen, aber im Zusammenhang mit <strong>marwa eldesouki figur<\/strong> beschreibt es vor allem ihre Stellung in der \u00d6ffentlichkeit. Gemeint ist:<\/p>\n\n\n\n<ul class=\"wp-block-list\">\n<li><strong>ihre Pr\u00e4senz in den Medien<\/strong>,<\/li>\n\n\n\n<li><strong>ihre Wirkung auf das Publikum<\/strong>,<\/li>\n\n\n\n<li><strong>ihre Identit\u00e4t als bekannte Pers\u00f6nlichkeit<\/strong>,<\/li>\n\n\n\n<li><strong>ihr \u00f6ffentlicher Charakter und ihr Ruf<\/strong>.<\/li>\n<\/ul>\n\n\n\n<p>Viele Menschen suchen nach diesem Begriff, weil sie mehr \u00fcber ihr Image erfahren m\u00f6chten \u2013 also wie sie als Mensch und Moderatorin wahrgenommen wird. Es geht weniger um \u00c4u\u00dferlichkeiten und mehr um ihre Ausstrahlung, ihren Stil und ihre Position im deutschen Fernsehen.<\/p>\n\n\n\n<h2 class=\"wp-block-heading\"><strong>Herkunft &amp; fr\u00fches Leben<\/strong><\/h2>\n\n\n\n<p>Marwa Eldesouky wurde <strong>1983 in West-Berlin<\/strong> geboren. Ihre Familie stammt aus <strong>\u00c4gypten<\/strong>, und beide Elternteile brachten kulturelle Werte und Traditionen mit, die Marwa bis heute pr\u00e4gen. Sie wuchs in Berlin und sp\u00e4ter auch zeitweise in Oberfranken auf, wodurch sie fr\u00fch lernte, in verschiedenen sozialen und kulturellen Umgebungen zu leben.<\/p>\n\n\n\n<p>Diese Mischung aus deutscher Umgebung und \u00e4gyptischer Herkunft formte ihr Identit\u00e4tsgef\u00fchl. Viele Fans sch\u00e4tzen an ihr, dass sie ihre Wurzeln mit Stolz tr\u00e4gt und gleichzeitig in der deutschen Medienwelt fest verankert ist. Schon als Jugendliche interessierte sie sich f\u00fcr Gespr\u00e4che, Geschichten und Menschen \u2013 ein Talent, das sp\u00e4ter perfekt in ihre Moderationskarriere passte.<\/p>\n\n\n\n<h2 class=\"wp-block-heading\"><strong>Karriereweg in Radio und Fernsehen<\/strong><\/h2>\n\n\n\n<p>Bevor Marwa Eldesouky im Fernsehen sichtbar wurde, begann sie ihre Laufbahn im <strong>Radio<\/strong>. Sie arbeitete unter anderem f\u00fcr:<\/p>\n\n\n\n<ul class=\"wp-block-list\">\n<li>rbb Fritz<\/li>\n\n\n\n<li>COSMO<\/li>\n\n\n\n<li>verschiedene Jugend- und Kultursender<\/li>\n<\/ul>\n\n\n\n<p>Im Radio entwickelte sie ihre Stimme, ihren Stil und ihr Gef\u00fchl f\u00fcr Themen, die Menschen bewegen. Dort lernte sie, wie man Inhalte lebendig und verst\u00e4ndlich vermittelt. Sp\u00e4ter wechselte sie ins Fernsehen. Sie moderierte unter anderem:<\/p>\n\n\n\n<ul class=\"wp-block-list\">\n<li>rbb Kultur \u2013 Das Magazin<\/li>\n\n\n\n<li>rbb Abendschau<\/li>\n\n\n\n<li>Themenschwerpunkte rund um Kultur, Gesellschaft und Berlin<\/li>\n<\/ul>\n\n\n\n<p>Ihr gr\u00f6\u00dfter Karriereschritt war der Einstieg bei <strong>\u201eBrisant\u201c<\/strong> Ende 2022. Seitdem ist sie einer der pr\u00e4genden K\u00f6pfe der Sendung. Ihre ruhige, offene Art macht sie f\u00fcr viele Zuschauer sympathisch und vertrauensw\u00fcrdig.<\/p>\n\n\n\n<h2 class=\"wp-block-heading\"><strong>\u00d6ffentliches Bild &amp; Bedeutung der Marwa Eldesouky Figur<\/strong><\/h2>\n\n\n\n<p>Die <strong>Marwa-Eldesouky-Figur<\/strong> steht heute f\u00fcr mehrere Dinge gleichzeitig:<\/p>\n\n\n\n<p><strong>1. Authentizit\u00e4t<\/strong><br>Sie wirkt nat\u00fcrlich, nahbar und ehrlich. Menschen f\u00fchlen sich verstanden, wenn sie spricht.<\/p>\n\n\n\n<p><strong>2. Vielfalt in den Medien<\/strong><br>Als Frau mit \u00e4gyptischen Wurzeln im deutschen Fernsehen repr\u00e4sentiert sie eine moderne, vielf\u00e4ltige Gesellschaft. Viele sehen sie als Vorbild.<\/p>\n\n\n\n<p><strong>3. Professionalit\u00e4t<\/strong><br>Sie f\u00fchrt durch komplexe Themen, ohne komplizierte Sprache zu benutzen. Ihr Stil ist ruhig, klar und gut strukturiert.<\/p>\n\n\n\n<p><strong>4. Empathie<\/strong><br>Ihr Umgang mit emotionalen Themen \u2013 sei es ein schweres Schicksal oder eine bewegende Geschichte \u2013 zeigt viel Einf\u00fchlungsverm\u00f6gen.<\/p>\n\n\n\n<p><strong>5. Moderne Medienpers\u00f6nlichkeit<\/strong> <br>Sie ist nicht nur im TV pr\u00e4sent, sondern auch online aktiv. Ihre Auftritte wirken immer reflektiert und positiv. Ihre Figur steht also f\u00fcr mehr als nur Beruf \u2013 sie steht f\u00fcr Haltung, Kommunikation und ein neues Bild von Medienpr\u00e4senz.<\/p>\n\n\n\n<h2 class=\"wp-block-heading\"><strong>Wichtige Projekte und Meilensteine<\/strong><\/h2>\n\n\n\n<p>Im Laufe ihrer Karriere sammelte Marwa zahlreiche Erfahrungen in verschiedenen Formaten. Einige H\u00f6hepunkte ihrer Arbeit:<\/p>\n\n\n\n<ul class=\"wp-block-list\">\n<li>Moderationen rund um die <strong>Berlinale<\/strong><\/li>\n\n\n\n<li>Beitr\u00e4ge \u00fcber Kunst und Kultur in Berlin<\/li>\n\n\n\n<li>Reportagen \u00fcber gesellschaftliche Themen<\/li>\n\n\n\n<li>Interviews mit K\u00fcnstlern, Experten und Menschen aus dem Alltag<\/li>\n<\/ul>\n\n\n\n<p>Bei <strong>\u201eBrisant\u201c<\/strong> ist sie besonders bekannt f\u00fcr gut recherchierte Beitr\u00e4ge und ihre ruhige Art, auch in hektischen Fernsehsituationen. Ihre Projekte zeigen, dass sie nicht nur eine Moderatorin ist, sondern auch eine Geschichtenerz\u00e4hlerin, die Menschen miteinander verbindet.<\/p>\n\n\n\n<h2 class=\"wp-block-heading\"><strong>Warum so viele nach \u201emarwa eldesouki figur\u201c suchen<\/strong><\/h2>\n\n\n\n<p>Die steigende Beliebtheit des Suchbegriffs l\u00e4sst sich leicht erkl\u00e4ren:<\/p>\n\n\n\n<p><strong>1. Hohe TV-Pr\u00e4senz<\/strong><br>Seit ihrem Start bei \u201eBrisant\u201c ist sie t\u00e4glich sichtbar.<\/p>\n\n\n\n<p><strong>2. Interesse an ihrer Herkunft<\/strong><br>Viele m\u00f6chten wissen, woher sie kommt und was sie gepr\u00e4gt hat.<\/p>\n\n\n\n<p><strong>3. Ihr moderner, warmherziger Stil<\/strong><br>Zuschauer finden ihren Auftritt angenehm und m\u00f6chten mehr \u00fcber sie erfahren.<\/p>\n\n\n\n<p><strong>4. Wachstum ihrer Online-Pr\u00e4senz<\/strong><br>Instagram &amp; Co. verst\u00e4rken die Neugier.<\/p>\n\n\n\n<p><strong>5. Repr\u00e4sentation<\/strong><br>Sie steht f\u00fcr Diversit\u00e4t \u2013 ein Thema, das immer wichtiger wird. Durch diese Faktoren wird die <strong>Marwa Eldesouky Figur<\/strong> immer st\u00e4rker zu einem festen Begriff in der deutschen Medienlandschaft.<\/p>\n\n\n\n<h1 class=\"wp-block-heading\"><strong>SHOUT FAQ zur Marwa Eldesouky Figur<\/strong><\/h1>\n\n\n\n<p><strong>Wer ist Marwa Eldesouky?<\/strong><br>Marwa Eldesouky ist eine deutsche TV-Moderatorin und Journalistin, die vor allem durch die ARD-Sendung <strong>\u201eBrisant\u201c<\/strong> bekannt wurde. Sie geh\u00f6rt heute zu den auff\u00e4lligsten Medienpers\u00f6nlichkeiten im deutschen Fernsehen.<\/p>\n\n\n\n<p><strong>Was bedeutet \u201emarwa eldesouki figur\u201c?<\/strong><br>Der Begriff beschreibt ihre <strong>\u00f6ffentliche Rolle und Wirkung<\/strong>. Es geht darum, wie sie als Pers\u00f6nlichkeit wahrgenommen wird \u2013 ihre Ausstrahlung, ihr Stil, ihr Einfluss und ihr Platz in der Medienwelt.<\/p>\n\n\n\n<p><strong>Warum suchen so viele Menschen danach?<\/strong><br>Weil ihr Bekanntheitsgrad w\u00e4chst und viele neugierig sind, wer sie wirklich ist, woher sie kommt und was sie als \u00f6ffentliche Figur ausmacht.<\/p>\n\n\n\n<p><strong>Woher stammt Marwa Eldesouky?<\/strong><br>Sie wurde <strong>1983 in West-Berlin<\/strong> geboren und hat <strong>\u00e4gyptische Wurzeln<\/strong>. Diese kulturelle Mischung pr\u00e4gt ihr Auftreten und ihre Perspektive.<\/p>\n\n\n\n<h2 class=\"wp-block-heading\"><strong>Fazit<\/strong><\/h2>\n\n\n\n<p>Die <strong>marwa eldesouki figur<\/strong> beschreibt eine moderne, vielseitige und inspirierende Medienpers\u00f6nlichkeit, die sich \u00fcber viele Jahre hinweg in Radio und Fernsehen aufgebaut hat. Ihre Herkunft, ihre ruhige Ausstrahlung und ihre authentische Art haben sie zu einer beliebten Figur gemacht, die sowohl im TV als auch online gro\u00dfen Anklang findet.<\/p>\n\n\n\n<p>Ihr Weg zeigt, dass eine \u00f6ffentliche Figur mehr ist als ein Jobtitel \u2013 sie ist das Ergebnis von Erfahrung, Pers\u00f6nlichkeit, Haltung und kulturellem Hintergrund. Marwa Eldesouky verk\u00f6rpert genau das und bleibt f\u00fcr viele Menschen ein positives Beispiel daf\u00fcr, wie Medien heute aussehen k\u00f6nnen.<\/p>\n\n\n\n<p><strong>Mher Lesson:<em>\u00a0<\/em><\/strong> <strong><a href=\"https:\/\/heuteinfo.de\/2025\/11\/19\/rabea-bohlke\/\" data-type=\"link\" data-id=\"https:\/\/heuteinfo.de\/2025\/11\/19\/rabea-bohlke\/\">Rabea B\u00f6hlke<br><\/a><\/strong><\/p>\n","protected":false},"excerpt":{"rendered":"<p>Wenn Menschen nach marwa eldesouki figur suchen, wollen sie meistens mehr \u00fcber die \u00f6ffentliche Pers\u00f6nlichkeit von Marwa Eldesouky erfahren. Das deutsche Wort \u201eFigur\u201c beschreibt in diesem Fall nicht das Aussehen, sondern die Rolle, den Einfluss und das Bild einer Person in der \u00d6ffentlichkeit. Es geht also darum, wer sie ist, wie sie wirkt und warum [&hellip;]<\/p>\n","protected":false},"author":1,"featured_media":2239,"comment_status":"closed","ping_status":"open","sticky":false,"template":"","format":"standard","meta":{"footnotes":""},"categories":[39],"tags":[],"class_list":["post-2238","post","type-post","status-publish","format-standard","has-post-thumbnail","hentry","category-lebensstil"],"yoast_head":"<!-- This site is optimized with the Yoast SEO plugin v27.4 - https:\/\/yoast.com\/product\/yoast-seo-wordpress\/ -->\n<title>Marwa Eldesouky Figur: Die \u00f6ffentliche Pers\u00f6nlichkeit hinter dem Namen - heuteinfo.de<\/title>\n<meta name=\"robots\" content=\"index, follow, max-snippet:-1, max-image-preview:large, max-video-preview:-1\" \/>\n<link rel=\"canonical\" href=\"https:\/\/heuteinfo.de\/?p=2238\" \/>\n<meta property=\"og:locale\" content=\"en_US\" \/>\n<meta property=\"og:type\" content=\"article\" \/>\n<meta property=\"og:title\" content=\"Marwa Eldesouky Figur: Die \u00f6ffentliche Pers\u00f6nlichkeit hinter dem Namen - heuteinfo.de\" \/>\n<meta property=\"og:description\" content=\"Wenn Menschen nach marwa eldesouki figur suchen, wollen sie meistens mehr \u00fcber die \u00f6ffentliche Pers\u00f6nlichkeit von Marwa Eldesouky erfahren. Das deutsche Wort \u201eFigur\u201c beschreibt in diesem Fall nicht das Aussehen, sondern die Rolle, den Einfluss und das Bild einer Person in der \u00d6ffentlichkeit. Es geht also darum, wer sie ist, wie sie wirkt und warum [&hellip;]\" \/>\n<meta property=\"og:url\" content=\"https:\/\/heuteinfo.de\/?p=2238\" \/>\n<meta property=\"og:site_name\" content=\"heuteinfo.de\" \/>\n<meta property=\"article:published_time\" content=\"2025-11-19T13:46:15+00:00\" \/>\n<meta property=\"article:modified_time\" content=\"2026-02-27T12:18:20+00:00\" \/>\n<meta property=\"og:image\" content=\"https:\/\/heuteinfo.de\/wp-content\/uploads\/2025\/11\/images-2025-11-19T184536.470.jpg\" \/>\n\t<meta property=\"og:image:width\" content=\"300\" \/>\n\t<meta property=\"og:image:height\" content=\"168\" \/>\n\t<meta property=\"og:image:type\" content=\"image\/jpeg\" \/>\n<meta name=\"author\" content=\"ahmedhassan98764@gmail.com\" \/>\n<meta name=\"twitter:card\" content=\"summary_large_image\" \/>\n<meta name=\"twitter:label1\" content=\"Written by\" \/>\n\t<meta name=\"twitter:data1\" content=\"ahmedhassan98764@gmail.com\" \/>\n\t<meta name=\"twitter:label2\" content=\"Est. reading time\" \/>\n\t<meta name=\"twitter:data2\" content=\"5 minutes\" \/>\n<script type=\"application\/ld+json\" class=\"yoast-schema-graph\">{\"@context\":\"https:\\\/\\\/schema.org\",\"@graph\":[{\"@type\":\"Article\",\"@id\":\"https:\\\/\\\/heuteinfo.de\\\/?p=2238#article\",\"isPartOf\":{\"@id\":\"https:\\\/\\\/heuteinfo.de\\\/?p=2238\"},\"author\":{\"name\":\"ahmedhassan98764@gmail.com\",\"@id\":\"https:\\\/\\\/heuteinfo.de\\\/#\\\/schema\\\/person\\\/94a0e25dd819e325bc73714b2b0e6250\"},\"headline\":\"Marwa Eldesouky Figur: Die \u00f6ffentliche Pers\u00f6nlichkeit hinter dem Namen\",\"datePublished\":\"2025-11-19T13:46:15+00:00\",\"dateModified\":\"2026-02-27T12:18:20+00:00\",\"mainEntityOfPage\":{\"@id\":\"https:\\\/\\\/heuteinfo.de\\\/?p=2238\"},\"wordCount\":1028,\"image\":{\"@id\":\"https:\\\/\\\/heuteinfo.de\\\/?p=2238#primaryimage\"},\"thumbnailUrl\":\"https:\\\/\\\/heuteinfo.de\\\/wp-content\\\/uploads\\\/2025\\\/11\\\/images-2025-11-19T184536.470.jpg\",\"articleSection\":[\"Lebensstil\"],\"inLanguage\":\"en-US\"},{\"@type\":\"WebPage\",\"@id\":\"https:\\\/\\\/heuteinfo.de\\\/?p=2238\",\"url\":\"https:\\\/\\\/heuteinfo.de\\\/?p=2238\",\"name\":\"Marwa Eldesouky Figur: Die \u00f6ffentliche Pers\u00f6nlichkeit hinter dem Namen - heuteinfo.de\",\"isPartOf\":{\"@id\":\"https:\\\/\\\/heuteinfo.de\\\/#website\"},\"primaryImageOfPage\":{\"@id\":\"https:\\\/\\\/heuteinfo.de\\\/?p=2238#primaryimage\"},\"image\":{\"@id\":\"https:\\\/\\\/heuteinfo.de\\\/?p=2238#primaryimage\"},\"thumbnailUrl\":\"https:\\\/\\\/heuteinfo.de\\\/wp-content\\\/uploads\\\/2025\\\/11\\\/images-2025-11-19T184536.470.jpg\",\"datePublished\":\"2025-11-19T13:46:15+00:00\",\"dateModified\":\"2026-02-27T12:18:20+00:00\",\"author\":{\"@id\":\"https:\\\/\\\/heuteinfo.de\\\/#\\\/schema\\\/person\\\/94a0e25dd819e325bc73714b2b0e6250\"},\"breadcrumb\":{\"@id\":\"https:\\\/\\\/heuteinfo.de\\\/?p=2238#breadcrumb\"},\"inLanguage\":\"en-US\",\"potentialAction\":[{\"@type\":\"ReadAction\",\"target\":[\"https:\\\/\\\/heuteinfo.de\\\/?p=2238\"]}]},{\"@type\":\"ImageObject\",\"inLanguage\":\"en-US\",\"@id\":\"https:\\\/\\\/heuteinfo.de\\\/?p=2238#primaryimage\",\"url\":\"https:\\\/\\\/heuteinfo.de\\\/wp-content\\\/uploads\\\/2025\\\/11\\\/images-2025-11-19T184536.470.jpg\",\"contentUrl\":\"https:\\\/\\\/heuteinfo.de\\\/wp-content\\\/uploads\\\/2025\\\/11\\\/images-2025-11-19T184536.470.jpg\",\"width\":300,\"height\":168,\"caption\":\"Marwa Eldesouky Figur\"},{\"@type\":\"BreadcrumbList\",\"@id\":\"https:\\\/\\\/heuteinfo.de\\\/?p=2238#breadcrumb\",\"itemListElement\":[{\"@type\":\"ListItem\",\"position\":1,\"name\":\"Home\",\"item\":\"https:\\\/\\\/heuteinfo.de\\\/\"},{\"@type\":\"ListItem\",\"position\":2,\"name\":\"Marwa Eldesouky Figur: Die \u00f6ffentliche Pers\u00f6nlichkeit hinter dem Namen\"}]},{\"@type\":\"WebSite\",\"@id\":\"https:\\\/\\\/heuteinfo.de\\\/#website\",\"url\":\"https:\\\/\\\/heuteinfo.de\\\/\",\"name\":\"heuteinfo.de\",\"description\":\"\",\"potentialAction\":[{\"@type\":\"SearchAction\",\"target\":{\"@type\":\"EntryPoint\",\"urlTemplate\":\"https:\\\/\\\/heuteinfo.de\\\/?s={search_term_string}\"},\"query-input\":{\"@type\":\"PropertyValueSpecification\",\"valueRequired\":true,\"valueName\":\"search_term_string\"}}],\"inLanguage\":\"en-US\"},{\"@type\":\"Person\",\"@id\":\"https:\\\/\\\/heuteinfo.de\\\/#\\\/schema\\\/person\\\/94a0e25dd819e325bc73714b2b0e6250\",\"name\":\"ahmedhassan98764@gmail.com\",\"image\":{\"@type\":\"ImageObject\",\"inLanguage\":\"en-US\",\"@id\":\"https:\\\/\\\/secure.gravatar.com\\\/avatar\\\/e2e9655aa74e87126cf4d7a522342156dfe63385e2ce1859f3a68169de6937a9?s=96&d=mm&r=g\",\"url\":\"https:\\\/\\\/secure.gravatar.com\\\/avatar\\\/e2e9655aa74e87126cf4d7a522342156dfe63385e2ce1859f3a68169de6937a9?s=96&d=mm&r=g\",\"contentUrl\":\"https:\\\/\\\/secure.gravatar.com\\\/avatar\\\/e2e9655aa74e87126cf4d7a522342156dfe63385e2ce1859f3a68169de6937a9?s=96&d=mm&r=g\",\"caption\":\"ahmedhassan98764@gmail.com\"},\"sameAs\":[\"https:\\\/\\\/heuteinfo.de\"],\"url\":\"https:\\\/\\\/heuteinfo.de\\\/?author=1\"}]}<\/script>\n<!-- \/ Yoast SEO plugin. -->","yoast_head_json":{"title":"Marwa Eldesouky Figur: Die \u00f6ffentliche Pers\u00f6nlichkeit hinter dem Namen - heuteinfo.de","robots":{"index":"index","follow":"follow","max-snippet":"max-snippet:-1","max-image-preview":"max-image-preview:large","max-video-preview":"max-video-preview:-1"},"canonical":"https:\/\/heuteinfo.de\/?p=2238","og_locale":"en_US","og_type":"article","og_title":"Marwa Eldesouky Figur: Die \u00f6ffentliche Pers\u00f6nlichkeit hinter dem Namen - heuteinfo.de","og_description":"Wenn Menschen nach marwa eldesouki figur suchen, wollen sie meistens mehr \u00fcber die \u00f6ffentliche Pers\u00f6nlichkeit von Marwa Eldesouky erfahren. Das deutsche Wort \u201eFigur\u201c beschreibt in diesem Fall nicht das Aussehen, sondern die Rolle, den Einfluss und das Bild einer Person in der \u00d6ffentlichkeit. Es geht also darum, wer sie ist, wie sie wirkt und warum [&hellip;]","og_url":"https:\/\/heuteinfo.de\/?p=2238","og_site_name":"heuteinfo.de","article_published_time":"2025-11-19T13:46:15+00:00","article_modified_time":"2026-02-27T12:18:20+00:00","og_image":[{"width":300,"height":168,"url":"https:\/\/heuteinfo.de\/wp-content\/uploads\/2025\/11\/images-2025-11-19T184536.470.jpg","type":"image\/jpeg"}],"author":"ahmedhassan98764@gmail.com","twitter_card":"summary_large_image","twitter_misc":{"Written by":"ahmedhassan98764@gmail.com","Est. reading time":"5 minutes"},"schema":{"@context":"https:\/\/schema.org","@graph":[{"@type":"Article","@id":"https:\/\/heuteinfo.de\/?p=2238#article","isPartOf":{"@id":"https:\/\/heuteinfo.de\/?p=2238"},"author":{"name":"ahmedhassan98764@gmail.com","@id":"https:\/\/heuteinfo.de\/#\/schema\/person\/94a0e25dd819e325bc73714b2b0e6250"},"headline":"Marwa Eldesouky Figur: Die \u00f6ffentliche Pers\u00f6nlichkeit hinter dem Namen","datePublished":"2025-11-19T13:46:15+00:00","dateModified":"2026-02-27T12:18:20+00:00","mainEntityOfPage":{"@id":"https:\/\/heuteinfo.de\/?p=2238"},"wordCount":1028,"image":{"@id":"https:\/\/heuteinfo.de\/?p=2238#primaryimage"},"thumbnailUrl":"https:\/\/heuteinfo.de\/wp-content\/uploads\/2025\/11\/images-2025-11-19T184536.470.jpg","articleSection":["Lebensstil"],"inLanguage":"en-US"},{"@type":"WebPage","@id":"https:\/\/heuteinfo.de\/?p=2238","url":"https:\/\/heuteinfo.de\/?p=2238","name":"Marwa Eldesouky Figur: Die \u00f6ffentliche Pers\u00f6nlichkeit hinter dem Namen - heuteinfo.de","isPartOf":{"@id":"https:\/\/heuteinfo.de\/#website"},"primaryImageOfPage":{"@id":"https:\/\/heuteinfo.de\/?p=2238#primaryimage"},"image":{"@id":"https:\/\/heuteinfo.de\/?p=2238#primaryimage"},"thumbnailUrl":"https:\/\/heuteinfo.de\/wp-content\/uploads\/2025\/11\/images-2025-11-19T184536.470.jpg","datePublished":"2025-11-19T13:46:15+00:00","dateModified":"2026-02-27T12:18:20+00:00","author":{"@id":"https:\/\/heuteinfo.de\/#\/schema\/person\/94a0e25dd819e325bc73714b2b0e6250"},"breadcrumb":{"@id":"https:\/\/heuteinfo.de\/?p=2238#breadcrumb"},"inLanguage":"en-US","potentialAction":[{"@type":"ReadAction","target":["https:\/\/heuteinfo.de\/?p=2238"]}]},{"@type":"ImageObject","inLanguage":"en-US","@id":"https:\/\/heuteinfo.de\/?p=2238#primaryimage","url":"https:\/\/heuteinfo.de\/wp-content\/uploads\/2025\/11\/images-2025-11-19T184536.470.jpg","contentUrl":"https:\/\/heuteinfo.de\/wp-content\/uploads\/2025\/11\/images-2025-11-19T184536.470.jpg","width":300,"height":168,"caption":"Marwa Eldesouky Figur"},{"@type":"BreadcrumbList","@id":"https:\/\/heuteinfo.de\/?p=2238#breadcrumb","itemListElement":[{"@type":"ListItem","position":1,"name":"Home","item":"https:\/\/heuteinfo.de\/"},{"@type":"ListItem","position":2,"name":"Marwa Eldesouky Figur: Die \u00f6ffentliche Pers\u00f6nlichkeit hinter dem Namen"}]},{"@type":"WebSite","@id":"https:\/\/heuteinfo.de\/#website","url":"https:\/\/heuteinfo.de\/","name":"heuteinfo.de","description":"","potentialAction":[{"@type":"SearchAction","target":{"@type":"EntryPoint","urlTemplate":"https:\/\/heuteinfo.de\/?s={search_term_string}"},"query-input":{"@type":"PropertyValueSpecification","valueRequired":true,"valueName":"search_term_string"}}],"inLanguage":"en-US"},{"@type":"Person","@id":"https:\/\/heuteinfo.de\/#\/schema\/person\/94a0e25dd819e325bc73714b2b0e6250","name":"ahmedhassan98764@gmail.com","image":{"@type":"ImageObject","inLanguage":"en-US","@id":"https:\/\/secure.gravatar.com\/avatar\/e2e9655aa74e87126cf4d7a522342156dfe63385e2ce1859f3a68169de6937a9?s=96&d=mm&r=g","url":"https:\/\/secure.gravatar.com\/avatar\/e2e9655aa74e87126cf4d7a522342156dfe63385e2ce1859f3a68169de6937a9?s=96&d=mm&r=g","contentUrl":"https:\/\/secure.gravatar.com\/avatar\/e2e9655aa74e87126cf4d7a522342156dfe63385e2ce1859f3a68169de6937a9?s=96&d=mm&r=g","caption":"ahmedhassan98764@gmail.com"},"sameAs":["https:\/\/heuteinfo.de"],"url":"https:\/\/heuteinfo.de\/?author=1"}]}},"_links":{"self":[{"href":"https:\/\/heuteinfo.de\/index.php?rest_route=\/wp\/v2\/posts\/2238","targetHints":{"allow":["GET"]}}],"collection":[{"href":"https:\/\/heuteinfo.de\/index.php?rest_route=\/wp\/v2\/posts"}],"about":[{"href":"https:\/\/heuteinfo.de\/index.php?rest_route=\/wp\/v2\/types\/post"}],"author":[{"embeddable":true,"href":"https:\/\/heuteinfo.de\/index.php?rest_route=\/wp\/v2\/users\/1"}],"replies":[{"embeddable":true,"href":"https:\/\/heuteinfo.de\/index.php?rest_route=%2Fwp%2Fv2%2Fcomments&post=2238"}],"version-history":[{"count":3,"href":"https:\/\/heuteinfo.de\/index.php?rest_route=\/wp\/v2\/posts\/2238\/revisions"}],"predecessor-version":[{"id":10741,"href":"https:\/\/heuteinfo.de\/index.php?rest_route=\/wp\/v2\/posts\/2238\/revisions\/10741"}],"wp:featuredmedia":[{"embeddable":true,"href":"https:\/\/heuteinfo.de\/index.php?rest_route=\/wp\/v2\/media\/2239"}],"wp:attachment":[{"href":"https:\/\/heuteinfo.de\/index.php?rest_route=%2Fwp%2Fv2%2Fmedia&parent=2238"}],"wp:term":[{"taxonomy":"category","embeddable":true,"href":"https:\/\/heuteinfo.de\/index.php?rest_route=%2Fwp%2Fv2%2Fcategories&post=2238"},{"taxonomy":"post_tag","embeddable":true,"href":"https:\/\/heuteinfo.de\/index.php?rest_route=%2Fwp%2Fv2%2Ftags&post=2238"}],"curies":[{"name":"wp","href":"https:\/\/api.w.org\/{rel}","templated":true}]}}