{"id":2247,"date":"2025-11-20T13:58:04","date_gmt":"2025-11-20T13:58:04","guid":{"rendered":"https:\/\/heuteinfo.de\/?p=2247"},"modified":"2026-02-27T12:18:22","modified_gmt":"2026-02-27T12:18:22","slug":"otto-und-ingrid-kneidinger-verstorben","status":"publish","type":"post","link":"https:\/\/heuteinfo.de\/?p=2247","title":{"rendered":"Otto und Ingrid Kneidinger verstorben \u2013 Fakten, Hintergr\u00fcnde und was wirklich bekannt ist"},"content":{"rendered":"\n<p>Das Thema <strong>\u201e<a href=\"https:\/\/www.vox.de\/sendungen\/hot-oder-schrott\/hot-oder-schrott-das-ehepaar-kneidinger-2701108\" data-type=\"link\" data-id=\"https:\/\/www.vox.de\/sendungen\/hot-oder-schrott\/hot-oder-schrott-das-ehepaar-kneidinger-2701108\">Otto und Ingrid Kneidinger<\/a> verstorben\u201c<\/strong> sorgt seit einiger Zeit im Internet f\u00fcr viele Fragen. Viele Menschen kennen das Ehepaar aus der beliebten Fernsehsendung <em>\u201eHot oder Schrott \u2013 Die Allestester\u201c<\/em>, in der sie als fr\u00f6hliches, humorvolles und herzwarme Duo auftraten. Sie wirkten immer voller Energie, hatten eine besondere Harmonie und wurden von vielen Zuschauern \u00fcber die Jahre richtig ins Herz geschlossen.<\/p>\n\n\n\n<p>Wenn pl\u00f6tzlich im Internet Meldungen auftauchen, dass <strong>Ingrid Kneidinger verstorben<\/strong> sei oder sogar beide, wirkt das nat\u00fcrlich schockierend. Gleichzeitig gibt es kaum offizielle Aussagen, was die Unsicherheit bei vielen noch gr\u00f6\u00dfer macht. Genau deshalb ist es wichtig, einen klaren \u00dcberblick zu geben:<\/p>\n\n\n\n<h2 class=\"wp-block-heading\"><strong>Wer waren Otto und Ingrid Kneidinger?<\/strong><\/h2>\n\n\n\n<p>Otto und Ingrid Kneidinger waren ein Ehepaar, das vor allem durch die TV-Sendung <em>\u201eHot oder Schrott \u2013 Die Allestester\u201c<\/em> vielen Menschen bekannt wurde. In der Show testeten sie gemeinsam Produkte, sprachen ehrlich \u00fcber ihre Eindr\u00fccke und wirkten dabei immer liebevoll und authentisch. Genau diese Nat\u00fcrlichkeit machte sie besonders sympathisch. Viele Zuschauer sahen in ihnen ein echtes Vorbild f\u00fcr Partnerschaft und Zusammenhalt.<\/p>\n\n\n\n<p>Doch ihre Geschichte begann lange vor dem Fernsehen. Beide hatten eine gro\u00dfe Leidenschaft f\u00fcr Musik. Ingrid war Opern- und Operettens\u00e4ngerin und verbrachte viele Jahre auf der B\u00fchne. Otto unterst\u00fctzte sie, begleitete sie oft, und gemeinsam bildeten sie ein eingespieltes Team. Diese gemeinsame Liebe zur Musik pr\u00e4gte ihre Beziehung stark. Sie erz\u00e4hlten in Interviews h\u00e4ufig, wie sehr Kunst und Kultur ihnen geholfen haben, Schwierigkeiten im Leben zu meistern.<\/p>\n\n\n\n<h2 class=\"wp-block-heading\"><strong>Sind Otto und Ingrid Kneidinger wirklich verstorben?<\/strong><\/h2>\n\n\n\n<p>Einige Webseiten behaupten, dass <strong>Ingrid Kneidinger im Jahr 2021 verstorben sei<\/strong>. Diese Seiten wirken jedoch nicht besonders seri\u00f6s und beziehen sich oft nicht auf offizielle Quellen. Es gibt <strong>keine gro\u00dfen Zeitungen<\/strong>, <strong>keine offiziellen Traueranzeigen<\/strong> und auch <strong>keine Best\u00e4tigungen von Familie oder Sendern<\/strong>, die diese Meldung eindeutig belegen w\u00fcrden. Das macht es schwer, solche Aussagen als gesichert anzusehen.<\/p>\n\n\n\n<p>Bei Otto sieht es \u00e4hnlich aus. Es gibt <strong>gar keine offiziell best\u00e4tigte Information<\/strong>, dass Otto verstorben ist. Trotzdem tauchen hin und wieder Formulierungen wie <strong>\u201eOtto und Ingrid Kneidinger verstorben\u201c<\/strong> gemeinsam auf, was zu noch mehr Verwirrung f\u00fchrt. In vielen F\u00e4llen handelt es sich vermutlich um ungenaue Zusammenfassungen, kopierte Blogtexte oder reine Spekulationen.<\/p>\n\n\n\n<h2 class=\"wp-block-heading\"><strong>Ihr gemeinsames Leben und Verm\u00e4chtnis<\/strong><\/h2>\n\n\n\n<p>Sie standen gemeinsam vor der Kamera, unterst\u00fctzten einander und zeigten, wie sch\u00f6n eine Partnerschaft sein kann, wenn man sich gegenseitig respektiert. Besonders ihre Fernsehauftritte sorgten daf\u00fcr, dass sie f\u00fcr viele Menschen fast wie Familie wirkten. Sie brachten Leichtigkeit in die Show, lachten miteinander und gingen liebevoll mit\u00adeinander um.<\/p>\n\n\n\n<p>Ihr Verm\u00e4chtnis besteht nicht nur aus TV-Momenten, sondern auch aus ihrer Geschichte als Paar, das sich im Alltag erg\u00e4nzt hat. Ob Musik, Humor oder gemeinsame Hobbys \u2014 vieles zeigte, dass sie ein enges Band hatten. F\u00fcr Fans, die sie \u00fcber Jahre verfolgt haben, bleiben diese Erinnerungen lebendig, egal ob sie nun verstorben sind oder nicht.<\/p>\n\n\n\n<h2 class=\"wp-block-heading\"><strong>Warum entstehen Todesger\u00fcchte im Internet?<\/strong><\/h2>\n\n\n\n<p>Dass es Meldungen wie <strong>\u201eOtto und Ingrid Kneidinger verstorben\u201c<\/strong> \u00fcberhaupt gibt, liegt an mehreren Gr\u00fcnden. Oft reicht schon ein Missverst\u00e4ndnis aus, um Ger\u00fcchte auszul\u00f6sen. Gerade bei Pers\u00f6nlichkeiten, die l\u00e4ngere Zeit nicht mehr im Fernsehen zu sehen sind, fragen sich viele Menschen, was aus ihnen geworden ist. Ger\u00fcchte entstehen zum Beispiel durch:<\/p>\n\n\n\n<ul class=\"wp-block-list\">\n<li>Webseiten, die ungepr\u00fcfte Informationen \u00fcbernehmen<\/li>\n\n\n\n<li>automatische \u00dcbersetzungen aus dem Ausland<\/li>\n\n\n\n<li>Blogs, die Schlagzeilen dramatischer formulieren, um Klicks zu bekommen<\/li>\n\n\n\n<li>Verwechslungen mit anderen Personen gleichen Namens<\/li>\n\n\n\n<li>fehlende offizielle Updates durch Familie oder Medien<\/li>\n<\/ul>\n\n\n\n<p>Solche Situationen f\u00fchren dazu, dass Menschen versuchen, selbst Antworten zu finden. Genau deshalb wird der Begriff <strong>\u201eOtto und Ingrid Kneidinger verstorben\u201c<\/strong> so h\u00e4ufig gegoogelt. Doch das zeigt auch, wie sehr die beiden den Zuschauerinnen und Zuschauern am Herzen lagen.<\/p>\n\n\n\n<h2 class=\"wp-block-heading\"><strong>FAQ \u2013 H\u00e4ufige Fragen<\/strong><\/h2>\n\n\n\n<p><strong>Sind Otto und Ingrid Kneidinger wirklich verstorben?<\/strong><br>Bisher gibt es keine eindeutig best\u00e4tigte, offizielle Information \u00fcber ihren Tod. Einige Quellen behaupten es, doch sie gelten als unsicher.<\/p>\n\n\n\n<p><strong>Warum glauben viele, dass Ingrid Kneidinger verstorben ist?<\/strong><br>Weil einige kleinere Webseiten dies behauptet haben. Eine seri\u00f6se \u00f6ffentliche Best\u00e4tigung fehlt jedoch.<\/p>\n\n\n\n<p><strong>Warum gibt es keine klare Antwort?<\/strong><br>Weil weder Medien noch Familie best\u00e4tigte Aussagen ver\u00f6ffentlicht haben. Ohne solche Hinweise bleibt vieles offen.<\/p>\n\n\n\n<p><strong>Sind die beiden noch im Fernsehen aktiv?<\/strong><br>Zuletzt waren sie nicht mehr in aktuellen Folgen von \u201eHot oder Schrott\u201c zu sehen, was ebenfalls zu Spekulationen gef\u00fchrt hat.<\/p>\n\n\n\n<h2 class=\"wp-block-heading\"><strong>Fazit<\/strong><\/h2>\n\n\n\n<p>Die Frage <strong>\u201eOtto und Ingrid Kneidinger verstorben\u201c<\/strong> l\u00e4sst sich zum jetzigen Zeitpunkt nicht mit absoluter Sicherheit beantworten. W\u00e4hrend einige Seiten behaupten, Ingrid sei verstorben, fehlen dazu klare, vertrauensw\u00fcrdige Quellen. \u00dcber Otto gibt es sogar noch weniger Informationen. Was jedoch sicher bleibt, ist ihre Wirkung auf viele Menschen.<\/p>\n\n\n\n<p>Otto und Ingrid standen f\u00fcr Humor, Liebe, Musik und echte Verbundenheit. Genau deshalb interessieren sich so viele weiterhin f\u00fcr ihr Leben \u2013 und wollen wissen, was aus ihnen geworden ist. Auch wenn die Faktenlage unklar ist, bleibt ihr gemeinsamer Weg in Erinnerung, und das macht sie zu einem besonderen Teil der TV-Landschaft.<\/p>\n\n\n\n<p><strong>Mher Lesson:\u00a0<\/strong> <strong><a href=\"https:\/\/heuteinfo.de\/2025\/11\/20\/was-ist-eine-hankemann-gedenkseite\/\" data-type=\"link\" data-id=\"https:\/\/heuteinfo.de\/2025\/11\/20\/was-ist-eine-hankemann-gedenkseite\/\">Hankemann Gedenkseite<br><\/a><\/strong><\/p>\n","protected":false},"excerpt":{"rendered":"<p>Das Thema \u201eOtto und Ingrid Kneidinger verstorben\u201c sorgt seit einiger Zeit im Internet f\u00fcr viele Fragen. Viele Menschen kennen das Ehepaar aus der beliebten Fernsehsendung \u201eHot oder Schrott \u2013 Die Allestester\u201c, in der sie als fr\u00f6hliches, humorvolles und herzwarme Duo auftraten. Sie wirkten immer voller Energie, hatten eine besondere Harmonie und wurden von vielen Zuschauern [&hellip;]<\/p>\n","protected":false},"author":1,"featured_media":2250,"comment_status":"closed","ping_status":"open","sticky":false,"template":"","format":"standard","meta":{"footnotes":""},"categories":[39],"tags":[],"class_list":["post-2247","post","type-post","status-publish","format-standard","has-post-thumbnail","hentry","category-lebensstil"],"yoast_head":"<!-- This site is optimized with the Yoast SEO plugin v27.4 - https:\/\/yoast.com\/product\/yoast-seo-wordpress\/ -->\n<title>Otto und Ingrid Kneidinger verstorben \u2013 Fakten, Hintergr\u00fcnde und was wirklich bekannt ist - heuteinfo.de<\/title>\n<meta name=\"robots\" content=\"index, follow, max-snippet:-1, max-image-preview:large, max-video-preview:-1\" \/>\n<link rel=\"canonical\" href=\"https:\/\/heuteinfo.de\/?p=2247\" \/>\n<meta property=\"og:locale\" content=\"en_US\" \/>\n<meta property=\"og:type\" content=\"article\" \/>\n<meta property=\"og:title\" content=\"Otto und Ingrid Kneidinger verstorben \u2013 Fakten, Hintergr\u00fcnde und was wirklich bekannt ist - heuteinfo.de\" \/>\n<meta property=\"og:description\" content=\"Das Thema \u201eOtto und Ingrid Kneidinger verstorben\u201c sorgt seit einiger Zeit im Internet f\u00fcr viele Fragen. Viele Menschen kennen das Ehepaar aus der beliebten Fernsehsendung \u201eHot oder Schrott \u2013 Die Allestester\u201c, in der sie als fr\u00f6hliches, humorvolles und herzwarme Duo auftraten. Sie wirkten immer voller Energie, hatten eine besondere Harmonie und wurden von vielen Zuschauern [&hellip;]\" \/>\n<meta property=\"og:url\" content=\"https:\/\/heuteinfo.de\/?p=2247\" \/>\n<meta property=\"og:site_name\" content=\"heuteinfo.de\" \/>\n<meta property=\"article:published_time\" content=\"2025-11-20T13:58:04+00:00\" \/>\n<meta property=\"article:modified_time\" content=\"2026-02-27T12:18:22+00:00\" \/>\n<meta property=\"og:image\" content=\"https:\/\/heuteinfo.de\/wp-content\/uploads\/2025\/11\/lebt-ingrid-kneidinger-noch-780x470-2.jpg\" \/>\n\t<meta property=\"og:image:width\" content=\"780\" \/>\n\t<meta property=\"og:image:height\" content=\"470\" \/>\n\t<meta property=\"og:image:type\" content=\"image\/jpeg\" \/>\n<meta name=\"author\" content=\"ahmedhassan98764@gmail.com\" \/>\n<meta name=\"twitter:card\" content=\"summary_large_image\" \/>\n<meta name=\"twitter:label1\" content=\"Written by\" \/>\n\t<meta name=\"twitter:data1\" content=\"ahmedhassan98764@gmail.com\" \/>\n\t<meta name=\"twitter:label2\" content=\"Est. reading time\" \/>\n\t<meta name=\"twitter:data2\" content=\"4 minutes\" \/>\n<script type=\"application\/ld+json\" class=\"yoast-schema-graph\">{\"@context\":\"https:\\\/\\\/schema.org\",\"@graph\":[{\"@type\":\"Article\",\"@id\":\"https:\\\/\\\/heuteinfo.de\\\/?p=2247#article\",\"isPartOf\":{\"@id\":\"https:\\\/\\\/heuteinfo.de\\\/?p=2247\"},\"author\":{\"name\":\"ahmedhassan98764@gmail.com\",\"@id\":\"https:\\\/\\\/heuteinfo.de\\\/#\\\/schema\\\/person\\\/94a0e25dd819e325bc73714b2b0e6250\"},\"headline\":\"Otto und Ingrid Kneidinger verstorben \u2013 Fakten, Hintergr\u00fcnde und was wirklich bekannt ist\",\"datePublished\":\"2025-11-20T13:58:04+00:00\",\"dateModified\":\"2026-02-27T12:18:22+00:00\",\"mainEntityOfPage\":{\"@id\":\"https:\\\/\\\/heuteinfo.de\\\/?p=2247\"},\"wordCount\":855,\"image\":{\"@id\":\"https:\\\/\\\/heuteinfo.de\\\/?p=2247#primaryimage\"},\"thumbnailUrl\":\"https:\\\/\\\/heuteinfo.de\\\/wp-content\\\/uploads\\\/2025\\\/11\\\/lebt-ingrid-kneidinger-noch-780x470-2.jpg\",\"articleSection\":[\"Lebensstil\"],\"inLanguage\":\"en-US\"},{\"@type\":\"WebPage\",\"@id\":\"https:\\\/\\\/heuteinfo.de\\\/?p=2247\",\"url\":\"https:\\\/\\\/heuteinfo.de\\\/?p=2247\",\"name\":\"Otto und Ingrid Kneidinger verstorben \u2013 Fakten, Hintergr\u00fcnde und was wirklich bekannt ist - heuteinfo.de\",\"isPartOf\":{\"@id\":\"https:\\\/\\\/heuteinfo.de\\\/#website\"},\"primaryImageOfPage\":{\"@id\":\"https:\\\/\\\/heuteinfo.de\\\/?p=2247#primaryimage\"},\"image\":{\"@id\":\"https:\\\/\\\/heuteinfo.de\\\/?p=2247#primaryimage\"},\"thumbnailUrl\":\"https:\\\/\\\/heuteinfo.de\\\/wp-content\\\/uploads\\\/2025\\\/11\\\/lebt-ingrid-kneidinger-noch-780x470-2.jpg\",\"datePublished\":\"2025-11-20T13:58:04+00:00\",\"dateModified\":\"2026-02-27T12:18:22+00:00\",\"author\":{\"@id\":\"https:\\\/\\\/heuteinfo.de\\\/#\\\/schema\\\/person\\\/94a0e25dd819e325bc73714b2b0e6250\"},\"breadcrumb\":{\"@id\":\"https:\\\/\\\/heuteinfo.de\\\/?p=2247#breadcrumb\"},\"inLanguage\":\"en-US\",\"potentialAction\":[{\"@type\":\"ReadAction\",\"target\":[\"https:\\\/\\\/heuteinfo.de\\\/?p=2247\"]}]},{\"@type\":\"ImageObject\",\"inLanguage\":\"en-US\",\"@id\":\"https:\\\/\\\/heuteinfo.de\\\/?p=2247#primaryimage\",\"url\":\"https:\\\/\\\/heuteinfo.de\\\/wp-content\\\/uploads\\\/2025\\\/11\\\/lebt-ingrid-kneidinger-noch-780x470-2.jpg\",\"contentUrl\":\"https:\\\/\\\/heuteinfo.de\\\/wp-content\\\/uploads\\\/2025\\\/11\\\/lebt-ingrid-kneidinger-noch-780x470-2.jpg\",\"width\":780,\"height\":470,\"caption\":\"Otto und Ingrid Kneidinger verstorben\"},{\"@type\":\"BreadcrumbList\",\"@id\":\"https:\\\/\\\/heuteinfo.de\\\/?p=2247#breadcrumb\",\"itemListElement\":[{\"@type\":\"ListItem\",\"position\":1,\"name\":\"Home\",\"item\":\"https:\\\/\\\/heuteinfo.de\\\/\"},{\"@type\":\"ListItem\",\"position\":2,\"name\":\"Otto und Ingrid Kneidinger verstorben \u2013 Fakten, Hintergr\u00fcnde und was wirklich bekannt ist\"}]},{\"@type\":\"WebSite\",\"@id\":\"https:\\\/\\\/heuteinfo.de\\\/#website\",\"url\":\"https:\\\/\\\/heuteinfo.de\\\/\",\"name\":\"heuteinfo.de\",\"description\":\"\",\"potentialAction\":[{\"@type\":\"SearchAction\",\"target\":{\"@type\":\"EntryPoint\",\"urlTemplate\":\"https:\\\/\\\/heuteinfo.de\\\/?s={search_term_string}\"},\"query-input\":{\"@type\":\"PropertyValueSpecification\",\"valueRequired\":true,\"valueName\":\"search_term_string\"}}],\"inLanguage\":\"en-US\"},{\"@type\":\"Person\",\"@id\":\"https:\\\/\\\/heuteinfo.de\\\/#\\\/schema\\\/person\\\/94a0e25dd819e325bc73714b2b0e6250\",\"name\":\"ahmedhassan98764@gmail.com\",\"image\":{\"@type\":\"ImageObject\",\"inLanguage\":\"en-US\",\"@id\":\"https:\\\/\\\/secure.gravatar.com\\\/avatar\\\/e2e9655aa74e87126cf4d7a522342156dfe63385e2ce1859f3a68169de6937a9?s=96&d=mm&r=g\",\"url\":\"https:\\\/\\\/secure.gravatar.com\\\/avatar\\\/e2e9655aa74e87126cf4d7a522342156dfe63385e2ce1859f3a68169de6937a9?s=96&d=mm&r=g\",\"contentUrl\":\"https:\\\/\\\/secure.gravatar.com\\\/avatar\\\/e2e9655aa74e87126cf4d7a522342156dfe63385e2ce1859f3a68169de6937a9?s=96&d=mm&r=g\",\"caption\":\"ahmedhassan98764@gmail.com\"},\"sameAs\":[\"https:\\\/\\\/heuteinfo.de\"],\"url\":\"https:\\\/\\\/heuteinfo.de\\\/?author=1\"}]}<\/script>\n<!-- \/ Yoast SEO plugin. -->","yoast_head_json":{"title":"Otto und Ingrid Kneidinger verstorben \u2013 Fakten, Hintergr\u00fcnde und was wirklich bekannt ist - heuteinfo.de","robots":{"index":"index","follow":"follow","max-snippet":"max-snippet:-1","max-image-preview":"max-image-preview:large","max-video-preview":"max-video-preview:-1"},"canonical":"https:\/\/heuteinfo.de\/?p=2247","og_locale":"en_US","og_type":"article","og_title":"Otto und Ingrid Kneidinger verstorben \u2013 Fakten, Hintergr\u00fcnde und was wirklich bekannt ist - heuteinfo.de","og_description":"Das Thema \u201eOtto und Ingrid Kneidinger verstorben\u201c sorgt seit einiger Zeit im Internet f\u00fcr viele Fragen. Viele Menschen kennen das Ehepaar aus der beliebten Fernsehsendung \u201eHot oder Schrott \u2013 Die Allestester\u201c, in der sie als fr\u00f6hliches, humorvolles und herzwarme Duo auftraten. Sie wirkten immer voller Energie, hatten eine besondere Harmonie und wurden von vielen Zuschauern [&hellip;]","og_url":"https:\/\/heuteinfo.de\/?p=2247","og_site_name":"heuteinfo.de","article_published_time":"2025-11-20T13:58:04+00:00","article_modified_time":"2026-02-27T12:18:22+00:00","og_image":[{"width":780,"height":470,"url":"https:\/\/heuteinfo.de\/wp-content\/uploads\/2025\/11\/lebt-ingrid-kneidinger-noch-780x470-2.jpg","type":"image\/jpeg"}],"author":"ahmedhassan98764@gmail.com","twitter_card":"summary_large_image","twitter_misc":{"Written by":"ahmedhassan98764@gmail.com","Est. reading time":"4 minutes"},"schema":{"@context":"https:\/\/schema.org","@graph":[{"@type":"Article","@id":"https:\/\/heuteinfo.de\/?p=2247#article","isPartOf":{"@id":"https:\/\/heuteinfo.de\/?p=2247"},"author":{"name":"ahmedhassan98764@gmail.com","@id":"https:\/\/heuteinfo.de\/#\/schema\/person\/94a0e25dd819e325bc73714b2b0e6250"},"headline":"Otto und Ingrid Kneidinger verstorben \u2013 Fakten, Hintergr\u00fcnde und was wirklich bekannt ist","datePublished":"2025-11-20T13:58:04+00:00","dateModified":"2026-02-27T12:18:22+00:00","mainEntityOfPage":{"@id":"https:\/\/heuteinfo.de\/?p=2247"},"wordCount":855,"image":{"@id":"https:\/\/heuteinfo.de\/?p=2247#primaryimage"},"thumbnailUrl":"https:\/\/heuteinfo.de\/wp-content\/uploads\/2025\/11\/lebt-ingrid-kneidinger-noch-780x470-2.jpg","articleSection":["Lebensstil"],"inLanguage":"en-US"},{"@type":"WebPage","@id":"https:\/\/heuteinfo.de\/?p=2247","url":"https:\/\/heuteinfo.de\/?p=2247","name":"Otto und Ingrid Kneidinger verstorben \u2013 Fakten, Hintergr\u00fcnde und was wirklich bekannt ist - heuteinfo.de","isPartOf":{"@id":"https:\/\/heuteinfo.de\/#website"},"primaryImageOfPage":{"@id":"https:\/\/heuteinfo.de\/?p=2247#primaryimage"},"image":{"@id":"https:\/\/heuteinfo.de\/?p=2247#primaryimage"},"thumbnailUrl":"https:\/\/heuteinfo.de\/wp-content\/uploads\/2025\/11\/lebt-ingrid-kneidinger-noch-780x470-2.jpg","datePublished":"2025-11-20T13:58:04+00:00","dateModified":"2026-02-27T12:18:22+00:00","author":{"@id":"https:\/\/heuteinfo.de\/#\/schema\/person\/94a0e25dd819e325bc73714b2b0e6250"},"breadcrumb":{"@id":"https:\/\/heuteinfo.de\/?p=2247#breadcrumb"},"inLanguage":"en-US","potentialAction":[{"@type":"ReadAction","target":["https:\/\/heuteinfo.de\/?p=2247"]}]},{"@type":"ImageObject","inLanguage":"en-US","@id":"https:\/\/heuteinfo.de\/?p=2247#primaryimage","url":"https:\/\/heuteinfo.de\/wp-content\/uploads\/2025\/11\/lebt-ingrid-kneidinger-noch-780x470-2.jpg","contentUrl":"https:\/\/heuteinfo.de\/wp-content\/uploads\/2025\/11\/lebt-ingrid-kneidinger-noch-780x470-2.jpg","width":780,"height":470,"caption":"Otto und Ingrid Kneidinger verstorben"},{"@type":"BreadcrumbList","@id":"https:\/\/heuteinfo.de\/?p=2247#breadcrumb","itemListElement":[{"@type":"ListItem","position":1,"name":"Home","item":"https:\/\/heuteinfo.de\/"},{"@type":"ListItem","position":2,"name":"Otto und Ingrid Kneidinger verstorben \u2013 Fakten, Hintergr\u00fcnde und was wirklich bekannt ist"}]},{"@type":"WebSite","@id":"https:\/\/heuteinfo.de\/#website","url":"https:\/\/heuteinfo.de\/","name":"heuteinfo.de","description":"","potentialAction":[{"@type":"SearchAction","target":{"@type":"EntryPoint","urlTemplate":"https:\/\/heuteinfo.de\/?s={search_term_string}"},"query-input":{"@type":"PropertyValueSpecification","valueRequired":true,"valueName":"search_term_string"}}],"inLanguage":"en-US"},{"@type":"Person","@id":"https:\/\/heuteinfo.de\/#\/schema\/person\/94a0e25dd819e325bc73714b2b0e6250","name":"ahmedhassan98764@gmail.com","image":{"@type":"ImageObject","inLanguage":"en-US","@id":"https:\/\/secure.gravatar.com\/avatar\/e2e9655aa74e87126cf4d7a522342156dfe63385e2ce1859f3a68169de6937a9?s=96&d=mm&r=g","url":"https:\/\/secure.gravatar.com\/avatar\/e2e9655aa74e87126cf4d7a522342156dfe63385e2ce1859f3a68169de6937a9?s=96&d=mm&r=g","contentUrl":"https:\/\/secure.gravatar.com\/avatar\/e2e9655aa74e87126cf4d7a522342156dfe63385e2ce1859f3a68169de6937a9?s=96&d=mm&r=g","caption":"ahmedhassan98764@gmail.com"},"sameAs":["https:\/\/heuteinfo.de"],"url":"https:\/\/heuteinfo.de\/?author=1"}]}},"_links":{"self":[{"href":"https:\/\/heuteinfo.de\/index.php?rest_route=\/wp\/v2\/posts\/2247","targetHints":{"allow":["GET"]}}],"collection":[{"href":"https:\/\/heuteinfo.de\/index.php?rest_route=\/wp\/v2\/posts"}],"about":[{"href":"https:\/\/heuteinfo.de\/index.php?rest_route=\/wp\/v2\/types\/post"}],"author":[{"embeddable":true,"href":"https:\/\/heuteinfo.de\/index.php?rest_route=\/wp\/v2\/users\/1"}],"replies":[{"embeddable":true,"href":"https:\/\/heuteinfo.de\/index.php?rest_route=%2Fwp%2Fv2%2Fcomments&post=2247"}],"version-history":[{"count":3,"href":"https:\/\/heuteinfo.de\/index.php?rest_route=\/wp\/v2\/posts\/2247\/revisions"}],"predecessor-version":[{"id":10744,"href":"https:\/\/heuteinfo.de\/index.php?rest_route=\/wp\/v2\/posts\/2247\/revisions\/10744"}],"wp:featuredmedia":[{"embeddable":true,"href":"https:\/\/heuteinfo.de\/index.php?rest_route=\/wp\/v2\/media\/2250"}],"wp:attachment":[{"href":"https:\/\/heuteinfo.de\/index.php?rest_route=%2Fwp%2Fv2%2Fmedia&parent=2247"}],"wp:term":[{"taxonomy":"category","embeddable":true,"href":"https:\/\/heuteinfo.de\/index.php?rest_route=%2Fwp%2Fv2%2Fcategories&post=2247"},{"taxonomy":"post_tag","embeddable":true,"href":"https:\/\/heuteinfo.de\/index.php?rest_route=%2Fwp%2Fv2%2Ftags&post=2247"}],"curies":[{"name":"wp","href":"https:\/\/api.w.org\/{rel}","templated":true}]}}