{"id":2264,"date":"2025-11-24T13:32:57","date_gmt":"2025-11-24T13:32:57","guid":{"rendered":"https:\/\/heuteinfo.de\/?p=2264"},"modified":"2026-02-27T12:18:25","modified_gmt":"2026-02-27T12:18:25","slug":"trodeltrupp-moderator-tot","status":"publish","type":"post","link":"https:\/\/heuteinfo.de\/?p=2264","title":{"rendered":"Tr\u00f6deltrupp Moderator tot \u2013 Was steckt wirklich hinter diesem Ger\u00fccht?"},"content":{"rendered":"\n<p>Der Begriff <strong>\u201e<a href=\"https:\/\/www.zauberer-in-stuttgart.de\/troedeltrupp-moderator-tot\/#:~:text=Otto%20Schulte%20vom%20Tr%C3%B6deltrupp%20%E2%80%93%20lebendig,Ihm%20und%20daher%20folgende%20Klarstellung.\" data-type=\"link\" data-id=\"https:\/\/www.zauberer-in-stuttgart.de\/troedeltrupp-moderator-tot\/#:~:text=Otto%20Schulte%20vom%20Tr%C3%B6deltrupp%20%E2%80%93%20lebendig,Ihm%20und%20daher%20folgende%20Klarstellung.\">Tr\u00f6deltrupp Moderator<\/a> tot\u201c<\/strong> sorgt seit einiger Zeit f\u00fcr viele Fragen im Internet. Menschen, die die Sendung <em>Der Tr\u00f6deltrupp<\/em> gerne schauen, erschrecken schnell, wenn pl\u00f6tzlich solche Worte auftauchen. Die Moderatoren wirken in der Show sehr nahbar, herzlich und menschlich \u2013 deshalb trifft ein m\u00f6gliches Schicksal sie emotional besonders stark.<\/p>\n\n\n\n<p>Oft beginnt so ein Ger\u00fccht einfacher, als man denkt. Ein falscher Artikel, ein missverst\u00e4ndlicher Social-Media-Post oder eine rei\u00dferische \u00dcberschrift reicht aus, damit viele Menschen glauben, ein Moderator sei gestorben. Sobald der Satz <strong>\u201eTr\u00f6deltrupp Moderator tot\u201c<\/strong> online auftaucht, verbreitet er sich schnell weiter, denn jeder m\u00f6chte \u201ewissen, was passiert ist\u201c.<\/p>\n\n\n\n<h2 class=\"wp-block-heading\"><strong>Wie entstand das Ger\u00fccht \u201eTr\u00f6deltrupp Moderator tot\u201c?<\/strong><\/h2>\n\n\n\n<p>Ger\u00fcchte entstehen selten durch echte Nachrichten. In diesem Fall begann alles mit einigen fragw\u00fcrdigen Beitr\u00e4gen im Internet. Dort wurde behauptet, ein Moderator sei verstorben, allerdings ohne Beweise oder offizielle Best\u00e4tigung. Solche Beitr\u00e4ge dienen oft nur einem Zweck: Aufmerksamkeit. Viele Webseiten wissen, dass Schlagzeilen wie <strong>\u201eTr\u00f6deltrupp Moderator tot \u2013 Fans geschockt\u201c<\/strong> sehr schnell geklickt werden. Menschen m\u00f6chten sofort wissen, ob ihre Lieblingsperson wirklich betroffen ist.<\/p>\n\n\n\n<ul class=\"wp-block-list\">\n<li><strong>Clickbait<\/strong> \u2013 \u00dcberschriften, die schockieren sollen<\/li>\n\n\n\n<li><strong>Missverst\u00e4ndnisse<\/strong> \u2013 jemand interpretiert einen alten Artikel falsch<\/li>\n\n\n\n<li><strong>Verwechslungen<\/strong> \u2013 Personen mit \u00e4hnlichen Namen<\/li>\n\n\n\n<li><strong>Falsche Social-Media-Posts<\/strong> \u2013 jemand schreibt etwas Unklares, andere glauben es sofort<\/li>\n<\/ul>\n\n\n\n<p>So entstand schlie\u00dflich die Behauptung <strong>\u201eTr\u00f6deltrupp Moderator tot\u201c<\/strong>, ohne dass es daf\u00fcr irgendeinen realen Anlass gab.<\/p>\n\n\n\n<h2 class=\"wp-block-heading\"><strong>Der Faktencheck \u2013 Ist ein Tr\u00f6deltrupp Moderator wirklich tot?<\/strong><\/h2>\n\n\n\n<p>Die klare Antwort lautet: <strong>Nein.<\/strong> Keiner der Tr\u00f6deltrupp-Moderatoren ist verstorben. Weder Otto Schulte noch Mauro Corradino oder S\u00fckr\u00fc Pehlivan. Weder Sender, noch Familie, noch Moderatoren selbst haben jemals best\u00e4tigt, dass irgendein Mitglied des Teams gestorben sei.<\/p>\n\n\n\n<p>Die Ger\u00fcchte stammen ausschlie\u00dflich aus unseri\u00f6sen Quellen. Solange keine offizielle Best\u00e4tigung von RTLZWEI oder den Personen selbst kommt, ist es wichtig, solche Aussagen nicht ernst zu nehmen. Viele Fans waren erschrocken, weil bestimmte Seiten den Eindruck erweckten, etwas Dramatisches sei passiert. Doch ein Faktencheck zeigt schnell: Die Mel\u00addung <strong>\u201eTr\u00f6deltrupp Moderator tot\u201c<\/strong> ist frei erfunden.<\/p>\n\n\n\n<h2 class=\"wp-block-heading\"><strong>Hintergr\u00fcnde zur Sendung \u2013 Warum Fans so emotional reagieren<\/strong><\/h2>\n\n\n\n<p><em>Der Tr\u00f6deltrupp \u2013 Das Geld liegt im Keller<\/em> ist mehr als nur eine Show \u00fcber alte Sachen. Die Sendung begleitet Menschen in emotionalen Lebensphasen: Wohnungsaufl\u00f6sungen, Erbschaften oder harte Schicksalsschl\u00e4ge.<\/p>\n\n\n\n<p>Die Moderatoren unterst\u00fctzen nicht nur beim Sortieren und Verkaufen der Dinge, sondern geben auch Trost, Mut und Motivation. Viele Zuschauer lieben genau diese Mischung aus Herz, Humor und echtem Leben. Dadurch entsteht eine echte Bindung zu den Moderatoren. Wenn dann pl\u00f6tzlich eine Meldung wie <strong>\u201eTr\u00f6deltrupp Moderator tot\u201c<\/strong> auftaucht, f\u00fchlt es sich f\u00fcr viele so an, als w\u00e4re ein guter Freund betroffen.<\/p>\n\n\n\n<h2 class=\"wp-block-heading\"><strong>Welche Auswirkungen haben solche Ger\u00fcchte?<\/strong><\/h2>\n\n\n\n<p>Ger\u00fcchte \u00fcber den Tod eines Menschen sind nie harmlos. Sie k\u00f6nnen viel Schaden anrichten \u2013 bei Betroffenen und bei Fans.<\/p>\n\n\n\n<h3 class=\"wp-block-heading\">Auswirkungen auf den Moderator:<\/h3>\n\n\n\n<ul class=\"wp-block-list\">\n<li>Stress f\u00fcr ihn und seine Familie<\/li>\n\n\n\n<li>Unn\u00f6tige Sorge und falsche Spekulationen<\/li>\n\n\n\n<li>Eingriffe in die Privatsph\u00e4re<\/li>\n<\/ul>\n\n\n\n<h3 class=\"wp-block-heading\">Auswirkungen auf die Zuschauer:<\/h3>\n\n\n\n<ul class=\"wp-block-list\">\n<li>Angst, Wut oder Traurigkeit<\/li>\n\n\n\n<li>Verwirrung, weil sie nicht wissen, was stimmt<\/li>\n\n\n\n<li>Zweifel an Medien und Plattformen<\/li>\n<\/ul>\n\n\n\n<p>Ger\u00fcchte wie <strong>\u201eTr\u00f6deltrupp Moderator tot\u201c<\/strong> zeigen, wie wichtig es ist, Informationen zu pr\u00fcfen und nicht alles sofort zu glauben.<\/p>\n\n\n\n<h2 class=\"wp-block-heading\"><strong>Wie erkennt man Falschmeldungen besser?<\/strong><\/h2>\n\n\n\n<p>Viele Menschen teilen Meldungen schnell weiter, ohne zu pr\u00fcfen, ob sie echt sind. So kann jede Nachricht \u2013 auch eine falsche \u2013 innerhalb weniger Minuten viral gehen.<\/p>\n\n\n\n<p>Hier ein paar einfache Merkmale, an denen man Fake-News erkennt:<\/p>\n\n\n\n<ul class=\"wp-block-list\">\n<li>Es gibt keine offiziellen Quellen<\/li>\n\n\n\n<li>Die \u00dcberschrift klingt extrem dramatisch<\/li>\n\n\n\n<li>Der Artikel enth\u00e4lt kaum Fakten<\/li>\n\n\n\n<li>Die Seite wirkt unseri\u00f6s oder unbekannt<\/li>\n\n\n\n<li>Der Text hat viele Fehler oder wirkt \u00fcberst\u00fcrzt geschrieben<\/li>\n<\/ul>\n\n\n\n<p>Wenn du also wieder auf eine Meldung wie <strong>\u201eTr\u00f6deltrupp Moderator tot\u201c<\/strong> st\u00f6\u00dft, lohnt es sich, kurz innezuhalten und nach echten Informationen zu suchen.<\/p>\n\n\n\n<h2 class=\"wp-block-heading\"><strong>FAQ zum Thema \u201eTr\u00f6deltrupp Moderator tot\u201c<\/strong><\/h2>\n\n\n\n<p><strong>Ist ein Tr\u00f6deltrupp Moderator wirklich gestorben?<\/strong><br>Nein, keiner der Moderatoren ist tot. Das Ger\u00fccht ist falsch.<\/p>\n\n\n\n<p><strong>Warum wird besonders Otto Schulte damit in Verbindung gebracht?<\/strong><br>Weil er eines der bekanntesten Gesichter der Sendung ist und dadurch h\u00e4ufiger im Mittelpunkt von Spekulationen steht.<\/p>\n\n\n\n<p><strong>Woher kommen solche Meldungen?<\/strong><br>Oft aus Social Media, Klick-Seiten oder Missverst\u00e4ndnissen.<\/p>\n\n\n\n<p><strong>Wie sch\u00fctzt man sich vor Fake-News?<\/strong><br>Immer pr\u00fcfen, ob es offizielle Quellen gibt und nicht alles sofort weiterteilen.<\/p>\n\n\n\n<h2 class=\"wp-block-heading\"><strong>Fazit<\/strong><\/h2>\n\n\n\n<p>Es handelt sich um eine typische Internet-Falschmeldung, die durch Missverst\u00e4ndnisse oder Sensationslust verbreitet wurde. Gerade weil die Moderatoren bei den Zuschauern so beliebt sind, wirken solche Meldungen besonders heftig. Wichtig bleibt: Nicht alles glauben, was online steht \u2014 und im Zweifel immer pr\u00fcfen, ob es eine offizielle Best\u00e4tigung gibt.<\/p>\n\n\n\n<p><strong>Mher Lesson:<em>\u00a0<\/em><\/strong> <strong><a href=\"https:\/\/heuteinfo.de\/2025\/11\/23\/emma-raacke-brunckhorst\/\" data-type=\"link\" data-id=\"https:\/\/heuteinfo.de\/2025\/11\/23\/emma-raacke-brunckhorst\/\">Emma Raacke-Brunckhorst<br><\/a><\/strong><\/p>\n","protected":false},"excerpt":{"rendered":"<p>Der Begriff \u201eTr\u00f6deltrupp Moderator tot\u201c sorgt seit einiger Zeit f\u00fcr viele Fragen im Internet. Menschen, die die Sendung Der Tr\u00f6deltrupp gerne schauen, erschrecken schnell, wenn pl\u00f6tzlich solche Worte auftauchen. Die Moderatoren wirken in der Show sehr nahbar, herzlich und menschlich \u2013 deshalb trifft ein m\u00f6gliches Schicksal sie emotional besonders stark. Oft beginnt so ein Ger\u00fccht [&hellip;]<\/p>\n","protected":false},"author":1,"featured_media":2265,"comment_status":"closed","ping_status":"open","sticky":false,"template":"","format":"standard","meta":{"footnotes":""},"categories":[39],"tags":[],"class_list":["post-2264","post","type-post","status-publish","format-standard","has-post-thumbnail","hentry","category-lebensstil"],"yoast_head":"<!-- This site is optimized with the Yoast SEO plugin v27.4 - https:\/\/yoast.com\/product\/yoast-seo-wordpress\/ -->\n<title>Tr\u00f6deltrupp Moderator tot \u2013 Was steckt wirklich hinter diesem Ger\u00fccht? - heuteinfo.de<\/title>\n<meta name=\"robots\" content=\"index, follow, max-snippet:-1, max-image-preview:large, max-video-preview:-1\" \/>\n<link rel=\"canonical\" href=\"https:\/\/heuteinfo.de\/?p=2264\" \/>\n<meta property=\"og:locale\" content=\"en_US\" \/>\n<meta property=\"og:type\" content=\"article\" \/>\n<meta property=\"og:title\" content=\"Tr\u00f6deltrupp Moderator tot \u2013 Was steckt wirklich hinter diesem Ger\u00fccht? - heuteinfo.de\" \/>\n<meta property=\"og:description\" content=\"Der Begriff \u201eTr\u00f6deltrupp Moderator tot\u201c sorgt seit einiger Zeit f\u00fcr viele Fragen im Internet. Menschen, die die Sendung Der Tr\u00f6deltrupp gerne schauen, erschrecken schnell, wenn pl\u00f6tzlich solche Worte auftauchen. Die Moderatoren wirken in der Show sehr nahbar, herzlich und menschlich \u2013 deshalb trifft ein m\u00f6gliches Schicksal sie emotional besonders stark. Oft beginnt so ein Ger\u00fccht [&hellip;]\" \/>\n<meta property=\"og:url\" content=\"https:\/\/heuteinfo.de\/?p=2264\" \/>\n<meta property=\"og:site_name\" content=\"heuteinfo.de\" \/>\n<meta property=\"article:published_time\" content=\"2025-11-24T13:32:57+00:00\" \/>\n<meta property=\"article:modified_time\" content=\"2026-02-27T12:18:25+00:00\" \/>\n<meta property=\"og:image\" content=\"https:\/\/heuteinfo.de\/wp-content\/uploads\/2025\/11\/2adc670ca507037f282a18d38e655dfb.jpg\" \/>\n\t<meta property=\"og:image:width\" content=\"736\" \/>\n\t<meta property=\"og:image:height\" content=\"414\" \/>\n\t<meta property=\"og:image:type\" content=\"image\/jpeg\" \/>\n<meta name=\"author\" content=\"ahmedhassan98764@gmail.com\" \/>\n<meta name=\"twitter:card\" content=\"summary_large_image\" \/>\n<meta name=\"twitter:label1\" content=\"Written by\" \/>\n\t<meta name=\"twitter:data1\" content=\"ahmedhassan98764@gmail.com\" \/>\n\t<meta name=\"twitter:label2\" content=\"Est. reading time\" \/>\n\t<meta name=\"twitter:data2\" content=\"4 minutes\" \/>\n<script type=\"application\/ld+json\" class=\"yoast-schema-graph\">{\"@context\":\"https:\\\/\\\/schema.org\",\"@graph\":[{\"@type\":\"Article\",\"@id\":\"https:\\\/\\\/heuteinfo.de\\\/?p=2264#article\",\"isPartOf\":{\"@id\":\"https:\\\/\\\/heuteinfo.de\\\/?p=2264\"},\"author\":{\"name\":\"ahmedhassan98764@gmail.com\",\"@id\":\"https:\\\/\\\/heuteinfo.de\\\/#\\\/schema\\\/person\\\/94a0e25dd819e325bc73714b2b0e6250\"},\"headline\":\"Tr\u00f6deltrupp Moderator tot \u2013 Was steckt wirklich hinter diesem Ger\u00fccht?\",\"datePublished\":\"2025-11-24T13:32:57+00:00\",\"dateModified\":\"2026-02-27T12:18:25+00:00\",\"mainEntityOfPage\":{\"@id\":\"https:\\\/\\\/heuteinfo.de\\\/?p=2264\"},\"wordCount\":790,\"image\":{\"@id\":\"https:\\\/\\\/heuteinfo.de\\\/?p=2264#primaryimage\"},\"thumbnailUrl\":\"https:\\\/\\\/heuteinfo.de\\\/wp-content\\\/uploads\\\/2025\\\/11\\\/2adc670ca507037f282a18d38e655dfb.jpg\",\"articleSection\":[\"Lebensstil\"],\"inLanguage\":\"en-US\"},{\"@type\":\"WebPage\",\"@id\":\"https:\\\/\\\/heuteinfo.de\\\/?p=2264\",\"url\":\"https:\\\/\\\/heuteinfo.de\\\/?p=2264\",\"name\":\"Tr\u00f6deltrupp Moderator tot \u2013 Was steckt wirklich hinter diesem Ger\u00fccht? - heuteinfo.de\",\"isPartOf\":{\"@id\":\"https:\\\/\\\/heuteinfo.de\\\/#website\"},\"primaryImageOfPage\":{\"@id\":\"https:\\\/\\\/heuteinfo.de\\\/?p=2264#primaryimage\"},\"image\":{\"@id\":\"https:\\\/\\\/heuteinfo.de\\\/?p=2264#primaryimage\"},\"thumbnailUrl\":\"https:\\\/\\\/heuteinfo.de\\\/wp-content\\\/uploads\\\/2025\\\/11\\\/2adc670ca507037f282a18d38e655dfb.jpg\",\"datePublished\":\"2025-11-24T13:32:57+00:00\",\"dateModified\":\"2026-02-27T12:18:25+00:00\",\"author\":{\"@id\":\"https:\\\/\\\/heuteinfo.de\\\/#\\\/schema\\\/person\\\/94a0e25dd819e325bc73714b2b0e6250\"},\"breadcrumb\":{\"@id\":\"https:\\\/\\\/heuteinfo.de\\\/?p=2264#breadcrumb\"},\"inLanguage\":\"en-US\",\"potentialAction\":[{\"@type\":\"ReadAction\",\"target\":[\"https:\\\/\\\/heuteinfo.de\\\/?p=2264\"]}]},{\"@type\":\"ImageObject\",\"inLanguage\":\"en-US\",\"@id\":\"https:\\\/\\\/heuteinfo.de\\\/?p=2264#primaryimage\",\"url\":\"https:\\\/\\\/heuteinfo.de\\\/wp-content\\\/uploads\\\/2025\\\/11\\\/2adc670ca507037f282a18d38e655dfb.jpg\",\"contentUrl\":\"https:\\\/\\\/heuteinfo.de\\\/wp-content\\\/uploads\\\/2025\\\/11\\\/2adc670ca507037f282a18d38e655dfb.jpg\",\"width\":736,\"height\":414,\"caption\":\"Tr\u00f6deltrupp Moderator tot\"},{\"@type\":\"BreadcrumbList\",\"@id\":\"https:\\\/\\\/heuteinfo.de\\\/?p=2264#breadcrumb\",\"itemListElement\":[{\"@type\":\"ListItem\",\"position\":1,\"name\":\"Home\",\"item\":\"https:\\\/\\\/heuteinfo.de\\\/\"},{\"@type\":\"ListItem\",\"position\":2,\"name\":\"Tr\u00f6deltrupp Moderator tot \u2013 Was steckt wirklich hinter diesem Ger\u00fccht?\"}]},{\"@type\":\"WebSite\",\"@id\":\"https:\\\/\\\/heuteinfo.de\\\/#website\",\"url\":\"https:\\\/\\\/heuteinfo.de\\\/\",\"name\":\"heuteinfo.de\",\"description\":\"\",\"potentialAction\":[{\"@type\":\"SearchAction\",\"target\":{\"@type\":\"EntryPoint\",\"urlTemplate\":\"https:\\\/\\\/heuteinfo.de\\\/?s={search_term_string}\"},\"query-input\":{\"@type\":\"PropertyValueSpecification\",\"valueRequired\":true,\"valueName\":\"search_term_string\"}}],\"inLanguage\":\"en-US\"},{\"@type\":\"Person\",\"@id\":\"https:\\\/\\\/heuteinfo.de\\\/#\\\/schema\\\/person\\\/94a0e25dd819e325bc73714b2b0e6250\",\"name\":\"ahmedhassan98764@gmail.com\",\"image\":{\"@type\":\"ImageObject\",\"inLanguage\":\"en-US\",\"@id\":\"https:\\\/\\\/secure.gravatar.com\\\/avatar\\\/e2e9655aa74e87126cf4d7a522342156dfe63385e2ce1859f3a68169de6937a9?s=96&d=mm&r=g\",\"url\":\"https:\\\/\\\/secure.gravatar.com\\\/avatar\\\/e2e9655aa74e87126cf4d7a522342156dfe63385e2ce1859f3a68169de6937a9?s=96&d=mm&r=g\",\"contentUrl\":\"https:\\\/\\\/secure.gravatar.com\\\/avatar\\\/e2e9655aa74e87126cf4d7a522342156dfe63385e2ce1859f3a68169de6937a9?s=96&d=mm&r=g\",\"caption\":\"ahmedhassan98764@gmail.com\"},\"sameAs\":[\"https:\\\/\\\/heuteinfo.de\"],\"url\":\"https:\\\/\\\/heuteinfo.de\\\/?author=1\"}]}<\/script>\n<!-- \/ Yoast SEO plugin. -->","yoast_head_json":{"title":"Tr\u00f6deltrupp Moderator tot \u2013 Was steckt wirklich hinter diesem Ger\u00fccht? - heuteinfo.de","robots":{"index":"index","follow":"follow","max-snippet":"max-snippet:-1","max-image-preview":"max-image-preview:large","max-video-preview":"max-video-preview:-1"},"canonical":"https:\/\/heuteinfo.de\/?p=2264","og_locale":"en_US","og_type":"article","og_title":"Tr\u00f6deltrupp Moderator tot \u2013 Was steckt wirklich hinter diesem Ger\u00fccht? - heuteinfo.de","og_description":"Der Begriff \u201eTr\u00f6deltrupp Moderator tot\u201c sorgt seit einiger Zeit f\u00fcr viele Fragen im Internet. Menschen, die die Sendung Der Tr\u00f6deltrupp gerne schauen, erschrecken schnell, wenn pl\u00f6tzlich solche Worte auftauchen. Die Moderatoren wirken in der Show sehr nahbar, herzlich und menschlich \u2013 deshalb trifft ein m\u00f6gliches Schicksal sie emotional besonders stark. Oft beginnt so ein Ger\u00fccht [&hellip;]","og_url":"https:\/\/heuteinfo.de\/?p=2264","og_site_name":"heuteinfo.de","article_published_time":"2025-11-24T13:32:57+00:00","article_modified_time":"2026-02-27T12:18:25+00:00","og_image":[{"width":736,"height":414,"url":"https:\/\/heuteinfo.de\/wp-content\/uploads\/2025\/11\/2adc670ca507037f282a18d38e655dfb.jpg","type":"image\/jpeg"}],"author":"ahmedhassan98764@gmail.com","twitter_card":"summary_large_image","twitter_misc":{"Written by":"ahmedhassan98764@gmail.com","Est. reading time":"4 minutes"},"schema":{"@context":"https:\/\/schema.org","@graph":[{"@type":"Article","@id":"https:\/\/heuteinfo.de\/?p=2264#article","isPartOf":{"@id":"https:\/\/heuteinfo.de\/?p=2264"},"author":{"name":"ahmedhassan98764@gmail.com","@id":"https:\/\/heuteinfo.de\/#\/schema\/person\/94a0e25dd819e325bc73714b2b0e6250"},"headline":"Tr\u00f6deltrupp Moderator tot \u2013 Was steckt wirklich hinter diesem Ger\u00fccht?","datePublished":"2025-11-24T13:32:57+00:00","dateModified":"2026-02-27T12:18:25+00:00","mainEntityOfPage":{"@id":"https:\/\/heuteinfo.de\/?p=2264"},"wordCount":790,"image":{"@id":"https:\/\/heuteinfo.de\/?p=2264#primaryimage"},"thumbnailUrl":"https:\/\/heuteinfo.de\/wp-content\/uploads\/2025\/11\/2adc670ca507037f282a18d38e655dfb.jpg","articleSection":["Lebensstil"],"inLanguage":"en-US"},{"@type":"WebPage","@id":"https:\/\/heuteinfo.de\/?p=2264","url":"https:\/\/heuteinfo.de\/?p=2264","name":"Tr\u00f6deltrupp Moderator tot \u2013 Was steckt wirklich hinter diesem Ger\u00fccht? - heuteinfo.de","isPartOf":{"@id":"https:\/\/heuteinfo.de\/#website"},"primaryImageOfPage":{"@id":"https:\/\/heuteinfo.de\/?p=2264#primaryimage"},"image":{"@id":"https:\/\/heuteinfo.de\/?p=2264#primaryimage"},"thumbnailUrl":"https:\/\/heuteinfo.de\/wp-content\/uploads\/2025\/11\/2adc670ca507037f282a18d38e655dfb.jpg","datePublished":"2025-11-24T13:32:57+00:00","dateModified":"2026-02-27T12:18:25+00:00","author":{"@id":"https:\/\/heuteinfo.de\/#\/schema\/person\/94a0e25dd819e325bc73714b2b0e6250"},"breadcrumb":{"@id":"https:\/\/heuteinfo.de\/?p=2264#breadcrumb"},"inLanguage":"en-US","potentialAction":[{"@type":"ReadAction","target":["https:\/\/heuteinfo.de\/?p=2264"]}]},{"@type":"ImageObject","inLanguage":"en-US","@id":"https:\/\/heuteinfo.de\/?p=2264#primaryimage","url":"https:\/\/heuteinfo.de\/wp-content\/uploads\/2025\/11\/2adc670ca507037f282a18d38e655dfb.jpg","contentUrl":"https:\/\/heuteinfo.de\/wp-content\/uploads\/2025\/11\/2adc670ca507037f282a18d38e655dfb.jpg","width":736,"height":414,"caption":"Tr\u00f6deltrupp Moderator tot"},{"@type":"BreadcrumbList","@id":"https:\/\/heuteinfo.de\/?p=2264#breadcrumb","itemListElement":[{"@type":"ListItem","position":1,"name":"Home","item":"https:\/\/heuteinfo.de\/"},{"@type":"ListItem","position":2,"name":"Tr\u00f6deltrupp Moderator tot \u2013 Was steckt wirklich hinter diesem Ger\u00fccht?"}]},{"@type":"WebSite","@id":"https:\/\/heuteinfo.de\/#website","url":"https:\/\/heuteinfo.de\/","name":"heuteinfo.de","description":"","potentialAction":[{"@type":"SearchAction","target":{"@type":"EntryPoint","urlTemplate":"https:\/\/heuteinfo.de\/?s={search_term_string}"},"query-input":{"@type":"PropertyValueSpecification","valueRequired":true,"valueName":"search_term_string"}}],"inLanguage":"en-US"},{"@type":"Person","@id":"https:\/\/heuteinfo.de\/#\/schema\/person\/94a0e25dd819e325bc73714b2b0e6250","name":"ahmedhassan98764@gmail.com","image":{"@type":"ImageObject","inLanguage":"en-US","@id":"https:\/\/secure.gravatar.com\/avatar\/e2e9655aa74e87126cf4d7a522342156dfe63385e2ce1859f3a68169de6937a9?s=96&d=mm&r=g","url":"https:\/\/secure.gravatar.com\/avatar\/e2e9655aa74e87126cf4d7a522342156dfe63385e2ce1859f3a68169de6937a9?s=96&d=mm&r=g","contentUrl":"https:\/\/secure.gravatar.com\/avatar\/e2e9655aa74e87126cf4d7a522342156dfe63385e2ce1859f3a68169de6937a9?s=96&d=mm&r=g","caption":"ahmedhassan98764@gmail.com"},"sameAs":["https:\/\/heuteinfo.de"],"url":"https:\/\/heuteinfo.de\/?author=1"}]}},"_links":{"self":[{"href":"https:\/\/heuteinfo.de\/index.php?rest_route=\/wp\/v2\/posts\/2264","targetHints":{"allow":["GET"]}}],"collection":[{"href":"https:\/\/heuteinfo.de\/index.php?rest_route=\/wp\/v2\/posts"}],"about":[{"href":"https:\/\/heuteinfo.de\/index.php?rest_route=\/wp\/v2\/types\/post"}],"author":[{"embeddable":true,"href":"https:\/\/heuteinfo.de\/index.php?rest_route=\/wp\/v2\/users\/1"}],"replies":[{"embeddable":true,"href":"https:\/\/heuteinfo.de\/index.php?rest_route=%2Fwp%2Fv2%2Fcomments&post=2264"}],"version-history":[{"count":3,"href":"https:\/\/heuteinfo.de\/index.php?rest_route=\/wp\/v2\/posts\/2264\/revisions"}],"predecessor-version":[{"id":10748,"href":"https:\/\/heuteinfo.de\/index.php?rest_route=\/wp\/v2\/posts\/2264\/revisions\/10748"}],"wp:featuredmedia":[{"embeddable":true,"href":"https:\/\/heuteinfo.de\/index.php?rest_route=\/wp\/v2\/media\/2265"}],"wp:attachment":[{"href":"https:\/\/heuteinfo.de\/index.php?rest_route=%2Fwp%2Fv2%2Fmedia&parent=2264"}],"wp:term":[{"taxonomy":"category","embeddable":true,"href":"https:\/\/heuteinfo.de\/index.php?rest_route=%2Fwp%2Fv2%2Fcategories&post=2264"},{"taxonomy":"post_tag","embeddable":true,"href":"https:\/\/heuteinfo.de\/index.php?rest_route=%2Fwp%2Fv2%2Ftags&post=2264"}],"curies":[{"name":"wp","href":"https:\/\/api.w.org\/{rel}","templated":true}]}}