{"id":2281,"date":"2025-11-25T13:56:23","date_gmt":"2025-11-25T13:56:23","guid":{"rendered":"https:\/\/heuteinfo.de\/?p=2281"},"modified":"2026-02-27T12:18:28","modified_gmt":"2026-02-27T12:18:28","slug":"uhrenumstellung","status":"publish","type":"post","link":"https:\/\/heuteinfo.de\/?p=2281","title":{"rendered":"Uhrenumstellung: Alles, was Sie \u00fcber die Zeitumstellung wissen m\u00fcssen"},"content":{"rendered":"\n<p>Die <strong><a href=\"https:\/\/www.hamburg.de\/freizeit\/jahreszeiten\/zeitumstellung-304830\" data-type=\"link\" data-id=\"https:\/\/www.hamburg.de\/freizeit\/jahreszeiten\/zeitumstellung-304830\">Uhrenumstellung<\/a><\/strong>, auch bekannt als <strong>Zeitumstellung<\/strong>, betrifft zweimal im Jahr Millionen von Menschen in Deutschland und vielen anderen europ\u00e4ischen L\u00e4ndern. Im Fr\u00fchjahr wird die Uhr <strong>eine Stunde vorgestellt<\/strong>, um die <strong>Sommerzeit<\/strong> zu beginnen, und im Herbst wird sie <strong>eine Stunde zur\u00fcckgestellt<\/strong>, um wieder zur <strong>Winterzeit<\/strong> zu wechseln.<\/p>\n\n\n\n<p>Auf den ersten Blick mag die Uhrenumstellung wie eine kleine Ver\u00e4nderung erscheinen, doch sie hat tats\u00e4chlich <strong>gro\u00dfe Auswirkungen auf unseren Alltag, unseren Schlaf und sogar unsere Gesundheit<\/strong>. Urspr\u00fcnglich wurde die Umstellung eingef\u00fchrt, um das Tageslicht besser zu nutzen und <strong>Energie zu sparen<\/strong>. In den letzten Jahren wird jedoch immer wieder diskutiert, ob diese Vorteile noch realistisch sind oder ob die <strong>gesundheitlichen Nachteile \u00fcberwiegen<\/strong>.<\/p>\n\n\n\n<h2 class=\"wp-block-heading\"><strong>Was ist die Uhrenumstellung?<\/strong><\/h2>\n\n\n\n<p>Die <strong>Uhrenumstellung<\/strong> bezeichnet das halbj\u00e4hrliche Verstellen der Uhr, um zwischen Sommerzeit und Winterzeit zu wechseln. Im Fr\u00fchjahr wird die Uhr <strong>eine Stunde vorgestellt<\/strong>, im Herbst wieder zur\u00fcckgestellt. Der Hauptgrund: <strong>Tageslicht besser nutzen<\/strong>, sodass es abends l\u00e4nger hell bleibt.<\/p>\n\n\n\n<p>Die Umstellung erfolgt nachts zwischen <strong>2 und 3 Uhr<\/strong>, um m\u00f6glichst wenig Menschen im Alltag zu st\u00f6ren. Eine einfache Eselsbr\u00fccke lautet: Fakten zur Uhrenumstellung in Deutschland<\/p>\n\n\n\n<figure class=\"wp-block-table\"><table class=\"has-fixed-layout\"><thead><tr><th>Punkt<\/th><th>Information<\/th><\/tr><\/thead><tbody><tr><td>Fr\u00fchjahrsumstellung<\/td><td>Letzter Sonntag im M\u00e4rz, Uhr wird 1 Stunde vorgestellt<\/td><\/tr><tr><td>Herbstumstellung<\/td><td>Letzter Sonntag im Oktober, Uhr wird 1 Stunde zur\u00fcckgestellt<\/td><\/tr><tr><td>Zweck<\/td><td>Tageslichtnutzung, Energieeinsparung<\/td><\/tr><tr><td>Gesundheitliche Auswirkungen<\/td><td>M\u00fcdigkeit, Schlafst\u00f6rungen, Konzentrationsprobleme<\/td><\/tr><tr><td>Internationale Unterschiede<\/td><td>Nicht alle L\u00e4nder stellen die Uhr um<\/td><\/tr><\/tbody><\/table><\/figure>\n\n\n\n<h2 class=\"wp-block-heading\"><strong>Wann findet die Uhrenumstellung statt?<\/strong><\/h2>\n\n\n\n<p>In Deutschland und den meisten europ\u00e4ischen L\u00e4ndern findet die <strong>Uhrenumstellung<\/strong> <strong>zweimal j\u00e4hrlich<\/strong> statt:<\/p>\n\n\n\n<ul class=\"wp-block-list\">\n<li><strong>Sommerzeit<\/strong>: Letzter Sonntag im M\u00e4rz, Uhr wird <strong>eine Stunde vorgestellt<\/strong>. Abends ist es l\u00e4nger hell.<\/li>\n\n\n\n<li><strong>Winterzeit \/ Normalzeit<\/strong>: Letzter Sonntag im Oktober, Uhr wird <strong>eine Stunde zur\u00fcckgestellt<\/strong>. Abends wird es fr\u00fcher dunkel.<\/li>\n<\/ul>\n\n\n\n<p>International gibt es Unterschiede: W\u00e4hrend viele europ\u00e4ische und nordamerikanische L\u00e4nder die Umstellung beibehalten, verzichten einige L\u00e4nder, z.\u202fB. in Afrika oder Asien, komplett darauf. Innerhalb der EU wird derzeit diskutiert, die Umstellung abzuschaffen, da sie als belastend empfunden wird.<\/p>\n\n\n\n<h2 class=\"wp-block-heading\"><strong>Warum gibt es die Uhrenumstellung?<\/strong><\/h2>\n\n\n\n<p>Die Idee der <strong>Uhrenumstellung<\/strong> entstand aus praktischen Gr\u00fcnden: Tageslicht besser nutzen und Energie sparen. Historisch gesehen gab es die Sommerzeit erstmals im <strong>Ersten Weltkrieg<\/strong>, dann wieder in Zeiten von Energiekrisen wie den 1970er Jahren.<\/p>\n\n\n\n<p>Heute wird die Effektivit\u00e4t der Zeitumstellung kritisch betrachtet. Viele Studien zeigen, dass die Energieeinsparung minimal ist, w\u00e4hrend die gesundheitlichen Auswirkungen deutlicher werden:<\/p>\n\n\n\n<ul class=\"wp-block-list\">\n<li><strong>Gest\u00f6rter Schlaf<\/strong><\/li>\n\n\n\n<li><strong>M\u00fcdigkeit und Konzentrationsprobleme<\/strong><\/li>\n\n\n\n<li><strong>Leicht erh\u00f6htes Risiko f\u00fcr Herzprobleme<\/strong><\/li>\n<\/ul>\n\n\n\n<p>Die Diskussion \u00fcber die Abschaffung der Uhrenumstellung wird auch politisch gef\u00fchrt. Viele Menschen empfinden die Umstellung als belastend und w\u00fcnschen sich <strong>eine ganzj\u00e4hrige Standardzeit<\/strong>.<\/p>\n\n\n\n<h2 class=\"wp-block-heading\"><strong>Auswirkungen der Uhrenumstellung<\/strong><\/h2>\n\n\n\n<p>Die <strong>Uhrenumstellung<\/strong> betrifft nicht nur den Schlaf, sondern auch <strong>Wirtschaft, Verkehr und Technik<\/strong>.<\/p>\n\n\n\n<ul class=\"wp-block-list\">\n<li><strong>Gesundheitlich:<\/strong> M\u00fcdigkeit, Konzentrationsst\u00f6rungen, Stimmungsschwankungen und kurzzeitig erh\u00f6htes Risiko f\u00fcr Herzprobleme.<\/li>\n\n\n\n<li><strong>Wirtschaftlich:<\/strong> Produktivit\u00e4t kann kurzfristig sinken, insbesondere in B\u00fcros und im Transportwesen.<\/li>\n\n\n\n<li><strong>Technisch:<\/strong> IT-Systeme und Ger\u00e4te m\u00fcssen angepasst werden, automatische Updates helfen, Fehler zu vermeiden.<\/li>\n<\/ul>\n\n\n\n<p><strong>Studie:<\/strong> Laut einer Untersuchung der Universit\u00e4t M\u00fcnster berichten 60\u202f% der Befragten \u00fcber <strong>Schlafprobleme nach der Umstellung<\/strong>, und etwa 25\u202f% f\u00fchlen sich <strong>\u00fcber mehrere Tage ersch\u00f6pft<\/strong>.<\/p>\n\n\n\n<h2 class=\"wp-block-heading\"><strong>Tipps, um die Uhrenumstellung gut zu \u00fcberstehen<\/strong><\/h2>\n\n\n\n<p>Wer einige einfache Strategien beachtet, kann die Umstellung deutlich leichter meistern:<\/p>\n\n\n\n<ol class=\"wp-block-list\">\n<li><strong>Schlafrhythmus vorbereiten:<\/strong> Schon ein paar Tage vor der Umstellung fr\u00fcher ins Bett gehen.<\/li>\n\n\n\n<li><strong>Licht nutzen:<\/strong> Morgens viel Tageslicht tanken, um den biologischen Rhythmus zu unterst\u00fctzen.<\/li>\n\n\n\n<li><strong>Routine beibehalten:<\/strong> Mahlzeiten, Arbeit und Sport m\u00f6glichst zu festen Zeiten durchf\u00fchren.<\/li>\n\n\n\n<li><strong>Digitaler Check:<\/strong> Alle Uhren und Ger\u00e4te \u00fcberpr\u00fcfen, damit keine Termine durcheinanderkommen.<\/li>\n<\/ol>\n\n\n\n<p>Diese Tipps helfen, den <strong>\u201eMini-Jetlag\u201c<\/strong> zu verk\u00fcrzen und schneller wieder in den normalen Rhythmus zu kommen.<\/p>\n\n\n\n<h2 class=\"wp-block-heading\"><strong>H\u00e4ufige Fragen zur Uhrenumstellung<\/strong><\/h2>\n\n\n\n<ul class=\"wp-block-list\">\n<li><strong>Wann genau stelle ich die Uhr vor bzw. zur\u00fcck?<\/strong><br>Letzter Sonntag im M\u00e4rz: vor; letzter Sonntag im Oktober: zur\u00fcck.<\/li>\n\n\n\n<li><strong>Was passiert mit der verlorenen Stunde?<\/strong><br>Im Fr\u00fchjahr \u201everliert\u201c man eine Stunde Schlaf, im Herbst wird eine Stunde \u201egeschenkt\u201c.<\/li>\n\n\n\n<li><strong>Gilt die Uhrenumstellung weltweit?<\/strong><br>Nein, nicht alle L\u00e4nder stellen die Uhr um. Viele L\u00e4nder in Afrika und Asien verzichten darauf.<\/li>\n\n\n\n<li><strong>Kann die Umstellung gesundheitliche Probleme verursachen?<\/strong><br>Kurzfristig ja: M\u00fcdigkeit, Konzentrationsprobleme, leichte Stimmungsschwankungen.<\/li>\n<\/ul>\n\n\n\n<h2 class=\"wp-block-heading\"><strong>Fazit<\/strong><\/h2>\n\n\n\n<p>Die <strong>Uhrenumstellung<\/strong> ist mehr als nur das Drehen der Zeiger auf der Uhr. Sie beeinflusst unseren <strong>Schlaf, unsere Gesundheit, unseren Alltag und die Wirtschaft<\/strong>. Wer gut vorbereitet ist, kann die Umstellung problemlos meistern und sogar die Vorteile l\u00e4ngerer Tageslichtstunden genie\u00dfen.<\/p>\n\n\n\n<p>Die Diskussion \u00fcber ihre Zukunft geht weiter: In vielen L\u00e4ndern wird \u00fcberlegt, die <strong>halbj\u00e4hrliche Umstellung abzuschaffen<\/strong>, um die Belastung f\u00fcr Menschen und Systeme zu reduzieren. Bis dahin ist es wichtig, die <strong>Uhrenumstellung bewusst wahrzunehmen<\/strong> und den eigenen Alltag darauf einzustellen.<\/p>\n\n\n\n<p><strong>Mher Lesson:\u00a0<\/strong> <strong><a href=\"https:\/\/heuteinfo.de\/2025\/11\/25\/kasselladiesmarkt\/\" data-type=\"link\" data-id=\"https:\/\/heuteinfo.de\/2025\/11\/25\/kasselladiesmarkt\/\">KasselLadiesMarkt<br><\/a><\/strong><\/p>\n","protected":false},"excerpt":{"rendered":"<p>Die Uhrenumstellung, auch bekannt als Zeitumstellung, betrifft zweimal im Jahr Millionen von Menschen in Deutschland und vielen anderen europ\u00e4ischen L\u00e4ndern. Im Fr\u00fchjahr wird die Uhr eine Stunde vorgestellt, um die Sommerzeit zu beginnen, und im Herbst wird sie eine Stunde zur\u00fcckgestellt, um wieder zur Winterzeit zu wechseln. Auf den ersten Blick mag die Uhrenumstellung wie [&hellip;]<\/p>\n","protected":false},"author":1,"featured_media":2282,"comment_status":"closed","ping_status":"open","sticky":false,"template":"","format":"standard","meta":{"footnotes":""},"categories":[39],"tags":[],"class_list":["post-2281","post","type-post","status-publish","format-standard","has-post-thumbnail","hentry","category-lebensstil"],"yoast_head":"<!-- This site is optimized with the Yoast SEO plugin v27.4 - https:\/\/yoast.com\/product\/yoast-seo-wordpress\/ -->\n<title>Uhrenumstellung: Alles, was Sie \u00fcber die Zeitumstellung wissen m\u00fcssen - heuteinfo.de<\/title>\n<meta name=\"robots\" content=\"index, follow, max-snippet:-1, max-image-preview:large, max-video-preview:-1\" \/>\n<link rel=\"canonical\" href=\"https:\/\/heuteinfo.de\/?p=2281\" \/>\n<meta property=\"og:locale\" content=\"en_US\" \/>\n<meta property=\"og:type\" content=\"article\" \/>\n<meta property=\"og:title\" content=\"Uhrenumstellung: Alles, was Sie \u00fcber die Zeitumstellung wissen m\u00fcssen - heuteinfo.de\" \/>\n<meta property=\"og:description\" content=\"Die Uhrenumstellung, auch bekannt als Zeitumstellung, betrifft zweimal im Jahr Millionen von Menschen in Deutschland und vielen anderen europ\u00e4ischen L\u00e4ndern. Im Fr\u00fchjahr wird die Uhr eine Stunde vorgestellt, um die Sommerzeit zu beginnen, und im Herbst wird sie eine Stunde zur\u00fcckgestellt, um wieder zur Winterzeit zu wechseln. Auf den ersten Blick mag die Uhrenumstellung wie [&hellip;]\" \/>\n<meta property=\"og:url\" content=\"https:\/\/heuteinfo.de\/?p=2281\" \/>\n<meta property=\"og:site_name\" content=\"heuteinfo.de\" \/>\n<meta property=\"article:published_time\" content=\"2025-11-25T13:56:23+00:00\" \/>\n<meta property=\"article:modified_time\" content=\"2026-02-27T12:18:28+00:00\" \/>\n<meta property=\"og:image\" content=\"https:\/\/heuteinfo.de\/wp-content\/uploads\/2025\/11\/cb76eb8f-c445-4d3a-ad1a-27d1a70b9c72.jpeg\" \/>\n\t<meta property=\"og:image:width\" content=\"1602\" \/>\n\t<meta property=\"og:image:height\" content=\"900\" \/>\n\t<meta property=\"og:image:type\" content=\"image\/jpeg\" \/>\n<meta name=\"author\" content=\"ahmedhassan98764@gmail.com\" \/>\n<meta name=\"twitter:card\" content=\"summary_large_image\" \/>\n<meta name=\"twitter:label1\" content=\"Written by\" \/>\n\t<meta name=\"twitter:data1\" content=\"ahmedhassan98764@gmail.com\" \/>\n\t<meta name=\"twitter:label2\" content=\"Est. reading time\" \/>\n\t<meta name=\"twitter:data2\" content=\"4 minutes\" \/>\n<script type=\"application\/ld+json\" class=\"yoast-schema-graph\">{\"@context\":\"https:\\\/\\\/schema.org\",\"@graph\":[{\"@type\":\"Article\",\"@id\":\"https:\\\/\\\/heuteinfo.de\\\/?p=2281#article\",\"isPartOf\":{\"@id\":\"https:\\\/\\\/heuteinfo.de\\\/?p=2281\"},\"author\":{\"name\":\"ahmedhassan98764@gmail.com\",\"@id\":\"https:\\\/\\\/heuteinfo.de\\\/#\\\/schema\\\/person\\\/94a0e25dd819e325bc73714b2b0e6250\"},\"headline\":\"Uhrenumstellung: Alles, was Sie \u00fcber die Zeitumstellung wissen m\u00fcssen\",\"datePublished\":\"2025-11-25T13:56:23+00:00\",\"dateModified\":\"2026-02-27T12:18:28+00:00\",\"mainEntityOfPage\":{\"@id\":\"https:\\\/\\\/heuteinfo.de\\\/?p=2281\"},\"wordCount\":793,\"image\":{\"@id\":\"https:\\\/\\\/heuteinfo.de\\\/?p=2281#primaryimage\"},\"thumbnailUrl\":\"https:\\\/\\\/heuteinfo.de\\\/wp-content\\\/uploads\\\/2025\\\/11\\\/cb76eb8f-c445-4d3a-ad1a-27d1a70b9c72.jpeg\",\"articleSection\":[\"Lebensstil\"],\"inLanguage\":\"en-US\"},{\"@type\":\"WebPage\",\"@id\":\"https:\\\/\\\/heuteinfo.de\\\/?p=2281\",\"url\":\"https:\\\/\\\/heuteinfo.de\\\/?p=2281\",\"name\":\"Uhrenumstellung: Alles, was Sie \u00fcber die Zeitumstellung wissen m\u00fcssen - heuteinfo.de\",\"isPartOf\":{\"@id\":\"https:\\\/\\\/heuteinfo.de\\\/#website\"},\"primaryImageOfPage\":{\"@id\":\"https:\\\/\\\/heuteinfo.de\\\/?p=2281#primaryimage\"},\"image\":{\"@id\":\"https:\\\/\\\/heuteinfo.de\\\/?p=2281#primaryimage\"},\"thumbnailUrl\":\"https:\\\/\\\/heuteinfo.de\\\/wp-content\\\/uploads\\\/2025\\\/11\\\/cb76eb8f-c445-4d3a-ad1a-27d1a70b9c72.jpeg\",\"datePublished\":\"2025-11-25T13:56:23+00:00\",\"dateModified\":\"2026-02-27T12:18:28+00:00\",\"author\":{\"@id\":\"https:\\\/\\\/heuteinfo.de\\\/#\\\/schema\\\/person\\\/94a0e25dd819e325bc73714b2b0e6250\"},\"breadcrumb\":{\"@id\":\"https:\\\/\\\/heuteinfo.de\\\/?p=2281#breadcrumb\"},\"inLanguage\":\"en-US\",\"potentialAction\":[{\"@type\":\"ReadAction\",\"target\":[\"https:\\\/\\\/heuteinfo.de\\\/?p=2281\"]}]},{\"@type\":\"ImageObject\",\"inLanguage\":\"en-US\",\"@id\":\"https:\\\/\\\/heuteinfo.de\\\/?p=2281#primaryimage\",\"url\":\"https:\\\/\\\/heuteinfo.de\\\/wp-content\\\/uploads\\\/2025\\\/11\\\/cb76eb8f-c445-4d3a-ad1a-27d1a70b9c72.jpeg\",\"contentUrl\":\"https:\\\/\\\/heuteinfo.de\\\/wp-content\\\/uploads\\\/2025\\\/11\\\/cb76eb8f-c445-4d3a-ad1a-27d1a70b9c72.jpeg\",\"width\":1602,\"height\":900,\"caption\":\"uhrenumstellung\"},{\"@type\":\"BreadcrumbList\",\"@id\":\"https:\\\/\\\/heuteinfo.de\\\/?p=2281#breadcrumb\",\"itemListElement\":[{\"@type\":\"ListItem\",\"position\":1,\"name\":\"Home\",\"item\":\"https:\\\/\\\/heuteinfo.de\\\/\"},{\"@type\":\"ListItem\",\"position\":2,\"name\":\"Uhrenumstellung: Alles, was Sie \u00fcber die Zeitumstellung wissen m\u00fcssen\"}]},{\"@type\":\"WebSite\",\"@id\":\"https:\\\/\\\/heuteinfo.de\\\/#website\",\"url\":\"https:\\\/\\\/heuteinfo.de\\\/\",\"name\":\"heuteinfo.de\",\"description\":\"\",\"potentialAction\":[{\"@type\":\"SearchAction\",\"target\":{\"@type\":\"EntryPoint\",\"urlTemplate\":\"https:\\\/\\\/heuteinfo.de\\\/?s={search_term_string}\"},\"query-input\":{\"@type\":\"PropertyValueSpecification\",\"valueRequired\":true,\"valueName\":\"search_term_string\"}}],\"inLanguage\":\"en-US\"},{\"@type\":\"Person\",\"@id\":\"https:\\\/\\\/heuteinfo.de\\\/#\\\/schema\\\/person\\\/94a0e25dd819e325bc73714b2b0e6250\",\"name\":\"ahmedhassan98764@gmail.com\",\"image\":{\"@type\":\"ImageObject\",\"inLanguage\":\"en-US\",\"@id\":\"https:\\\/\\\/secure.gravatar.com\\\/avatar\\\/e2e9655aa74e87126cf4d7a522342156dfe63385e2ce1859f3a68169de6937a9?s=96&d=mm&r=g\",\"url\":\"https:\\\/\\\/secure.gravatar.com\\\/avatar\\\/e2e9655aa74e87126cf4d7a522342156dfe63385e2ce1859f3a68169de6937a9?s=96&d=mm&r=g\",\"contentUrl\":\"https:\\\/\\\/secure.gravatar.com\\\/avatar\\\/e2e9655aa74e87126cf4d7a522342156dfe63385e2ce1859f3a68169de6937a9?s=96&d=mm&r=g\",\"caption\":\"ahmedhassan98764@gmail.com\"},\"sameAs\":[\"https:\\\/\\\/heuteinfo.de\"],\"url\":\"https:\\\/\\\/heuteinfo.de\\\/?author=1\"}]}<\/script>\n<!-- \/ Yoast SEO plugin. -->","yoast_head_json":{"title":"Uhrenumstellung: Alles, was Sie \u00fcber die Zeitumstellung wissen m\u00fcssen - heuteinfo.de","robots":{"index":"index","follow":"follow","max-snippet":"max-snippet:-1","max-image-preview":"max-image-preview:large","max-video-preview":"max-video-preview:-1"},"canonical":"https:\/\/heuteinfo.de\/?p=2281","og_locale":"en_US","og_type":"article","og_title":"Uhrenumstellung: Alles, was Sie \u00fcber die Zeitumstellung wissen m\u00fcssen - heuteinfo.de","og_description":"Die Uhrenumstellung, auch bekannt als Zeitumstellung, betrifft zweimal im Jahr Millionen von Menschen in Deutschland und vielen anderen europ\u00e4ischen L\u00e4ndern. Im Fr\u00fchjahr wird die Uhr eine Stunde vorgestellt, um die Sommerzeit zu beginnen, und im Herbst wird sie eine Stunde zur\u00fcckgestellt, um wieder zur Winterzeit zu wechseln. Auf den ersten Blick mag die Uhrenumstellung wie [&hellip;]","og_url":"https:\/\/heuteinfo.de\/?p=2281","og_site_name":"heuteinfo.de","article_published_time":"2025-11-25T13:56:23+00:00","article_modified_time":"2026-02-27T12:18:28+00:00","og_image":[{"width":1602,"height":900,"url":"https:\/\/heuteinfo.de\/wp-content\/uploads\/2025\/11\/cb76eb8f-c445-4d3a-ad1a-27d1a70b9c72.jpeg","type":"image\/jpeg"}],"author":"ahmedhassan98764@gmail.com","twitter_card":"summary_large_image","twitter_misc":{"Written by":"ahmedhassan98764@gmail.com","Est. reading time":"4 minutes"},"schema":{"@context":"https:\/\/schema.org","@graph":[{"@type":"Article","@id":"https:\/\/heuteinfo.de\/?p=2281#article","isPartOf":{"@id":"https:\/\/heuteinfo.de\/?p=2281"},"author":{"name":"ahmedhassan98764@gmail.com","@id":"https:\/\/heuteinfo.de\/#\/schema\/person\/94a0e25dd819e325bc73714b2b0e6250"},"headline":"Uhrenumstellung: Alles, was Sie \u00fcber die Zeitumstellung wissen m\u00fcssen","datePublished":"2025-11-25T13:56:23+00:00","dateModified":"2026-02-27T12:18:28+00:00","mainEntityOfPage":{"@id":"https:\/\/heuteinfo.de\/?p=2281"},"wordCount":793,"image":{"@id":"https:\/\/heuteinfo.de\/?p=2281#primaryimage"},"thumbnailUrl":"https:\/\/heuteinfo.de\/wp-content\/uploads\/2025\/11\/cb76eb8f-c445-4d3a-ad1a-27d1a70b9c72.jpeg","articleSection":["Lebensstil"],"inLanguage":"en-US"},{"@type":"WebPage","@id":"https:\/\/heuteinfo.de\/?p=2281","url":"https:\/\/heuteinfo.de\/?p=2281","name":"Uhrenumstellung: Alles, was Sie \u00fcber die Zeitumstellung wissen m\u00fcssen - heuteinfo.de","isPartOf":{"@id":"https:\/\/heuteinfo.de\/#website"},"primaryImageOfPage":{"@id":"https:\/\/heuteinfo.de\/?p=2281#primaryimage"},"image":{"@id":"https:\/\/heuteinfo.de\/?p=2281#primaryimage"},"thumbnailUrl":"https:\/\/heuteinfo.de\/wp-content\/uploads\/2025\/11\/cb76eb8f-c445-4d3a-ad1a-27d1a70b9c72.jpeg","datePublished":"2025-11-25T13:56:23+00:00","dateModified":"2026-02-27T12:18:28+00:00","author":{"@id":"https:\/\/heuteinfo.de\/#\/schema\/person\/94a0e25dd819e325bc73714b2b0e6250"},"breadcrumb":{"@id":"https:\/\/heuteinfo.de\/?p=2281#breadcrumb"},"inLanguage":"en-US","potentialAction":[{"@type":"ReadAction","target":["https:\/\/heuteinfo.de\/?p=2281"]}]},{"@type":"ImageObject","inLanguage":"en-US","@id":"https:\/\/heuteinfo.de\/?p=2281#primaryimage","url":"https:\/\/heuteinfo.de\/wp-content\/uploads\/2025\/11\/cb76eb8f-c445-4d3a-ad1a-27d1a70b9c72.jpeg","contentUrl":"https:\/\/heuteinfo.de\/wp-content\/uploads\/2025\/11\/cb76eb8f-c445-4d3a-ad1a-27d1a70b9c72.jpeg","width":1602,"height":900,"caption":"uhrenumstellung"},{"@type":"BreadcrumbList","@id":"https:\/\/heuteinfo.de\/?p=2281#breadcrumb","itemListElement":[{"@type":"ListItem","position":1,"name":"Home","item":"https:\/\/heuteinfo.de\/"},{"@type":"ListItem","position":2,"name":"Uhrenumstellung: Alles, was Sie \u00fcber die Zeitumstellung wissen m\u00fcssen"}]},{"@type":"WebSite","@id":"https:\/\/heuteinfo.de\/#website","url":"https:\/\/heuteinfo.de\/","name":"heuteinfo.de","description":"","potentialAction":[{"@type":"SearchAction","target":{"@type":"EntryPoint","urlTemplate":"https:\/\/heuteinfo.de\/?s={search_term_string}"},"query-input":{"@type":"PropertyValueSpecification","valueRequired":true,"valueName":"search_term_string"}}],"inLanguage":"en-US"},{"@type":"Person","@id":"https:\/\/heuteinfo.de\/#\/schema\/person\/94a0e25dd819e325bc73714b2b0e6250","name":"ahmedhassan98764@gmail.com","image":{"@type":"ImageObject","inLanguage":"en-US","@id":"https:\/\/secure.gravatar.com\/avatar\/e2e9655aa74e87126cf4d7a522342156dfe63385e2ce1859f3a68169de6937a9?s=96&d=mm&r=g","url":"https:\/\/secure.gravatar.com\/avatar\/e2e9655aa74e87126cf4d7a522342156dfe63385e2ce1859f3a68169de6937a9?s=96&d=mm&r=g","contentUrl":"https:\/\/secure.gravatar.com\/avatar\/e2e9655aa74e87126cf4d7a522342156dfe63385e2ce1859f3a68169de6937a9?s=96&d=mm&r=g","caption":"ahmedhassan98764@gmail.com"},"sameAs":["https:\/\/heuteinfo.de"],"url":"https:\/\/heuteinfo.de\/?author=1"}]}},"_links":{"self":[{"href":"https:\/\/heuteinfo.de\/index.php?rest_route=\/wp\/v2\/posts\/2281","targetHints":{"allow":["GET"]}}],"collection":[{"href":"https:\/\/heuteinfo.de\/index.php?rest_route=\/wp\/v2\/posts"}],"about":[{"href":"https:\/\/heuteinfo.de\/index.php?rest_route=\/wp\/v2\/types\/post"}],"author":[{"embeddable":true,"href":"https:\/\/heuteinfo.de\/index.php?rest_route=\/wp\/v2\/users\/1"}],"replies":[{"embeddable":true,"href":"https:\/\/heuteinfo.de\/index.php?rest_route=%2Fwp%2Fv2%2Fcomments&post=2281"}],"version-history":[{"count":3,"href":"https:\/\/heuteinfo.de\/index.php?rest_route=\/wp\/v2\/posts\/2281\/revisions"}],"predecessor-version":[{"id":10753,"href":"https:\/\/heuteinfo.de\/index.php?rest_route=\/wp\/v2\/posts\/2281\/revisions\/10753"}],"wp:featuredmedia":[{"embeddable":true,"href":"https:\/\/heuteinfo.de\/index.php?rest_route=\/wp\/v2\/media\/2282"}],"wp:attachment":[{"href":"https:\/\/heuteinfo.de\/index.php?rest_route=%2Fwp%2Fv2%2Fmedia&parent=2281"}],"wp:term":[{"taxonomy":"category","embeddable":true,"href":"https:\/\/heuteinfo.de\/index.php?rest_route=%2Fwp%2Fv2%2Fcategories&post=2281"},{"taxonomy":"post_tag","embeddable":true,"href":"https:\/\/heuteinfo.de\/index.php?rest_route=%2Fwp%2Fv2%2Ftags&post=2281"}],"curies":[{"name":"wp","href":"https:\/\/api.w.org\/{rel}","templated":true}]}}