{"id":2284,"date":"2025-11-26T15:05:09","date_gmt":"2025-11-26T15:05:09","guid":{"rendered":"https:\/\/heuteinfo.de\/?p=2284"},"modified":"2026-02-27T12:18:29","modified_gmt":"2026-02-27T12:18:29","slug":"caren-miosga-geschieden","status":"publish","type":"post","link":"https:\/\/heuteinfo.de\/?p=2284","title":{"rendered":"Ist Caren Miosga geschieden? Ein umfassender Blick auf Leben, Karriere und Privatleben"},"content":{"rendered":"\n<p>Die Frage <strong>\u201e<a href=\"https:\/\/en.wikipedia.org\/wiki\/Caren_Miosga\" data-type=\"link\" data-id=\"https:\/\/en.wikipedia.org\/wiki\/Caren_Miosga\">Caren Miosga<\/a> geschieden?\u201c<\/strong> taucht immer wieder in Suchmaschinen und sozialen Medien auf. Viele Menschen interessieren sich f\u00fcr das Privatleben der bekannten deutschen Journalistin und Moderatorin, die \u00fcber viele Jahre hinweg das Gesicht der <strong>Tagesthemen<\/strong> war. Trotz ihres seri\u00f6sen Auftretens im Fernsehen sind Ger\u00fcchte \u00fcber ihre Ehe und Familie nicht selten.<\/p>\n\n\n\n<p>Doch was steckt wirklich dahinter? Ist Caren Miosga tats\u00e4chlich geschieden oder handelt es sich nur um Spekulationen? In diesem Artikel gehen wir den Fakten auf den Grund. Wir beleuchten ihr Leben, ihre Karriere und ihr Privatleben, um ein umfassendes Bild zu zeichnen. Dabei betrachten wir sowohl verl\u00e4ssliche Informationen als auch die Gr\u00fcnde, warum immer wieder Ger\u00fcchte entstehen.<\/p>\n\n\n\n<h2 class=\"wp-block-heading\">Wer ist Caren Miosga? \u2013 Kurzportrait &amp; Karriere<\/h2>\n\n\n\n<p>Caren Miosga ist eine der bekanntesten Journalistinnen Deutschlands. Sie wurde am <strong>11. April 1969<\/strong> in Peine, Niedersachsen, geboren. Schon fr\u00fch zeigte sich ihr Interesse an Medien und Kommunikation. Nach ihrem Abitur begann sie ein Studium der <strong>Journalistik und Kulturwissenschaften<\/strong>, das die Grundlage f\u00fcr ihre sp\u00e4tere Karriere im Fernsehen bildete.<\/p>\n\n\n\n<p>Bereits w\u00e4hrend ihres Studiums sammelte sie erste Erfahrungen beim Radio und kleineren Fernsehsendern. Diese Stationen pr\u00e4gten ihre F\u00e4higkeit, Informationen klar und verst\u00e4ndlich zu vermitteln \u2013 eine Eigenschaft, die sp\u00e4ter f\u00fcr ihre Arbeit bei den <strong>Tagesthemen<\/strong> entscheidend sein sollte.<\/p>\n\n\n\n<p><strong>Karriereweg und Aufstieg im Fernsehen<\/strong><\/p>\n\n\n\n<p>Caren Miosga begann ihre Karriere beim <strong>Norddeutschen Rundfunk (NDR)<\/strong>, wo sie zun\u00e4chst als Reporterin und sp\u00e4ter als Moderatorin t\u00e4tig war. Dort f\u00fchrte sie durch Kultur- und Magazinformate, was ihr die M\u00f6glichkeit gab, ein breites Publikum anzusprechen und ihre journalistische Kompetenz zu beweisen.<\/p>\n\n\n\n<p>Im Jahr <strong>2007<\/strong> \u00fcbernahm sie schlie\u00dflich die Moderation der <strong>Tagesthemen<\/strong>, einer der angesehensten Nachrichtensendungen in Deutschland. Mit ihrer ruhigen, sachlichen Art gewann sie schnell das Vertrauen der Zuschauer. Die Kombination aus Professionalit\u00e4t, Empathie und journalistischem Gesp\u00fcr machte sie zu einem der Gesichter der deutschen Nachrichtenlandschaft.<\/p>\n\n\n\n<p><strong>Von den Tagesthemen zur eigenen Talkshow<\/strong><\/p>\n\n\n\n<p>Nach mehr als 15 Jahren bei den Tagesthemen entschied sich Caren Miosga f\u00fcr einen neuen beruflichen Schritt. Seit <strong>Januar 2024<\/strong> moderiert sie ihre eigene politische <strong>Talkshow \u201eCaren Miosga\u201c<\/strong>, in der sie mit prominenten G\u00e4sten \u00fcber aktuelle gesellschaftliche und politische Themen spricht. Diese Sendung hat ihr eine neue Plattform gegeben, um Themen noch direkter und tiefgehender zu beleuchten und gleichzeitig ihre Rolle als Meinungsbildnerin zu st\u00e4rken.<\/p>\n\n\n\n<p><strong>Besondere Leistungen und Anerkennung:<\/strong><\/p>\n\n\n\n<ul class=\"wp-block-list\">\n<li>Langj\u00e4hrige Moderation der Tagesthemen (2007\u20132023)<\/li>\n\n\n\n<li>Bekannt f\u00fcr klare, seri\u00f6se Berichterstattung<\/li>\n\n\n\n<li>Empathisches Auftreten bei sensiblen Themen<\/li>\n\n\n\n<li>Erfolgreicher \u00dcbergang zu einer eigenen Talkshow, die politische und gesellschaftliche Debatten anst\u00f6\u00dft<\/li>\n<\/ul>\n\n\n\n<h2 class=\"wp-block-heading\">Privatleben von Caren Miosga \u2013 Ehe, Familie und \u00d6ffentlichkeit<\/h2>\n\n\n\n<p>Abseits der Kamera f\u00fchrt Caren Miosga ein eher <strong>privates Leben<\/strong>. Sie ist seit <strong>2007 mit Tobias Grob<\/strong>, einem Pathologen, verheiratet. Gemeinsam haben sie <strong>zwei T\u00f6chter<\/strong>. Anders als viele andere Prominente h\u00e4lt sie ihr Familienleben weitgehend aus der \u00d6ffentlichkeit heraus. Das bedeutet, dass Details zu ihrem Alltag, ihrer Ehe und ihrer Familie selten \u00f6ffentlich bekannt werden.<\/p>\n\n\n\n<p>Miosga selbst hat mehrfach betont, dass ihr Privatleben f\u00fcr sie eine klare Grenze zum Beruf darstellt. Dies sch\u00fctzt nicht nur ihre Familie vor unn\u00f6tiger Aufmerksamkeit, sondern erm\u00f6glicht ihr auch, sich auf ihre journalistische Arbeit zu konzentrieren.<\/p>\n\n\n\n<p><strong>Wichtige Punkte zum Privatleben:<\/strong><\/p>\n\n\n\n<ul class=\"wp-block-list\">\n<li>Ehemann: Tobias Grob, Pathologe<\/li>\n\n\n\n<li>Kinder: Zwei T\u00f6chter<\/li>\n\n\n\n<li>Privatleben bewusst aus der \u00d6ffentlichkeit gehalten<\/li>\n\n\n\n<li>Familie steht im Hintergrund, w\u00e4hrend ihre Karriere im Vordergrund bleibt<\/li>\n<\/ul>\n\n\n\n<p>Diese Zur\u00fcckhaltung f\u00fchrt jedoch dazu, dass \u00fcber Caren Miosga immer wieder <strong>Ger\u00fcchte entstehen<\/strong>, besonders wenn es um Themen wie \u201egeschieden\u201c geht. Die \u00d6ffentlichkeit spekuliert gerne \u00fcber das Leben von bekannten Pers\u00f6nlichkeiten, insbesondere wenn sie selbst keine detaillierten Informationen preisgeben.<\/p>\n\n\n\n<h2 class=\"wp-block-heading\">Ger\u00fcchte \u00fcber eine Scheidung \u2013 Fakten vs. Spekulation<\/h2>\n\n\n\n<p>Die Suche nach <strong>\u201eCaren Miosga geschieden\u201c<\/strong> r\u00fchrt vor allem von Spekulationen in den Medien und Online-Foren her. Schlagzeilen \u00fcber Prominente erzeugen Aufmerksamkeit, auch wenn die Informationen nicht immer korrekt sind.<\/p>\n\n\n\n<p><strong>Herkunft der Ger\u00fcchte:<\/strong><\/p>\n\n\n\n<ul class=\"wp-block-list\">\n<li>Sensationsjournalismus und \u00dcberschriften, die Klicks generieren sollen<\/li>\n\n\n\n<li>Fehlinterpretationen \u00f6ffentlicher Aussagen<\/li>\n\n\n\n<li>L\u00fccken im Wissen \u00fcber ihr Privatleben<\/li>\n<\/ul>\n\n\n\n<p><strong>Was die Fakten sagen:<\/strong><\/p>\n\n\n\n<ul class=\"wp-block-list\">\n<li>Laut allen <strong>verl\u00e4sslichen Quellen<\/strong> ist Caren Miosga <strong>nicht geschieden<\/strong>.<\/li>\n\n\n\n<li>Sie lebt weiterhin mit ihrem Ehemann Tobias Grob zusammen, und es gibt keine offiziellen Mitteilungen \u00fcber eine Trennung.<\/li>\n\n\n\n<li>Seri\u00f6se Medien best\u00e4tigen regelm\u00e4\u00dfig ihren Familienstand als \u201everheiratet\u201c.<\/li>\n<\/ul>\n\n\n\n<p>Tabelle: Ger\u00fcchte vs. Fakten<\/p>\n\n\n\n<figure class=\"wp-block-table\"><table class=\"has-fixed-layout\"><thead><tr><th>Thema<\/th><th>Ger\u00fcchte<\/th><th>Fakten<\/th><\/tr><\/thead><tbody><tr><td>Scheidung<\/td><td>Miosga sei geschieden<\/td><td>Verheiratet seit 2007 mit Tobias Grob<\/td><\/tr><tr><td>Kinder<\/td><td>Unklar \/ Spekulation<\/td><td>Zwei T\u00f6chter<\/td><\/tr><tr><td>\u00d6ffentlichkeit<\/td><td>Gelegentlich Fotos &amp; Meldungen<\/td><td>Familie bleibt weitgehend privat<\/td><\/tr><tr><td>Quellen<\/td><td>Online-Foren, Boulevard<\/td><td>Seri\u00f6se Medien, Wikipedia, Interviews<\/td><\/tr><\/tbody><\/table><\/figure>\n\n\n\n<p>Die zentrale Botschaft: <strong>Caren Miosga geschieden? Nein.<\/strong> Alles andere sind reine Spekulationen ohne belastbare Beweise.<\/p>\n\n\n\n<h2 class=\"wp-block-heading\">Einfluss auf ihr Berufs- und \u00d6ffentlichkeitsimage<\/h2>\n\n\n\n<p>Obwohl die Ger\u00fcchte \u00fcber eine Scheidung unbegr\u00fcndet sind, zeigen sie die <strong>Auswirkungen von Medienger\u00fcchten<\/strong> auf das Bild eines Prominenten. Caren Miosga wird von ihrem Publikum f\u00fcr ihre Professionalit\u00e4t und Seriosit\u00e4t gesch\u00e4tzt. Falsche Meldungen k\u00f6nnten theoretisch das Vertrauen beeintr\u00e4chtigen, aber ihr vorsichtiger Umgang mit Privatsph\u00e4re sch\u00fctzt sie davor weitgehend.<\/p>\n\n\n\n<p>Ihr Image als Moderatorin bleibt stabil:<\/p>\n\n\n\n<ul class=\"wp-block-list\">\n<li>Fokussiert auf Inhalte, nicht auf Klatsch<\/li>\n\n\n\n<li>Professionelles Auftreten in Nachrichten und Talkshows<\/li>\n\n\n\n<li>Privates bleibt privat, Karriere wird \u00f6ffentlich<\/li>\n<\/ul>\n\n\n\n<p>Dies zeigt, wie Prominente eine klare Trennung zwischen Beruf und Privatleben schaffen k\u00f6nnen, ohne ihre Glaubw\u00fcrdigkeit zu verlieren.<\/p>\n\n\n\n<h2 class=\"wp-block-heading\">Warum \u201eCaren Miosga geschieden\u201c so oft gesucht wird<\/h2>\n\n\n\n<p>Es gibt mehrere Gr\u00fcnde, warum dieser Suchbegriff so popul\u00e4r ist:<\/p>\n\n\n\n<ol class=\"wp-block-list\">\n<li><strong>Neugier auf das Privatleben von Prominenten<\/strong> \u2013 Menschen m\u00f6chten wissen, wie erfolgreich Personen wie Miosga ihr Privatleben gestalten.<\/li>\n\n\n\n<li><strong>Medienwechsel<\/strong> \u2013 der Schritt von den Tagesthemen zur eigenen Talkshow 2024 hat Aufmerksamkeit und Spekulationen erzeugt.<\/li>\n\n\n\n<li><strong>Ger\u00fcchte halten sich l\u00e4nger<\/strong> \u2013 einmal verbreitete Spekulationen werden oft geteilt, selbst wenn sie nicht zutreffen.<\/li>\n<\/ol>\n\n\n\n<h2 class=\"wp-block-heading\">Fazit <\/h2>\n\n\n\n<p>Zusammenfassend l\u00e4sst sich sagen:<\/p>\n\n\n\n<ul class=\"wp-block-list\">\n<li>Caren Miosga ist <strong>nicht geschieden<\/strong> und lebt seit 2007 mit Tobias Grob zusammen.<\/li>\n\n\n\n<li>Sie hat zwei T\u00f6chter, \u00fcber deren Alltag nur wenig bekannt ist.<\/li>\n\n\n\n<li>Ger\u00fcchte \u00fcber eine Scheidung entstehen durch Sensationsmeldungen und die Neugier der \u00d6ffentlichkeit.<\/li>\n\n\n\n<li>Wer seri\u00f6se Informationen sucht, sollte auf verl\u00e4ssliche Quellen achten und Spekulationen kritisch pr\u00fcfen.<\/li>\n<\/ul>\n\n\n\n<p>Caren Miosga bleibt ein Beispiel daf\u00fcr, wie Prominente ihre Karriere erfolgreich f\u00fchren und gleichzeitig ihre private Stabilit\u00e4t sch\u00fctzen k\u00f6nnen.<\/p>\n\n\n\n<h2 class=\"wp-block-heading\">FAQ \u2013 H\u00e4ufige Fragen<\/h2>\n\n\n\n<p><strong>Ist Caren Miosga verheiratet?<\/strong><br>Ja, seit 2007 mit Tobias Grob.<\/p>\n\n\n\n<p><strong>Hat sie Kinder?<\/strong><br>Ja, sie hat zwei T\u00f6chter.<\/p>\n\n\n\n<p><strong>Gibt es offizielle Informationen \u00fcber eine Scheidung?<\/strong><br>Nein, alle seri\u00f6sen Quellen best\u00e4tigen, dass sie verheiratet ist.<\/p>\n\n\n\n<p><strong>Warum taucht der Begriff \u201egeschieden\u201c auf?<\/strong><br>Vor allem wegen Spekulationen und \u00dcberschriften in Boulevardmedien.<\/p>\n\n\n\n<p><strong>Kann sich ihr Familienstand \u00e4ndern?<\/strong><br>Nat\u00fcrlich, sollte es offizielle Mitteilungen geben, m\u00fcssten diese von seri\u00f6sen Medien ver\u00f6ffentlicht werden.<\/p>\n\n\n\n<p><strong>Mher Lesson:<em>\u00a0<\/em><\/strong> <strong><a href=\"https:\/\/heuteinfo.de\/2025\/11\/25\/uhrenumstellung\/\" data-type=\"link\" data-id=\"https:\/\/heuteinfo.de\/2025\/11\/25\/uhrenumstellung\/\">Uhrenumstellung<br> <\/a><\/strong><\/p>\n","protected":false},"excerpt":{"rendered":"<p>Die Frage \u201eCaren Miosga geschieden?\u201c taucht immer wieder in Suchmaschinen und sozialen Medien auf. Viele Menschen interessieren sich f\u00fcr das Privatleben der bekannten deutschen Journalistin und Moderatorin, die \u00fcber viele Jahre hinweg das Gesicht der Tagesthemen war. Trotz ihres seri\u00f6sen Auftretens im Fernsehen sind Ger\u00fcchte \u00fcber ihre Ehe und Familie nicht selten. Doch was steckt [&hellip;]<\/p>\n","protected":false},"author":1,"featured_media":2285,"comment_status":"closed","ping_status":"open","sticky":false,"template":"","format":"standard","meta":{"footnotes":""},"categories":[39],"tags":[],"class_list":["post-2284","post","type-post","status-publish","format-standard","has-post-thumbnail","hentry","category-lebensstil"],"yoast_head":"<!-- This site is optimized with the Yoast SEO plugin v27.4 - https:\/\/yoast.com\/product\/yoast-seo-wordpress\/ -->\n<title>Ist Caren Miosga geschieden? Ein umfassender Blick auf Leben, Karriere und Privatleben - heuteinfo.de<\/title>\n<meta name=\"robots\" content=\"index, follow, max-snippet:-1, max-image-preview:large, max-video-preview:-1\" \/>\n<link rel=\"canonical\" href=\"https:\/\/heuteinfo.de\/?p=2284\" \/>\n<meta property=\"og:locale\" content=\"en_US\" \/>\n<meta property=\"og:type\" content=\"article\" \/>\n<meta property=\"og:title\" content=\"Ist Caren Miosga geschieden? Ein umfassender Blick auf Leben, Karriere und Privatleben - heuteinfo.de\" \/>\n<meta property=\"og:description\" content=\"Die Frage \u201eCaren Miosga geschieden?\u201c taucht immer wieder in Suchmaschinen und sozialen Medien auf. Viele Menschen interessieren sich f\u00fcr das Privatleben der bekannten deutschen Journalistin und Moderatorin, die \u00fcber viele Jahre hinweg das Gesicht der Tagesthemen war. Trotz ihres seri\u00f6sen Auftretens im Fernsehen sind Ger\u00fcchte \u00fcber ihre Ehe und Familie nicht selten. Doch was steckt [&hellip;]\" \/>\n<meta property=\"og:url\" content=\"https:\/\/heuteinfo.de\/?p=2284\" \/>\n<meta property=\"og:site_name\" content=\"heuteinfo.de\" \/>\n<meta property=\"article:published_time\" content=\"2025-11-26T15:05:09+00:00\" \/>\n<meta property=\"article:modified_time\" content=\"2026-02-27T12:18:29+00:00\" \/>\n<meta property=\"og:image\" content=\"https:\/\/heuteinfo.de\/wp-content\/uploads\/2025\/11\/images-2025-11-26T195717.726.jpg\" \/>\n\t<meta property=\"og:image:width\" content=\"299\" \/>\n\t<meta property=\"og:image:height\" content=\"168\" \/>\n\t<meta property=\"og:image:type\" content=\"image\/jpeg\" \/>\n<meta name=\"author\" content=\"ahmedhassan98764@gmail.com\" \/>\n<meta name=\"twitter:card\" content=\"summary_large_image\" \/>\n<meta name=\"twitter:label1\" content=\"Written by\" \/>\n\t<meta name=\"twitter:data1\" content=\"ahmedhassan98764@gmail.com\" \/>\n\t<meta name=\"twitter:label2\" content=\"Est. reading time\" \/>\n\t<meta name=\"twitter:data2\" content=\"5 minutes\" \/>\n<script type=\"application\/ld+json\" class=\"yoast-schema-graph\">{\"@context\":\"https:\\\/\\\/schema.org\",\"@graph\":[{\"@type\":\"Article\",\"@id\":\"https:\\\/\\\/heuteinfo.de\\\/?p=2284#article\",\"isPartOf\":{\"@id\":\"https:\\\/\\\/heuteinfo.de\\\/?p=2284\"},\"author\":{\"name\":\"ahmedhassan98764@gmail.com\",\"@id\":\"https:\\\/\\\/heuteinfo.de\\\/#\\\/schema\\\/person\\\/94a0e25dd819e325bc73714b2b0e6250\"},\"headline\":\"Ist Caren Miosga geschieden? Ein umfassender Blick auf Leben, Karriere und Privatleben\",\"datePublished\":\"2025-11-26T15:05:09+00:00\",\"dateModified\":\"2026-02-27T12:18:29+00:00\",\"mainEntityOfPage\":{\"@id\":\"https:\\\/\\\/heuteinfo.de\\\/?p=2284\"},\"wordCount\":1109,\"image\":{\"@id\":\"https:\\\/\\\/heuteinfo.de\\\/?p=2284#primaryimage\"},\"thumbnailUrl\":\"https:\\\/\\\/heuteinfo.de\\\/wp-content\\\/uploads\\\/2025\\\/11\\\/images-2025-11-26T195717.726.jpg\",\"articleSection\":[\"Lebensstil\"],\"inLanguage\":\"en-US\"},{\"@type\":\"WebPage\",\"@id\":\"https:\\\/\\\/heuteinfo.de\\\/?p=2284\",\"url\":\"https:\\\/\\\/heuteinfo.de\\\/?p=2284\",\"name\":\"Ist Caren Miosga geschieden? Ein umfassender Blick auf Leben, Karriere und Privatleben - heuteinfo.de\",\"isPartOf\":{\"@id\":\"https:\\\/\\\/heuteinfo.de\\\/#website\"},\"primaryImageOfPage\":{\"@id\":\"https:\\\/\\\/heuteinfo.de\\\/?p=2284#primaryimage\"},\"image\":{\"@id\":\"https:\\\/\\\/heuteinfo.de\\\/?p=2284#primaryimage\"},\"thumbnailUrl\":\"https:\\\/\\\/heuteinfo.de\\\/wp-content\\\/uploads\\\/2025\\\/11\\\/images-2025-11-26T195717.726.jpg\",\"datePublished\":\"2025-11-26T15:05:09+00:00\",\"dateModified\":\"2026-02-27T12:18:29+00:00\",\"author\":{\"@id\":\"https:\\\/\\\/heuteinfo.de\\\/#\\\/schema\\\/person\\\/94a0e25dd819e325bc73714b2b0e6250\"},\"breadcrumb\":{\"@id\":\"https:\\\/\\\/heuteinfo.de\\\/?p=2284#breadcrumb\"},\"inLanguage\":\"en-US\",\"potentialAction\":[{\"@type\":\"ReadAction\",\"target\":[\"https:\\\/\\\/heuteinfo.de\\\/?p=2284\"]}]},{\"@type\":\"ImageObject\",\"inLanguage\":\"en-US\",\"@id\":\"https:\\\/\\\/heuteinfo.de\\\/?p=2284#primaryimage\",\"url\":\"https:\\\/\\\/heuteinfo.de\\\/wp-content\\\/uploads\\\/2025\\\/11\\\/images-2025-11-26T195717.726.jpg\",\"contentUrl\":\"https:\\\/\\\/heuteinfo.de\\\/wp-content\\\/uploads\\\/2025\\\/11\\\/images-2025-11-26T195717.726.jpg\",\"width\":299,\"height\":168,\"caption\":\"caren-miosga-geschieden\"},{\"@type\":\"BreadcrumbList\",\"@id\":\"https:\\\/\\\/heuteinfo.de\\\/?p=2284#breadcrumb\",\"itemListElement\":[{\"@type\":\"ListItem\",\"position\":1,\"name\":\"Home\",\"item\":\"https:\\\/\\\/heuteinfo.de\\\/\"},{\"@type\":\"ListItem\",\"position\":2,\"name\":\"Ist Caren Miosga geschieden? Ein umfassender Blick auf Leben, Karriere und Privatleben\"}]},{\"@type\":\"WebSite\",\"@id\":\"https:\\\/\\\/heuteinfo.de\\\/#website\",\"url\":\"https:\\\/\\\/heuteinfo.de\\\/\",\"name\":\"heuteinfo.de\",\"description\":\"\",\"potentialAction\":[{\"@type\":\"SearchAction\",\"target\":{\"@type\":\"EntryPoint\",\"urlTemplate\":\"https:\\\/\\\/heuteinfo.de\\\/?s={search_term_string}\"},\"query-input\":{\"@type\":\"PropertyValueSpecification\",\"valueRequired\":true,\"valueName\":\"search_term_string\"}}],\"inLanguage\":\"en-US\"},{\"@type\":\"Person\",\"@id\":\"https:\\\/\\\/heuteinfo.de\\\/#\\\/schema\\\/person\\\/94a0e25dd819e325bc73714b2b0e6250\",\"name\":\"ahmedhassan98764@gmail.com\",\"image\":{\"@type\":\"ImageObject\",\"inLanguage\":\"en-US\",\"@id\":\"https:\\\/\\\/secure.gravatar.com\\\/avatar\\\/e2e9655aa74e87126cf4d7a522342156dfe63385e2ce1859f3a68169de6937a9?s=96&d=mm&r=g\",\"url\":\"https:\\\/\\\/secure.gravatar.com\\\/avatar\\\/e2e9655aa74e87126cf4d7a522342156dfe63385e2ce1859f3a68169de6937a9?s=96&d=mm&r=g\",\"contentUrl\":\"https:\\\/\\\/secure.gravatar.com\\\/avatar\\\/e2e9655aa74e87126cf4d7a522342156dfe63385e2ce1859f3a68169de6937a9?s=96&d=mm&r=g\",\"caption\":\"ahmedhassan98764@gmail.com\"},\"sameAs\":[\"https:\\\/\\\/heuteinfo.de\"],\"url\":\"https:\\\/\\\/heuteinfo.de\\\/?author=1\"}]}<\/script>\n<!-- \/ Yoast SEO plugin. -->","yoast_head_json":{"title":"Ist Caren Miosga geschieden? Ein umfassender Blick auf Leben, Karriere und Privatleben - heuteinfo.de","robots":{"index":"index","follow":"follow","max-snippet":"max-snippet:-1","max-image-preview":"max-image-preview:large","max-video-preview":"max-video-preview:-1"},"canonical":"https:\/\/heuteinfo.de\/?p=2284","og_locale":"en_US","og_type":"article","og_title":"Ist Caren Miosga geschieden? Ein umfassender Blick auf Leben, Karriere und Privatleben - heuteinfo.de","og_description":"Die Frage \u201eCaren Miosga geschieden?\u201c taucht immer wieder in Suchmaschinen und sozialen Medien auf. Viele Menschen interessieren sich f\u00fcr das Privatleben der bekannten deutschen Journalistin und Moderatorin, die \u00fcber viele Jahre hinweg das Gesicht der Tagesthemen war. Trotz ihres seri\u00f6sen Auftretens im Fernsehen sind Ger\u00fcchte \u00fcber ihre Ehe und Familie nicht selten. Doch was steckt [&hellip;]","og_url":"https:\/\/heuteinfo.de\/?p=2284","og_site_name":"heuteinfo.de","article_published_time":"2025-11-26T15:05:09+00:00","article_modified_time":"2026-02-27T12:18:29+00:00","og_image":[{"width":299,"height":168,"url":"https:\/\/heuteinfo.de\/wp-content\/uploads\/2025\/11\/images-2025-11-26T195717.726.jpg","type":"image\/jpeg"}],"author":"ahmedhassan98764@gmail.com","twitter_card":"summary_large_image","twitter_misc":{"Written by":"ahmedhassan98764@gmail.com","Est. reading time":"5 minutes"},"schema":{"@context":"https:\/\/schema.org","@graph":[{"@type":"Article","@id":"https:\/\/heuteinfo.de\/?p=2284#article","isPartOf":{"@id":"https:\/\/heuteinfo.de\/?p=2284"},"author":{"name":"ahmedhassan98764@gmail.com","@id":"https:\/\/heuteinfo.de\/#\/schema\/person\/94a0e25dd819e325bc73714b2b0e6250"},"headline":"Ist Caren Miosga geschieden? Ein umfassender Blick auf Leben, Karriere und Privatleben","datePublished":"2025-11-26T15:05:09+00:00","dateModified":"2026-02-27T12:18:29+00:00","mainEntityOfPage":{"@id":"https:\/\/heuteinfo.de\/?p=2284"},"wordCount":1109,"image":{"@id":"https:\/\/heuteinfo.de\/?p=2284#primaryimage"},"thumbnailUrl":"https:\/\/heuteinfo.de\/wp-content\/uploads\/2025\/11\/images-2025-11-26T195717.726.jpg","articleSection":["Lebensstil"],"inLanguage":"en-US"},{"@type":"WebPage","@id":"https:\/\/heuteinfo.de\/?p=2284","url":"https:\/\/heuteinfo.de\/?p=2284","name":"Ist Caren Miosga geschieden? Ein umfassender Blick auf Leben, Karriere und Privatleben - heuteinfo.de","isPartOf":{"@id":"https:\/\/heuteinfo.de\/#website"},"primaryImageOfPage":{"@id":"https:\/\/heuteinfo.de\/?p=2284#primaryimage"},"image":{"@id":"https:\/\/heuteinfo.de\/?p=2284#primaryimage"},"thumbnailUrl":"https:\/\/heuteinfo.de\/wp-content\/uploads\/2025\/11\/images-2025-11-26T195717.726.jpg","datePublished":"2025-11-26T15:05:09+00:00","dateModified":"2026-02-27T12:18:29+00:00","author":{"@id":"https:\/\/heuteinfo.de\/#\/schema\/person\/94a0e25dd819e325bc73714b2b0e6250"},"breadcrumb":{"@id":"https:\/\/heuteinfo.de\/?p=2284#breadcrumb"},"inLanguage":"en-US","potentialAction":[{"@type":"ReadAction","target":["https:\/\/heuteinfo.de\/?p=2284"]}]},{"@type":"ImageObject","inLanguage":"en-US","@id":"https:\/\/heuteinfo.de\/?p=2284#primaryimage","url":"https:\/\/heuteinfo.de\/wp-content\/uploads\/2025\/11\/images-2025-11-26T195717.726.jpg","contentUrl":"https:\/\/heuteinfo.de\/wp-content\/uploads\/2025\/11\/images-2025-11-26T195717.726.jpg","width":299,"height":168,"caption":"caren-miosga-geschieden"},{"@type":"BreadcrumbList","@id":"https:\/\/heuteinfo.de\/?p=2284#breadcrumb","itemListElement":[{"@type":"ListItem","position":1,"name":"Home","item":"https:\/\/heuteinfo.de\/"},{"@type":"ListItem","position":2,"name":"Ist Caren Miosga geschieden? Ein umfassender Blick auf Leben, Karriere und Privatleben"}]},{"@type":"WebSite","@id":"https:\/\/heuteinfo.de\/#website","url":"https:\/\/heuteinfo.de\/","name":"heuteinfo.de","description":"","potentialAction":[{"@type":"SearchAction","target":{"@type":"EntryPoint","urlTemplate":"https:\/\/heuteinfo.de\/?s={search_term_string}"},"query-input":{"@type":"PropertyValueSpecification","valueRequired":true,"valueName":"search_term_string"}}],"inLanguage":"en-US"},{"@type":"Person","@id":"https:\/\/heuteinfo.de\/#\/schema\/person\/94a0e25dd819e325bc73714b2b0e6250","name":"ahmedhassan98764@gmail.com","image":{"@type":"ImageObject","inLanguage":"en-US","@id":"https:\/\/secure.gravatar.com\/avatar\/e2e9655aa74e87126cf4d7a522342156dfe63385e2ce1859f3a68169de6937a9?s=96&d=mm&r=g","url":"https:\/\/secure.gravatar.com\/avatar\/e2e9655aa74e87126cf4d7a522342156dfe63385e2ce1859f3a68169de6937a9?s=96&d=mm&r=g","contentUrl":"https:\/\/secure.gravatar.com\/avatar\/e2e9655aa74e87126cf4d7a522342156dfe63385e2ce1859f3a68169de6937a9?s=96&d=mm&r=g","caption":"ahmedhassan98764@gmail.com"},"sameAs":["https:\/\/heuteinfo.de"],"url":"https:\/\/heuteinfo.de\/?author=1"}]}},"_links":{"self":[{"href":"https:\/\/heuteinfo.de\/index.php?rest_route=\/wp\/v2\/posts\/2284","targetHints":{"allow":["GET"]}}],"collection":[{"href":"https:\/\/heuteinfo.de\/index.php?rest_route=\/wp\/v2\/posts"}],"about":[{"href":"https:\/\/heuteinfo.de\/index.php?rest_route=\/wp\/v2\/types\/post"}],"author":[{"embeddable":true,"href":"https:\/\/heuteinfo.de\/index.php?rest_route=\/wp\/v2\/users\/1"}],"replies":[{"embeddable":true,"href":"https:\/\/heuteinfo.de\/index.php?rest_route=%2Fwp%2Fv2%2Fcomments&post=2284"}],"version-history":[{"count":3,"href":"https:\/\/heuteinfo.de\/index.php?rest_route=\/wp\/v2\/posts\/2284\/revisions"}],"predecessor-version":[{"id":10754,"href":"https:\/\/heuteinfo.de\/index.php?rest_route=\/wp\/v2\/posts\/2284\/revisions\/10754"}],"wp:featuredmedia":[{"embeddable":true,"href":"https:\/\/heuteinfo.de\/index.php?rest_route=\/wp\/v2\/media\/2285"}],"wp:attachment":[{"href":"https:\/\/heuteinfo.de\/index.php?rest_route=%2Fwp%2Fv2%2Fmedia&parent=2284"}],"wp:term":[{"taxonomy":"category","embeddable":true,"href":"https:\/\/heuteinfo.de\/index.php?rest_route=%2Fwp%2Fv2%2Fcategories&post=2284"},{"taxonomy":"post_tag","embeddable":true,"href":"https:\/\/heuteinfo.de\/index.php?rest_route=%2Fwp%2Fv2%2Ftags&post=2284"}],"curies":[{"name":"wp","href":"https:\/\/api.w.org\/{rel}","templated":true}]}}