{"id":2316,"date":"2025-12-01T13:56:58","date_gmt":"2025-12-01T13:56:58","guid":{"rendered":"https:\/\/heuteinfo.de\/?p=2316"},"modified":"2026-02-27T12:18:35","modified_gmt":"2026-02-27T12:18:35","slug":"andrea-paluch-krankheit","status":"publish","type":"post","link":"https:\/\/heuteinfo.de\/?p=2316","title":{"rendered":"Andrea Paluch Krankheit \u2013 Was wirklich dahintersteckt (Fakten, Ger\u00fcchte &amp; Realit\u00e4t)"},"content":{"rendered":"\n<p>In den letzten Monaten hat die Suchanfrage <strong>\u201e<a href=\"https:\/\/de.wikipedia.org\/wiki\/Andrea_Paluch\" data-type=\"link\" data-id=\"https:\/\/de.wikipedia.org\/wiki\/Andrea_Paluch\">Andrea Paluch<\/a> Krankheit\u201c<\/strong> deutlich zugenommen. Viele Menschen fragen sich, ob die bekannte Autorin wirklich krank ist oder ob es nur ein Ger\u00fccht ist, das sich im Internet verbreitet hat. Genau hier entsteht das Problem: In einer Zeit, in der Informationen schnell geteilt werden, w\u00e4chst manchmal ein Ger\u00fccht, obwohl es daf\u00fcr gar keine echten Hinweise gibt.<\/p>\n\n\n\n<p>Andrea Paluch selbst tritt selten \u00f6ffentlich auf. Sie ist zwar als <strong>Schriftstellerin<\/strong>, <strong>\u00dcbersetzerin<\/strong> und als <strong>Ehefrau von Robert Habeck<\/strong> vielen ein Begriff, h\u00e4lt ihr Privatleben aber weitgehend von Medien fern. Wenn jemand, der in einer bekannten Position steht, nicht st\u00e4ndig in der \u00d6ffentlichkeit auftaucht, fangen Menschen schnell an zu spekulieren. Und genau aus solchen kleinen Unsicherheiten entstehen dann Suchbegriffe wie <strong>\u201eIst Andrea Paluch krank?\u201c<\/strong> oder <strong>\u201eAndrea Paluch illness\u201c<\/strong>.<\/p>\n\n\n\n<h2 class=\"wp-block-heading\">Wer ist Andrea Paluch? \u2013 Ein verst\u00e4ndlicher \u00dcberblick \u00fcber ihr Leben und ihre Arbeit<\/h2>\n\n\n\n<p>Um die Suchanfragen rund um <strong>\u201eAndrea Paluch Krankheit\u201c<\/strong> richtig einordnen zu k\u00f6nnen, hilft es zuerst zu verstehen, wer Andrea Paluch eigentlich ist. Viele kennen sie nur als die Frau von Robert Habeck. Doch ihre eigene Geschichte ist viel gr\u00f6\u00dfer und spannender.<\/p>\n\n\n\n<p>Andrea Paluch wurde 1970 in Langenhagen geboren und hat fr\u00fch eine Leidenschaft f\u00fcr Literatur entwickelt. Sie studierte unter anderem <strong>Literaturwissenschaft, Linguistik und Englisch<\/strong>, oft an verschiedenen Orten, darunter Hannover, Freiburg, Hamburg und sogar eine Zeit lang in D\u00e4nemark. Diese breite Ausbildung pr\u00e4gte ihren Schreibstil und ihre F\u00e4higkeit, Literatur aus verschiedenen Blickwinkeln zu betrachten.<\/p>\n\n\n\n<ul class=\"wp-block-list\">\n<li><strong>Schriftstellerin<\/strong><\/li>\n\n\n\n<li><strong>\u00dcbersetzerin<\/strong><\/li>\n\n\n\n<li><strong>Lektorin<\/strong><\/li>\n\n\n\n<li><strong>Literaturwissenschaftlerin<\/strong><\/li>\n<\/ul>\n\n\n\n<p>Gemeinsam mit ihrem Mann ver\u00f6ffentlichte sie viele B\u00fccher. Beide schrieben Romane, Kinderb\u00fccher und auch politische Texte. Doch seit Robert Habeck politisch aktiv ist, zieht sie sich bewusst aus der direkten \u00d6ffentlichkeit zur\u00fcck. Stattdessen konzentriert sie sich auf eigene Projekte und die Familie.<\/p>\n\n\n\n<p>Was viele nicht wissen: Andrea Paluch ist nicht nur kreativ, sondern auch organisatorisch sehr stark. Ihr Lebensstil wird oft als ruhig, strukturiert und naturverbunden beschrieben. Sie liebt Literatur, das Schreiben und das Nachdenken \u2013 fernab des politischen Trubels, der ihren Mann begleitet. Es ist wichtig zu erkennen, dass ihr <strong>R\u00fcckzug aus der \u00d6ffentlichkeit<\/strong> oft f\u00e4lschlich als Hinweis auf eine Krankheit interpretiert wird. Doch wer ihre Pers\u00f6nlichkeit kennt, wei\u00df: Sie setzt auf Ruhe und Privatsph\u00e4re \u2013 nicht auf Selbstdarstellung.<\/p>\n\n\n\n<h2 class=\"wp-block-heading\">Ursprung der Ger\u00fcchte \u2013 Warum sucht man nach <em>Andrea Paluch Krankheit<\/em>?<\/h2>\n\n\n\n<p>Ger\u00fcchte entstehen selten zuf\u00e4llig. Sie wachsen meistens aus einer Kombination aus Neugier, fehlenden Informationen und der Dynamik des Internets. Genau das ist auch der Grund, warum viele Menschen pl\u00f6tzlich nach <strong>\u201eAndrea Paluch Krankheit\u201c<\/strong> suchen. Der Ursprung dieser Suchwelle h\u00e4ngt nicht mit einer offiziellen Meldung zusammen, sondern mit mehreren Faktoren, die sich verst\u00e4rken:<\/p>\n\n\n\n<p><strong>1. Wenig \u00f6ffentliche Auftritte<\/strong><br>Andrea Paluch zeigt sich kaum in den Medien. Das f\u00fchrt schnell dazu, dass Menschen Vermutungen anstellen, warum man sie nicht sieht.<\/p>\n\n\n\n<p><strong>2. Hohe Bekanntheit ihres Mannes<\/strong><br>Robert Habeck steht als Politiker sehr stark in der \u00d6ffentlichkeit. Dadurch w\u00e4chst automatisch auch das Interesse an seiner Frau \u2013 selbst wenn sie selbst nicht im Rampenlicht steht.<\/p>\n\n\n\n<p><strong>3. Clickbait im Internet<\/strong><br>Viele Webseiten nutzen Namen bekannter Personen, um Aufmerksamkeit zu bekommen. Begriffe wie \u201eKrankheit\u201c werden oft absichtlich eingesetzt, um mehr Klicks zu erzielen, auch wenn keine echten Informationen dahinterstehen.<\/p>\n\n\n\n<p><strong>4. Autovervollst\u00e4ndigung von Suchmaschinen<\/strong><br>Wenn einige wenige Menschen den Begriff suchen, schl\u00e4gt Google ihn anderen als Vorschlag vor. So entsteht ein Schneeballeffekt, der schnell gr\u00f6\u00dfer wird. Diese Kombination sorgt daf\u00fcr, dass der Eindruck entsteht, es m\u00fcsse eine Krankheit geben \u2013 obwohl keinerlei best\u00e4tigte Fakten existieren.<\/p>\n\n\n\n<h2 class=\"wp-block-heading\"> Was wissen wir wirklich? \u2013 Der aktuelle Stand zur <em>Andrea Paluch Krankheit<\/em><\/h2>\n\n\n\n<p>Wenn man sich ernsthaft mit der Frage besch\u00e4ftigt, ob Andrea Paluch krank ist, st\u00f6\u00dft man auf eine klare Antwort: <strong>Es gibt keine best\u00e4tigten Informationen \u00fcber eine Krankheit.<\/strong> Es existieren:<\/p>\n\n\n\n<ul class=\"wp-block-list\">\n<li>keine offiziellen Aussagen<\/li>\n\n\n\n<li>keine medizinischen Berichte<\/li>\n\n\n\n<li>keine seri\u00f6sen Medienmeldungen<\/li>\n\n\n\n<li>keine Hinweise aus ihrem Umfeld<\/li>\n<\/ul>\n\n\n\n<p>Das bedeutet nicht, dass sie automatisch gesund oder krank sein muss \u2013 es bedeutet nur, dass <strong>niemand au\u00dfer der Familie etwas dar\u00fcber wei\u00df<\/strong>, und dass das vollkommen normal und legitim ist. Gesundheit ist privat.<\/p>\n\n\n\n<p>Viele Ger\u00fcchte entstehen, weil Webseiten Behauptungen wiederholen, ohne Belege zu liefern. Manche Artikel basieren nur auf Vermutungen oder auf der Wiederholung von Schlagw\u00f6rtern wie \u201eIllness\u201c oder \u201eKrankheit\u201c. <strong>Wichtige Erkenntnis:<\/strong> Die Suche nach \u201eAndrea Paluch Krankheit\u201c sagt mehr \u00fcber das Internet aus als \u00fcber Andrea Paluch selbst.<\/p>\n\n\n\n<h2 class=\"wp-block-heading\">Warum Menschen so neugierig auf Krankheiten von bekannten Personen sind<\/h2>\n\n\n\n<p>Die Frage nach der Gesundheit bekannter Menschen ist ein altes Ph\u00e4nomen. Doch im digitalen Zeitalter ist dieses Interesse st\u00e4rker denn je. Bei der Suche nach <em>\u201eAndrea Paluch krank?\u201c<\/em> spielen mehrere psychologische Faktoren eine Rolle. Viele Menschen:<\/p>\n\n\n\n<ul class=\"wp-block-list\">\n<li>sind schlicht neugierig<\/li>\n\n\n\n<li>wollen verstehen, warum jemand nicht \u00f6ffentlich auftritt<\/li>\n\n\n\n<li>suchen nach Erkl\u00e4rungen<\/li>\n\n\n\n<li>f\u00fchlen sich verbunden mit Personen des \u00f6ffentlichen Lebens<\/li>\n\n\n\n<li>haben Angst, eine wichtige Nachricht zu verpassen<\/li>\n<\/ul>\n\n\n\n<p>Dazu kommt ein weiterer Faktor: <strong>Menschen haben das Gef\u00fchl, sie h\u00e4tten Anspruch auf Informationen, wenn jemand bekannt ist.<\/strong> Doch das stimmt nicht. Auch \u00f6ffentliche Personen haben das Recht, ihr Privatleben vollst\u00e4ndig f\u00fcr sich zu behalten.<\/p>\n\n\n\n<h2 class=\"wp-block-heading\"><strong> Wie man Ger\u00fcchte richtig bewertet \u2013 Tipps f\u00fcr einen sicheren Umgang mit Informationen<\/strong><\/h2>\n\n\n\n<p>Im Zusammenhang mit Themen wie <strong>\u201eAndrea Paluch Krankheit\u201c<\/strong> ist es wichtig, bewusst und kritisch mit Informationen umzugehen. Gerade im Internet ist nicht alles, was geschrieben wird, automatisch wahr. mEin paar einfache Tipps k\u00f6nnen helfen:<\/p>\n\n\n\n<ul class=\"wp-block-list\">\n<li>\u00dcberpr\u00fcfe immer, ob eine Quelle zuverl\u00e4ssig ist.<\/li>\n\n\n\n<li>Frage dich, ob es Belege gibt.<\/li>\n\n\n\n<li>Lese nicht nur \u00dcberschriften \u2013 viele sind absichtlich dramatisch.<\/li>\n\n\n\n<li>Sei vorsichtig mit Webseiten, die viel spekulieren.<\/li>\n\n\n\n<li>Respektiere die Privatsph\u00e4re anderer Menschen.<\/li>\n<\/ul>\n\n\n\n<p>Gerade wenn es um Krankheiten geht, sollte man besonders sensibel sein.<\/p>\n\n\n\n<h2 class=\"wp-block-heading\">FAQ zu \u201eAndrea Paluch Krankheit\u201c<\/h2>\n\n\n\n<p><strong>1. Gibt es best\u00e4tigte Informationen \u00fcber eine Andrea Paluch Krankheit?<\/strong><br>Nein. Es gibt <strong>keine best\u00e4tigten oder offiziellen Informationen<\/strong>, die auf eine Krankheit hinweisen. Alle Ger\u00fcchte stammen aus Spekulationen oder aus Suchanfragen, nicht aus echten Quellen.<\/p>\n\n\n\n<p><strong>2. Warum suchen so viele Menschen nach \u201eAndrea Paluch Krankheit\u201c?<\/strong><br>Weil Andrea Paluch kaum in der \u00d6ffentlichkeit steht. Ihr ruhiger Lebensstil f\u00fchrt dazu, dass Menschen beginnen zu spekulieren, und dadurch entstehen Suchbegriffe wie \u201ekrank\u201c oder \u201eillness\u201c.<\/p>\n\n\n\n<p><strong>3. Hat Andrea Paluch selbst etwas zu ihrem Gesundheitszustand gesagt?<\/strong><br>Nein. Bisher gibt es <strong>keine \u00f6ffentlichen Aussagen<\/strong> von ihr oder ihrem Umfeld zu diesem Thema.<\/p>\n\n\n\n<p><strong>4. Bedeutet ihre Medienabwesenheit, dass sie krank ist?<\/strong><br>Nein. Andrea Paluch gilt als eine sehr <strong>private Person<\/strong>, die Medienmeidung ist f\u00fcr sie normal und hat keine bekannte Verbindung zu einer Krankheit.<\/p>\n\n\n\n<p><strong>5. Sind die Ger\u00fcchte \u00fcber die Krankheit glaubw\u00fcrdig?<\/strong><br>Nein. Sie st\u00fctzen sich auf <strong>keine nachpr\u00fcfbaren Belege<\/strong>, sondern oft auf Clickbait-Artikel oder wiederholte Vermutungen.<\/p>\n\n\n\n<h2 class=\"wp-block-heading\">Fazit<\/h2>\n\n\n\n<p>Am Ende l\u00e4sst sich alles klar zusammenfassen:<\/p>\n\n\n\n<ul class=\"wp-block-list\">\n<li><strong>Es gibt keine best\u00e4tigten Informationen \u00fcber eine Krankheit von Andrea Paluch.<\/strong><\/li>\n\n\n\n<li>Die Suchanfrage entsteht durch Spekulationen, nicht durch Fakten.<\/li>\n\n\n\n<li>Ihr privater Lebensstil f\u00fchrt oft zu falschen Annahmen.<\/li>\n\n\n\n<li>Ger\u00fcchte sollten kritisch bewertet werden, besonders bei sensiblen Themen wie Gesundheit.<\/li>\n\n\n\n<li>Die Privatsph\u00e4re eines Menschen sollte immer respektiert werden \u2013 unabh\u00e4ngig von seiner Bekanntheit.<\/li>\n<\/ul>\n\n\n\n<p>Die Frage <strong>\u201eIst Andrea Paluch krank?\u201c<\/strong> bleibt deshalb unbeantwortet, <strong>weil sie nicht beantwortet werden muss<\/strong>. Es gibt keinen Anspruch auf private Gesundheitsdaten.<\/p>\n\n\n\n<p><strong>Mher Lesson:<em>\u00a0<\/em><\/strong> <strong><a href=\"https:\/\/heuteinfo.de\/2025\/11\/29\/andrea-sawatzki-schlaganfall\/\" data-type=\"link\" data-id=\"https:\/\/heuteinfo.de\/2025\/11\/29\/andrea-sawatzki-schlaganfall\/\">Andrea Sawatzki Schlaganfall<br><\/a><\/strong><\/p>\n","protected":false},"excerpt":{"rendered":"<p>In den letzten Monaten hat die Suchanfrage \u201eAndrea Paluch Krankheit\u201c deutlich zugenommen. Viele Menschen fragen sich, ob die bekannte Autorin wirklich krank ist oder ob es nur ein Ger\u00fccht ist, das sich im Internet verbreitet hat. Genau hier entsteht das Problem: In einer Zeit, in der Informationen schnell geteilt werden, w\u00e4chst manchmal ein Ger\u00fccht, obwohl [&hellip;]<\/p>\n","protected":false},"author":1,"featured_media":2317,"comment_status":"closed","ping_status":"open","sticky":false,"template":"","format":"standard","meta":{"footnotes":""},"categories":[39],"tags":[],"class_list":["post-2316","post","type-post","status-publish","format-standard","has-post-thumbnail","hentry","category-lebensstil"],"yoast_head":"<!-- This site is optimized with the Yoast SEO plugin v27.4 - https:\/\/yoast.com\/product\/yoast-seo-wordpress\/ -->\n<title>Andrea Paluch Krankheit \u2013 Was wirklich dahintersteckt (Fakten, Ger\u00fcchte &amp; Realit\u00e4t) - heuteinfo.de<\/title>\n<meta name=\"robots\" content=\"index, follow, max-snippet:-1, max-image-preview:large, max-video-preview:-1\" \/>\n<link rel=\"canonical\" href=\"https:\/\/heuteinfo.de\/?p=2316\" \/>\n<meta property=\"og:locale\" content=\"en_US\" \/>\n<meta property=\"og:type\" content=\"article\" \/>\n<meta property=\"og:title\" content=\"Andrea Paluch Krankheit \u2013 Was wirklich dahintersteckt (Fakten, Ger\u00fcchte &amp; Realit\u00e4t) - heuteinfo.de\" \/>\n<meta property=\"og:description\" content=\"In den letzten Monaten hat die Suchanfrage \u201eAndrea Paluch Krankheit\u201c deutlich zugenommen. Viele Menschen fragen sich, ob die bekannte Autorin wirklich krank ist oder ob es nur ein Ger\u00fccht ist, das sich im Internet verbreitet hat. Genau hier entsteht das Problem: In einer Zeit, in der Informationen schnell geteilt werden, w\u00e4chst manchmal ein Ger\u00fccht, obwohl [&hellip;]\" \/>\n<meta property=\"og:url\" content=\"https:\/\/heuteinfo.de\/?p=2316\" \/>\n<meta property=\"og:site_name\" content=\"heuteinfo.de\" \/>\n<meta property=\"article:published_time\" content=\"2025-12-01T13:56:58+00:00\" \/>\n<meta property=\"article:modified_time\" content=\"2026-02-27T12:18:35+00:00\" \/>\n<meta name=\"author\" content=\"ahmedhassan98764@gmail.com\" \/>\n<meta name=\"twitter:card\" content=\"summary_large_image\" \/>\n<meta name=\"twitter:label1\" content=\"Written by\" \/>\n\t<meta name=\"twitter:data1\" content=\"ahmedhassan98764@gmail.com\" \/>\n\t<meta name=\"twitter:label2\" content=\"Est. reading time\" \/>\n\t<meta name=\"twitter:data2\" content=\"6 minutes\" \/>\n<script type=\"application\/ld+json\" class=\"yoast-schema-graph\">{\"@context\":\"https:\\\/\\\/schema.org\",\"@graph\":[{\"@type\":\"Article\",\"@id\":\"https:\\\/\\\/heuteinfo.de\\\/?p=2316#article\",\"isPartOf\":{\"@id\":\"https:\\\/\\\/heuteinfo.de\\\/?p=2316\"},\"author\":{\"name\":\"ahmedhassan98764@gmail.com\",\"@id\":\"https:\\\/\\\/heuteinfo.de\\\/#\\\/schema\\\/person\\\/94a0e25dd819e325bc73714b2b0e6250\"},\"headline\":\"Andrea Paluch Krankheit \u2013 Was wirklich dahintersteckt (Fakten, Ger\u00fcchte &amp; Realit\u00e4t)\",\"datePublished\":\"2025-12-01T13:56:58+00:00\",\"dateModified\":\"2026-02-27T12:18:35+00:00\",\"mainEntityOfPage\":{\"@id\":\"https:\\\/\\\/heuteinfo.de\\\/?p=2316\"},\"wordCount\":1201,\"image\":{\"@id\":\"https:\\\/\\\/heuteinfo.de\\\/?p=2316#primaryimage\"},\"thumbnailUrl\":\"https:\\\/\\\/heuteinfo.de\\\/wp-content\\\/uploads\\\/2025\\\/12\\\/andrea-pauluch.avif\",\"articleSection\":[\"Lebensstil\"],\"inLanguage\":\"en-US\"},{\"@type\":\"WebPage\",\"@id\":\"https:\\\/\\\/heuteinfo.de\\\/?p=2316\",\"url\":\"https:\\\/\\\/heuteinfo.de\\\/?p=2316\",\"name\":\"Andrea Paluch Krankheit \u2013 Was wirklich dahintersteckt (Fakten, Ger\u00fcchte &amp; Realit\u00e4t) - heuteinfo.de\",\"isPartOf\":{\"@id\":\"https:\\\/\\\/heuteinfo.de\\\/#website\"},\"primaryImageOfPage\":{\"@id\":\"https:\\\/\\\/heuteinfo.de\\\/?p=2316#primaryimage\"},\"image\":{\"@id\":\"https:\\\/\\\/heuteinfo.de\\\/?p=2316#primaryimage\"},\"thumbnailUrl\":\"https:\\\/\\\/heuteinfo.de\\\/wp-content\\\/uploads\\\/2025\\\/12\\\/andrea-pauluch.avif\",\"datePublished\":\"2025-12-01T13:56:58+00:00\",\"dateModified\":\"2026-02-27T12:18:35+00:00\",\"author\":{\"@id\":\"https:\\\/\\\/heuteinfo.de\\\/#\\\/schema\\\/person\\\/94a0e25dd819e325bc73714b2b0e6250\"},\"breadcrumb\":{\"@id\":\"https:\\\/\\\/heuteinfo.de\\\/?p=2316#breadcrumb\"},\"inLanguage\":\"en-US\",\"potentialAction\":[{\"@type\":\"ReadAction\",\"target\":[\"https:\\\/\\\/heuteinfo.de\\\/?p=2316\"]}]},{\"@type\":\"ImageObject\",\"inLanguage\":\"en-US\",\"@id\":\"https:\\\/\\\/heuteinfo.de\\\/?p=2316#primaryimage\",\"url\":\"https:\\\/\\\/heuteinfo.de\\\/wp-content\\\/uploads\\\/2025\\\/12\\\/andrea-pauluch.avif\",\"contentUrl\":\"https:\\\/\\\/heuteinfo.de\\\/wp-content\\\/uploads\\\/2025\\\/12\\\/andrea-pauluch.avif\",\"width\":960,\"height\":639,\"caption\":\"andrea-paluch-krankheit\"},{\"@type\":\"BreadcrumbList\",\"@id\":\"https:\\\/\\\/heuteinfo.de\\\/?p=2316#breadcrumb\",\"itemListElement\":[{\"@type\":\"ListItem\",\"position\":1,\"name\":\"Home\",\"item\":\"https:\\\/\\\/heuteinfo.de\\\/\"},{\"@type\":\"ListItem\",\"position\":2,\"name\":\"Andrea Paluch Krankheit \u2013 Was wirklich dahintersteckt (Fakten, Ger\u00fcchte &amp; Realit\u00e4t)\"}]},{\"@type\":\"WebSite\",\"@id\":\"https:\\\/\\\/heuteinfo.de\\\/#website\",\"url\":\"https:\\\/\\\/heuteinfo.de\\\/\",\"name\":\"heuteinfo.de\",\"description\":\"\",\"potentialAction\":[{\"@type\":\"SearchAction\",\"target\":{\"@type\":\"EntryPoint\",\"urlTemplate\":\"https:\\\/\\\/heuteinfo.de\\\/?s={search_term_string}\"},\"query-input\":{\"@type\":\"PropertyValueSpecification\",\"valueRequired\":true,\"valueName\":\"search_term_string\"}}],\"inLanguage\":\"en-US\"},{\"@type\":\"Person\",\"@id\":\"https:\\\/\\\/heuteinfo.de\\\/#\\\/schema\\\/person\\\/94a0e25dd819e325bc73714b2b0e6250\",\"name\":\"ahmedhassan98764@gmail.com\",\"image\":{\"@type\":\"ImageObject\",\"inLanguage\":\"en-US\",\"@id\":\"https:\\\/\\\/secure.gravatar.com\\\/avatar\\\/e2e9655aa74e87126cf4d7a522342156dfe63385e2ce1859f3a68169de6937a9?s=96&d=mm&r=g\",\"url\":\"https:\\\/\\\/secure.gravatar.com\\\/avatar\\\/e2e9655aa74e87126cf4d7a522342156dfe63385e2ce1859f3a68169de6937a9?s=96&d=mm&r=g\",\"contentUrl\":\"https:\\\/\\\/secure.gravatar.com\\\/avatar\\\/e2e9655aa74e87126cf4d7a522342156dfe63385e2ce1859f3a68169de6937a9?s=96&d=mm&r=g\",\"caption\":\"ahmedhassan98764@gmail.com\"},\"sameAs\":[\"https:\\\/\\\/heuteinfo.de\"],\"url\":\"https:\\\/\\\/heuteinfo.de\\\/?author=1\"}]}<\/script>\n<!-- \/ Yoast SEO plugin. -->","yoast_head_json":{"title":"Andrea Paluch Krankheit \u2013 Was wirklich dahintersteckt (Fakten, Ger\u00fcchte &amp; Realit\u00e4t) - heuteinfo.de","robots":{"index":"index","follow":"follow","max-snippet":"max-snippet:-1","max-image-preview":"max-image-preview:large","max-video-preview":"max-video-preview:-1"},"canonical":"https:\/\/heuteinfo.de\/?p=2316","og_locale":"en_US","og_type":"article","og_title":"Andrea Paluch Krankheit \u2013 Was wirklich dahintersteckt (Fakten, Ger\u00fcchte &amp; Realit\u00e4t) - heuteinfo.de","og_description":"In den letzten Monaten hat die Suchanfrage \u201eAndrea Paluch Krankheit\u201c deutlich zugenommen. Viele Menschen fragen sich, ob die bekannte Autorin wirklich krank ist oder ob es nur ein Ger\u00fccht ist, das sich im Internet verbreitet hat. Genau hier entsteht das Problem: In einer Zeit, in der Informationen schnell geteilt werden, w\u00e4chst manchmal ein Ger\u00fccht, obwohl [&hellip;]","og_url":"https:\/\/heuteinfo.de\/?p=2316","og_site_name":"heuteinfo.de","article_published_time":"2025-12-01T13:56:58+00:00","article_modified_time":"2026-02-27T12:18:35+00:00","author":"ahmedhassan98764@gmail.com","twitter_card":"summary_large_image","twitter_misc":{"Written by":"ahmedhassan98764@gmail.com","Est. reading time":"6 minutes"},"schema":{"@context":"https:\/\/schema.org","@graph":[{"@type":"Article","@id":"https:\/\/heuteinfo.de\/?p=2316#article","isPartOf":{"@id":"https:\/\/heuteinfo.de\/?p=2316"},"author":{"name":"ahmedhassan98764@gmail.com","@id":"https:\/\/heuteinfo.de\/#\/schema\/person\/94a0e25dd819e325bc73714b2b0e6250"},"headline":"Andrea Paluch Krankheit \u2013 Was wirklich dahintersteckt (Fakten, Ger\u00fcchte &amp; Realit\u00e4t)","datePublished":"2025-12-01T13:56:58+00:00","dateModified":"2026-02-27T12:18:35+00:00","mainEntityOfPage":{"@id":"https:\/\/heuteinfo.de\/?p=2316"},"wordCount":1201,"image":{"@id":"https:\/\/heuteinfo.de\/?p=2316#primaryimage"},"thumbnailUrl":"https:\/\/heuteinfo.de\/wp-content\/uploads\/2025\/12\/andrea-pauluch.avif","articleSection":["Lebensstil"],"inLanguage":"en-US"},{"@type":"WebPage","@id":"https:\/\/heuteinfo.de\/?p=2316","url":"https:\/\/heuteinfo.de\/?p=2316","name":"Andrea Paluch Krankheit \u2013 Was wirklich dahintersteckt (Fakten, Ger\u00fcchte &amp; Realit\u00e4t) - heuteinfo.de","isPartOf":{"@id":"https:\/\/heuteinfo.de\/#website"},"primaryImageOfPage":{"@id":"https:\/\/heuteinfo.de\/?p=2316#primaryimage"},"image":{"@id":"https:\/\/heuteinfo.de\/?p=2316#primaryimage"},"thumbnailUrl":"https:\/\/heuteinfo.de\/wp-content\/uploads\/2025\/12\/andrea-pauluch.avif","datePublished":"2025-12-01T13:56:58+00:00","dateModified":"2026-02-27T12:18:35+00:00","author":{"@id":"https:\/\/heuteinfo.de\/#\/schema\/person\/94a0e25dd819e325bc73714b2b0e6250"},"breadcrumb":{"@id":"https:\/\/heuteinfo.de\/?p=2316#breadcrumb"},"inLanguage":"en-US","potentialAction":[{"@type":"ReadAction","target":["https:\/\/heuteinfo.de\/?p=2316"]}]},{"@type":"ImageObject","inLanguage":"en-US","@id":"https:\/\/heuteinfo.de\/?p=2316#primaryimage","url":"https:\/\/heuteinfo.de\/wp-content\/uploads\/2025\/12\/andrea-pauluch.avif","contentUrl":"https:\/\/heuteinfo.de\/wp-content\/uploads\/2025\/12\/andrea-pauluch.avif","width":960,"height":639,"caption":"andrea-paluch-krankheit"},{"@type":"BreadcrumbList","@id":"https:\/\/heuteinfo.de\/?p=2316#breadcrumb","itemListElement":[{"@type":"ListItem","position":1,"name":"Home","item":"https:\/\/heuteinfo.de\/"},{"@type":"ListItem","position":2,"name":"Andrea Paluch Krankheit \u2013 Was wirklich dahintersteckt (Fakten, Ger\u00fcchte &amp; Realit\u00e4t)"}]},{"@type":"WebSite","@id":"https:\/\/heuteinfo.de\/#website","url":"https:\/\/heuteinfo.de\/","name":"heuteinfo.de","description":"","potentialAction":[{"@type":"SearchAction","target":{"@type":"EntryPoint","urlTemplate":"https:\/\/heuteinfo.de\/?s={search_term_string}"},"query-input":{"@type":"PropertyValueSpecification","valueRequired":true,"valueName":"search_term_string"}}],"inLanguage":"en-US"},{"@type":"Person","@id":"https:\/\/heuteinfo.de\/#\/schema\/person\/94a0e25dd819e325bc73714b2b0e6250","name":"ahmedhassan98764@gmail.com","image":{"@type":"ImageObject","inLanguage":"en-US","@id":"https:\/\/secure.gravatar.com\/avatar\/e2e9655aa74e87126cf4d7a522342156dfe63385e2ce1859f3a68169de6937a9?s=96&d=mm&r=g","url":"https:\/\/secure.gravatar.com\/avatar\/e2e9655aa74e87126cf4d7a522342156dfe63385e2ce1859f3a68169de6937a9?s=96&d=mm&r=g","contentUrl":"https:\/\/secure.gravatar.com\/avatar\/e2e9655aa74e87126cf4d7a522342156dfe63385e2ce1859f3a68169de6937a9?s=96&d=mm&r=g","caption":"ahmedhassan98764@gmail.com"},"sameAs":["https:\/\/heuteinfo.de"],"url":"https:\/\/heuteinfo.de\/?author=1"}]}},"_links":{"self":[{"href":"https:\/\/heuteinfo.de\/index.php?rest_route=\/wp\/v2\/posts\/2316","targetHints":{"allow":["GET"]}}],"collection":[{"href":"https:\/\/heuteinfo.de\/index.php?rest_route=\/wp\/v2\/posts"}],"about":[{"href":"https:\/\/heuteinfo.de\/index.php?rest_route=\/wp\/v2\/types\/post"}],"author":[{"embeddable":true,"href":"https:\/\/heuteinfo.de\/index.php?rest_route=\/wp\/v2\/users\/1"}],"replies":[{"embeddable":true,"href":"https:\/\/heuteinfo.de\/index.php?rest_route=%2Fwp%2Fv2%2Fcomments&post=2316"}],"version-history":[{"count":3,"href":"https:\/\/heuteinfo.de\/index.php?rest_route=\/wp\/v2\/posts\/2316\/revisions"}],"predecessor-version":[{"id":10764,"href":"https:\/\/heuteinfo.de\/index.php?rest_route=\/wp\/v2\/posts\/2316\/revisions\/10764"}],"wp:featuredmedia":[{"embeddable":true,"href":"https:\/\/heuteinfo.de\/index.php?rest_route=\/wp\/v2\/media\/2317"}],"wp:attachment":[{"href":"https:\/\/heuteinfo.de\/index.php?rest_route=%2Fwp%2Fv2%2Fmedia&parent=2316"}],"wp:term":[{"taxonomy":"category","embeddable":true,"href":"https:\/\/heuteinfo.de\/index.php?rest_route=%2Fwp%2Fv2%2Fcategories&post=2316"},{"taxonomy":"post_tag","embeddable":true,"href":"https:\/\/heuteinfo.de\/index.php?rest_route=%2Fwp%2Fv2%2Ftags&post=2316"}],"curies":[{"name":"wp","href":"https:\/\/api.w.org\/{rel}","templated":true}]}}