{"id":2322,"date":"2025-12-01T14:13:57","date_gmt":"2025-12-01T14:13:57","guid":{"rendered":"https:\/\/heuteinfo.de\/?p=2322"},"modified":"2026-02-27T12:18:37","modified_gmt":"2026-02-27T12:18:37","slug":"susanne-daubner-brustkrebs","status":"publish","type":"post","link":"https:\/\/heuteinfo.de\/?p=2322","title":{"rendered":"Susanne Daubner Brustkrebs \u2013 Was wirklich dahinter steckt"},"content":{"rendered":"\n<p>Der Begriff <strong><a href=\"https:\/\/de.wikipedia.org\/wiki\/Susanne_Daubner\" data-type=\"link\" data-id=\"https:\/\/de.wikipedia.org\/wiki\/Susanne_Daubner\">\u201csusanne daubner<\/a> brustkrebs\u201d<\/strong> ist in letzter Zeit immer h\u00e4ufiger in den Suchmaschinen aufgetaucht. Viele Menschen sto\u00dfen zuf\u00e4llig auf diese Wortkombination und fragen sich sofort, ob hinter diesen Suchanfragen ein ernstes Gesundheitsproblem der beliebten <em>Tagesschau-Sprecherin<\/em> steckt. Diese Sorge ist nachvollziehbar, denn Susanne Daubner begleitet Zuschauerinnen und Zuschauer seit vielen Jahren durch die wichtigsten Nachrichten des Tages. Jede Ver\u00e4nderung oder jedes Ger\u00fccht \u00fcber sie f\u00e4llt daher sofort auf.<\/p>\n\n\n\n<p>Oft entstehen solche Suchtrends jedoch nicht durch offizielle Meldungen, sondern durch eine Mischung aus Neugier, Missverst\u00e4ndnissen oder einzelnen unklaren Beitr\u00e4gen im Internet. Wenn ein Name wie Susanne Daubner in irgendeinem Zusammenhang mit einem schweren Thema wie Brustkrebs erw\u00e4hnt wird, verbreitet sich das schnell \u2014 selbst ohne best\u00e4tigte Grundlage. Suchmaschinen greifen solche Trends sofort auf, und pl\u00f6tzlich wirkt es so, als g\u00e4be es ein ernstes Thema, obwohl vielleicht gar nichts dahinter steckt.<\/p>\n\n\n\n<h2 class=\"wp-block-heading\">Wer ist Susanne Daubner? \u2013 Kurzportr\u00e4t<\/h2>\n\n\n\n<p>Um zu verstehen, warum der Begriff <strong>\u201esusanne daubner brustkrebs\u201c<\/strong> \u00fcberhaupt auftaucht, lohnt sich ein Blick auf die Person hinter dem Namen. Susanne Daubner geh\u00f6rt zu den bekanntesten Gesichtern der deutschen Medienlandschaft. Sie wurde 1961 in Halle (Saale) geboren und begann ihre Karriere beim Rundfunk der DDR. Dort moderierte sie verschiedene Radiosendungen, besonders beim Jugendradio DT64, das vielen Menschen aus der damaligen Zeit noch vertraut ist.<\/p>\n\n\n\n<p>Ihre Bekanntheit f\u00fchrt auch dazu, dass ihr Name h\u00e4ufiger in Suchmaschinen auftaucht. Menschen wollen wissen, wie es ihr geht, was sie macht und ob es wichtige Neuigkeiten \u00fcber sie gibt. Genau das ist einer der Gr\u00fcnde, warum pl\u00f6tzlich auch Suchbegriffe entstehen, die gar nichts mit echten Ereignissen zu tun haben.<\/p>\n\n\n\n<h2 class=\"wp-block-heading\">Woher kommen die Ger\u00fcchte \u00fcber Susanne Daubner und Brustkrebs?<\/h2>\n\n\n\n<p>Die Kombination <strong>\u201esusanne daubner brustkrebs\u201c<\/strong> wirkt auf den ersten Blick alarmierend. Doch woher kommt sie? Oft entsteht ein solches Suchwort durch mehrere kleine Ausl\u00f6ser, die sich dann gegenseitig verst\u00e4rken. Manchmal gen\u00fcgt es, wenn in sozialen Medien jemand eine Behauptung aufstellt, eine Verwechslung entsteht oder der Name in einem unklaren Kontext auftaucht. Suchmaschinen greifen solche Trends sofort auf. Nach kurzer Zeit sieht es dann so aus, als g\u00e4be es ein echtes Thema, obwohl es in Wirklichkeit nur lose Worte sind, die zuf\u00e4llig miteinander verbunden wurden.<\/p>\n\n\n\n<p>Ein weiterer Grund k\u00f6nnte sein, dass das Thema Brustkrebs oft mit bekannten Pers\u00f6nlichkeiten in Verbindung gebracht wird, weil Prominente h\u00e4ufiger \u00fcber schwere Krankheiten berichten. Dadurch entsteht eine Art Verbindung im Kopf der Menschen, obwohl diese Verbindung im konkreten Fall falsch sein kann.<\/p>\n\n\n\n<h2 class=\"wp-block-heading\">Was \u00fcber ihre Gesundheit wirklich bekannt ist<\/h2>\n\n\n\n<p>Trotz der vielen Suchanfragen gibt es <strong>keine offizielle Best\u00e4tigung<\/strong>, dass Susanne Daubner jemals an Brustkrebs erkrankt war. Weder Interviews, noch \u00f6ffentliche Auftritte, noch seri\u00f6se Medienberichte liefern Hinweise darauf, dass sie diese Diagnose erhalten hat.<\/p>\n\n\n\n<p>Prominente wie Daubner geben wichtige gesundheitliche Ereignisse oft selbst bekannt, wenn sie es m\u00f6chten. Genau das ist hier nicht der Fall. Die Informationen, die \u00f6ffentlich verf\u00fcgbar sind, sprechen daf\u00fcr, dass sie ihren Beruf wie gewohnt aus\u00fcbt und keine schwere Erkrankung \u00f6ffentlich gemacht hat. Nat\u00fcrlich hat jeder Mensch das Recht auf Privatsph\u00e4re. Aber wenn eine Nachrichten-Sprecherin von der Pr\u00e4senz von Millionen Menschen lebt, w\u00e4ren ernsthafte gesundheitliche Ver\u00e4nderungen meist Thema in der \u00d6ffentlichkeit. Dass dies nicht passiert ist, zeigt deutlich: <strong>Die Ger\u00fcchte basieren nicht auf Fakten.<\/strong><\/p>\n\n\n\n<h2 class=\"wp-block-heading\">Warum Ger\u00fcchte \u00fcber Prominente so schnell entstehen<\/h2>\n\n\n\n<p>Prominente sind st\u00e4ndig im Blick der \u00d6ffentlichkeit. Das sorgt daf\u00fcr, dass selbst harmlose Details schnell zu Ger\u00fcchten werden k\u00f6nnen. Bei Krankheiten wie Brustkrebs spielt auch die allgemeine Sensibilit\u00e4t eine Rolle. Viele Menschen kennen Betroffene, daher erzeugen Stichworte wie \u201eKrebs\u201c sofort starke Gef\u00fchle. Ger\u00fcchte entstehen besonders oft durch:<\/p>\n\n\n\n<ul class=\"wp-block-list\">\n<li><strong>Missverst\u00e4ndnisse<\/strong><\/li>\n\n\n\n<li><strong>ungenaue Social-Media-Beitr\u00e4ge<\/strong><\/li>\n\n\n\n<li><strong>Fehlinterpretationen<\/strong><\/li>\n\n\n\n<li><strong>Namensverwechslungen<\/strong><\/li>\n\n\n\n<li><strong>Trends, die Suchmaschinen automatisch verst\u00e4rken<\/strong><\/li>\n<\/ul>\n\n\n\n<p>Das Internet ist schnell, aber nicht immer korrekt. Wenn ein Begriff erst einmal auftaucht, reicht das manchmal, um eine ganze Welle auszul\u00f6sen \u2014 unabh\u00e4ngig davon, ob die Information stimmt.<\/p>\n\n\n\n<h2 class=\"wp-block-heading\">Faktencheck: Wie man Gesundheitsmeldungen richtig pr\u00fcft<\/h2>\n\n\n\n<p>Weil Online-Ger\u00fcchte so leicht entstehen, ist es wichtig, Informationen richtig einzuordnen. Vor allem bei schweren Erkrankungen sollte man achtsam sein. Ein kurzer Faktencheck hilft:<\/p>\n\n\n\n<p><strong>1. Offizielle Quellen zuerst pr\u00fcfen<\/strong><br>Prominente nennen wichtige Ereignisse oft in Interviews, Statements oder Pressemitteilungen. Wenn dort nichts steht, ist die Info meist falsch.<\/p>\n\n\n\n<p><strong>2. Vorsicht bei anonymen Posts<\/strong><br>Alles, was aus unsicheren Quellen stammt, sollte man nicht sofort glauben.<\/p>\n\n\n\n<p><strong>3. Glaubw\u00fcrdige Medien vergleichen<\/strong><br>Wenn eine bekannte Person erkrankt, berichten mehrere seri\u00f6se Redaktionen dar\u00fcber \u2014 nicht nur ein anonymer Blog.<\/p>\n\n\n\n<p><strong>4. Auf die Sprache achten<\/strong><br>Formulierungen wie \u201eangeblich\u201c, \u201eman h\u00f6rt\u201c, \u201eviele sagen\u201c sind typische Hinweise auf Ger\u00fcchte.<\/p>\n\n\n\n<h2 class=\"wp-block-heading\">Brustkrebs allgemein \u2013 wichtiges Wissen f\u00fcr alle<\/h2>\n\n\n\n<p>Auch wenn der Begriff <strong>\u201esusanne daubner brustkrebs\u201c<\/strong> bisher keinen realen Hintergrund hat, lohnt es sich, das Thema selbst ernst zu nehmen. Brustkrebs geh\u00f6rt zu den h\u00e4ufigsten Krebsarten bei Frauen, und Aufmerksamkeit rettet Leben. Eine kurze \u00dcbersicht:<\/p>\n\n\n\n<figure class=\"wp-block-table\"><table class=\"has-fixed-layout\"><thead><tr><th>Thema<\/th><th>Kurze Erkl\u00e4rung<\/th><\/tr><\/thead><tbody><tr><td>H\u00e4ufigkeit<\/td><td>Jede 8. Frau ist im Laufe ihres Lebens betroffen<\/td><\/tr><tr><td>Fr\u00fcherkennung<\/td><td>Mammographie, Selbstabtastung, Vorsorge<\/td><\/tr><tr><td>Heilungschancen<\/td><td>Heute viel besser dank moderner Medizin<\/td><\/tr><tr><td>Risiko<\/td><td>Steigt mit Alter, Genetik und Lebensstil<\/td><\/tr><\/tbody><\/table><\/figure>\n\n\n\n<p>Prominente sprechen oft offen dar\u00fcber, um Mut zu machen oder Bewusstsein zu schaffen. Doch genau deshalb sollte man nicht automatisch annehmen, dass <em>jeder<\/em> Prominente betroffen ist.<\/p>\n\n\n\n<h2 class=\"wp-block-heading\">Fazit<\/h2>\n\n\n\n<div class=\"wp-block-group has-global-padding is-layout-constrained wp-block-group-is-layout-constrained\">\n<p>Zusammengefasst l\u00e4sst sich klar sagen: <strong>Es gibt keinen best\u00e4tigten Hinweis darauf, dass Susanne Daubner Brustkrebs hat oder hatte.<\/strong><\/p>\n<\/div>\n\n\n\n<p>Der Begriff taucht vor allem wegen Suchtrends, Missverst\u00e4ndnissen oder Neugier auf. Viele Menschen wollen einfach sicherstellen, dass es der bekannten Sprecherin gut geht \u2014 und das ist verst\u00e4ndlich. Doch in diesem Fall beruhen die Ger\u00fcchte nicht auf echten Informationen.<\/p>\n\n\n\n<h2 class=\"wp-block-heading\">FAQ \u2013 H\u00e4ufige Fragen<\/h2>\n\n\n\n<p><strong>Hat Susanne Daubner Brustkrebs?<\/strong><br>Nein, es gibt keine best\u00e4tigte Information dazu.<\/p>\n\n\n\n<p><strong>Warum taucht der Begriff so oft auf?<\/strong><br>Weil Suchtrends sich gegenseitig verst\u00e4rken und manche Ger\u00fcchte zuf\u00e4llig entstehen.<\/p>\n\n\n\n<p><strong>Woher wei\u00df man, dass sie nicht erkrankt ist?<\/strong><br>Weil keine seri\u00f6se Quelle eine solche Diagnose nennt.<\/p>\n\n\n\n<p><strong>Kann man solchen Ger\u00fcchten glauben?<\/strong><br>Nur, wenn sie aus glaubw\u00fcrdigen Quellen stammen \u2014 ansonsten lieber pr\u00fcfen.<\/p>\n\n\n\n<p><strong>Mher Lesson<em>:\u00a0<\/em><\/strong> <strong><a href=\"https:\/\/heuteinfo.de\/2025\/12\/01\/maria-furtwangler-krebserkrankung\/\" data-type=\"link\" data-id=\"https:\/\/heuteinfo.de\/2025\/12\/01\/maria-furtwangler-krebserkrankung\/\">Maria Furtw\u00e4ngler Krebserkrankung<br><\/a><\/strong><\/p>\n","protected":false},"excerpt":{"rendered":"<p>Der Begriff \u201csusanne daubner brustkrebs\u201d ist in letzter Zeit immer h\u00e4ufiger in den Suchmaschinen aufgetaucht. Viele Menschen sto\u00dfen zuf\u00e4llig auf diese Wortkombination und fragen sich sofort, ob hinter diesen Suchanfragen ein ernstes Gesundheitsproblem der beliebten Tagesschau-Sprecherin steckt. Diese Sorge ist nachvollziehbar, denn Susanne Daubner begleitet Zuschauerinnen und Zuschauer seit vielen Jahren durch die wichtigsten Nachrichten [&hellip;]<\/p>\n","protected":false},"author":1,"featured_media":2323,"comment_status":"closed","ping_status":"open","sticky":false,"template":"","format":"standard","meta":{"footnotes":""},"categories":[39],"tags":[],"class_list":["post-2322","post","type-post","status-publish","format-standard","has-post-thumbnail","hentry","category-lebensstil"],"yoast_head":"<!-- This site is optimized with the Yoast SEO plugin v27.4 - https:\/\/yoast.com\/product\/yoast-seo-wordpress\/ -->\n<title>Susanne Daubner Brustkrebs \u2013 Was wirklich dahinter steckt - heuteinfo.de<\/title>\n<meta name=\"robots\" content=\"index, follow, max-snippet:-1, max-image-preview:large, max-video-preview:-1\" \/>\n<link rel=\"canonical\" href=\"https:\/\/heuteinfo.de\/?p=2322\" \/>\n<meta property=\"og:locale\" content=\"en_US\" \/>\n<meta property=\"og:type\" content=\"article\" \/>\n<meta property=\"og:title\" content=\"Susanne Daubner Brustkrebs \u2013 Was wirklich dahinter steckt - heuteinfo.de\" \/>\n<meta property=\"og:description\" content=\"Der Begriff \u201csusanne daubner brustkrebs\u201d ist in letzter Zeit immer h\u00e4ufiger in den Suchmaschinen aufgetaucht. Viele Menschen sto\u00dfen zuf\u00e4llig auf diese Wortkombination und fragen sich sofort, ob hinter diesen Suchanfragen ein ernstes Gesundheitsproblem der beliebten Tagesschau-Sprecherin steckt. Diese Sorge ist nachvollziehbar, denn Susanne Daubner begleitet Zuschauerinnen und Zuschauer seit vielen Jahren durch die wichtigsten Nachrichten [&hellip;]\" \/>\n<meta property=\"og:url\" content=\"https:\/\/heuteinfo.de\/?p=2322\" \/>\n<meta property=\"og:site_name\" content=\"heuteinfo.de\" \/>\n<meta property=\"article:published_time\" content=\"2025-12-01T14:13:57+00:00\" \/>\n<meta property=\"article:modified_time\" content=\"2026-02-27T12:18:37+00:00\" \/>\n<meta property=\"og:image\" content=\"https:\/\/heuteinfo.de\/wp-content\/uploads\/2025\/12\/images-2025-12-01T190516.643.jpg\" \/>\n\t<meta property=\"og:image:width\" content=\"299\" \/>\n\t<meta property=\"og:image:height\" content=\"168\" \/>\n\t<meta property=\"og:image:type\" content=\"image\/jpeg\" \/>\n<meta name=\"author\" content=\"ahmedhassan98764@gmail.com\" \/>\n<meta name=\"twitter:card\" content=\"summary_large_image\" \/>\n<meta name=\"twitter:label1\" content=\"Written by\" \/>\n\t<meta name=\"twitter:data1\" content=\"ahmedhassan98764@gmail.com\" \/>\n\t<meta name=\"twitter:label2\" content=\"Est. reading time\" \/>\n\t<meta name=\"twitter:data2\" content=\"5 minutes\" \/>\n<script type=\"application\/ld+json\" class=\"yoast-schema-graph\">{\"@context\":\"https:\\\/\\\/schema.org\",\"@graph\":[{\"@type\":\"Article\",\"@id\":\"https:\\\/\\\/heuteinfo.de\\\/?p=2322#article\",\"isPartOf\":{\"@id\":\"https:\\\/\\\/heuteinfo.de\\\/?p=2322\"},\"author\":{\"name\":\"ahmedhassan98764@gmail.com\",\"@id\":\"https:\\\/\\\/heuteinfo.de\\\/#\\\/schema\\\/person\\\/94a0e25dd819e325bc73714b2b0e6250\"},\"headline\":\"Susanne Daubner Brustkrebs \u2013 Was wirklich dahinter steckt\",\"datePublished\":\"2025-12-01T14:13:57+00:00\",\"dateModified\":\"2026-02-27T12:18:37+00:00\",\"mainEntityOfPage\":{\"@id\":\"https:\\\/\\\/heuteinfo.de\\\/?p=2322\"},\"wordCount\":1022,\"image\":{\"@id\":\"https:\\\/\\\/heuteinfo.de\\\/?p=2322#primaryimage\"},\"thumbnailUrl\":\"https:\\\/\\\/heuteinfo.de\\\/wp-content\\\/uploads\\\/2025\\\/12\\\/images-2025-12-01T190516.643.jpg\",\"articleSection\":[\"Lebensstil\"],\"inLanguage\":\"en-US\"},{\"@type\":\"WebPage\",\"@id\":\"https:\\\/\\\/heuteinfo.de\\\/?p=2322\",\"url\":\"https:\\\/\\\/heuteinfo.de\\\/?p=2322\",\"name\":\"Susanne Daubner Brustkrebs \u2013 Was wirklich dahinter steckt - heuteinfo.de\",\"isPartOf\":{\"@id\":\"https:\\\/\\\/heuteinfo.de\\\/#website\"},\"primaryImageOfPage\":{\"@id\":\"https:\\\/\\\/heuteinfo.de\\\/?p=2322#primaryimage\"},\"image\":{\"@id\":\"https:\\\/\\\/heuteinfo.de\\\/?p=2322#primaryimage\"},\"thumbnailUrl\":\"https:\\\/\\\/heuteinfo.de\\\/wp-content\\\/uploads\\\/2025\\\/12\\\/images-2025-12-01T190516.643.jpg\",\"datePublished\":\"2025-12-01T14:13:57+00:00\",\"dateModified\":\"2026-02-27T12:18:37+00:00\",\"author\":{\"@id\":\"https:\\\/\\\/heuteinfo.de\\\/#\\\/schema\\\/person\\\/94a0e25dd819e325bc73714b2b0e6250\"},\"breadcrumb\":{\"@id\":\"https:\\\/\\\/heuteinfo.de\\\/?p=2322#breadcrumb\"},\"inLanguage\":\"en-US\",\"potentialAction\":[{\"@type\":\"ReadAction\",\"target\":[\"https:\\\/\\\/heuteinfo.de\\\/?p=2322\"]}]},{\"@type\":\"ImageObject\",\"inLanguage\":\"en-US\",\"@id\":\"https:\\\/\\\/heuteinfo.de\\\/?p=2322#primaryimage\",\"url\":\"https:\\\/\\\/heuteinfo.de\\\/wp-content\\\/uploads\\\/2025\\\/12\\\/images-2025-12-01T190516.643.jpg\",\"contentUrl\":\"https:\\\/\\\/heuteinfo.de\\\/wp-content\\\/uploads\\\/2025\\\/12\\\/images-2025-12-01T190516.643.jpg\",\"width\":299,\"height\":168,\"caption\":\"susanne-daubner-brustkrebs\"},{\"@type\":\"BreadcrumbList\",\"@id\":\"https:\\\/\\\/heuteinfo.de\\\/?p=2322#breadcrumb\",\"itemListElement\":[{\"@type\":\"ListItem\",\"position\":1,\"name\":\"Home\",\"item\":\"https:\\\/\\\/heuteinfo.de\\\/\"},{\"@type\":\"ListItem\",\"position\":2,\"name\":\"Susanne Daubner Brustkrebs \u2013 Was wirklich dahinter steckt\"}]},{\"@type\":\"WebSite\",\"@id\":\"https:\\\/\\\/heuteinfo.de\\\/#website\",\"url\":\"https:\\\/\\\/heuteinfo.de\\\/\",\"name\":\"heuteinfo.de\",\"description\":\"\",\"potentialAction\":[{\"@type\":\"SearchAction\",\"target\":{\"@type\":\"EntryPoint\",\"urlTemplate\":\"https:\\\/\\\/heuteinfo.de\\\/?s={search_term_string}\"},\"query-input\":{\"@type\":\"PropertyValueSpecification\",\"valueRequired\":true,\"valueName\":\"search_term_string\"}}],\"inLanguage\":\"en-US\"},{\"@type\":\"Person\",\"@id\":\"https:\\\/\\\/heuteinfo.de\\\/#\\\/schema\\\/person\\\/94a0e25dd819e325bc73714b2b0e6250\",\"name\":\"ahmedhassan98764@gmail.com\",\"image\":{\"@type\":\"ImageObject\",\"inLanguage\":\"en-US\",\"@id\":\"https:\\\/\\\/secure.gravatar.com\\\/avatar\\\/e2e9655aa74e87126cf4d7a522342156dfe63385e2ce1859f3a68169de6937a9?s=96&d=mm&r=g\",\"url\":\"https:\\\/\\\/secure.gravatar.com\\\/avatar\\\/e2e9655aa74e87126cf4d7a522342156dfe63385e2ce1859f3a68169de6937a9?s=96&d=mm&r=g\",\"contentUrl\":\"https:\\\/\\\/secure.gravatar.com\\\/avatar\\\/e2e9655aa74e87126cf4d7a522342156dfe63385e2ce1859f3a68169de6937a9?s=96&d=mm&r=g\",\"caption\":\"ahmedhassan98764@gmail.com\"},\"sameAs\":[\"https:\\\/\\\/heuteinfo.de\"],\"url\":\"https:\\\/\\\/heuteinfo.de\\\/?author=1\"}]}<\/script>\n<!-- \/ Yoast SEO plugin. -->","yoast_head_json":{"title":"Susanne Daubner Brustkrebs \u2013 Was wirklich dahinter steckt - heuteinfo.de","robots":{"index":"index","follow":"follow","max-snippet":"max-snippet:-1","max-image-preview":"max-image-preview:large","max-video-preview":"max-video-preview:-1"},"canonical":"https:\/\/heuteinfo.de\/?p=2322","og_locale":"en_US","og_type":"article","og_title":"Susanne Daubner Brustkrebs \u2013 Was wirklich dahinter steckt - heuteinfo.de","og_description":"Der Begriff \u201csusanne daubner brustkrebs\u201d ist in letzter Zeit immer h\u00e4ufiger in den Suchmaschinen aufgetaucht. Viele Menschen sto\u00dfen zuf\u00e4llig auf diese Wortkombination und fragen sich sofort, ob hinter diesen Suchanfragen ein ernstes Gesundheitsproblem der beliebten Tagesschau-Sprecherin steckt. Diese Sorge ist nachvollziehbar, denn Susanne Daubner begleitet Zuschauerinnen und Zuschauer seit vielen Jahren durch die wichtigsten Nachrichten [&hellip;]","og_url":"https:\/\/heuteinfo.de\/?p=2322","og_site_name":"heuteinfo.de","article_published_time":"2025-12-01T14:13:57+00:00","article_modified_time":"2026-02-27T12:18:37+00:00","og_image":[{"width":299,"height":168,"url":"https:\/\/heuteinfo.de\/wp-content\/uploads\/2025\/12\/images-2025-12-01T190516.643.jpg","type":"image\/jpeg"}],"author":"ahmedhassan98764@gmail.com","twitter_card":"summary_large_image","twitter_misc":{"Written by":"ahmedhassan98764@gmail.com","Est. reading time":"5 minutes"},"schema":{"@context":"https:\/\/schema.org","@graph":[{"@type":"Article","@id":"https:\/\/heuteinfo.de\/?p=2322#article","isPartOf":{"@id":"https:\/\/heuteinfo.de\/?p=2322"},"author":{"name":"ahmedhassan98764@gmail.com","@id":"https:\/\/heuteinfo.de\/#\/schema\/person\/94a0e25dd819e325bc73714b2b0e6250"},"headline":"Susanne Daubner Brustkrebs \u2013 Was wirklich dahinter steckt","datePublished":"2025-12-01T14:13:57+00:00","dateModified":"2026-02-27T12:18:37+00:00","mainEntityOfPage":{"@id":"https:\/\/heuteinfo.de\/?p=2322"},"wordCount":1022,"image":{"@id":"https:\/\/heuteinfo.de\/?p=2322#primaryimage"},"thumbnailUrl":"https:\/\/heuteinfo.de\/wp-content\/uploads\/2025\/12\/images-2025-12-01T190516.643.jpg","articleSection":["Lebensstil"],"inLanguage":"en-US"},{"@type":"WebPage","@id":"https:\/\/heuteinfo.de\/?p=2322","url":"https:\/\/heuteinfo.de\/?p=2322","name":"Susanne Daubner Brustkrebs \u2013 Was wirklich dahinter steckt - heuteinfo.de","isPartOf":{"@id":"https:\/\/heuteinfo.de\/#website"},"primaryImageOfPage":{"@id":"https:\/\/heuteinfo.de\/?p=2322#primaryimage"},"image":{"@id":"https:\/\/heuteinfo.de\/?p=2322#primaryimage"},"thumbnailUrl":"https:\/\/heuteinfo.de\/wp-content\/uploads\/2025\/12\/images-2025-12-01T190516.643.jpg","datePublished":"2025-12-01T14:13:57+00:00","dateModified":"2026-02-27T12:18:37+00:00","author":{"@id":"https:\/\/heuteinfo.de\/#\/schema\/person\/94a0e25dd819e325bc73714b2b0e6250"},"breadcrumb":{"@id":"https:\/\/heuteinfo.de\/?p=2322#breadcrumb"},"inLanguage":"en-US","potentialAction":[{"@type":"ReadAction","target":["https:\/\/heuteinfo.de\/?p=2322"]}]},{"@type":"ImageObject","inLanguage":"en-US","@id":"https:\/\/heuteinfo.de\/?p=2322#primaryimage","url":"https:\/\/heuteinfo.de\/wp-content\/uploads\/2025\/12\/images-2025-12-01T190516.643.jpg","contentUrl":"https:\/\/heuteinfo.de\/wp-content\/uploads\/2025\/12\/images-2025-12-01T190516.643.jpg","width":299,"height":168,"caption":"susanne-daubner-brustkrebs"},{"@type":"BreadcrumbList","@id":"https:\/\/heuteinfo.de\/?p=2322#breadcrumb","itemListElement":[{"@type":"ListItem","position":1,"name":"Home","item":"https:\/\/heuteinfo.de\/"},{"@type":"ListItem","position":2,"name":"Susanne Daubner Brustkrebs \u2013 Was wirklich dahinter steckt"}]},{"@type":"WebSite","@id":"https:\/\/heuteinfo.de\/#website","url":"https:\/\/heuteinfo.de\/","name":"heuteinfo.de","description":"","potentialAction":[{"@type":"SearchAction","target":{"@type":"EntryPoint","urlTemplate":"https:\/\/heuteinfo.de\/?s={search_term_string}"},"query-input":{"@type":"PropertyValueSpecification","valueRequired":true,"valueName":"search_term_string"}}],"inLanguage":"en-US"},{"@type":"Person","@id":"https:\/\/heuteinfo.de\/#\/schema\/person\/94a0e25dd819e325bc73714b2b0e6250","name":"ahmedhassan98764@gmail.com","image":{"@type":"ImageObject","inLanguage":"en-US","@id":"https:\/\/secure.gravatar.com\/avatar\/e2e9655aa74e87126cf4d7a522342156dfe63385e2ce1859f3a68169de6937a9?s=96&d=mm&r=g","url":"https:\/\/secure.gravatar.com\/avatar\/e2e9655aa74e87126cf4d7a522342156dfe63385e2ce1859f3a68169de6937a9?s=96&d=mm&r=g","contentUrl":"https:\/\/secure.gravatar.com\/avatar\/e2e9655aa74e87126cf4d7a522342156dfe63385e2ce1859f3a68169de6937a9?s=96&d=mm&r=g","caption":"ahmedhassan98764@gmail.com"},"sameAs":["https:\/\/heuteinfo.de"],"url":"https:\/\/heuteinfo.de\/?author=1"}]}},"_links":{"self":[{"href":"https:\/\/heuteinfo.de\/index.php?rest_route=\/wp\/v2\/posts\/2322","targetHints":{"allow":["GET"]}}],"collection":[{"href":"https:\/\/heuteinfo.de\/index.php?rest_route=\/wp\/v2\/posts"}],"about":[{"href":"https:\/\/heuteinfo.de\/index.php?rest_route=\/wp\/v2\/types\/post"}],"author":[{"embeddable":true,"href":"https:\/\/heuteinfo.de\/index.php?rest_route=\/wp\/v2\/users\/1"}],"replies":[{"embeddable":true,"href":"https:\/\/heuteinfo.de\/index.php?rest_route=%2Fwp%2Fv2%2Fcomments&post=2322"}],"version-history":[{"count":3,"href":"https:\/\/heuteinfo.de\/index.php?rest_route=\/wp\/v2\/posts\/2322\/revisions"}],"predecessor-version":[{"id":10766,"href":"https:\/\/heuteinfo.de\/index.php?rest_route=\/wp\/v2\/posts\/2322\/revisions\/10766"}],"wp:featuredmedia":[{"embeddable":true,"href":"https:\/\/heuteinfo.de\/index.php?rest_route=\/wp\/v2\/media\/2323"}],"wp:attachment":[{"href":"https:\/\/heuteinfo.de\/index.php?rest_route=%2Fwp%2Fv2%2Fmedia&parent=2322"}],"wp:term":[{"taxonomy":"category","embeddable":true,"href":"https:\/\/heuteinfo.de\/index.php?rest_route=%2Fwp%2Fv2%2Fcategories&post=2322"},{"taxonomy":"post_tag","embeddable":true,"href":"https:\/\/heuteinfo.de\/index.php?rest_route=%2Fwp%2Fv2%2Ftags&post=2322"}],"curies":[{"name":"wp","href":"https:\/\/api.w.org\/{rel}","templated":true}]}}