{"id":2325,"date":"2025-12-02T12:49:15","date_gmt":"2025-12-02T12:49:15","guid":{"rendered":"https:\/\/heuteinfo.de\/?p=2325"},"modified":"2026-02-27T12:18:37","modified_gmt":"2026-02-27T12:18:37","slug":"wolfgang-feindt-todesursache","status":"publish","type":"post","link":"https:\/\/heuteinfo.de\/?p=2325","title":{"rendered":"Wolfgang Feindt Todesursache: Was wirklich bekannt ist \u2013 und was ungel\u00f6st bleibt"},"content":{"rendered":"\n<p>Viele Menschen suchen heute nach dem Begriff <strong>\u201e<a href=\"https:\/\/de.wikipedia.org\/wiki\/Wolfgang_Feindt\" data-type=\"link\" data-id=\"https:\/\/de.wikipedia.org\/wiki\/Wolfgang_Feindt\">Wolfgang Feindt <\/a>Todesursache\u201c<\/strong>, weil der Tod des bekannten ZDF-Redakteurs im Jahr 2024 f\u00fcr \u00dcberraschung und Ratlosigkeit sorgte. Er war ein Mann, der im Hintergrund des deutschen Fernsehens Gro\u00dfes bewegt hat. Doch obwohl sein Tod \u00f6ffentlich bekannt wurde, blieb eines unklar: <strong>Woran ist er gestorben?<\/strong><\/p>\n\n\n\n<p>Diese Frage stellen sich Fans, Kollegen und Menschen, die sein Schaffen respektierten. Doch wie so oft bei Personen aus der Medienwelt wird nicht jedes private Detail \u00f6ffentlich erkl\u00e4rt. In diesem Artikel erf\u00e4hrst du, was \u00fcber sein Leben, seine Karriere und die Todesumst\u00e4nde wirklich bekannt ist \u2013 klar, einfach und verst\u00e4ndlich erkl\u00e4rt.<\/p>\n\n\n\n<h2 class=\"wp-block-heading\">Wer war Wolfgang Feindt?<\/h2>\n\n\n\n<p>Um die Diskussion \u00fcber die <strong>Wolfgang Feindt Todesursache<\/strong> zu verstehen, hilft es, zuerst den Menschen dahinter zu kennen. Wolfgang Feindt wurde 1964 geboren und entwickelte schon fr\u00fch ein starkes Interesse f\u00fcr Medien, Kultur und Geschichten. Menschen, die ihn kannten, beschreiben ihn als ruhig, klug und kreativ \u2013 jemand, der lieber im Hintergrund wirkte, statt im Rampenlicht zu stehen. Er studierte Theaterwissenschaft und Kulturmanagement, was gut zu seinem sp\u00e4teren Berufsleben passte. Sein Studium half ihm, Geschichten nicht nur zu erz\u00e4hlen, sondern zu verstehen, wie man sie strukturiert und emotional aufbaut.<\/p>\n\n\n\n<h2 class=\"wp-block-heading\">Sein Weg ins Fernsehen<\/h2>\n\n\n\n<p>Der Einstieg in die Medienbranche ist oft schwer, doch Feindt schaffte ihn mit Ausdauer. In den 1990er-Jahren begann er, Kontakte zu kn\u00fcpfen und sich in verschiedenen Projekten einzubringen. Das Fernsehen ver\u00e4nderte sich damals stark, und neue Formate wurden getestet. Feindt brachte sowohl Kreativit\u00e4t als auch organisatorisches Talent mit \u2013 eine seltene Mischung.<\/p>\n\n\n\n<p>Sein Ziel war es nicht, selbst bekannt zu werden, sondern gute Inhalte zu erm\u00f6glichen. Dabei spielte es f\u00fcr ihn keine Rolle, ob eine Produktion gro\u00df oder klein war. Er k\u00fcmmerte sich um Abl\u00e4ufe, Teams, Budgets und die kreative Abstimmung. Das machte ihn f\u00fcr Sender und Produktionen wertvoll.<\/p>\n\n\n\n<h2 class=\"wp-block-heading\">Seine Rolle beim ZDF<\/h2>\n\n\n\n<p>1996 begann Feindt offiziell beim ZDF zu arbeiten \u2013 ein wichtiger Schritt, der sein gesamtes Berufsleben pr\u00e4gte. Dort wurde er Redakteur, sp\u00e4ter <strong>Executive Producer<\/strong> und schlie\u00dflich eine zentrale Figur im Bereich Serien, Spielfilme und internationale Koproduktionen. Einige Beispiele seiner Arbeitsfelder:<\/p>\n\n\n\n<ul class=\"wp-block-list\">\n<li>aufwendige Krimireihen<\/li>\n\n\n\n<li>internationale Literaturverfilmungen<\/li>\n\n\n\n<li>Drama-Formate mit hoher emotionaler Tiefe<\/li>\n<\/ul>\n\n\n\n<p>Er arbeitete unter anderem an Projekten, die sp\u00e4ter auch international Anerkennung fanden. Kollegen beschrieben ihn als jemanden, der Projekte nicht \u201eabwickelte\u201c, sondern lebendig machte. Sein Blick f\u00fcr Details war oft der Grund daf\u00fcr, dass Produktionen am Ende stimmig waren.<\/p>\n\n\n\n<h2 class=\"wp-block-heading\">Was man \u00fcber seinen Tod wei\u00df<\/h2>\n\n\n\n<p>Am <strong>27. September 2024<\/strong> starb Wolfgang Feindt im Alter von 60 Jahren. Diese Nachricht wurde zun\u00e4chst intern im ZDF verbreitet, sp\u00e4ter erschienen Traueranzeigen und Nachrufe. Er wurde auf dem Melaten-Friedhof in K\u00f6ln beigesetzt \u2013 einem Ort, an dem viele bekannte Pers\u00f6nlichkeiten ruhen.<\/p>\n\n\n\n<p>Mehrere Produktionsfirmen ver\u00f6ffentlichten kurze Statements, in denen sie Feindt als \u201egesch\u00e4tzten Kollegen\u201c, \u201ekreativen Kopf\u201c und \u201ewichtigen Teil vieler Projekte\u201c beschrieben. Was jedoch in keiner dieser Mitteilungen erw\u00e4hnt wurde, ist die <strong>Todesursache<\/strong>.<\/p>\n\n\n\n<h2 class=\"wp-block-heading\">Wolfgang Feindt Todesursache \u2013 was unklar bleibt<\/h2>\n\n\n\n<p>Der Grund, warum so viele Menschen im Internet nach \u201e<strong>Wolfgang Feindt Todesursache<\/strong>\u201c suchen, ist simpel: <strong>Es wurde keine offizielle Erkl\u00e4rung ver\u00f6ffentlicht.<\/strong> Das bedeutet:<\/p>\n\n\n\n<ul class=\"wp-block-list\">\n<li>Es gibt <strong>keine best\u00e4tigte Krankheit<\/strong>, die genannt wurde.<\/li>\n\n\n\n<li>Es gibt <strong>keinen Hinweis auf einen Unfall<\/strong>.<\/li>\n\n\n\n<li>Es gibt <strong>kein Statement der Familie<\/strong>, das Details preisgibt.<\/li>\n\n\n\n<li>Medien haben bewusst <strong>nicht spekuliert<\/strong>.<\/li>\n<\/ul>\n\n\n\n<p>In der heutigen Zeit, in der fast alles \u00f6ffentlich kommentiert wird, finden manche Menschen das ungew\u00f6hnlich. Doch tats\u00e4chlich ist es bei vielen Kultur- und Medienpersonen \u00fcblich, dass private Details nicht ver\u00f6ffentlicht werden, wenn Angeh\u00f6rige das nicht m\u00f6chten.<\/p>\n\n\n\n<h2 class=\"wp-block-heading\">Warum Familien oft keine Todesursache ver\u00f6ffentlichen<\/h2>\n\n\n\n<p>Es gibt einige nachvollziehbare Gr\u00fcnde daf\u00fcr, warum die <strong>Wolfgang Feindt Todesursache<\/strong> nicht \u00f6ffentlich gemacht wurde. Familien entscheiden sich oft bewusst f\u00fcr Zur\u00fcckhaltung. Gr\u00fcnde k\u00f6nnen sein:<\/p>\n\n\n\n<figure class=\"wp-block-table\"><table class=\"has-fixed-layout\"><thead><tr><th>Grund<\/th><th>Bedeutung<\/th><\/tr><\/thead><tbody><tr><td><strong>Privatsph\u00e4re<\/strong><\/td><td>Viele m\u00f6chten Ruhe und keinen Medienrummel.<\/td><\/tr><tr><td><strong>Respekt vor dem Verstorbenen<\/strong><\/td><td>Der Fokus soll auf dem Leben, nicht dem Tod liegen.<\/td><\/tr><tr><td><strong>Keine Spekulation erw\u00fcnscht<\/strong><\/td><td>Wenn die Ursache sensibel ist, entstehen schnell falsche Ger\u00fcchte.<\/td><\/tr><tr><td><strong>Krankheiten sind pers\u00f6nliche Informationen<\/strong><\/td><td>Medizinische Details geh\u00f6ren nicht in die \u00d6ffentlichkeit.<\/td><\/tr><\/tbody><\/table><\/figure>\n\n\n\n<p>F\u00fcr viele Menschen f\u00fchlt es sich selbstverst\u00e4ndlich an, solche Informationen zu verlangen. Doch f\u00fcr Angeh\u00f6rige ist es oft schmerzhaft, wenn intime Details \u00f6ffentlich diskutiert werden.<\/p>\n\n\n\n<h2 class=\"wp-block-heading\">H\u00e4ufige Fragen rund um Wolfgang Feindt Todesursache<\/h2>\n\n\n\n<p><strong>Wurde die Todesursache sp\u00e4ter doch ver\u00f6ffentlicht?<\/strong><br>Nein. Bis heute gibt es keine offizielle Erkl\u00e4rung.<\/p>\n\n\n\n<p><strong>Gibt es Hinweise auf Krankheit?<\/strong><br>Es existiert kein verl\u00e4sslicher Hinweis oder Beleg.<\/p>\n\n\n\n<p><strong>Gibt es Berichte \u00fcber einen Unfall?<\/strong><br>Ebenfalls nein. Auch hier nennt keine seri\u00f6se Quelle Fakten.<\/p>\n\n\n\n<p><strong>Warum schweigen Medien?<\/strong><br>Weil seri\u00f6ser Journalismus keine sensiblen Details ver\u00f6ffentlicht, wenn es keine best\u00e4tigten Informationen gibt.<\/p>\n\n\n\n<h2 class=\"wp-block-heading\">Ein Blick auf sein Verm\u00e4chtnis<\/h2>\n\n\n\n<p>Wenn man \u00fcber Wolfgang Feindt spricht, sollte man nicht nur \u00fcber die unklare <strong>Todesursache<\/strong> nachdenken, sondern vor allem \u00fcber das, was bleibt.<\/p>\n\n\n\n<p>Seine Karriere hat deutsche und internationale Fernsehlandschaften gepr\u00e4gt. Viele Produktionen, an denen er beteiligt war, gelten bis heute als hochwertig, spannend und sorgf\u00e4ltig umgesetzt. Kollegen beschrieben ihn als ruhigen Motor vieler Projekte. Ohne ihn w\u00e4ren einige Formate in dieser Form nie entstanden. Man kann also sagen: Sein Verm\u00e4chtnis lebt in Geschichten weiter.<\/p>\n\n\n\n<h2 class=\"wp-block-heading\">Fazit<\/h2>\n\n\n\n<p>Die Frage <strong>\u201eWolfgang Feindt Todesursache\u201c<\/strong> bleibt weiterhin unbeantwortet \u2013 und vielleicht wird sie es f\u00fcr immer bleiben. Doch das ist nicht unbedingt ein Verlust. Manchmal zeigt gerade dieses Schweigen, dass ein Mensch mehr ist als die letzten Sekunden seines Lebens.<\/p>\n\n\n\n<p>Wolfgang Feindt hinterlie\u00df ein beeindruckendes Werk, das ihn weit \u00fcber seinen Tod hinaus sichtbar macht. Seine Beitr\u00e4ge zur Film- und Fernsehbranche sprechen st\u00e4rker als jede medizinische Erkl\u00e4rung es k\u00f6nnte.<\/p>\n\n\n\n<p><strong>Mher Lesson:\u00a0<\/strong> <strong><a href=\"https:\/\/heuteinfo.de\/2025\/12\/01\/susanne-daubner-brustkrebs\/\" data-type=\"link\" data-id=\"https:\/\/heuteinfo.de\/2025\/12\/01\/susanne-daubner-brustkrebs\/\">Susanne Daubner Brustkrebs<\/a><\/strong><br><\/p>\n","protected":false},"excerpt":{"rendered":"<p>Viele Menschen suchen heute nach dem Begriff \u201eWolfgang Feindt Todesursache\u201c, weil der Tod des bekannten ZDF-Redakteurs im Jahr 2024 f\u00fcr \u00dcberraschung und Ratlosigkeit sorgte. Er war ein Mann, der im Hintergrund des deutschen Fernsehens Gro\u00dfes bewegt hat. Doch obwohl sein Tod \u00f6ffentlich bekannt wurde, blieb eines unklar: Woran ist er gestorben? Diese Frage stellen sich [&hellip;]<\/p>\n","protected":false},"author":1,"featured_media":2326,"comment_status":"closed","ping_status":"open","sticky":false,"template":"","format":"standard","meta":{"footnotes":""},"categories":[39],"tags":[],"class_list":["post-2325","post","type-post","status-publish","format-standard","has-post-thumbnail","hentry","category-lebensstil"],"yoast_head":"<!-- This site is optimized with the Yoast SEO plugin v27.4 - https:\/\/yoast.com\/product\/yoast-seo-wordpress\/ -->\n<title>Wolfgang Feindt Todesursache: Was wirklich bekannt ist \u2013 und was ungel\u00f6st bleibt - heuteinfo.de<\/title>\n<meta name=\"robots\" content=\"index, follow, max-snippet:-1, max-image-preview:large, max-video-preview:-1\" \/>\n<link rel=\"canonical\" href=\"https:\/\/heuteinfo.de\/?p=2325\" \/>\n<meta property=\"og:locale\" content=\"en_US\" \/>\n<meta property=\"og:type\" content=\"article\" \/>\n<meta property=\"og:title\" content=\"Wolfgang Feindt Todesursache: Was wirklich bekannt ist \u2013 und was ungel\u00f6st bleibt - heuteinfo.de\" \/>\n<meta property=\"og:description\" content=\"Viele Menschen suchen heute nach dem Begriff \u201eWolfgang Feindt Todesursache\u201c, weil der Tod des bekannten ZDF-Redakteurs im Jahr 2024 f\u00fcr \u00dcberraschung und Ratlosigkeit sorgte. Er war ein Mann, der im Hintergrund des deutschen Fernsehens Gro\u00dfes bewegt hat. Doch obwohl sein Tod \u00f6ffentlich bekannt wurde, blieb eines unklar: Woran ist er gestorben? Diese Frage stellen sich [&hellip;]\" \/>\n<meta property=\"og:url\" content=\"https:\/\/heuteinfo.de\/?p=2325\" \/>\n<meta property=\"og:site_name\" content=\"heuteinfo.de\" \/>\n<meta property=\"article:published_time\" content=\"2025-12-02T12:49:15+00:00\" \/>\n<meta property=\"article:modified_time\" content=\"2026-02-27T12:18:37+00:00\" \/>\n<meta property=\"og:image\" content=\"https:\/\/heuteinfo.de\/wp-content\/uploads\/2025\/12\/wolfgang-feindt-todesursache-was-wir-uber-den-plotzlichen-tod-des-zdf-produzenten-wissen.jpg\" \/>\n\t<meta property=\"og:image:width\" content=\"1280\" \/>\n\t<meta property=\"og:image:height\" content=\"720\" \/>\n\t<meta property=\"og:image:type\" content=\"image\/jpeg\" \/>\n<meta name=\"author\" content=\"ahmedhassan98764@gmail.com\" \/>\n<meta name=\"twitter:card\" content=\"summary_large_image\" \/>\n<meta name=\"twitter:label1\" content=\"Written by\" \/>\n\t<meta name=\"twitter:data1\" content=\"ahmedhassan98764@gmail.com\" \/>\n\t<meta name=\"twitter:label2\" content=\"Est. reading time\" \/>\n\t<meta name=\"twitter:data2\" content=\"5 minutes\" \/>\n<script type=\"application\/ld+json\" class=\"yoast-schema-graph\">{\"@context\":\"https:\\\/\\\/schema.org\",\"@graph\":[{\"@type\":\"Article\",\"@id\":\"https:\\\/\\\/heuteinfo.de\\\/?p=2325#article\",\"isPartOf\":{\"@id\":\"https:\\\/\\\/heuteinfo.de\\\/?p=2325\"},\"author\":{\"name\":\"ahmedhassan98764@gmail.com\",\"@id\":\"https:\\\/\\\/heuteinfo.de\\\/#\\\/schema\\\/person\\\/94a0e25dd819e325bc73714b2b0e6250\"},\"headline\":\"Wolfgang Feindt Todesursache: Was wirklich bekannt ist \u2013 und was ungel\u00f6st bleibt\",\"datePublished\":\"2025-12-02T12:49:15+00:00\",\"dateModified\":\"2026-02-27T12:18:37+00:00\",\"mainEntityOfPage\":{\"@id\":\"https:\\\/\\\/heuteinfo.de\\\/?p=2325\"},\"wordCount\":961,\"image\":{\"@id\":\"https:\\\/\\\/heuteinfo.de\\\/?p=2325#primaryimage\"},\"thumbnailUrl\":\"https:\\\/\\\/heuteinfo.de\\\/wp-content\\\/uploads\\\/2025\\\/12\\\/wolfgang-feindt-todesursache-was-wir-uber-den-plotzlichen-tod-des-zdf-produzenten-wissen.jpg\",\"articleSection\":[\"Lebensstil\"],\"inLanguage\":\"en-US\"},{\"@type\":\"WebPage\",\"@id\":\"https:\\\/\\\/heuteinfo.de\\\/?p=2325\",\"url\":\"https:\\\/\\\/heuteinfo.de\\\/?p=2325\",\"name\":\"Wolfgang Feindt Todesursache: Was wirklich bekannt ist \u2013 und was ungel\u00f6st bleibt - heuteinfo.de\",\"isPartOf\":{\"@id\":\"https:\\\/\\\/heuteinfo.de\\\/#website\"},\"primaryImageOfPage\":{\"@id\":\"https:\\\/\\\/heuteinfo.de\\\/?p=2325#primaryimage\"},\"image\":{\"@id\":\"https:\\\/\\\/heuteinfo.de\\\/?p=2325#primaryimage\"},\"thumbnailUrl\":\"https:\\\/\\\/heuteinfo.de\\\/wp-content\\\/uploads\\\/2025\\\/12\\\/wolfgang-feindt-todesursache-was-wir-uber-den-plotzlichen-tod-des-zdf-produzenten-wissen.jpg\",\"datePublished\":\"2025-12-02T12:49:15+00:00\",\"dateModified\":\"2026-02-27T12:18:37+00:00\",\"author\":{\"@id\":\"https:\\\/\\\/heuteinfo.de\\\/#\\\/schema\\\/person\\\/94a0e25dd819e325bc73714b2b0e6250\"},\"breadcrumb\":{\"@id\":\"https:\\\/\\\/heuteinfo.de\\\/?p=2325#breadcrumb\"},\"inLanguage\":\"en-US\",\"potentialAction\":[{\"@type\":\"ReadAction\",\"target\":[\"https:\\\/\\\/heuteinfo.de\\\/?p=2325\"]}]},{\"@type\":\"ImageObject\",\"inLanguage\":\"en-US\",\"@id\":\"https:\\\/\\\/heuteinfo.de\\\/?p=2325#primaryimage\",\"url\":\"https:\\\/\\\/heuteinfo.de\\\/wp-content\\\/uploads\\\/2025\\\/12\\\/wolfgang-feindt-todesursache-was-wir-uber-den-plotzlichen-tod-des-zdf-produzenten-wissen.jpg\",\"contentUrl\":\"https:\\\/\\\/heuteinfo.de\\\/wp-content\\\/uploads\\\/2025\\\/12\\\/wolfgang-feindt-todesursache-was-wir-uber-den-plotzlichen-tod-des-zdf-produzenten-wissen.jpg\",\"width\":1280,\"height\":720,\"caption\":\"wolfgang-feindt-todesursache\"},{\"@type\":\"BreadcrumbList\",\"@id\":\"https:\\\/\\\/heuteinfo.de\\\/?p=2325#breadcrumb\",\"itemListElement\":[{\"@type\":\"ListItem\",\"position\":1,\"name\":\"Home\",\"item\":\"https:\\\/\\\/heuteinfo.de\\\/\"},{\"@type\":\"ListItem\",\"position\":2,\"name\":\"Wolfgang Feindt Todesursache: Was wirklich bekannt ist \u2013 und was ungel\u00f6st bleibt\"}]},{\"@type\":\"WebSite\",\"@id\":\"https:\\\/\\\/heuteinfo.de\\\/#website\",\"url\":\"https:\\\/\\\/heuteinfo.de\\\/\",\"name\":\"heuteinfo.de\",\"description\":\"\",\"potentialAction\":[{\"@type\":\"SearchAction\",\"target\":{\"@type\":\"EntryPoint\",\"urlTemplate\":\"https:\\\/\\\/heuteinfo.de\\\/?s={search_term_string}\"},\"query-input\":{\"@type\":\"PropertyValueSpecification\",\"valueRequired\":true,\"valueName\":\"search_term_string\"}}],\"inLanguage\":\"en-US\"},{\"@type\":\"Person\",\"@id\":\"https:\\\/\\\/heuteinfo.de\\\/#\\\/schema\\\/person\\\/94a0e25dd819e325bc73714b2b0e6250\",\"name\":\"ahmedhassan98764@gmail.com\",\"image\":{\"@type\":\"ImageObject\",\"inLanguage\":\"en-US\",\"@id\":\"https:\\\/\\\/secure.gravatar.com\\\/avatar\\\/e2e9655aa74e87126cf4d7a522342156dfe63385e2ce1859f3a68169de6937a9?s=96&d=mm&r=g\",\"url\":\"https:\\\/\\\/secure.gravatar.com\\\/avatar\\\/e2e9655aa74e87126cf4d7a522342156dfe63385e2ce1859f3a68169de6937a9?s=96&d=mm&r=g\",\"contentUrl\":\"https:\\\/\\\/secure.gravatar.com\\\/avatar\\\/e2e9655aa74e87126cf4d7a522342156dfe63385e2ce1859f3a68169de6937a9?s=96&d=mm&r=g\",\"caption\":\"ahmedhassan98764@gmail.com\"},\"sameAs\":[\"https:\\\/\\\/heuteinfo.de\"],\"url\":\"https:\\\/\\\/heuteinfo.de\\\/?author=1\"}]}<\/script>\n<!-- \/ Yoast SEO plugin. -->","yoast_head_json":{"title":"Wolfgang Feindt Todesursache: Was wirklich bekannt ist \u2013 und was ungel\u00f6st bleibt - heuteinfo.de","robots":{"index":"index","follow":"follow","max-snippet":"max-snippet:-1","max-image-preview":"max-image-preview:large","max-video-preview":"max-video-preview:-1"},"canonical":"https:\/\/heuteinfo.de\/?p=2325","og_locale":"en_US","og_type":"article","og_title":"Wolfgang Feindt Todesursache: Was wirklich bekannt ist \u2013 und was ungel\u00f6st bleibt - heuteinfo.de","og_description":"Viele Menschen suchen heute nach dem Begriff \u201eWolfgang Feindt Todesursache\u201c, weil der Tod des bekannten ZDF-Redakteurs im Jahr 2024 f\u00fcr \u00dcberraschung und Ratlosigkeit sorgte. Er war ein Mann, der im Hintergrund des deutschen Fernsehens Gro\u00dfes bewegt hat. Doch obwohl sein Tod \u00f6ffentlich bekannt wurde, blieb eines unklar: Woran ist er gestorben? Diese Frage stellen sich [&hellip;]","og_url":"https:\/\/heuteinfo.de\/?p=2325","og_site_name":"heuteinfo.de","article_published_time":"2025-12-02T12:49:15+00:00","article_modified_time":"2026-02-27T12:18:37+00:00","og_image":[{"width":1280,"height":720,"url":"https:\/\/heuteinfo.de\/wp-content\/uploads\/2025\/12\/wolfgang-feindt-todesursache-was-wir-uber-den-plotzlichen-tod-des-zdf-produzenten-wissen.jpg","type":"image\/jpeg"}],"author":"ahmedhassan98764@gmail.com","twitter_card":"summary_large_image","twitter_misc":{"Written by":"ahmedhassan98764@gmail.com","Est. reading time":"5 minutes"},"schema":{"@context":"https:\/\/schema.org","@graph":[{"@type":"Article","@id":"https:\/\/heuteinfo.de\/?p=2325#article","isPartOf":{"@id":"https:\/\/heuteinfo.de\/?p=2325"},"author":{"name":"ahmedhassan98764@gmail.com","@id":"https:\/\/heuteinfo.de\/#\/schema\/person\/94a0e25dd819e325bc73714b2b0e6250"},"headline":"Wolfgang Feindt Todesursache: Was wirklich bekannt ist \u2013 und was ungel\u00f6st bleibt","datePublished":"2025-12-02T12:49:15+00:00","dateModified":"2026-02-27T12:18:37+00:00","mainEntityOfPage":{"@id":"https:\/\/heuteinfo.de\/?p=2325"},"wordCount":961,"image":{"@id":"https:\/\/heuteinfo.de\/?p=2325#primaryimage"},"thumbnailUrl":"https:\/\/heuteinfo.de\/wp-content\/uploads\/2025\/12\/wolfgang-feindt-todesursache-was-wir-uber-den-plotzlichen-tod-des-zdf-produzenten-wissen.jpg","articleSection":["Lebensstil"],"inLanguage":"en-US"},{"@type":"WebPage","@id":"https:\/\/heuteinfo.de\/?p=2325","url":"https:\/\/heuteinfo.de\/?p=2325","name":"Wolfgang Feindt Todesursache: Was wirklich bekannt ist \u2013 und was ungel\u00f6st bleibt - heuteinfo.de","isPartOf":{"@id":"https:\/\/heuteinfo.de\/#website"},"primaryImageOfPage":{"@id":"https:\/\/heuteinfo.de\/?p=2325#primaryimage"},"image":{"@id":"https:\/\/heuteinfo.de\/?p=2325#primaryimage"},"thumbnailUrl":"https:\/\/heuteinfo.de\/wp-content\/uploads\/2025\/12\/wolfgang-feindt-todesursache-was-wir-uber-den-plotzlichen-tod-des-zdf-produzenten-wissen.jpg","datePublished":"2025-12-02T12:49:15+00:00","dateModified":"2026-02-27T12:18:37+00:00","author":{"@id":"https:\/\/heuteinfo.de\/#\/schema\/person\/94a0e25dd819e325bc73714b2b0e6250"},"breadcrumb":{"@id":"https:\/\/heuteinfo.de\/?p=2325#breadcrumb"},"inLanguage":"en-US","potentialAction":[{"@type":"ReadAction","target":["https:\/\/heuteinfo.de\/?p=2325"]}]},{"@type":"ImageObject","inLanguage":"en-US","@id":"https:\/\/heuteinfo.de\/?p=2325#primaryimage","url":"https:\/\/heuteinfo.de\/wp-content\/uploads\/2025\/12\/wolfgang-feindt-todesursache-was-wir-uber-den-plotzlichen-tod-des-zdf-produzenten-wissen.jpg","contentUrl":"https:\/\/heuteinfo.de\/wp-content\/uploads\/2025\/12\/wolfgang-feindt-todesursache-was-wir-uber-den-plotzlichen-tod-des-zdf-produzenten-wissen.jpg","width":1280,"height":720,"caption":"wolfgang-feindt-todesursache"},{"@type":"BreadcrumbList","@id":"https:\/\/heuteinfo.de\/?p=2325#breadcrumb","itemListElement":[{"@type":"ListItem","position":1,"name":"Home","item":"https:\/\/heuteinfo.de\/"},{"@type":"ListItem","position":2,"name":"Wolfgang Feindt Todesursache: Was wirklich bekannt ist \u2013 und was ungel\u00f6st bleibt"}]},{"@type":"WebSite","@id":"https:\/\/heuteinfo.de\/#website","url":"https:\/\/heuteinfo.de\/","name":"heuteinfo.de","description":"","potentialAction":[{"@type":"SearchAction","target":{"@type":"EntryPoint","urlTemplate":"https:\/\/heuteinfo.de\/?s={search_term_string}"},"query-input":{"@type":"PropertyValueSpecification","valueRequired":true,"valueName":"search_term_string"}}],"inLanguage":"en-US"},{"@type":"Person","@id":"https:\/\/heuteinfo.de\/#\/schema\/person\/94a0e25dd819e325bc73714b2b0e6250","name":"ahmedhassan98764@gmail.com","image":{"@type":"ImageObject","inLanguage":"en-US","@id":"https:\/\/secure.gravatar.com\/avatar\/e2e9655aa74e87126cf4d7a522342156dfe63385e2ce1859f3a68169de6937a9?s=96&d=mm&r=g","url":"https:\/\/secure.gravatar.com\/avatar\/e2e9655aa74e87126cf4d7a522342156dfe63385e2ce1859f3a68169de6937a9?s=96&d=mm&r=g","contentUrl":"https:\/\/secure.gravatar.com\/avatar\/e2e9655aa74e87126cf4d7a522342156dfe63385e2ce1859f3a68169de6937a9?s=96&d=mm&r=g","caption":"ahmedhassan98764@gmail.com"},"sameAs":["https:\/\/heuteinfo.de"],"url":"https:\/\/heuteinfo.de\/?author=1"}]}},"_links":{"self":[{"href":"https:\/\/heuteinfo.de\/index.php?rest_route=\/wp\/v2\/posts\/2325","targetHints":{"allow":["GET"]}}],"collection":[{"href":"https:\/\/heuteinfo.de\/index.php?rest_route=\/wp\/v2\/posts"}],"about":[{"href":"https:\/\/heuteinfo.de\/index.php?rest_route=\/wp\/v2\/types\/post"}],"author":[{"embeddable":true,"href":"https:\/\/heuteinfo.de\/index.php?rest_route=\/wp\/v2\/users\/1"}],"replies":[{"embeddable":true,"href":"https:\/\/heuteinfo.de\/index.php?rest_route=%2Fwp%2Fv2%2Fcomments&post=2325"}],"version-history":[{"count":3,"href":"https:\/\/heuteinfo.de\/index.php?rest_route=\/wp\/v2\/posts\/2325\/revisions"}],"predecessor-version":[{"id":10767,"href":"https:\/\/heuteinfo.de\/index.php?rest_route=\/wp\/v2\/posts\/2325\/revisions\/10767"}],"wp:featuredmedia":[{"embeddable":true,"href":"https:\/\/heuteinfo.de\/index.php?rest_route=\/wp\/v2\/media\/2326"}],"wp:attachment":[{"href":"https:\/\/heuteinfo.de\/index.php?rest_route=%2Fwp%2Fv2%2Fmedia&parent=2325"}],"wp:term":[{"taxonomy":"category","embeddable":true,"href":"https:\/\/heuteinfo.de\/index.php?rest_route=%2Fwp%2Fv2%2Fcategories&post=2325"},{"taxonomy":"post_tag","embeddable":true,"href":"https:\/\/heuteinfo.de\/index.php?rest_route=%2Fwp%2Fv2%2Ftags&post=2325"}],"curies":[{"name":"wp","href":"https:\/\/api.w.org\/{rel}","templated":true}]}}