{"id":2350,"date":"2025-12-06T12:53:53","date_gmt":"2025-12-06T12:53:53","guid":{"rendered":"https:\/\/heuteinfo.de\/?p=2350"},"modified":"2026-02-27T12:18:42","modified_gmt":"2026-02-27T12:18:42","slug":"kurt-barnert","status":"publish","type":"post","link":"https:\/\/heuteinfo.de\/?p=2350","title":{"rendered":"Kurt Barnert \u2013 Die ganze Geschichte hinter dem ber\u00fchmten Filmcharakter"},"content":{"rendered":"\n<p>Der Name Kurt Barnert taucht immer \u00f6fter in Suchmaschinen auf, besonders seit dem Erfolg des Films <strong>\u201e<a href=\"https:\/\/de.wikipedia.org\/wiki\/Werk_ohne_Autor\">Werk ohne Autor<\/a>\u201c<\/strong>. Viele glauben zun\u00e4chst, dass es sich um einen realen K\u00fcnstler handeln muss, weil seine Geschichte so glaubw\u00fcrdig erz\u00e4hlt wird. Doch die Figur ist erfunden \u2013 und trotzdem f\u00fchlt sie sich unglaublich echt an. Das liegt daran, dass seine Lebensgeschichte eng mit den gro\u00dfen Umbr\u00fcchen des 20. Jahrhunderts verbunden ist. Sie zeigt, wie Kunst entsteht, wenn Menschen Schmerz, Erinnerungen und gesellschaftlichen Druck zu etwas Neuem formen.<\/p>\n\n\n\n<p><em>Kurt Barnert<\/em> steht f\u00fcr Menschen, die trotz widriger Umst\u00e4nde nicht aufgeh\u00f6rt haben, an sich zu glauben. Er w\u00e4chst in einer Zeit voller politischer Gewalt auf und muss erfahren, wie Kunst und Wahrheit unterdr\u00fcckt werden. Und gerade deshalb ist seine Suche nach Freiheit, Identit\u00e4t und k\u00fcnstlerischem Ausdruck so faszinierend. Seine Bilder werden zu einem Spiegel seiner Vergangenheit, aber auch zu einem Fenster in eine neue Zukunft. F\u00fcr viele Zuschauer wirkt er wie ein reales Beispiel daf\u00fcr, dass Kunst eine heilende und befreiende Kraft besitzt.<\/p>\n\n\n\n<h2 class=\"wp-block-heading\">Kurt Barnert im Film \u2013 Biografie, Hintergrund und Entwicklung<\/h2>\n\n\n\n<p>Im Film erleben wir <em>Kurt Barnert<\/em> von seiner Kindheit an, und jede Phase seines Lebens zeigt, wie ein K\u00fcnstler geformt wird. Seine fr\u00fche Kindheit spielt in der Zeit des Nationalsozialismus, in der moderne Kunst als \u201eentartet\u201c beschimpft wurde. Er besucht als kleiner Junge sogar eine Ausstellung, in der diese Art von Kunst l\u00e4cherlich gemacht werden sollte. Doch genau dort entdeckt er seine Liebe zur freien, experimentellen Kunst. Der Film l\u00e4sst ihn fr\u00fch verstehen, dass Kreativit\u00e4t nicht von au\u00dfen bestimmen l\u00e4sst. Eine zentrale Person in dieser Phase ist seine Tante Elisabeth. Sie erkennt sein Talent und ermutigt ihn, nie wegzusehen und immer hinzuschauen, bevor er urteilt. Ihr Schicksal \u2013 sie wird im Rahmen des NS-Euthanasieprogramms ermordet \u2013 wird zum Schmerzpunkt, der Kurt Jahrzehnte begleiten wird. Viele seiner sp\u00e4teren Werke erinnern emotional an sie, auch wenn er sich dessen lange nicht bewusst ist.<\/p>\n\n\n\n<p>Nach dem Krieg w\u00e4chst Kurt in der DDR auf und wird dort zum Kunststudenten. Doch statt Freiheit findet er eine strenge k\u00fcnstlerische Norm: <strong>Sozialistischer Realismus<\/strong>. Die Regierung zwingt K\u00fcnstler dazu, ein bestimmtes Weltbild abzubilden \u2013 treue Arbeiter, gl\u00fcckliche Bauern, heroische Szenen. Kurt sp\u00fcrt, dass diese Art von Kunst ihn einschr\u00e4nkt. Er m\u00f6chte die Wahrheit malen, nicht Propaganda. Doch in der DDR ist das ein gef\u00e4hrlicher Gedanke. Sp\u00e4ter flieht er mit seiner gro\u00dfen Liebe Ellie in den Westen. Dort erlebt er etwas v\u00f6llig Neues: ein Kunstsystem, das Experimente, Individualit\u00e4t und Freiheit feiert. In D\u00fcsseldorf beginnt er, seinen eigenen Stil zu finden. Durch R\u00fcckblicke, Erinnerungen und viele emotionale Konflikte entdeckt er eine neue Art von Kunst, die Fotorealismus mit emotionaler Tiefe verbindet. Dieser Durchbruch macht ihn zum anerkannten K\u00fcnstler und zu einer Figur, die stellvertretend f\u00fcr den inneren Kampf zwischen Vergangenheit und Zukunft steht.<\/p>\n\n\n\n<h2 class=\"wp-block-heading\">Ist Kurt Barnert eine echte Person? Die Wahrheit hinter dem Charakter<\/h2>\n\n\n\n<p>Eine der h\u00e4ufigsten Fragen lautet: \u201eGab es Kurt Barnert wirklich?\u201c Die kurze Antwort: Nein, er ist eine fiktive Figur. Die lange Antwort ist jedoch viel spannender: <em>Kurt Barnert<\/em> basiert lose auf dem weltber\u00fchmten deutschen K\u00fcnstler Gerhard Richter. Viele Elemente der Filmhandlung erinnern an Richters Leben:<\/p>\n\n\n\n<ul class=\"wp-block-list\">\n<li>auch Richter wuchs im Nationalsozialismus auf<\/li>\n\n\n\n<li>auch seine Familie erlitt durch das Euthanasieprogramm schwere Verluste<\/li>\n\n\n\n<li>auch Richter studierte Kunst in der DDR<\/li>\n\n\n\n<li>auch er floh in die Bundesrepublik<\/li>\n\n\n\n<li>auch er entwickelte eine neue Maltechnik, die Fotografie und Malerei verbindet<\/li>\n<\/ul>\n\n\n\n<p>Trotz dieser Parallelen ist <em>Kurt Barnert<\/em> kein Abbild des echten K\u00fcnstlers. Der Regisseur ver\u00e4nderte viele Details, um einen emotionalen Film zu schaffen. Gerhard Richter selbst distanzierte sich sogar von der Darstellung, weil sie zu nah und gleichzeitig zu frei interpretiert war. Das zeigt: Die Figur ist inspiriert, aber nicht kopiert.<\/p>\n\n\n\n<h2 class=\"wp-block-heading\">Zentrale Themen und Symbolik rund um die Figur Kurt Barnert<\/h2>\n\n\n\n<p>Die Geschichte von <em>Kurt Barnert<\/em> ist mehr als nur ein K\u00fcnstlerportr\u00e4t. Sie behandelt starke, universelle Themen, die Menschen in allen Lebenslagen ber\u00fchren. Kurt malt nicht einfach Bilder \u2013 er malt seine Vergangenheit. Ohne es zu merken, flie\u00dfen Erinnerungen an seine Tante, an den Krieg und an seine eigene Zerrissenheit in seine Werke ein. Seine Kunst wird zu einem Ort, an dem Schmerz sichtbar wird, ohne Worte zu brauchen.<\/p>\n\n\n\n<p>Der \u00dcbergang von der DDR in die Bundesrepublik zeigt, wie sehr politische Systeme bestimmen k\u00f6nnen, was Kunst sein soll. Kurt muss lernen, seine eigene Stimme zu finden \u2013 ohne Angst vor Strafe oder Zensur. Ein wiederkehrender Gedanke im Film lautet: <strong>\u201eAlles Wahre ist sch\u00f6n.\u201c<\/strong> Kurt sucht nicht nach \u00e4u\u00dferem Erfolg, sondern nach innerer Ehrlichkeit. Seine Kunst soll zeigen, was wirklich in ihm lebt \u2013 auch wenn es schwer zu ertragen ist.<\/p>\n\n\n\n<h2 class=\"wp-block-heading\">H\u00e4ufige Fragen zu Kurt Barnert<\/h2>\n\n\n\n<p>Hier eine kleine \u00dcbersicht \u00fcber Fragen, die besonders oft gestellt werden:<\/p>\n\n\n\n<figure class=\"wp-block-table\"><table class=\"has-fixed-layout\"><thead><tr><th>Frage<\/th><th>Antwort<\/th><\/tr><\/thead><tbody><tr><td>Ist Kurt Barnert ein echter K\u00fcnstler?<\/td><td>Nein, er ist eine Filmfigur.<\/td><\/tr><tr><td>Auf wen basiert er?<\/td><td>Grob auf Gerhard Richter, aber stark ver\u00e4ndert.<\/td><\/tr><tr><td>Sind die Gem\u00e4lde im Film echt?<\/td><td>Sie sind inspiriert von Richters Stil, jedoch filmisch neu interpretiert.<\/td><\/tr><tr><td>Spielt der Film echte historische Ereignisse nach?<\/td><td>Ja, aber mit k\u00fcnstlerischer Freiheit.<\/td><\/tr><tr><td>Warum wirkt Kurt Barnert so authentisch?<\/td><td>Weil seine Geschichte sich mit echten historischen Traumata verbindet.<\/td><\/tr><\/tbody><\/table><\/figure>\n\n\n\n<h2 class=\"wp-block-heading\">Kulturelle Wirkung der Figur und des Films<\/h2>\n\n\n\n<p>Der Film <strong>\u201eWerk ohne Autor\u201c<\/strong> wurde weltweit gefeiert und mehrfach ausgezeichnet. Das lag nicht nur an der starken Handlung, sondern auch daran, dass viele Menschen sich mit Kurt Barnerts Suche nach Wahrheit identifizieren konnten. Seine Figur brachte internationale Zuschauer dazu, sich erneut mit deutscher Geschichte, mit Kunstentwicklung und mit emotionaler Erinnerung zu besch\u00e4ftigen.<\/p>\n\n\n\n<p>Besonders bemerkenswert ist, dass der Film Diskussionen \u00fcber die Bedeutung von Kunst ausgel\u00f6st hat. Viele fragten sich, ob Kunst immer politisch sein sollte, ob sie pers\u00f6nliche Geschichten tr\u00e4gt oder ob sie einfach nur frei sein darf. <em>Kurt Barnert<\/em> wurde dadurch zu einer Art Symbol f\u00fcr k\u00fcnstlerische Selbstbefreiung.<\/p>\n\n\n\n<h2 class=\"wp-block-heading\">Wie man Kurt Barnerts Geschichte richtig einordnet<\/h2>\n\n\n\n<p>Es ist wichtig, Kurt Barnert nicht als historische Dokumentation zu sehen. Seine Figur ist eine Mischung aus Erfindung, Inspiration und k\u00fcnstlerischer Interpretation. Wer ihn versteht, versteht gleichzeitig:<\/p>\n\n\n\n<ul class=\"wp-block-list\">\n<li>wie deutsche Geschichte Menschen gepr\u00e4gt hat<\/li>\n\n\n\n<li>wie Kunst Traumata sichtbar macht<\/li>\n\n\n\n<li>wie ein K\u00fcnstler seinen eigenen Weg finden kann<\/li>\n\n\n\n<li>wie Erinnerung und Kreativit\u00e4t miteinander verbunden sind<\/li>\n<\/ul>\n\n\n\n<p>Seine Lebensgeschichte ist also nicht w\u00f6rtlich wahr, aber emotional sehr nah an der Realit\u00e4t vieler Menschen.<\/p>\n\n\n\n<h2 class=\"wp-block-heading\">Fazit<\/h2>\n\n\n\n<p><em>Kurt Barnert<\/em> zeigt uns, dass Kunst mehr ist als Farbe auf Leinwand. Seine Geschichte erinnert daran, dass jeder Mensch Erfahrungen in sich tr\u00e4gt, die ihn formen \u2013 selbst wenn man sie nicht sofort erkennt. Sein Weg von Unterdr\u00fcckung zu k\u00fcnstlerischer Freiheit ist ein starkes Beispiel daf\u00fcr, wie wichtig es ist, seiner inneren Stimme zu folgen. Und auch wenn Kurt Barnert nicht real ist, verk\u00f6rpert er eine Wahrheit, die viele Menschen ber\u00fchrt: <strong>Kunst kann heilen, erinnern und ver\u00e4ndern.<\/strong><\/p>\n\n\n\n<p>Mher Lesson: <a href=\"https:\/\/heuteinfo.de\/2025\/12\/06\/schwerer-unfall-in-erding-heute\/\"><strong>Schwerer Unfall in Erding heute<\/strong><\/a><\/p>\n","protected":false},"excerpt":{"rendered":"<p>Der Name Kurt Barnert taucht immer \u00f6fter in Suchmaschinen auf, besonders seit dem Erfolg des Films \u201eWerk ohne Autor\u201c. Viele glauben zun\u00e4chst, dass es sich um einen realen K\u00fcnstler handeln muss, weil seine Geschichte so glaubw\u00fcrdig erz\u00e4hlt wird. Doch die Figur ist erfunden \u2013 und trotzdem f\u00fchlt sie sich unglaublich echt an. Das liegt daran, [&hellip;]<\/p>\n","protected":false},"author":1,"featured_media":2351,"comment_status":"closed","ping_status":"open","sticky":false,"template":"","format":"standard","meta":{"footnotes":""},"categories":[39],"tags":[],"class_list":["post-2350","post","type-post","status-publish","format-standard","has-post-thumbnail","hentry","category-lebensstil"],"yoast_head":"<!-- This site is optimized with the Yoast SEO plugin v27.4 - https:\/\/yoast.com\/product\/yoast-seo-wordpress\/ -->\n<title>Kurt Barnert \u2013 Die ganze Geschichte hinter dem ber\u00fchmten Filmcharakter - heuteinfo.de<\/title>\n<meta name=\"robots\" content=\"index, follow, max-snippet:-1, max-image-preview:large, max-video-preview:-1\" \/>\n<link rel=\"canonical\" href=\"https:\/\/heuteinfo.de\/?p=2350\" \/>\n<meta property=\"og:locale\" content=\"en_US\" \/>\n<meta property=\"og:type\" content=\"article\" \/>\n<meta property=\"og:title\" content=\"Kurt Barnert \u2013 Die ganze Geschichte hinter dem ber\u00fchmten Filmcharakter - heuteinfo.de\" \/>\n<meta property=\"og:description\" content=\"Der Name Kurt Barnert taucht immer \u00f6fter in Suchmaschinen auf, besonders seit dem Erfolg des Films \u201eWerk ohne Autor\u201c. Viele glauben zun\u00e4chst, dass es sich um einen realen K\u00fcnstler handeln muss, weil seine Geschichte so glaubw\u00fcrdig erz\u00e4hlt wird. Doch die Figur ist erfunden \u2013 und trotzdem f\u00fchlt sie sich unglaublich echt an. Das liegt daran, [&hellip;]\" \/>\n<meta property=\"og:url\" content=\"https:\/\/heuteinfo.de\/?p=2350\" \/>\n<meta property=\"og:site_name\" content=\"heuteinfo.de\" \/>\n<meta property=\"article:published_time\" content=\"2025-12-06T12:53:53+00:00\" \/>\n<meta property=\"article:modified_time\" content=\"2026-02-27T12:18:42+00:00\" \/>\n<meta property=\"og:image\" content=\"https:\/\/heuteinfo.de\/wp-content\/uploads\/2025\/12\/WERK-OHNE-AUTOR.jpg\" \/>\n\t<meta property=\"og:image:width\" content=\"1144\" \/>\n\t<meta property=\"og:image:height\" content=\"790\" \/>\n\t<meta property=\"og:image:type\" content=\"image\/jpeg\" \/>\n<meta name=\"author\" content=\"ahmedhassan98764@gmail.com\" \/>\n<meta name=\"twitter:card\" content=\"summary_large_image\" \/>\n<meta name=\"twitter:label1\" content=\"Written by\" \/>\n\t<meta name=\"twitter:data1\" content=\"ahmedhassan98764@gmail.com\" \/>\n\t<meta name=\"twitter:label2\" content=\"Est. reading time\" \/>\n\t<meta name=\"twitter:data2\" content=\"6 minutes\" \/>\n<script type=\"application\/ld+json\" class=\"yoast-schema-graph\">{\"@context\":\"https:\\\/\\\/schema.org\",\"@graph\":[{\"@type\":\"Article\",\"@id\":\"https:\\\/\\\/heuteinfo.de\\\/?p=2350#article\",\"isPartOf\":{\"@id\":\"https:\\\/\\\/heuteinfo.de\\\/?p=2350\"},\"author\":{\"name\":\"ahmedhassan98764@gmail.com\",\"@id\":\"https:\\\/\\\/heuteinfo.de\\\/#\\\/schema\\\/person\\\/94a0e25dd819e325bc73714b2b0e6250\"},\"headline\":\"Kurt Barnert \u2013 Die ganze Geschichte hinter dem ber\u00fchmten Filmcharakter\",\"datePublished\":\"2025-12-06T12:53:53+00:00\",\"dateModified\":\"2026-02-27T12:18:42+00:00\",\"mainEntityOfPage\":{\"@id\":\"https:\\\/\\\/heuteinfo.de\\\/?p=2350\"},\"wordCount\":1181,\"image\":{\"@id\":\"https:\\\/\\\/heuteinfo.de\\\/?p=2350#primaryimage\"},\"thumbnailUrl\":\"https:\\\/\\\/heuteinfo.de\\\/wp-content\\\/uploads\\\/2025\\\/12\\\/WERK-OHNE-AUTOR.jpg\",\"articleSection\":[\"Lebensstil\"],\"inLanguage\":\"en-US\"},{\"@type\":\"WebPage\",\"@id\":\"https:\\\/\\\/heuteinfo.de\\\/?p=2350\",\"url\":\"https:\\\/\\\/heuteinfo.de\\\/?p=2350\",\"name\":\"Kurt Barnert \u2013 Die ganze Geschichte hinter dem ber\u00fchmten Filmcharakter - heuteinfo.de\",\"isPartOf\":{\"@id\":\"https:\\\/\\\/heuteinfo.de\\\/#website\"},\"primaryImageOfPage\":{\"@id\":\"https:\\\/\\\/heuteinfo.de\\\/?p=2350#primaryimage\"},\"image\":{\"@id\":\"https:\\\/\\\/heuteinfo.de\\\/?p=2350#primaryimage\"},\"thumbnailUrl\":\"https:\\\/\\\/heuteinfo.de\\\/wp-content\\\/uploads\\\/2025\\\/12\\\/WERK-OHNE-AUTOR.jpg\",\"datePublished\":\"2025-12-06T12:53:53+00:00\",\"dateModified\":\"2026-02-27T12:18:42+00:00\",\"author\":{\"@id\":\"https:\\\/\\\/heuteinfo.de\\\/#\\\/schema\\\/person\\\/94a0e25dd819e325bc73714b2b0e6250\"},\"breadcrumb\":{\"@id\":\"https:\\\/\\\/heuteinfo.de\\\/?p=2350#breadcrumb\"},\"inLanguage\":\"en-US\",\"potentialAction\":[{\"@type\":\"ReadAction\",\"target\":[\"https:\\\/\\\/heuteinfo.de\\\/?p=2350\"]}]},{\"@type\":\"ImageObject\",\"inLanguage\":\"en-US\",\"@id\":\"https:\\\/\\\/heuteinfo.de\\\/?p=2350#primaryimage\",\"url\":\"https:\\\/\\\/heuteinfo.de\\\/wp-content\\\/uploads\\\/2025\\\/12\\\/WERK-OHNE-AUTOR.jpg\",\"contentUrl\":\"https:\\\/\\\/heuteinfo.de\\\/wp-content\\\/uploads\\\/2025\\\/12\\\/WERK-OHNE-AUTOR.jpg\",\"width\":1144,\"height\":790,\"caption\":\"kurt barnert\"},{\"@type\":\"BreadcrumbList\",\"@id\":\"https:\\\/\\\/heuteinfo.de\\\/?p=2350#breadcrumb\",\"itemListElement\":[{\"@type\":\"ListItem\",\"position\":1,\"name\":\"Home\",\"item\":\"https:\\\/\\\/heuteinfo.de\\\/\"},{\"@type\":\"ListItem\",\"position\":2,\"name\":\"Kurt Barnert \u2013 Die ganze Geschichte hinter dem ber\u00fchmten Filmcharakter\"}]},{\"@type\":\"WebSite\",\"@id\":\"https:\\\/\\\/heuteinfo.de\\\/#website\",\"url\":\"https:\\\/\\\/heuteinfo.de\\\/\",\"name\":\"heuteinfo.de\",\"description\":\"\",\"potentialAction\":[{\"@type\":\"SearchAction\",\"target\":{\"@type\":\"EntryPoint\",\"urlTemplate\":\"https:\\\/\\\/heuteinfo.de\\\/?s={search_term_string}\"},\"query-input\":{\"@type\":\"PropertyValueSpecification\",\"valueRequired\":true,\"valueName\":\"search_term_string\"}}],\"inLanguage\":\"en-US\"},{\"@type\":\"Person\",\"@id\":\"https:\\\/\\\/heuteinfo.de\\\/#\\\/schema\\\/person\\\/94a0e25dd819e325bc73714b2b0e6250\",\"name\":\"ahmedhassan98764@gmail.com\",\"image\":{\"@type\":\"ImageObject\",\"inLanguage\":\"en-US\",\"@id\":\"https:\\\/\\\/secure.gravatar.com\\\/avatar\\\/e2e9655aa74e87126cf4d7a522342156dfe63385e2ce1859f3a68169de6937a9?s=96&d=mm&r=g\",\"url\":\"https:\\\/\\\/secure.gravatar.com\\\/avatar\\\/e2e9655aa74e87126cf4d7a522342156dfe63385e2ce1859f3a68169de6937a9?s=96&d=mm&r=g\",\"contentUrl\":\"https:\\\/\\\/secure.gravatar.com\\\/avatar\\\/e2e9655aa74e87126cf4d7a522342156dfe63385e2ce1859f3a68169de6937a9?s=96&d=mm&r=g\",\"caption\":\"ahmedhassan98764@gmail.com\"},\"sameAs\":[\"https:\\\/\\\/heuteinfo.de\"],\"url\":\"https:\\\/\\\/heuteinfo.de\\\/?author=1\"}]}<\/script>\n<!-- \/ Yoast SEO plugin. -->","yoast_head_json":{"title":"Kurt Barnert \u2013 Die ganze Geschichte hinter dem ber\u00fchmten Filmcharakter - heuteinfo.de","robots":{"index":"index","follow":"follow","max-snippet":"max-snippet:-1","max-image-preview":"max-image-preview:large","max-video-preview":"max-video-preview:-1"},"canonical":"https:\/\/heuteinfo.de\/?p=2350","og_locale":"en_US","og_type":"article","og_title":"Kurt Barnert \u2013 Die ganze Geschichte hinter dem ber\u00fchmten Filmcharakter - heuteinfo.de","og_description":"Der Name Kurt Barnert taucht immer \u00f6fter in Suchmaschinen auf, besonders seit dem Erfolg des Films \u201eWerk ohne Autor\u201c. Viele glauben zun\u00e4chst, dass es sich um einen realen K\u00fcnstler handeln muss, weil seine Geschichte so glaubw\u00fcrdig erz\u00e4hlt wird. Doch die Figur ist erfunden \u2013 und trotzdem f\u00fchlt sie sich unglaublich echt an. Das liegt daran, [&hellip;]","og_url":"https:\/\/heuteinfo.de\/?p=2350","og_site_name":"heuteinfo.de","article_published_time":"2025-12-06T12:53:53+00:00","article_modified_time":"2026-02-27T12:18:42+00:00","og_image":[{"width":1144,"height":790,"url":"https:\/\/heuteinfo.de\/wp-content\/uploads\/2025\/12\/WERK-OHNE-AUTOR.jpg","type":"image\/jpeg"}],"author":"ahmedhassan98764@gmail.com","twitter_card":"summary_large_image","twitter_misc":{"Written by":"ahmedhassan98764@gmail.com","Est. reading time":"6 minutes"},"schema":{"@context":"https:\/\/schema.org","@graph":[{"@type":"Article","@id":"https:\/\/heuteinfo.de\/?p=2350#article","isPartOf":{"@id":"https:\/\/heuteinfo.de\/?p=2350"},"author":{"name":"ahmedhassan98764@gmail.com","@id":"https:\/\/heuteinfo.de\/#\/schema\/person\/94a0e25dd819e325bc73714b2b0e6250"},"headline":"Kurt Barnert \u2013 Die ganze Geschichte hinter dem ber\u00fchmten Filmcharakter","datePublished":"2025-12-06T12:53:53+00:00","dateModified":"2026-02-27T12:18:42+00:00","mainEntityOfPage":{"@id":"https:\/\/heuteinfo.de\/?p=2350"},"wordCount":1181,"image":{"@id":"https:\/\/heuteinfo.de\/?p=2350#primaryimage"},"thumbnailUrl":"https:\/\/heuteinfo.de\/wp-content\/uploads\/2025\/12\/WERK-OHNE-AUTOR.jpg","articleSection":["Lebensstil"],"inLanguage":"en-US"},{"@type":"WebPage","@id":"https:\/\/heuteinfo.de\/?p=2350","url":"https:\/\/heuteinfo.de\/?p=2350","name":"Kurt Barnert \u2013 Die ganze Geschichte hinter dem ber\u00fchmten Filmcharakter - heuteinfo.de","isPartOf":{"@id":"https:\/\/heuteinfo.de\/#website"},"primaryImageOfPage":{"@id":"https:\/\/heuteinfo.de\/?p=2350#primaryimage"},"image":{"@id":"https:\/\/heuteinfo.de\/?p=2350#primaryimage"},"thumbnailUrl":"https:\/\/heuteinfo.de\/wp-content\/uploads\/2025\/12\/WERK-OHNE-AUTOR.jpg","datePublished":"2025-12-06T12:53:53+00:00","dateModified":"2026-02-27T12:18:42+00:00","author":{"@id":"https:\/\/heuteinfo.de\/#\/schema\/person\/94a0e25dd819e325bc73714b2b0e6250"},"breadcrumb":{"@id":"https:\/\/heuteinfo.de\/?p=2350#breadcrumb"},"inLanguage":"en-US","potentialAction":[{"@type":"ReadAction","target":["https:\/\/heuteinfo.de\/?p=2350"]}]},{"@type":"ImageObject","inLanguage":"en-US","@id":"https:\/\/heuteinfo.de\/?p=2350#primaryimage","url":"https:\/\/heuteinfo.de\/wp-content\/uploads\/2025\/12\/WERK-OHNE-AUTOR.jpg","contentUrl":"https:\/\/heuteinfo.de\/wp-content\/uploads\/2025\/12\/WERK-OHNE-AUTOR.jpg","width":1144,"height":790,"caption":"kurt barnert"},{"@type":"BreadcrumbList","@id":"https:\/\/heuteinfo.de\/?p=2350#breadcrumb","itemListElement":[{"@type":"ListItem","position":1,"name":"Home","item":"https:\/\/heuteinfo.de\/"},{"@type":"ListItem","position":2,"name":"Kurt Barnert \u2013 Die ganze Geschichte hinter dem ber\u00fchmten Filmcharakter"}]},{"@type":"WebSite","@id":"https:\/\/heuteinfo.de\/#website","url":"https:\/\/heuteinfo.de\/","name":"heuteinfo.de","description":"","potentialAction":[{"@type":"SearchAction","target":{"@type":"EntryPoint","urlTemplate":"https:\/\/heuteinfo.de\/?s={search_term_string}"},"query-input":{"@type":"PropertyValueSpecification","valueRequired":true,"valueName":"search_term_string"}}],"inLanguage":"en-US"},{"@type":"Person","@id":"https:\/\/heuteinfo.de\/#\/schema\/person\/94a0e25dd819e325bc73714b2b0e6250","name":"ahmedhassan98764@gmail.com","image":{"@type":"ImageObject","inLanguage":"en-US","@id":"https:\/\/secure.gravatar.com\/avatar\/e2e9655aa74e87126cf4d7a522342156dfe63385e2ce1859f3a68169de6937a9?s=96&d=mm&r=g","url":"https:\/\/secure.gravatar.com\/avatar\/e2e9655aa74e87126cf4d7a522342156dfe63385e2ce1859f3a68169de6937a9?s=96&d=mm&r=g","contentUrl":"https:\/\/secure.gravatar.com\/avatar\/e2e9655aa74e87126cf4d7a522342156dfe63385e2ce1859f3a68169de6937a9?s=96&d=mm&r=g","caption":"ahmedhassan98764@gmail.com"},"sameAs":["https:\/\/heuteinfo.de"],"url":"https:\/\/heuteinfo.de\/?author=1"}]}},"_links":{"self":[{"href":"https:\/\/heuteinfo.de\/index.php?rest_route=\/wp\/v2\/posts\/2350","targetHints":{"allow":["GET"]}}],"collection":[{"href":"https:\/\/heuteinfo.de\/index.php?rest_route=\/wp\/v2\/posts"}],"about":[{"href":"https:\/\/heuteinfo.de\/index.php?rest_route=\/wp\/v2\/types\/post"}],"author":[{"embeddable":true,"href":"https:\/\/heuteinfo.de\/index.php?rest_route=\/wp\/v2\/users\/1"}],"replies":[{"embeddable":true,"href":"https:\/\/heuteinfo.de\/index.php?rest_route=%2Fwp%2Fv2%2Fcomments&post=2350"}],"version-history":[{"count":3,"href":"https:\/\/heuteinfo.de\/index.php?rest_route=\/wp\/v2\/posts\/2350\/revisions"}],"predecessor-version":[{"id":10774,"href":"https:\/\/heuteinfo.de\/index.php?rest_route=\/wp\/v2\/posts\/2350\/revisions\/10774"}],"wp:featuredmedia":[{"embeddable":true,"href":"https:\/\/heuteinfo.de\/index.php?rest_route=\/wp\/v2\/media\/2351"}],"wp:attachment":[{"href":"https:\/\/heuteinfo.de\/index.php?rest_route=%2Fwp%2Fv2%2Fmedia&parent=2350"}],"wp:term":[{"taxonomy":"category","embeddable":true,"href":"https:\/\/heuteinfo.de\/index.php?rest_route=%2Fwp%2Fv2%2Fcategories&post=2350"},{"taxonomy":"post_tag","embeddable":true,"href":"https:\/\/heuteinfo.de\/index.php?rest_route=%2Fwp%2Fv2%2Ftags&post=2350"}],"curies":[{"name":"wp","href":"https:\/\/api.w.org\/{rel}","templated":true}]}}