{"id":2360,"date":"2025-12-09T13:50:05","date_gmt":"2025-12-09T13:50:05","guid":{"rendered":"https:\/\/heuteinfo.de\/?p=2360"},"modified":"2026-02-27T12:18:44","modified_gmt":"2026-02-27T12:18:44","slug":"lisa-eckhart-dunn","status":"publish","type":"post","link":"https:\/\/heuteinfo.de\/?p=2360","title":{"rendered":"Warum \u201cLisa Eckhart d\u00fcnn\u201d so oft gesucht wird \u2013 Ein Blick auf Image, Wirkung &amp; Wahrnehmung"},"content":{"rendered":"\n<p>Der Ausdruck <strong>\u201c<a href=\"https:\/\/de.wikipedia.org\/wiki\/Lisa_Eckhart\">Lisa Eckhart<\/a> d\u00fcnn\u201d<\/strong> taucht sehr h\u00e4ufig in Suchanfragen auf, doch es geht dabei nicht nur um ihr K\u00f6rpergewicht. Stattdessen beschreibt er ein Bild, das viele Menschen sofort mit ihr verbinden: eine sehr schlanke Figur, ein elegantes, fast schon strenges Auftreten und eine bewusst inszenierte B\u00fchnenpr\u00e4senz. Wenn sie auf die B\u00fchne tritt, wirkt sie schmal, fast zerbrechlich, aber gleichzeitig sehr kontrolliert. Diese Kombination f\u00e4llt auf und f\u00fchrt dazu, dass Zuschauer \u00fcber ihr Aussehen sprechen \u2013 oft sogar bevor sie \u00fcber ihre Texte sprechen. Gerade bei \u00f6ffentlichen Frauen r\u00fcckt die Optik schneller in den Mittelpunkt, und bei Eckhart sieht man dieses Muster besonders deutlich.<\/p>\n\n\n\n<p>Dabei ist wichtig zu verstehen, dass diese Einsch\u00e4tzung nicht bedeutet, dass es eine Version \u201eLisa Eckhart d\u00fcnn\u201c und eine andere g\u00e4be. Es zeigt vielmehr, wie stark \u00c4u\u00dferlichkeiten wahrgenommen werden. Viele Menschen fragen sich, ob ihre sehr schlanke Erscheinung Teil ihrer Performance ist, ob sie bewusst gew\u00e4hlt wurde oder ob sie etwas \u00fcber ihre Pers\u00f6nlichkeit aussagt.<\/p>\n\n\n\n<h2 class=\"wp-block-heading\">Wer ist Lisa Eckhart?<\/h2>\n\n\n\n<p>Lisa Eckhart ist eine \u00f6sterreichische Kabarettistin und Autorin, die f\u00fcr ihren scharfen Humor, ihre provokanten Texte und ihren unverwechselbaren Stil bekannt ist. Geboren in Leoben, studierte sie unter anderem Germanistik und Slawistik und fand sp\u00e4ter ihren Weg auf die B\u00fchne.<\/p>\n\n\n\n<p>Zuerst machte sie sich im Poetry-Slam einen Namen. Danach folgten Kabarettprogramme, Fernsehauftritte und mehrere B\u00fccher. Ihre Art zu sprechen \u2013 poetisch, pr\u00e4zise, manchmal gnadenlos \u2013 hebt sie von vielen anderen K\u00fcnstlerinnen ab. Wer sie sieht, erkennt sofort: Sie arbeitet nicht nur mit Sprache, sondern auch mit \u00c4sthetik. Ihr Auftreten geh\u00f6rt genauso zu ihr wie ihre Texte. Und genau hier entsteht die Verbindung zum Thema <strong>\u201cLisa Eckhart d\u00fcnn.\u201d<\/strong><\/p>\n\n\n\n<h2 class=\"wp-block-heading\">Warum ihr Aussehen so stark diskutiert wird<\/h2>\n\n\n\n<p>Die Diskussion um <strong>Lisa Eckhart d\u00fcnn<\/strong> entsteht vor allem deshalb, weil ihr K\u00f6rperbild so eng mit ihrem Stil verbunden scheint. Sie tr\u00e4gt oft elegante, fast viktorianisch wirkende Kleidung. Dazu kommt eine ruhige, kontrollierte K\u00f6rperhaltung und ein Blick, der manchmal gleichzeitig k\u00fchl und humorvoll wirkt. Sie strahlt etwas Theatralisches aus. Und weil diese Ausstrahlung so auff\u00e4llig ist, wird ihre Figur Teil des Gesamtbildes. Die Menschen reagieren stark auf sichtbare Merkmale, und bei Eckhart ist ihr Erscheinungsbild Teil der Wirkung.<\/p>\n\n\n\n<p>Viele Zuschauer nehmen wahr:<\/p>\n\n\n\n<ul class=\"wp-block-list\">\n<li>sie sieht sehr schlank aus<\/li>\n\n\n\n<li>ihr Stil wirkt bewusst gew\u00e4hlt<\/li>\n\n\n\n<li>ihr K\u00f6rper unterstreicht ihre B\u00fchnenfigur<\/li>\n<\/ul>\n\n\n\n<p>Doch nur selten wird gefragt, ob es \u00fcberhaupt wichtig ist. Denn ihre Kunst lebt nicht von ihrem K\u00f6rper, sondern von ihren Worten.<\/p>\n\n\n\n<h2 class=\"wp-block-heading\">Medien &amp; \u00d6ffentlichkeit: Warum \u201cLisa Eckhart d\u00fcnn\u201d so popul\u00e4r ist<\/h2>\n\n\n\n<p>Medien greifen Dinge auf, die Aufmerksamkeit erzeugen. Und Aussehen erzeugt immer Aufmerksamkeit. Besonders bei Frauen wird oft zuerst \u00fcber Figur, Kleidung oder Haare gesprochen \u2013 ganz unabh\u00e4ngig von Talent oder Botschaft.<\/p>\n\n\n\n<p>Wenn ein \u00f6ffentlich auftretender Mensch eine sehr schmale Silhouette hat, wird das schnell zum Thema. Kommentare wie \u201eIst Lisa Eckhart so d\u00fcnn geworden?\u201c oder \u201eWarum ist Lisa Eckhart so d\u00fcnn?\u201c tauchen immer wieder in Foren und Artikeln auf. Der Begriff <strong>\u201eLisa Eckhart d\u00fcnn\u201c<\/strong> wird dadurch eine Art Schlagwort. Er fasst zusammen, wie Menschen sie auf den ersten Blick wahrnehmen \u2013 und wie Medien darauf reagieren.<\/p>\n\n\n\n<h2 class=\"wp-block-heading\">Die Bedeutung ihrer Kunstfigur<\/h2>\n\n\n\n<p>Um das Thema richtig zu verstehen, muss man wissen: Lisa Eckhart spielt eine Rolle. Ihre B\u00fchnenfigur ist bewusst gestaltet \u2013 von den Worten \u00fcber die Kleidung bis zu ihrer K\u00f6rpersprache. Sie setzt Kontraste ein:<\/p>\n\n\n\n<ul class=\"wp-block-list\">\n<li>eine zarte, d\u00fcnne Erscheinung<\/li>\n\n\n\n<li>kombiniert mit harten, klaren, provokanten S\u00e4tzen<\/li>\n<\/ul>\n\n\n\n<p>Gerade dieser Gegensatz verst\u00e4rkt den Eindruck ihrer Texte. Sie wirkt \u00e4u\u00dferlich fein, fast zerbrechlich, aber verbal messerscharf. Dieses Stilmittel ist nicht zuf\u00e4llig. Es geh\u00f6rt zu ihrer Kunst. Deshalb kann man sagen: <strong>Ihre schlanke Erscheinung ist Teil einer bewussten \u00c4sthetik, nicht das Zentrum ihrer Identit\u00e4t.<\/strong><\/p>\n\n\n\n<h2 class=\"wp-block-heading\">Spekulationen, Privatsph\u00e4re &amp; klare Grenzen<\/h2>\n\n\n\n<p>Fakten \u00fcber ihr tats\u00e4chliches Gewicht, ihre Ern\u00e4hrung oder m\u00f6gliche gesundheitliche Themen gibt es nicht. Sie spricht \u00f6ffentlich nicht dar\u00fcber, und seri\u00f6se Quellen nennen solche Details nicht. Alles, was dar\u00fcber hinausgeht, w\u00e4re reine Spekulation \u2013 und das w\u00e4re unfair. Menschen haben ein Recht auf Privatsph\u00e4re, auch wenn sie auf der B\u00fchne stehen.<\/p>\n\n\n\n<p>Das Problem entsteht, wenn das \u00c4u\u00dfere wichtiger genommen wird als die Person oder die Kunst dahinter. Deshalb sollte man sensibel mit dem Thema umgehen und erkennen, dass <strong>\u201cLisa Eckhart d\u00fcnn\u201d<\/strong> oft mehr \u00fcber die Gesellschaft aussagt als \u00fcber sie selbst<\/p>\n\n\n\n<h2 class=\"wp-block-heading\">Warum interessiert das Thema \u00fcberhaupt?<\/h2>\n\n\n\n<p>Suchanfragen zu <strong>\u201cLisa Eckhart d\u00fcnn\u201d<\/strong> zeigen etwas Grunds\u00e4tzliches: Menschen reagieren stark auf \u00e4u\u00dfere Unterschiede. Wenn jemand auff\u00e4llt \u2013 egal ob sehr schlank, sehr gro\u00df, sehr bunt oder sehr ungew\u00f6hnlich \u2013 dann wollen wir wissen, warum.<\/p>\n\n\n\n<p>Dazu kommt ein allgemeiner Trend: Viele Menschen vergleichen sich selbst mit Prominenten. K\u00f6rper, Kleidung und Stil geh\u00f6ren zu den Dingen, die am leichtesten sichtbar sind \u2013 und deshalb am schnellsten kommentiert werden. Die Diskussion sagt also mehr \u00fcber unsere Kultur aus als \u00fcber Lisa Eckhart.<\/p>\n\n\n\n<h2 class=\"wp-block-heading\">Was sagt Lisa Eckhart selbst \u00fcber Darstellung und Wahrnehmung?<\/h2>\n\n\n\n<p>Lisa Eckhart betont in Interviews immer wieder, dass ihre B\u00fchnenfigur bewusst gestaltet ist. Sie spricht von Ironie, \u00dcbertreibung und Kunst. Ihr Erscheinungsbild ist Teil dieser Figur \u2013 so wie Kost\u00fcme im Theater. Sie macht klar, dass ihr Ziel nicht ist, als Privatperson bewertet zu werden. Sondern als K\u00fcnstlerin. Das zeigt: Ihr Aussehen ist ein Werkzeug. Kein pers\u00f6nliches Statement \u00fcber Gewicht oder Ideale, sondern ein Element ihrer Rolle.<\/p>\n\n\n\n<h2 class=\"wp-block-heading\">Fazit: Was \u201cLisa Eckhart d\u00fcnn\u201d wirklich bedeutet<\/h2>\n\n\n\n<p>Am Ende zeigt der Begriff <strong>\u201cLisa Eckhart d\u00fcnn\u201d<\/strong> vor allem ein Missverst\u00e4ndnis. Viele konzentrieren sich auf ihr \u00c4u\u00dferes, obwohl ihre Kunst im Vordergrund stehen sollte. Ja, sie wirkt sehr schlank. Ja, ihre Figur f\u00e4llt auf. Aber sie ist eine K\u00fcnstlerin, die bewusst mit \u00c4sthetik spielt. Wichtiger als ihr K\u00f6rper sind:<\/p>\n\n\n\n<ul class=\"wp-block-list\">\n<li>ihre Texte<\/li>\n\n\n\n<li>ihre Intelligenz<\/li>\n\n\n\n<li>ihre Sprache<\/li>\n\n\n\n<li>ihre Haltung<\/li>\n\n\n\n<li>ihre provokante, aber kunstvolle Performance<\/li>\n<\/ul>\n\n\n\n<p>Wenn man das versteht, wird klar:<br>Der Ausdruck \u201cLisa Eckhart d\u00fcnn\u201d beschreibt weniger die Person als die Wirkung.<\/p>\n\n\n\n<h2 class=\"wp-block-heading\">FAQ<\/h2>\n\n\n\n<p><strong>Ist Lisa Eckhart tats\u00e4chlich sehr d\u00fcnn?<\/strong><br>Sie wirkt auf der B\u00fchne sehr schlank, aber konkrete Fakten zu ihrem Gewicht sind nicht \u00f6ffentlich.<\/p>\n\n\n\n<p><strong>Warum wird ihr K\u00f6rper so stark thematisiert?<\/strong><br>Weil ihre schlanke Erscheinung Teil einer auff\u00e4lligen B\u00fchnen\u00e4sthetik ist und sofort ins Auge f\u00e4llt.<\/p>\n\n\n\n<p><strong>Gibt es gesundheitliche Informationen?<\/strong><br>Nein. Alle Diskussionen w\u00e4ren reine Spekulation und sollten vermieden werden.<\/p>\n\n\n\n<p><strong>Ist ihr Aussehen Teil der Kunstfigur?<\/strong><br>Ja. Ihre Kleidung, Haltung und Erscheinung sind bewusst gew\u00e4hlt und Teil ihrer Performance.<\/p>\n\n\n\n<p>Mher Lesson: <a href=\"https:\/\/heuteinfo.de\/2025\/12\/07\/martina-hill-verheiratet\/\"><strong>Martina Hill verheiratet<\/strong><\/a><\/p>\n","protected":false},"excerpt":{"rendered":"<p>Der Ausdruck \u201cLisa Eckhart d\u00fcnn\u201d taucht sehr h\u00e4ufig in Suchanfragen auf, doch es geht dabei nicht nur um ihr K\u00f6rpergewicht. Stattdessen beschreibt er ein Bild, das viele Menschen sofort mit ihr verbinden: eine sehr schlanke Figur, ein elegantes, fast schon strenges Auftreten und eine bewusst inszenierte B\u00fchnenpr\u00e4senz. Wenn sie auf die B\u00fchne tritt, wirkt sie [&hellip;]<\/p>\n","protected":false},"author":1,"featured_media":2361,"comment_status":"closed","ping_status":"open","sticky":false,"template":"","format":"standard","meta":{"footnotes":""},"categories":[39],"tags":[],"class_list":["post-2360","post","type-post","status-publish","format-standard","has-post-thumbnail","hentry","category-lebensstil"],"yoast_head":"<!-- This site is optimized with the Yoast SEO plugin v27.4 - https:\/\/yoast.com\/product\/yoast-seo-wordpress\/ -->\n<title>Warum \u201cLisa Eckhart d\u00fcnn\u201d so oft gesucht wird \u2013 Ein Blick auf Image, Wirkung &amp; Wahrnehmung - heuteinfo.de<\/title>\n<meta name=\"robots\" content=\"index, follow, max-snippet:-1, max-image-preview:large, max-video-preview:-1\" \/>\n<link rel=\"canonical\" href=\"https:\/\/heuteinfo.de\/?p=2360\" \/>\n<meta property=\"og:locale\" content=\"en_US\" \/>\n<meta property=\"og:type\" content=\"article\" \/>\n<meta property=\"og:title\" content=\"Warum \u201cLisa Eckhart d\u00fcnn\u201d so oft gesucht wird \u2013 Ein Blick auf Image, Wirkung &amp; Wahrnehmung - heuteinfo.de\" \/>\n<meta property=\"og:description\" content=\"Der Ausdruck \u201cLisa Eckhart d\u00fcnn\u201d taucht sehr h\u00e4ufig in Suchanfragen auf, doch es geht dabei nicht nur um ihr K\u00f6rpergewicht. Stattdessen beschreibt er ein Bild, das viele Menschen sofort mit ihr verbinden: eine sehr schlanke Figur, ein elegantes, fast schon strenges Auftreten und eine bewusst inszenierte B\u00fchnenpr\u00e4senz. Wenn sie auf die B\u00fchne tritt, wirkt sie [&hellip;]\" \/>\n<meta property=\"og:url\" content=\"https:\/\/heuteinfo.de\/?p=2360\" \/>\n<meta property=\"og:site_name\" content=\"heuteinfo.de\" \/>\n<meta property=\"article:published_time\" content=\"2025-12-09T13:50:05+00:00\" \/>\n<meta property=\"article:modified_time\" content=\"2026-02-27T12:18:44+00:00\" \/>\n<meta property=\"og:image\" content=\"https:\/\/heuteinfo.de\/wp-content\/uploads\/2025\/12\/lisaeckhart-1.jpg\" \/>\n\t<meta property=\"og:image:width\" content=\"1000\" \/>\n\t<meta property=\"og:image:height\" content=\"667\" \/>\n\t<meta property=\"og:image:type\" content=\"image\/jpeg\" \/>\n<meta name=\"author\" content=\"ahmedhassan98764@gmail.com\" \/>\n<meta name=\"twitter:card\" content=\"summary_large_image\" \/>\n<meta name=\"twitter:label1\" content=\"Written by\" \/>\n\t<meta name=\"twitter:data1\" content=\"ahmedhassan98764@gmail.com\" \/>\n\t<meta name=\"twitter:label2\" content=\"Est. reading time\" \/>\n\t<meta name=\"twitter:data2\" content=\"6 minutes\" \/>\n<script type=\"application\/ld+json\" class=\"yoast-schema-graph\">{\"@context\":\"https:\\\/\\\/schema.org\",\"@graph\":[{\"@type\":\"Article\",\"@id\":\"https:\\\/\\\/heuteinfo.de\\\/?p=2360#article\",\"isPartOf\":{\"@id\":\"https:\\\/\\\/heuteinfo.de\\\/?p=2360\"},\"author\":{\"name\":\"ahmedhassan98764@gmail.com\",\"@id\":\"https:\\\/\\\/heuteinfo.de\\\/#\\\/schema\\\/person\\\/94a0e25dd819e325bc73714b2b0e6250\"},\"headline\":\"Warum \u201cLisa Eckhart d\u00fcnn\u201d so oft gesucht wird \u2013 Ein Blick auf Image, Wirkung &amp; Wahrnehmung\",\"datePublished\":\"2025-12-09T13:50:05+00:00\",\"dateModified\":\"2026-02-27T12:18:44+00:00\",\"mainEntityOfPage\":{\"@id\":\"https:\\\/\\\/heuteinfo.de\\\/?p=2360\"},\"wordCount\":1116,\"image\":{\"@id\":\"https:\\\/\\\/heuteinfo.de\\\/?p=2360#primaryimage\"},\"thumbnailUrl\":\"https:\\\/\\\/heuteinfo.de\\\/wp-content\\\/uploads\\\/2025\\\/12\\\/lisaeckhart-1.jpg\",\"articleSection\":[\"Lebensstil\"],\"inLanguage\":\"en-US\"},{\"@type\":\"WebPage\",\"@id\":\"https:\\\/\\\/heuteinfo.de\\\/?p=2360\",\"url\":\"https:\\\/\\\/heuteinfo.de\\\/?p=2360\",\"name\":\"Warum \u201cLisa Eckhart d\u00fcnn\u201d so oft gesucht wird \u2013 Ein Blick auf Image, Wirkung &amp; Wahrnehmung - heuteinfo.de\",\"isPartOf\":{\"@id\":\"https:\\\/\\\/heuteinfo.de\\\/#website\"},\"primaryImageOfPage\":{\"@id\":\"https:\\\/\\\/heuteinfo.de\\\/?p=2360#primaryimage\"},\"image\":{\"@id\":\"https:\\\/\\\/heuteinfo.de\\\/?p=2360#primaryimage\"},\"thumbnailUrl\":\"https:\\\/\\\/heuteinfo.de\\\/wp-content\\\/uploads\\\/2025\\\/12\\\/lisaeckhart-1.jpg\",\"datePublished\":\"2025-12-09T13:50:05+00:00\",\"dateModified\":\"2026-02-27T12:18:44+00:00\",\"author\":{\"@id\":\"https:\\\/\\\/heuteinfo.de\\\/#\\\/schema\\\/person\\\/94a0e25dd819e325bc73714b2b0e6250\"},\"breadcrumb\":{\"@id\":\"https:\\\/\\\/heuteinfo.de\\\/?p=2360#breadcrumb\"},\"inLanguage\":\"en-US\",\"potentialAction\":[{\"@type\":\"ReadAction\",\"target\":[\"https:\\\/\\\/heuteinfo.de\\\/?p=2360\"]}]},{\"@type\":\"ImageObject\",\"inLanguage\":\"en-US\",\"@id\":\"https:\\\/\\\/heuteinfo.de\\\/?p=2360#primaryimage\",\"url\":\"https:\\\/\\\/heuteinfo.de\\\/wp-content\\\/uploads\\\/2025\\\/12\\\/lisaeckhart-1.jpg\",\"contentUrl\":\"https:\\\/\\\/heuteinfo.de\\\/wp-content\\\/uploads\\\/2025\\\/12\\\/lisaeckhart-1.jpg\",\"width\":1000,\"height\":667,\"caption\":\"lisa eckhart d\u00fcnn\"},{\"@type\":\"BreadcrumbList\",\"@id\":\"https:\\\/\\\/heuteinfo.de\\\/?p=2360#breadcrumb\",\"itemListElement\":[{\"@type\":\"ListItem\",\"position\":1,\"name\":\"Home\",\"item\":\"https:\\\/\\\/heuteinfo.de\\\/\"},{\"@type\":\"ListItem\",\"position\":2,\"name\":\"Warum \u201cLisa Eckhart d\u00fcnn\u201d so oft gesucht wird \u2013 Ein Blick auf Image, Wirkung &amp; Wahrnehmung\"}]},{\"@type\":\"WebSite\",\"@id\":\"https:\\\/\\\/heuteinfo.de\\\/#website\",\"url\":\"https:\\\/\\\/heuteinfo.de\\\/\",\"name\":\"heuteinfo.de\",\"description\":\"\",\"potentialAction\":[{\"@type\":\"SearchAction\",\"target\":{\"@type\":\"EntryPoint\",\"urlTemplate\":\"https:\\\/\\\/heuteinfo.de\\\/?s={search_term_string}\"},\"query-input\":{\"@type\":\"PropertyValueSpecification\",\"valueRequired\":true,\"valueName\":\"search_term_string\"}}],\"inLanguage\":\"en-US\"},{\"@type\":\"Person\",\"@id\":\"https:\\\/\\\/heuteinfo.de\\\/#\\\/schema\\\/person\\\/94a0e25dd819e325bc73714b2b0e6250\",\"name\":\"ahmedhassan98764@gmail.com\",\"image\":{\"@type\":\"ImageObject\",\"inLanguage\":\"en-US\",\"@id\":\"https:\\\/\\\/secure.gravatar.com\\\/avatar\\\/e2e9655aa74e87126cf4d7a522342156dfe63385e2ce1859f3a68169de6937a9?s=96&d=mm&r=g\",\"url\":\"https:\\\/\\\/secure.gravatar.com\\\/avatar\\\/e2e9655aa74e87126cf4d7a522342156dfe63385e2ce1859f3a68169de6937a9?s=96&d=mm&r=g\",\"contentUrl\":\"https:\\\/\\\/secure.gravatar.com\\\/avatar\\\/e2e9655aa74e87126cf4d7a522342156dfe63385e2ce1859f3a68169de6937a9?s=96&d=mm&r=g\",\"caption\":\"ahmedhassan98764@gmail.com\"},\"sameAs\":[\"https:\\\/\\\/heuteinfo.de\"],\"url\":\"https:\\\/\\\/heuteinfo.de\\\/?author=1\"}]}<\/script>\n<!-- \/ Yoast SEO plugin. -->","yoast_head_json":{"title":"Warum \u201cLisa Eckhart d\u00fcnn\u201d so oft gesucht wird \u2013 Ein Blick auf Image, Wirkung &amp; Wahrnehmung - heuteinfo.de","robots":{"index":"index","follow":"follow","max-snippet":"max-snippet:-1","max-image-preview":"max-image-preview:large","max-video-preview":"max-video-preview:-1"},"canonical":"https:\/\/heuteinfo.de\/?p=2360","og_locale":"en_US","og_type":"article","og_title":"Warum \u201cLisa Eckhart d\u00fcnn\u201d so oft gesucht wird \u2013 Ein Blick auf Image, Wirkung &amp; Wahrnehmung - heuteinfo.de","og_description":"Der Ausdruck \u201cLisa Eckhart d\u00fcnn\u201d taucht sehr h\u00e4ufig in Suchanfragen auf, doch es geht dabei nicht nur um ihr K\u00f6rpergewicht. Stattdessen beschreibt er ein Bild, das viele Menschen sofort mit ihr verbinden: eine sehr schlanke Figur, ein elegantes, fast schon strenges Auftreten und eine bewusst inszenierte B\u00fchnenpr\u00e4senz. Wenn sie auf die B\u00fchne tritt, wirkt sie [&hellip;]","og_url":"https:\/\/heuteinfo.de\/?p=2360","og_site_name":"heuteinfo.de","article_published_time":"2025-12-09T13:50:05+00:00","article_modified_time":"2026-02-27T12:18:44+00:00","og_image":[{"width":1000,"height":667,"url":"https:\/\/heuteinfo.de\/wp-content\/uploads\/2025\/12\/lisaeckhart-1.jpg","type":"image\/jpeg"}],"author":"ahmedhassan98764@gmail.com","twitter_card":"summary_large_image","twitter_misc":{"Written by":"ahmedhassan98764@gmail.com","Est. reading time":"6 minutes"},"schema":{"@context":"https:\/\/schema.org","@graph":[{"@type":"Article","@id":"https:\/\/heuteinfo.de\/?p=2360#article","isPartOf":{"@id":"https:\/\/heuteinfo.de\/?p=2360"},"author":{"name":"ahmedhassan98764@gmail.com","@id":"https:\/\/heuteinfo.de\/#\/schema\/person\/94a0e25dd819e325bc73714b2b0e6250"},"headline":"Warum \u201cLisa Eckhart d\u00fcnn\u201d so oft gesucht wird \u2013 Ein Blick auf Image, Wirkung &amp; Wahrnehmung","datePublished":"2025-12-09T13:50:05+00:00","dateModified":"2026-02-27T12:18:44+00:00","mainEntityOfPage":{"@id":"https:\/\/heuteinfo.de\/?p=2360"},"wordCount":1116,"image":{"@id":"https:\/\/heuteinfo.de\/?p=2360#primaryimage"},"thumbnailUrl":"https:\/\/heuteinfo.de\/wp-content\/uploads\/2025\/12\/lisaeckhart-1.jpg","articleSection":["Lebensstil"],"inLanguage":"en-US"},{"@type":"WebPage","@id":"https:\/\/heuteinfo.de\/?p=2360","url":"https:\/\/heuteinfo.de\/?p=2360","name":"Warum \u201cLisa Eckhart d\u00fcnn\u201d so oft gesucht wird \u2013 Ein Blick auf Image, Wirkung &amp; Wahrnehmung - heuteinfo.de","isPartOf":{"@id":"https:\/\/heuteinfo.de\/#website"},"primaryImageOfPage":{"@id":"https:\/\/heuteinfo.de\/?p=2360#primaryimage"},"image":{"@id":"https:\/\/heuteinfo.de\/?p=2360#primaryimage"},"thumbnailUrl":"https:\/\/heuteinfo.de\/wp-content\/uploads\/2025\/12\/lisaeckhart-1.jpg","datePublished":"2025-12-09T13:50:05+00:00","dateModified":"2026-02-27T12:18:44+00:00","author":{"@id":"https:\/\/heuteinfo.de\/#\/schema\/person\/94a0e25dd819e325bc73714b2b0e6250"},"breadcrumb":{"@id":"https:\/\/heuteinfo.de\/?p=2360#breadcrumb"},"inLanguage":"en-US","potentialAction":[{"@type":"ReadAction","target":["https:\/\/heuteinfo.de\/?p=2360"]}]},{"@type":"ImageObject","inLanguage":"en-US","@id":"https:\/\/heuteinfo.de\/?p=2360#primaryimage","url":"https:\/\/heuteinfo.de\/wp-content\/uploads\/2025\/12\/lisaeckhart-1.jpg","contentUrl":"https:\/\/heuteinfo.de\/wp-content\/uploads\/2025\/12\/lisaeckhart-1.jpg","width":1000,"height":667,"caption":"lisa eckhart d\u00fcnn"},{"@type":"BreadcrumbList","@id":"https:\/\/heuteinfo.de\/?p=2360#breadcrumb","itemListElement":[{"@type":"ListItem","position":1,"name":"Home","item":"https:\/\/heuteinfo.de\/"},{"@type":"ListItem","position":2,"name":"Warum \u201cLisa Eckhart d\u00fcnn\u201d so oft gesucht wird \u2013 Ein Blick auf Image, Wirkung &amp; Wahrnehmung"}]},{"@type":"WebSite","@id":"https:\/\/heuteinfo.de\/#website","url":"https:\/\/heuteinfo.de\/","name":"heuteinfo.de","description":"","potentialAction":[{"@type":"SearchAction","target":{"@type":"EntryPoint","urlTemplate":"https:\/\/heuteinfo.de\/?s={search_term_string}"},"query-input":{"@type":"PropertyValueSpecification","valueRequired":true,"valueName":"search_term_string"}}],"inLanguage":"en-US"},{"@type":"Person","@id":"https:\/\/heuteinfo.de\/#\/schema\/person\/94a0e25dd819e325bc73714b2b0e6250","name":"ahmedhassan98764@gmail.com","image":{"@type":"ImageObject","inLanguage":"en-US","@id":"https:\/\/secure.gravatar.com\/avatar\/e2e9655aa74e87126cf4d7a522342156dfe63385e2ce1859f3a68169de6937a9?s=96&d=mm&r=g","url":"https:\/\/secure.gravatar.com\/avatar\/e2e9655aa74e87126cf4d7a522342156dfe63385e2ce1859f3a68169de6937a9?s=96&d=mm&r=g","contentUrl":"https:\/\/secure.gravatar.com\/avatar\/e2e9655aa74e87126cf4d7a522342156dfe63385e2ce1859f3a68169de6937a9?s=96&d=mm&r=g","caption":"ahmedhassan98764@gmail.com"},"sameAs":["https:\/\/heuteinfo.de"],"url":"https:\/\/heuteinfo.de\/?author=1"}]}},"_links":{"self":[{"href":"https:\/\/heuteinfo.de\/index.php?rest_route=\/wp\/v2\/posts\/2360","targetHints":{"allow":["GET"]}}],"collection":[{"href":"https:\/\/heuteinfo.de\/index.php?rest_route=\/wp\/v2\/posts"}],"about":[{"href":"https:\/\/heuteinfo.de\/index.php?rest_route=\/wp\/v2\/types\/post"}],"author":[{"embeddable":true,"href":"https:\/\/heuteinfo.de\/index.php?rest_route=\/wp\/v2\/users\/1"}],"replies":[{"embeddable":true,"href":"https:\/\/heuteinfo.de\/index.php?rest_route=%2Fwp%2Fv2%2Fcomments&post=2360"}],"version-history":[{"count":3,"href":"https:\/\/heuteinfo.de\/index.php?rest_route=\/wp\/v2\/posts\/2360\/revisions"}],"predecessor-version":[{"id":10777,"href":"https:\/\/heuteinfo.de\/index.php?rest_route=\/wp\/v2\/posts\/2360\/revisions\/10777"}],"wp:featuredmedia":[{"embeddable":true,"href":"https:\/\/heuteinfo.de\/index.php?rest_route=\/wp\/v2\/media\/2361"}],"wp:attachment":[{"href":"https:\/\/heuteinfo.de\/index.php?rest_route=%2Fwp%2Fv2%2Fmedia&parent=2360"}],"wp:term":[{"taxonomy":"category","embeddable":true,"href":"https:\/\/heuteinfo.de\/index.php?rest_route=%2Fwp%2Fv2%2Fcategories&post=2360"},{"taxonomy":"post_tag","embeddable":true,"href":"https:\/\/heuteinfo.de\/index.php?rest_route=%2Fwp%2Fv2%2Ftags&post=2360"}],"curies":[{"name":"wp","href":"https:\/\/api.w.org\/{rel}","templated":true}]}}