{"id":2363,"date":"2025-12-09T13:57:42","date_gmt":"2025-12-09T13:57:42","guid":{"rendered":"https:\/\/heuteinfo.de\/?p=2363"},"modified":"2026-02-27T12:18:45","modified_gmt":"2026-02-27T12:18:45","slug":"caren-miosga-krankheit","status":"publish","type":"post","link":"https:\/\/heuteinfo.de\/?p=2363","title":{"rendered":"Caren Miosga Krankheit \u2013 Was wirklich dahintersteckt (Fakten, Hintergr\u00fcnde &amp; Klarheit)"},"content":{"rendered":"\n<p>Die Suchanfrage \u201e<a href=\"https:\/\/de.wikipedia.org\/wiki\/Caren_Miosga\">Caren Miosga<\/a> Krankheit\u201c erscheint immer h\u00e4ufiger, und viele Menschen m\u00f6chten wissen, ob etwas Ernstes dahintersteckt. Wenn bekannte Personen einmal nicht im Fernsehen zu sehen sind oder ruhiger wirken als sonst, entstehen schnell Spekulationen. Das ist bei Caren Miosga nicht anders. Die Moderatorin begleitet Millionen Zuschauer seit vielen Jahren im deutschen Fernsehen. Daher machen sich manche sofort Sorgen, sobald ihr Name irgendwo mit dem Wort \u201eKrankheit\u201c auftaucht.<\/p>\n\n\n\n<p>Oft kommt hinzu, dass das Internet voll ist mit dramatischen \u00dcberschriften. Manche Seiten nutzen das Wort \u201eKrankheit\u201c, um Aufmerksamkeit zu erzeugen \u2013 auch wenn es keine echten Informationen gibt. F\u00fcr Leser wirkt das verwirrend, und so entsteht der Eindruck, als gebe es ein verborgenes Gesundheitsproblem. In Wahrheit ist das meist nicht der Fall. Dieser Artikel soll genau diese Unsicherheit aufl\u00f6sen und verst\u00e4ndlich erkl\u00e4ren, warum dieses Suchwort existiert und was wirklich dazu bekannt ist.<\/p>\n\n\n\n<h2 class=\"wp-block-heading\">Wer ist Caren Miosga?<\/h2>\n\n\n\n<p>Caren Miosga ist eine der bekanntesten Journalistinnen Deutschlands. Sie wurde am 11. April 1969 in Peine geboren und studierte sp\u00e4ter Geschichte und Slawistik. Schon w\u00e4hrend ihres Studiums arbeitete sie im Radio, wo sie ihre ersten Erfahrungen als Moderatorin sammelte. Sp\u00e4ter wechselte sie zum Fernsehen und wurde schnell zum vertrauten Gesicht der Zuschauer. Besonders durch das \u201eKulturjournal\u201c und dann den Medienmagazin \u201eZapp\u201c erarbeitete sie sich einen ausgezeichneten Ruf.<\/p>\n\n\n\n<p>Bekannt wurde sie vor allem als Moderatorin der <strong>Tagesthemen<\/strong>, die sie ab 2007 \u00fcber viele Jahre pr\u00e4sentierte. Ihre klare, ruhige Art und ihre pr\u00e4zise Sprache machten sie zu einer der wichtigsten Stimmen des \u00f6ffentlich-rechtlichen Fernsehens. Seit Anfang 2024 f\u00fchrt sie ihre eigene Talksendung mit dem Titel <strong>\u201eCaren Miosga\u201c<\/strong>, in der sie w\u00f6chentlich Politiker, Experten und Pers\u00f6nlichkeiten aus Gesellschaft und Kultur einl\u00e4dt. Auch privat f\u00fchrt sie ein eher ruhiges Leben. Sie ist seit 2007 verheiratet, hat zwei T\u00f6chter und zeigt sich selten in der \u00d6ffentlichkeit abseits ihrer Arbeit. Gerade diese Zur\u00fcckhaltung f\u00fchrt dazu, dass viele Menschen neugierig werden, wenn sie pl\u00f6tzlich weniger pr\u00e4sent scheint.<\/p>\n\n\n\n<h2 class=\"wp-block-heading\">Hat Caren Miosga eine Krankheit?<\/h2>\n\n\n\n<p>Der wichtigste Punkt vorweg: <strong>Es gibt keine best\u00e4tigten Informationen dar\u00fcber, dass Caren Miosga an einer Krankheit leidet.<\/strong> Weder \u00f6ffentlich-rechtliche Sender noch seri\u00f6se Medien haben jemals von gesundheitlichen Problemen berichtet. Auch Caren Miosga selbst hat nie eine Krankheit \u00f6ffentlich gemacht. Wenn es echte gesundheitliche Einschr\u00e4nkungen g\u00e4be, w\u00fcrden verl\u00e4ssliche Medien dar\u00fcber informieren \u2013 doch dazu existiert keinerlei Hinweis.<\/p>\n\n\n\n<p>Obwohl einige Webseiten und Social-Media-Seiten den Begriff \u201eCaren Miosga Krankheit\u201c verwenden, liefern sie daf\u00fcr keinerlei Beweise. H\u00e4ufig handelt es sich um schlecht recherchierte Inhalte oder Suchmaschinen-Lockseiten, die durch dramatische Schlagw\u00f6rter Aufmerksamkeit erzeugen wollen. Das bedeutet: Das, was man online findet, ist oft <strong>nicht echt<\/strong>, sondern lediglich ein Versuch, Klicks zu bekommen.<\/p>\n\n\n\n<h2 class=\"wp-block-heading\">Warum der Begriff \u201eCaren Miosga Krankheit\u201c online auftaucht<\/h2>\n\n\n\n<p>Viele Menschen geben diese Suchanfrage ein, weil sie irgendwo online auf \u00dcberschriften gesto\u00dfen sind, die Fragen offenlassen. H\u00e4ufig steht dort etwas wie \u201eTraurige Nachrichten\u201c oder \u201eFans machen sich Sorgen\u201c. Solche Formulierungen wirken emotional und ziehen Leute an, die wissen wollen, ob tats\u00e4chlich etwas passiert ist. In Wirklichkeit sind solche Beitr\u00e4ge oft inhaltslos. Sie nutzen bekannte Namen, um Aufmerksamkeit zu erzeugen. Bei Prominenten, die selten \u00fcber ihr Privatleben sprechen, entstehen dann automatisch Ger\u00fcchte, weil die Informationslage d\u00fcnn ist. Das Wort \u201eKrankheit\u201c wird dann als Suchbegriff verbreitet, obwohl keine medizinischen Informationen existieren.<\/p>\n\n\n\n<p>Ein weiterer Grund ist die menschliche Neugier. Wenn jemand lange im TV arbeitet, entwickeln Zuschauer eine Verbindung zu dieser Person. Man macht sich Sorgen, wenn diese Person weniger pr\u00e4sent ist oder eine Sendung verl\u00e4sst. Genau das ist bei Caren Miosga passiert, als sie die Tagesthemen verlie\u00df und ihre neue Sendung vorbereitete. Obwohl dieser Schritt beruflich geplant war, deuteten manche dies f\u00e4lschlicherweise als m\u00f6glichen gesundheitlichen Grund.<\/p>\n\n\n\n<h2 class=\"wp-block-heading\">Faktencheck &amp; Orientierungshilfe<\/h2>\n\n\n\n<p>Um falsche Eindr\u00fccke zu vermeiden, ist es hilfreich, Quellen richtig einzuordnen. Viele Menschen sind sich nicht sicher, woran sie einen vertrauensw\u00fcrdigen Bericht erkennen. Hier einige Grundregeln, die dir helfen k\u00f6nnen, zwischen Fakten und Ger\u00fcchten zu unterscheiden, ohne dass du tief recherchieren musst. Verl\u00e4ssliche Informationen stammen meist von \u00f6ffentlich-rechtlichen Medien, renommierten Zeitungen oder direkten Interviews. Wenn eine Seite ohne Belege behauptet, jemand sei krank, dann ist Vorsicht geboten. H\u00e4ufig fehlt dort jede Quelle, und die Texte bestehen nur aus Andeutungen oder allgemeinen Formulierungen.<\/p>\n\n\n\n<p>Au\u00dferdem sollte man darauf achten, ob ein Thema mehrfach von unabh\u00e4ngigen Medien aufgegriffen wurde. Wenn nur eine einzige Seite etwas behauptet, ist die Wahrscheinlichkeit hoch, dass es sich nicht um echte Informationen handelt. Genau das ist bei \u201eCaren Miosga Krankheit\u201c der Fall. Es gibt keine seri\u00f6se Webseite, die eine Erkrankung erw\u00e4hnt oder best\u00e4tigt hat. Das zeigt deutlich, dass die Ger\u00fcchte nicht auf Fakten beruhen.<\/p>\n\n\n\n<h2 class=\"wp-block-heading\">Warum Ger\u00fcchte \u00fcber Krankheiten von Prominenten entstehen<\/h2>\n\n\n\n<p>Ger\u00fcchte \u00fcber Krankheiten tauchen erstaunlich oft bei bekannten Personen auf. Das liegt daran, dass Prominente st\u00e4ndig beobachtet werden. Jede Pause, jede Ver\u00e4nderung im Aussehen oder jede berufliche Neuorientierung wird kommentiert. Das f\u00fchrt leicht zu Missverst\u00e4ndnissen. Menschen f\u00fcllen L\u00fccken mit Vermutungen, und diese Vermutungen verbreiten sich schnell weiter.<\/p>\n\n\n\n<p>Hinzu kommt ein weiterer Punkt: Krankheitsger\u00fcchte erzeugen Emotionen. Sie l\u00f6sen Mitgef\u00fchl, Sorge oder Neugier aus. Deshalb nutzen manche Webseiten solche Begriffe bewusst, auch wenn sie nichts dar\u00fcber wissen. Das Problem ist, dass solche Ger\u00fcchte sich weiterverbreiten, weil Leser sie ohne Pr\u00fcfung teilen. So entsteht aus einem v\u00f6llig harmlosen Ereignis pl\u00f6tzlich der Eindruck einer schweren Krankheit. Auch bei Caren Miosga spielt dieser Mechanismus eine Rolle. Ihre berufliche Ver\u00e4nderung \u2013 der Abschied von den Tagesthemen und der Start ihrer eigenen Talkshow \u2013 wurde von manchen falsch interpretiert. Dadurch entstand das Gef\u00fchl, es m\u00fcsse eine tiefere Ursache geben. Doch in Wahrheit handelt es sich nur um einen geplanten beruflichen Schritt.<\/p>\n\n\n\n<h2 class=\"wp-block-heading\">Fazit<\/h2>\n\n\n\n<p>Am Ende l\u00e4sst sich klar sagen: <strong>Caren Miosga hat nach aktuellem Wissensstand keine Krankheit.<\/strong> Alle bisherigen Hinweise f\u00fchren darauf zur\u00fcck, dass der Begriff \u201eCaren Miosga Krankheit\u201c aus Ger\u00fcchten, Internet-Spekulationen und irref\u00fchrenden Beitr\u00e4gen stammt. Keine seri\u00f6se Quelle hat je \u00fcber gesundheitliche Probleme berichtet. Die Moderatorin arbeitet weiterhin aktiv, professionell und erfolgreich im Fernsehen.<\/p>\n\n\n\n<p>Wichtig ist, Informationen kritisch zu pr\u00fcfen und nicht jeder Schlagzeile zu glauben. Besonders bei sensiblen Themen wie Gesundheit ist es gut, zuerst auf zuverl\u00e4ssige Berichte zu achten.<\/p>\n\n\n\n<h2 class=\"wp-block-heading\">FAQ<\/h2>\n\n\n\n<p><strong>Ist Caren Miosga krank?<\/strong><br>Nein, es gibt keine best\u00e4tigten Informationen \u00fcber eine Krankheit.<\/p>\n\n\n\n<p><strong>Warum suchen so viele nach \u201eCaren Miosga Krankheit\u201c?<\/strong><br>Weil einige Seiten den Begriff nutzen, obwohl es keine Beweise gibt.<\/p>\n\n\n\n<p><strong>Hat sie selbst jemals \u00fcber eine Krankheit gesprochen?<\/strong><br>Nein, sie hat keine \u00f6ffentliche Aussage dazu gemacht.<\/p>\n\n\n\n<p><strong>Gibt es Hinweise auf gesundheitliche Probleme?<\/strong><br>Keine seri\u00f6sen Quellen berichten dar\u00fcber.<\/p>\n\n\n\n<p><strong>Warum entstehen solche Ger\u00fcchte?<\/strong><br>Weil Prominente oft Ziel von Spekulationen sind, besonders wenn sie berufliche Ver\u00e4nderungen durchlaufen.<\/p>\n\n\n\n<p>Mher Lesson: <a href=\"https:\/\/heuteinfo.de\/2025\/12\/09\/lisa-eckhart-dunn\/\"><strong>Lisa Eckhart d\u00fcnn<\/strong><\/a><\/p>\n","protected":false},"excerpt":{"rendered":"<p>Die Suchanfrage \u201eCaren Miosga Krankheit\u201c erscheint immer h\u00e4ufiger, und viele Menschen m\u00f6chten wissen, ob etwas Ernstes dahintersteckt. Wenn bekannte Personen einmal nicht im Fernsehen zu sehen sind oder ruhiger wirken als sonst, entstehen schnell Spekulationen. Das ist bei Caren Miosga nicht anders. Die Moderatorin begleitet Millionen Zuschauer seit vielen Jahren im deutschen Fernsehen. Daher machen [&hellip;]<\/p>\n","protected":false},"author":1,"featured_media":2364,"comment_status":"closed","ping_status":"open","sticky":false,"template":"","format":"standard","meta":{"footnotes":""},"categories":[39],"tags":[],"class_list":["post-2363","post","type-post","status-publish","format-standard","has-post-thumbnail","hentry","category-lebensstil"],"yoast_head":"<!-- This site is optimized with the Yoast SEO plugin v27.4 - https:\/\/yoast.com\/product\/yoast-seo-wordpress\/ -->\n<title>Caren Miosga Krankheit \u2013 Was wirklich dahintersteckt (Fakten, Hintergr\u00fcnde &amp; Klarheit) - heuteinfo.de<\/title>\n<meta name=\"robots\" content=\"index, follow, max-snippet:-1, max-image-preview:large, max-video-preview:-1\" \/>\n<link rel=\"canonical\" href=\"https:\/\/heuteinfo.de\/?p=2363\" \/>\n<meta property=\"og:locale\" content=\"en_US\" \/>\n<meta property=\"og:type\" content=\"article\" \/>\n<meta property=\"og:title\" content=\"Caren Miosga Krankheit \u2013 Was wirklich dahintersteckt (Fakten, Hintergr\u00fcnde &amp; Klarheit) - heuteinfo.de\" \/>\n<meta property=\"og:description\" content=\"Die Suchanfrage \u201eCaren Miosga Krankheit\u201c erscheint immer h\u00e4ufiger, und viele Menschen m\u00f6chten wissen, ob etwas Ernstes dahintersteckt. Wenn bekannte Personen einmal nicht im Fernsehen zu sehen sind oder ruhiger wirken als sonst, entstehen schnell Spekulationen. Das ist bei Caren Miosga nicht anders. Die Moderatorin begleitet Millionen Zuschauer seit vielen Jahren im deutschen Fernsehen. Daher machen [&hellip;]\" \/>\n<meta property=\"og:url\" content=\"https:\/\/heuteinfo.de\/?p=2363\" \/>\n<meta property=\"og:site_name\" content=\"heuteinfo.de\" \/>\n<meta property=\"article:published_time\" content=\"2025-12-09T13:57:42+00:00\" \/>\n<meta property=\"article:modified_time\" content=\"2026-02-27T12:18:45+00:00\" \/>\n<meta property=\"og:image\" content=\"https:\/\/heuteinfo.de\/wp-content\/uploads\/2025\/12\/4B4XROX5JFELRDZCYSHN4MVAEA-scaled.jpeg\" \/>\n\t<meta property=\"og:image:width\" content=\"2560\" \/>\n\t<meta property=\"og:image:height\" content=\"1703\" \/>\n\t<meta property=\"og:image:type\" content=\"image\/jpeg\" \/>\n<meta name=\"author\" content=\"ahmedhassan98764@gmail.com\" \/>\n<meta name=\"twitter:card\" content=\"summary_large_image\" \/>\n<meta name=\"twitter:label1\" content=\"Written by\" \/>\n\t<meta name=\"twitter:data1\" content=\"ahmedhassan98764@gmail.com\" \/>\n\t<meta name=\"twitter:label2\" content=\"Est. reading time\" \/>\n\t<meta name=\"twitter:data2\" content=\"6 minutes\" \/>\n<script type=\"application\/ld+json\" class=\"yoast-schema-graph\">{\"@context\":\"https:\\\/\\\/schema.org\",\"@graph\":[{\"@type\":\"Article\",\"@id\":\"https:\\\/\\\/heuteinfo.de\\\/?p=2363#article\",\"isPartOf\":{\"@id\":\"https:\\\/\\\/heuteinfo.de\\\/?p=2363\"},\"author\":{\"name\":\"ahmedhassan98764@gmail.com\",\"@id\":\"https:\\\/\\\/heuteinfo.de\\\/#\\\/schema\\\/person\\\/94a0e25dd819e325bc73714b2b0e6250\"},\"headline\":\"Caren Miosga Krankheit \u2013 Was wirklich dahintersteckt (Fakten, Hintergr\u00fcnde &amp; Klarheit)\",\"datePublished\":\"2025-12-09T13:57:42+00:00\",\"dateModified\":\"2026-02-27T12:18:45+00:00\",\"mainEntityOfPage\":{\"@id\":\"https:\\\/\\\/heuteinfo.de\\\/?p=2363\"},\"wordCount\":1152,\"image\":{\"@id\":\"https:\\\/\\\/heuteinfo.de\\\/?p=2363#primaryimage\"},\"thumbnailUrl\":\"https:\\\/\\\/heuteinfo.de\\\/wp-content\\\/uploads\\\/2025\\\/12\\\/4B4XROX5JFELRDZCYSHN4MVAEA-scaled.jpeg\",\"articleSection\":[\"Lebensstil\"],\"inLanguage\":\"en-US\"},{\"@type\":\"WebPage\",\"@id\":\"https:\\\/\\\/heuteinfo.de\\\/?p=2363\",\"url\":\"https:\\\/\\\/heuteinfo.de\\\/?p=2363\",\"name\":\"Caren Miosga Krankheit \u2013 Was wirklich dahintersteckt (Fakten, Hintergr\u00fcnde &amp; Klarheit) - heuteinfo.de\",\"isPartOf\":{\"@id\":\"https:\\\/\\\/heuteinfo.de\\\/#website\"},\"primaryImageOfPage\":{\"@id\":\"https:\\\/\\\/heuteinfo.de\\\/?p=2363#primaryimage\"},\"image\":{\"@id\":\"https:\\\/\\\/heuteinfo.de\\\/?p=2363#primaryimage\"},\"thumbnailUrl\":\"https:\\\/\\\/heuteinfo.de\\\/wp-content\\\/uploads\\\/2025\\\/12\\\/4B4XROX5JFELRDZCYSHN4MVAEA-scaled.jpeg\",\"datePublished\":\"2025-12-09T13:57:42+00:00\",\"dateModified\":\"2026-02-27T12:18:45+00:00\",\"author\":{\"@id\":\"https:\\\/\\\/heuteinfo.de\\\/#\\\/schema\\\/person\\\/94a0e25dd819e325bc73714b2b0e6250\"},\"breadcrumb\":{\"@id\":\"https:\\\/\\\/heuteinfo.de\\\/?p=2363#breadcrumb\"},\"inLanguage\":\"en-US\",\"potentialAction\":[{\"@type\":\"ReadAction\",\"target\":[\"https:\\\/\\\/heuteinfo.de\\\/?p=2363\"]}]},{\"@type\":\"ImageObject\",\"inLanguage\":\"en-US\",\"@id\":\"https:\\\/\\\/heuteinfo.de\\\/?p=2363#primaryimage\",\"url\":\"https:\\\/\\\/heuteinfo.de\\\/wp-content\\\/uploads\\\/2025\\\/12\\\/4B4XROX5JFELRDZCYSHN4MVAEA-scaled.jpeg\",\"contentUrl\":\"https:\\\/\\\/heuteinfo.de\\\/wp-content\\\/uploads\\\/2025\\\/12\\\/4B4XROX5JFELRDZCYSHN4MVAEA-scaled.jpeg\",\"width\":2560,\"height\":1703,\"caption\":\"ARCHIV - 05.10.2023, Hamburg: Moderatorin Caren Miosga steht vor ihrer letzten Sendung im Studio. (zu dpa: \\\"Caren Miosga: Spazierg\u00e4nge gegen schlechte Nachrichten\\\") Foto: Jonas Walzberg\\\/dpa +++ dpa-Bildfunk +++\"},{\"@type\":\"BreadcrumbList\",\"@id\":\"https:\\\/\\\/heuteinfo.de\\\/?p=2363#breadcrumb\",\"itemListElement\":[{\"@type\":\"ListItem\",\"position\":1,\"name\":\"Home\",\"item\":\"https:\\\/\\\/heuteinfo.de\\\/\"},{\"@type\":\"ListItem\",\"position\":2,\"name\":\"Caren Miosga Krankheit \u2013 Was wirklich dahintersteckt (Fakten, Hintergr\u00fcnde &amp; Klarheit)\"}]},{\"@type\":\"WebSite\",\"@id\":\"https:\\\/\\\/heuteinfo.de\\\/#website\",\"url\":\"https:\\\/\\\/heuteinfo.de\\\/\",\"name\":\"heuteinfo.de\",\"description\":\"\",\"potentialAction\":[{\"@type\":\"SearchAction\",\"target\":{\"@type\":\"EntryPoint\",\"urlTemplate\":\"https:\\\/\\\/heuteinfo.de\\\/?s={search_term_string}\"},\"query-input\":{\"@type\":\"PropertyValueSpecification\",\"valueRequired\":true,\"valueName\":\"search_term_string\"}}],\"inLanguage\":\"en-US\"},{\"@type\":\"Person\",\"@id\":\"https:\\\/\\\/heuteinfo.de\\\/#\\\/schema\\\/person\\\/94a0e25dd819e325bc73714b2b0e6250\",\"name\":\"ahmedhassan98764@gmail.com\",\"image\":{\"@type\":\"ImageObject\",\"inLanguage\":\"en-US\",\"@id\":\"https:\\\/\\\/secure.gravatar.com\\\/avatar\\\/e2e9655aa74e87126cf4d7a522342156dfe63385e2ce1859f3a68169de6937a9?s=96&d=mm&r=g\",\"url\":\"https:\\\/\\\/secure.gravatar.com\\\/avatar\\\/e2e9655aa74e87126cf4d7a522342156dfe63385e2ce1859f3a68169de6937a9?s=96&d=mm&r=g\",\"contentUrl\":\"https:\\\/\\\/secure.gravatar.com\\\/avatar\\\/e2e9655aa74e87126cf4d7a522342156dfe63385e2ce1859f3a68169de6937a9?s=96&d=mm&r=g\",\"caption\":\"ahmedhassan98764@gmail.com\"},\"sameAs\":[\"https:\\\/\\\/heuteinfo.de\"],\"url\":\"https:\\\/\\\/heuteinfo.de\\\/?author=1\"}]}<\/script>\n<!-- \/ Yoast SEO plugin. -->","yoast_head_json":{"title":"Caren Miosga Krankheit \u2013 Was wirklich dahintersteckt (Fakten, Hintergr\u00fcnde &amp; Klarheit) - heuteinfo.de","robots":{"index":"index","follow":"follow","max-snippet":"max-snippet:-1","max-image-preview":"max-image-preview:large","max-video-preview":"max-video-preview:-1"},"canonical":"https:\/\/heuteinfo.de\/?p=2363","og_locale":"en_US","og_type":"article","og_title":"Caren Miosga Krankheit \u2013 Was wirklich dahintersteckt (Fakten, Hintergr\u00fcnde &amp; Klarheit) - heuteinfo.de","og_description":"Die Suchanfrage \u201eCaren Miosga Krankheit\u201c erscheint immer h\u00e4ufiger, und viele Menschen m\u00f6chten wissen, ob etwas Ernstes dahintersteckt. Wenn bekannte Personen einmal nicht im Fernsehen zu sehen sind oder ruhiger wirken als sonst, entstehen schnell Spekulationen. Das ist bei Caren Miosga nicht anders. Die Moderatorin begleitet Millionen Zuschauer seit vielen Jahren im deutschen Fernsehen. Daher machen [&hellip;]","og_url":"https:\/\/heuteinfo.de\/?p=2363","og_site_name":"heuteinfo.de","article_published_time":"2025-12-09T13:57:42+00:00","article_modified_time":"2026-02-27T12:18:45+00:00","og_image":[{"width":2560,"height":1703,"url":"https:\/\/heuteinfo.de\/wp-content\/uploads\/2025\/12\/4B4XROX5JFELRDZCYSHN4MVAEA-scaled.jpeg","type":"image\/jpeg"}],"author":"ahmedhassan98764@gmail.com","twitter_card":"summary_large_image","twitter_misc":{"Written by":"ahmedhassan98764@gmail.com","Est. reading time":"6 minutes"},"schema":{"@context":"https:\/\/schema.org","@graph":[{"@type":"Article","@id":"https:\/\/heuteinfo.de\/?p=2363#article","isPartOf":{"@id":"https:\/\/heuteinfo.de\/?p=2363"},"author":{"name":"ahmedhassan98764@gmail.com","@id":"https:\/\/heuteinfo.de\/#\/schema\/person\/94a0e25dd819e325bc73714b2b0e6250"},"headline":"Caren Miosga Krankheit \u2013 Was wirklich dahintersteckt (Fakten, Hintergr\u00fcnde &amp; Klarheit)","datePublished":"2025-12-09T13:57:42+00:00","dateModified":"2026-02-27T12:18:45+00:00","mainEntityOfPage":{"@id":"https:\/\/heuteinfo.de\/?p=2363"},"wordCount":1152,"image":{"@id":"https:\/\/heuteinfo.de\/?p=2363#primaryimage"},"thumbnailUrl":"https:\/\/heuteinfo.de\/wp-content\/uploads\/2025\/12\/4B4XROX5JFELRDZCYSHN4MVAEA-scaled.jpeg","articleSection":["Lebensstil"],"inLanguage":"en-US"},{"@type":"WebPage","@id":"https:\/\/heuteinfo.de\/?p=2363","url":"https:\/\/heuteinfo.de\/?p=2363","name":"Caren Miosga Krankheit \u2013 Was wirklich dahintersteckt (Fakten, Hintergr\u00fcnde &amp; Klarheit) - heuteinfo.de","isPartOf":{"@id":"https:\/\/heuteinfo.de\/#website"},"primaryImageOfPage":{"@id":"https:\/\/heuteinfo.de\/?p=2363#primaryimage"},"image":{"@id":"https:\/\/heuteinfo.de\/?p=2363#primaryimage"},"thumbnailUrl":"https:\/\/heuteinfo.de\/wp-content\/uploads\/2025\/12\/4B4XROX5JFELRDZCYSHN4MVAEA-scaled.jpeg","datePublished":"2025-12-09T13:57:42+00:00","dateModified":"2026-02-27T12:18:45+00:00","author":{"@id":"https:\/\/heuteinfo.de\/#\/schema\/person\/94a0e25dd819e325bc73714b2b0e6250"},"breadcrumb":{"@id":"https:\/\/heuteinfo.de\/?p=2363#breadcrumb"},"inLanguage":"en-US","potentialAction":[{"@type":"ReadAction","target":["https:\/\/heuteinfo.de\/?p=2363"]}]},{"@type":"ImageObject","inLanguage":"en-US","@id":"https:\/\/heuteinfo.de\/?p=2363#primaryimage","url":"https:\/\/heuteinfo.de\/wp-content\/uploads\/2025\/12\/4B4XROX5JFELRDZCYSHN4MVAEA-scaled.jpeg","contentUrl":"https:\/\/heuteinfo.de\/wp-content\/uploads\/2025\/12\/4B4XROX5JFELRDZCYSHN4MVAEA-scaled.jpeg","width":2560,"height":1703,"caption":"ARCHIV - 05.10.2023, Hamburg: Moderatorin Caren Miosga steht vor ihrer letzten Sendung im Studio. (zu dpa: \"Caren Miosga: Spazierg\u00e4nge gegen schlechte Nachrichten\") Foto: Jonas Walzberg\/dpa +++ dpa-Bildfunk +++"},{"@type":"BreadcrumbList","@id":"https:\/\/heuteinfo.de\/?p=2363#breadcrumb","itemListElement":[{"@type":"ListItem","position":1,"name":"Home","item":"https:\/\/heuteinfo.de\/"},{"@type":"ListItem","position":2,"name":"Caren Miosga Krankheit \u2013 Was wirklich dahintersteckt (Fakten, Hintergr\u00fcnde &amp; Klarheit)"}]},{"@type":"WebSite","@id":"https:\/\/heuteinfo.de\/#website","url":"https:\/\/heuteinfo.de\/","name":"heuteinfo.de","description":"","potentialAction":[{"@type":"SearchAction","target":{"@type":"EntryPoint","urlTemplate":"https:\/\/heuteinfo.de\/?s={search_term_string}"},"query-input":{"@type":"PropertyValueSpecification","valueRequired":true,"valueName":"search_term_string"}}],"inLanguage":"en-US"},{"@type":"Person","@id":"https:\/\/heuteinfo.de\/#\/schema\/person\/94a0e25dd819e325bc73714b2b0e6250","name":"ahmedhassan98764@gmail.com","image":{"@type":"ImageObject","inLanguage":"en-US","@id":"https:\/\/secure.gravatar.com\/avatar\/e2e9655aa74e87126cf4d7a522342156dfe63385e2ce1859f3a68169de6937a9?s=96&d=mm&r=g","url":"https:\/\/secure.gravatar.com\/avatar\/e2e9655aa74e87126cf4d7a522342156dfe63385e2ce1859f3a68169de6937a9?s=96&d=mm&r=g","contentUrl":"https:\/\/secure.gravatar.com\/avatar\/e2e9655aa74e87126cf4d7a522342156dfe63385e2ce1859f3a68169de6937a9?s=96&d=mm&r=g","caption":"ahmedhassan98764@gmail.com"},"sameAs":["https:\/\/heuteinfo.de"],"url":"https:\/\/heuteinfo.de\/?author=1"}]}},"_links":{"self":[{"href":"https:\/\/heuteinfo.de\/index.php?rest_route=\/wp\/v2\/posts\/2363","targetHints":{"allow":["GET"]}}],"collection":[{"href":"https:\/\/heuteinfo.de\/index.php?rest_route=\/wp\/v2\/posts"}],"about":[{"href":"https:\/\/heuteinfo.de\/index.php?rest_route=\/wp\/v2\/types\/post"}],"author":[{"embeddable":true,"href":"https:\/\/heuteinfo.de\/index.php?rest_route=\/wp\/v2\/users\/1"}],"replies":[{"embeddable":true,"href":"https:\/\/heuteinfo.de\/index.php?rest_route=%2Fwp%2Fv2%2Fcomments&post=2363"}],"version-history":[{"count":3,"href":"https:\/\/heuteinfo.de\/index.php?rest_route=\/wp\/v2\/posts\/2363\/revisions"}],"predecessor-version":[{"id":10778,"href":"https:\/\/heuteinfo.de\/index.php?rest_route=\/wp\/v2\/posts\/2363\/revisions\/10778"}],"wp:featuredmedia":[{"embeddable":true,"href":"https:\/\/heuteinfo.de\/index.php?rest_route=\/wp\/v2\/media\/2364"}],"wp:attachment":[{"href":"https:\/\/heuteinfo.de\/index.php?rest_route=%2Fwp%2Fv2%2Fmedia&parent=2363"}],"wp:term":[{"taxonomy":"category","embeddable":true,"href":"https:\/\/heuteinfo.de\/index.php?rest_route=%2Fwp%2Fv2%2Fcategories&post=2363"},{"taxonomy":"post_tag","embeddable":true,"href":"https:\/\/heuteinfo.de\/index.php?rest_route=%2Fwp%2Fv2%2Ftags&post=2363"}],"curies":[{"name":"wp","href":"https:\/\/api.w.org\/{rel}","templated":true}]}}