{"id":2382,"date":"2025-12-13T13:07:28","date_gmt":"2025-12-13T13:07:28","guid":{"rendered":"https:\/\/heuteinfo.de\/?p=2382"},"modified":"2026-02-27T12:18:48","modified_gmt":"2026-02-27T12:18:48","slug":"marwa-eldesouki-kinder","status":"publish","type":"post","link":"https:\/\/heuteinfo.de\/?p=2382","title":{"rendered":"Marwa Eldesouki Kinder \u2013 Einblick in Familie, Privatleben und \u00d6ffentlichkeit"},"content":{"rendered":"\n<p>Eine der h\u00e4ufigsten Fragen im Internet lautet ganz klar: Hat <a href=\"https:\/\/de.wikipedia.org\/wiki\/Marwa_Eldessouky\"><strong>Marwa Eldesouki<\/strong><\/a> Kinder? Die kurze und sachliche Antwort lautet: <strong>Ja, Marwa Eldesouki ist Mutter.<\/strong> \u00d6ffentlich bekannt ist, dass Marwa Eldesouki mindestens <strong>ein Kind, einen Sohn<\/strong>, hat. Diese Information stammt aus seri\u00f6sen Medienberichten und \u00f6ffentlichen Erw\u00e4hnungen. Allerdings h\u00e4lt sie Details zu ihrem Kind sehr bewusst zur\u00fcck. Namen, genaue Altersangaben oder Fotos sind nicht \u00f6ffentlich zug\u00e4nglich.<\/p>\n\n\n\n<p>Das Thema <strong>Marwa Eldesouki Kinder<\/strong> wird oft gesucht, weil viele Menschen neugierig sind, wie bekannte Pers\u00f6nlichkeiten ihr Familienleben gestalten. Gerade bei Moderatorinnen entsteht h\u00e4ufig die Frage, wie sie Beruf, \u00d6ffentlichkeit und Familie miteinander verbinden. Wichtig ist dabei zu verstehen: Marwa Eldesouki spricht \u00fcber ihre Rolle als Mutter <strong>nur sehr zur\u00fcckhaltend<\/strong>. Sie nutzt Interviews nicht, um private Details preiszugeben. Das ist eine klare und bewusste Entscheidung.<\/p>\n\n\n\n<p><strong>Was \u00f6ffentlich bekannt ist:<\/strong><\/p>\n\n\n\n<ul class=\"wp-block-list\">\n<li>Marwa Eldesouki hat ein Kind<\/li>\n\n\n\n<li>Sie ist Mutter eines Sohnes<\/li>\n\n\n\n<li>Ihr Kind lebt nicht im Rampenlicht<\/li>\n<\/ul>\n\n\n\n<p><strong>Was nicht \u00f6ffentlich bekannt ist:<\/strong><\/p>\n\n\n\n<ul class=\"wp-block-list\">\n<li>Name des Kindes<\/li>\n\n\n\n<li>Genaues Alter<\/li>\n\n\n\n<li>Fotos oder private Alltagsdetails<\/li>\n<\/ul>\n\n\n\n<p>Diese klare Trennung sorgt zwar f\u00fcr viele Suchanfragen rund um <em>Marwa Eldesouki Kinder<\/em>, zeigt aber auch, wie wichtig ihr der Schutz ihrer Familie ist.<\/p>\n\n\n\n<h2 class=\"wp-block-heading\">Marwa Eldesouki als Mutter<\/h2>\n\n\n\n<p>Auch wenn sie kaum \u00fcber ihr Kind spricht, l\u00e4sst sich eines klar sagen: <strong>Die Mutterrolle spielt f\u00fcr Marwa Eldesouki eine wichtige Rolle in ihrem Leben.<\/strong> In verschiedenen Aussagen wird deutlich, dass Familie f\u00fcr sie ein zentraler Wert ist. Als berufst\u00e4tige Frau in den Medien kennt sie die Herausforderung, <strong>Karriere und Muttersein<\/strong> miteinander zu verbinden. Gerade im Journalismus sind Arbeitszeiten oft unregelm\u00e4\u00dfig. Trotzdem zeigt ihr beruflicher Weg, dass beides m\u00f6glich ist. Viele berufst\u00e4tige Eltern k\u00f6nnen sich mit dieser Situation identifizieren. Genau deshalb ist das Interesse an <strong>Marwa Eldesouki Kinder<\/strong> so gro\u00df. Sie steht stellvertretend f\u00fcr viele Frauen, die:<\/p>\n\n\n\n<ul class=\"wp-block-list\">\n<li>Verantwortung im Job tragen<\/li>\n\n\n\n<li>gleichzeitig Mutter sind<\/li>\n\n\n\n<li>und ihr Privatleben sch\u00fctzen wollen<\/li>\n<\/ul>\n\n\n\n<p>In der \u00d6ffentlichkeit wirkt sie ruhig, strukturiert und souver\u00e4n. Diese Eigenschaften spiegeln sich auch in ihrem Umgang mit dem Thema Familie wider. Sie vermittelt das Bild einer Mutter, die bewusst entscheidet, was sie teilt und was nicht.<\/p>\n\n\n\n<blockquote class=\"wp-block-quote is-layout-flow wp-block-quote-is-layout-flow\">\n<p><strong>Gedanke, der oft mit ihr verbunden wird:<\/strong><br><em>Erfolg bedeutet nicht, alles \u00f6ffentlich zu machen.<\/em><\/p>\n<\/blockquote>\n\n\n\n<h2 class=\"wp-block-heading\">Marwa Eldesouki Kinder und Privatsph\u00e4re<\/h2>\n\n\n\n<p>Ein ganz zentraler Punkt beim Thema <strong>Marwa Eldesouki Kinder<\/strong> ist die <strong>Privatsph\u00e4re<\/strong>. In Deutschland hat der Schutz von Kindern im \u00f6ffentlichen Leben einen sehr hohen Stellenwert. Viele bekannte Pers\u00f6nlichkeiten entscheiden sich deshalb bewusst dagegen, ihre Kinder in sozialen Medien oder im Fernsehen zu zeigen.<\/p>\n\n\n\n<p>Marwa Eldesouki geht hier einen sehr konsequenten Weg. Sie:<\/p>\n\n\n\n<ul class=\"wp-block-list\">\n<li>ver\u00f6ffentlicht keine Kinderfotos<\/li>\n\n\n\n<li>nennt keine privaten Details<\/li>\n\n\n\n<li>vermeidet \u00f6ffentliche Auftritte mit ihrem Kind<\/li>\n<\/ul>\n\n\n\n<p>Das hat mehrere Gr\u00fcnde. Kinder sollen selbst entscheiden k\u00f6nnen, ob sie sp\u00e4ter in der \u00d6ffentlichkeit stehen m\u00f6chten. Au\u00dferdem sch\u00fctzt diese Haltung vor unn\u00f6tiger Aufmerksamkeit und m\u00f6glichem Druck. Gerade weil das Internet nichts vergisst, ist dieser Umgang mit Privatsph\u00e4re heute wichtiger denn je. Viele Medienexperten sehen Marwa Eldesouki hier als <strong>positives Vorbild<\/strong>. <strong>Warum diese Zur\u00fcckhaltung sinnvoll ist:<\/strong><\/p>\n\n\n\n<figure class=\"wp-block-table\"><table class=\"has-fixed-layout\"><thead><tr><th>Grund<\/th><th>Erkl\u00e4rung<\/th><\/tr><\/thead><tbody><tr><td>Schutz des Kindes<\/td><td>Kein \u00f6ffentlicher Druck<\/td><\/tr><tr><td>Klare Grenzen<\/td><td>Beruf bleibt Beruf<\/td><\/tr><tr><td>Langfristige Sicherheit<\/td><td>Weniger digitale Spuren<\/td><\/tr><\/tbody><\/table><\/figure>\n\n\n\n<h2 class=\"wp-block-heading\">Beziehung, Ehe und Familie<\/h2>\n\n\n\n<p>Neben der Frage nach <strong>Marwa Eldesouki Kinder<\/strong> interessiert viele Menschen auch ihr Beziehungsstatus. Ist sie verheiratet? Lebt sie in einer festen Partnerschaft? Auch hier gilt: Marwa Eldesouki h\u00e4lt sich sehr bedeckt. Es gibt <strong>keine \u00f6ffentlich best\u00e4tigten Details<\/strong> zu einer Ehe oder zu ihrem Partner. Bekannt ist lediglich, dass sie ein famili\u00e4res Umfeld hat, in dem ihr Kind sicher aufw\u00e4chst.<\/p>\n\n\n\n<p>Diese Zur\u00fcckhaltung ist kein Zufall. Sie passt zu ihrer gesamten \u00f6ffentlichen Haltung. Sie m\u00f6chte:<\/p>\n\n\n\n<ul class=\"wp-block-list\">\n<li>nicht \u00fcber ihr Privatleben definiert werden<\/li>\n\n\n\n<li>keine Klatschthemen liefern<\/li>\n\n\n\n<li>den Fokus auf ihre Arbeit legen<\/li>\n<\/ul>\n\n\n\n<p>F\u00fcr viele Fans macht genau das ihre Glaubw\u00fcrdigkeit aus.<\/p>\n\n\n\n<h2 class=\"wp-block-heading\">H\u00e4ufige Fragen zu Marwa Eldesouki Kinder<\/h2>\n\n\n\n<p>Im Zusammenhang mit dem Keyword <strong>Marwa Eldesouki Kinder<\/strong> tauchen immer wieder \u00e4hnliche Fragen auf. Hier eine sachliche Einordnung:<\/p>\n\n\n\n<p><strong>Wie alt sind Marwa Eldesoukis Kinder?<\/strong><br>Das genaue Alter ist nicht \u00f6ffentlich bekannt.<\/p>\n\n\n\n<p><strong>Zeigt Marwa Eldesouki ihre Kinder auf Instagram?<\/strong><br>Nein, sie teilt keine Fotos ihres Kindes.<\/p>\n\n\n\n<p><strong>Leben Marwa Eldesouki Kinder in Deutschland?<\/strong><br>Davon ist auszugehen, best\u00e4tigt ist es jedoch nicht offiziell.<\/p>\n\n\n\n<p><strong>Warum spricht sie nicht \u00fcber ihre Familie?<\/strong><br>Aus Respekt vor der Privatsph\u00e4re und zum Schutz ihres Kindes.<\/p>\n\n\n\n<h2 class=\"wp-block-heading\">Warum \u201eMarwa Eldesouki Kinder\u201c so oft gesucht wird<\/h2>\n\n\n\n<p>Der starke Anstieg der Suchanfragen nach <strong>Marwa Eldesouki Kinder<\/strong> h\u00e4ngt direkt mit ihrer wachsenden Medienpr\u00e4senz zusammen. Je \u00f6fter Menschen sie im Fernsehen sehen, desto gr\u00f6\u00dfer wird das Interesse an der Person dahinter.<\/p>\n\n\n\n<p>Dazu kommen allgemeine Trends:<\/p>\n\n\n\n<ul class=\"wp-block-list\">\n<li>Starkes Interesse an Familienleben von Prominenten<\/li>\n\n\n\n<li>Wunsch nach Identifikation<\/li>\n\n\n\n<li>Neugier auf Vorbilder im Alltag<\/li>\n<\/ul>\n\n\n\n<p>Besonders Frauen suchen h\u00e4ufig nach Rollenmodellen, die zeigen, dass <strong>Beruf und Familie vereinbar<\/strong> sind \u2013 ohne alles \u00f6ffentlich zu machen.<\/p>\n\n\n\n<h2 class=\"wp-block-heading\">Fazit<\/h2>\n\n\n\n<p>Das Thema <strong>Marwa Eldesouki Kinder<\/strong> wird oft gesucht, doch die \u00f6ffentlich verf\u00fcgbaren Informationen sind bewusst begrenzt. Klar ist: Marwa Eldesouki ist Mutter, legt gro\u00dfen Wert auf Privatsph\u00e4re und sch\u00fctzt ihr Kind konsequent vor der \u00d6ffentlichkeit.<\/p>\n\n\n\n<p>Genau diese Haltung macht sie f\u00fcr viele Menschen glaubw\u00fcrdig und sympathisch. Sie zeigt, dass man auch als bekannte Pers\u00f6nlichkeit klare Grenzen setzen kann \u2013 und darf. Nicht alles, was interessiert, muss \u00f6ffentlich sein. Und genau das ist vielleicht die wichtigste Botschaft, die man aus dem Thema <strong>Marwa Eldesouki Kinder<\/strong> mitnehmen kann.<\/p>\n\n\n\n<p>Mher Lesson: <a href=\"https:\/\/heuteinfo.de\/2025\/12\/11\/vera-davich\/\"><strong>Vera Davich<\/strong><\/a><\/p>\n\n\n\n<p><\/p>\n","protected":false},"excerpt":{"rendered":"<p>Eine der h\u00e4ufigsten Fragen im Internet lautet ganz klar: Hat Marwa Eldesouki Kinder? Die kurze und sachliche Antwort lautet: Ja, Marwa Eldesouki ist Mutter. \u00d6ffentlich bekannt ist, dass Marwa Eldesouki mindestens ein Kind, einen Sohn, hat. Diese Information stammt aus seri\u00f6sen Medienberichten und \u00f6ffentlichen Erw\u00e4hnungen. Allerdings h\u00e4lt sie Details zu ihrem Kind sehr bewusst zur\u00fcck. [&hellip;]<\/p>\n","protected":false},"author":1,"featured_media":2383,"comment_status":"closed","ping_status":"open","sticky":false,"template":"","format":"standard","meta":{"footnotes":""},"categories":[39],"tags":[],"class_list":["post-2382","post","type-post","status-publish","format-standard","has-post-thumbnail","hentry","category-lebensstil"],"yoast_head":"<!-- This site is optimized with the Yoast SEO plugin v27.4 - https:\/\/yoast.com\/product\/yoast-seo-wordpress\/ -->\n<title>Marwa Eldesouki Kinder \u2013 Einblick in Familie, Privatleben und \u00d6ffentlichkeit - heuteinfo.de<\/title>\n<meta name=\"robots\" content=\"index, follow, max-snippet:-1, max-image-preview:large, max-video-preview:-1\" \/>\n<link rel=\"canonical\" href=\"https:\/\/heuteinfo.de\/?p=2382\" \/>\n<meta property=\"og:locale\" content=\"en_US\" \/>\n<meta property=\"og:type\" content=\"article\" \/>\n<meta property=\"og:title\" content=\"Marwa Eldesouki Kinder \u2013 Einblick in Familie, Privatleben und \u00d6ffentlichkeit - heuteinfo.de\" \/>\n<meta property=\"og:description\" content=\"Eine der h\u00e4ufigsten Fragen im Internet lautet ganz klar: Hat Marwa Eldesouki Kinder? Die kurze und sachliche Antwort lautet: Ja, Marwa Eldesouki ist Mutter. \u00d6ffentlich bekannt ist, dass Marwa Eldesouki mindestens ein Kind, einen Sohn, hat. Diese Information stammt aus seri\u00f6sen Medienberichten und \u00f6ffentlichen Erw\u00e4hnungen. Allerdings h\u00e4lt sie Details zu ihrem Kind sehr bewusst zur\u00fcck. [&hellip;]\" \/>\n<meta property=\"og:url\" content=\"https:\/\/heuteinfo.de\/?p=2382\" \/>\n<meta property=\"og:site_name\" content=\"heuteinfo.de\" \/>\n<meta property=\"article:published_time\" content=\"2025-12-13T13:07:28+00:00\" \/>\n<meta property=\"article:modified_time\" content=\"2026-02-27T12:18:48+00:00\" \/>\n<meta property=\"og:image\" content=\"https:\/\/heuteinfo.de\/wp-content\/uploads\/2025\/12\/marwa-eldessouky-moderatorin-ard-magazin-brisant_857792472_1200x675_3adeebbe2aaea99ad566494cb7042f65.jpg\" \/>\n\t<meta property=\"og:image:width\" content=\"1200\" \/>\n\t<meta property=\"og:image:height\" content=\"675\" \/>\n\t<meta property=\"og:image:type\" content=\"image\/jpeg\" \/>\n<meta name=\"author\" content=\"ahmedhassan98764@gmail.com\" \/>\n<meta name=\"twitter:card\" content=\"summary_large_image\" \/>\n<meta name=\"twitter:label1\" content=\"Written by\" \/>\n\t<meta name=\"twitter:data1\" content=\"ahmedhassan98764@gmail.com\" \/>\n\t<meta name=\"twitter:label2\" content=\"Est. reading time\" \/>\n\t<meta name=\"twitter:data2\" content=\"4 minutes\" \/>\n<script type=\"application\/ld+json\" class=\"yoast-schema-graph\">{\"@context\":\"https:\\\/\\\/schema.org\",\"@graph\":[{\"@type\":\"Article\",\"@id\":\"https:\\\/\\\/heuteinfo.de\\\/?p=2382#article\",\"isPartOf\":{\"@id\":\"https:\\\/\\\/heuteinfo.de\\\/?p=2382\"},\"author\":{\"name\":\"ahmedhassan98764@gmail.com\",\"@id\":\"https:\\\/\\\/heuteinfo.de\\\/#\\\/schema\\\/person\\\/94a0e25dd819e325bc73714b2b0e6250\"},\"headline\":\"Marwa Eldesouki Kinder \u2013 Einblick in Familie, Privatleben und \u00d6ffentlichkeit\",\"datePublished\":\"2025-12-13T13:07:28+00:00\",\"dateModified\":\"2026-02-27T12:18:48+00:00\",\"mainEntityOfPage\":{\"@id\":\"https:\\\/\\\/heuteinfo.de\\\/?p=2382\"},\"wordCount\":914,\"image\":{\"@id\":\"https:\\\/\\\/heuteinfo.de\\\/?p=2382#primaryimage\"},\"thumbnailUrl\":\"https:\\\/\\\/heuteinfo.de\\\/wp-content\\\/uploads\\\/2025\\\/12\\\/marwa-eldessouky-moderatorin-ard-magazin-brisant_857792472_1200x675_3adeebbe2aaea99ad566494cb7042f65.jpg\",\"articleSection\":[\"Lebensstil\"],\"inLanguage\":\"en-US\"},{\"@type\":\"WebPage\",\"@id\":\"https:\\\/\\\/heuteinfo.de\\\/?p=2382\",\"url\":\"https:\\\/\\\/heuteinfo.de\\\/?p=2382\",\"name\":\"Marwa Eldesouki Kinder \u2013 Einblick in Familie, Privatleben und \u00d6ffentlichkeit - heuteinfo.de\",\"isPartOf\":{\"@id\":\"https:\\\/\\\/heuteinfo.de\\\/#website\"},\"primaryImageOfPage\":{\"@id\":\"https:\\\/\\\/heuteinfo.de\\\/?p=2382#primaryimage\"},\"image\":{\"@id\":\"https:\\\/\\\/heuteinfo.de\\\/?p=2382#primaryimage\"},\"thumbnailUrl\":\"https:\\\/\\\/heuteinfo.de\\\/wp-content\\\/uploads\\\/2025\\\/12\\\/marwa-eldessouky-moderatorin-ard-magazin-brisant_857792472_1200x675_3adeebbe2aaea99ad566494cb7042f65.jpg\",\"datePublished\":\"2025-12-13T13:07:28+00:00\",\"dateModified\":\"2026-02-27T12:18:48+00:00\",\"author\":{\"@id\":\"https:\\\/\\\/heuteinfo.de\\\/#\\\/schema\\\/person\\\/94a0e25dd819e325bc73714b2b0e6250\"},\"breadcrumb\":{\"@id\":\"https:\\\/\\\/heuteinfo.de\\\/?p=2382#breadcrumb\"},\"inLanguage\":\"en-US\",\"potentialAction\":[{\"@type\":\"ReadAction\",\"target\":[\"https:\\\/\\\/heuteinfo.de\\\/?p=2382\"]}]},{\"@type\":\"ImageObject\",\"inLanguage\":\"en-US\",\"@id\":\"https:\\\/\\\/heuteinfo.de\\\/?p=2382#primaryimage\",\"url\":\"https:\\\/\\\/heuteinfo.de\\\/wp-content\\\/uploads\\\/2025\\\/12\\\/marwa-eldessouky-moderatorin-ard-magazin-brisant_857792472_1200x675_3adeebbe2aaea99ad566494cb7042f65.jpg\",\"contentUrl\":\"https:\\\/\\\/heuteinfo.de\\\/wp-content\\\/uploads\\\/2025\\\/12\\\/marwa-eldessouky-moderatorin-ard-magazin-brisant_857792472_1200x675_3adeebbe2aaea99ad566494cb7042f65.jpg\",\"width\":1200,\"height\":675,\"caption\":\"marwa eldesouki kinder\"},{\"@type\":\"BreadcrumbList\",\"@id\":\"https:\\\/\\\/heuteinfo.de\\\/?p=2382#breadcrumb\",\"itemListElement\":[{\"@type\":\"ListItem\",\"position\":1,\"name\":\"Home\",\"item\":\"https:\\\/\\\/heuteinfo.de\\\/\"},{\"@type\":\"ListItem\",\"position\":2,\"name\":\"Marwa Eldesouki Kinder \u2013 Einblick in Familie, Privatleben und \u00d6ffentlichkeit\"}]},{\"@type\":\"WebSite\",\"@id\":\"https:\\\/\\\/heuteinfo.de\\\/#website\",\"url\":\"https:\\\/\\\/heuteinfo.de\\\/\",\"name\":\"heuteinfo.de\",\"description\":\"\",\"potentialAction\":[{\"@type\":\"SearchAction\",\"target\":{\"@type\":\"EntryPoint\",\"urlTemplate\":\"https:\\\/\\\/heuteinfo.de\\\/?s={search_term_string}\"},\"query-input\":{\"@type\":\"PropertyValueSpecification\",\"valueRequired\":true,\"valueName\":\"search_term_string\"}}],\"inLanguage\":\"en-US\"},{\"@type\":\"Person\",\"@id\":\"https:\\\/\\\/heuteinfo.de\\\/#\\\/schema\\\/person\\\/94a0e25dd819e325bc73714b2b0e6250\",\"name\":\"ahmedhassan98764@gmail.com\",\"image\":{\"@type\":\"ImageObject\",\"inLanguage\":\"en-US\",\"@id\":\"https:\\\/\\\/secure.gravatar.com\\\/avatar\\\/e2e9655aa74e87126cf4d7a522342156dfe63385e2ce1859f3a68169de6937a9?s=96&d=mm&r=g\",\"url\":\"https:\\\/\\\/secure.gravatar.com\\\/avatar\\\/e2e9655aa74e87126cf4d7a522342156dfe63385e2ce1859f3a68169de6937a9?s=96&d=mm&r=g\",\"contentUrl\":\"https:\\\/\\\/secure.gravatar.com\\\/avatar\\\/e2e9655aa74e87126cf4d7a522342156dfe63385e2ce1859f3a68169de6937a9?s=96&d=mm&r=g\",\"caption\":\"ahmedhassan98764@gmail.com\"},\"sameAs\":[\"https:\\\/\\\/heuteinfo.de\"],\"url\":\"https:\\\/\\\/heuteinfo.de\\\/?author=1\"}]}<\/script>\n<!-- \/ Yoast SEO plugin. -->","yoast_head_json":{"title":"Marwa Eldesouki Kinder \u2013 Einblick in Familie, Privatleben und \u00d6ffentlichkeit - heuteinfo.de","robots":{"index":"index","follow":"follow","max-snippet":"max-snippet:-1","max-image-preview":"max-image-preview:large","max-video-preview":"max-video-preview:-1"},"canonical":"https:\/\/heuteinfo.de\/?p=2382","og_locale":"en_US","og_type":"article","og_title":"Marwa Eldesouki Kinder \u2013 Einblick in Familie, Privatleben und \u00d6ffentlichkeit - heuteinfo.de","og_description":"Eine der h\u00e4ufigsten Fragen im Internet lautet ganz klar: Hat Marwa Eldesouki Kinder? Die kurze und sachliche Antwort lautet: Ja, Marwa Eldesouki ist Mutter. \u00d6ffentlich bekannt ist, dass Marwa Eldesouki mindestens ein Kind, einen Sohn, hat. Diese Information stammt aus seri\u00f6sen Medienberichten und \u00f6ffentlichen Erw\u00e4hnungen. Allerdings h\u00e4lt sie Details zu ihrem Kind sehr bewusst zur\u00fcck. [&hellip;]","og_url":"https:\/\/heuteinfo.de\/?p=2382","og_site_name":"heuteinfo.de","article_published_time":"2025-12-13T13:07:28+00:00","article_modified_time":"2026-02-27T12:18:48+00:00","og_image":[{"width":1200,"height":675,"url":"https:\/\/heuteinfo.de\/wp-content\/uploads\/2025\/12\/marwa-eldessouky-moderatorin-ard-magazin-brisant_857792472_1200x675_3adeebbe2aaea99ad566494cb7042f65.jpg","type":"image\/jpeg"}],"author":"ahmedhassan98764@gmail.com","twitter_card":"summary_large_image","twitter_misc":{"Written by":"ahmedhassan98764@gmail.com","Est. reading time":"4 minutes"},"schema":{"@context":"https:\/\/schema.org","@graph":[{"@type":"Article","@id":"https:\/\/heuteinfo.de\/?p=2382#article","isPartOf":{"@id":"https:\/\/heuteinfo.de\/?p=2382"},"author":{"name":"ahmedhassan98764@gmail.com","@id":"https:\/\/heuteinfo.de\/#\/schema\/person\/94a0e25dd819e325bc73714b2b0e6250"},"headline":"Marwa Eldesouki Kinder \u2013 Einblick in Familie, Privatleben und \u00d6ffentlichkeit","datePublished":"2025-12-13T13:07:28+00:00","dateModified":"2026-02-27T12:18:48+00:00","mainEntityOfPage":{"@id":"https:\/\/heuteinfo.de\/?p=2382"},"wordCount":914,"image":{"@id":"https:\/\/heuteinfo.de\/?p=2382#primaryimage"},"thumbnailUrl":"https:\/\/heuteinfo.de\/wp-content\/uploads\/2025\/12\/marwa-eldessouky-moderatorin-ard-magazin-brisant_857792472_1200x675_3adeebbe2aaea99ad566494cb7042f65.jpg","articleSection":["Lebensstil"],"inLanguage":"en-US"},{"@type":"WebPage","@id":"https:\/\/heuteinfo.de\/?p=2382","url":"https:\/\/heuteinfo.de\/?p=2382","name":"Marwa Eldesouki Kinder \u2013 Einblick in Familie, Privatleben und \u00d6ffentlichkeit - heuteinfo.de","isPartOf":{"@id":"https:\/\/heuteinfo.de\/#website"},"primaryImageOfPage":{"@id":"https:\/\/heuteinfo.de\/?p=2382#primaryimage"},"image":{"@id":"https:\/\/heuteinfo.de\/?p=2382#primaryimage"},"thumbnailUrl":"https:\/\/heuteinfo.de\/wp-content\/uploads\/2025\/12\/marwa-eldessouky-moderatorin-ard-magazin-brisant_857792472_1200x675_3adeebbe2aaea99ad566494cb7042f65.jpg","datePublished":"2025-12-13T13:07:28+00:00","dateModified":"2026-02-27T12:18:48+00:00","author":{"@id":"https:\/\/heuteinfo.de\/#\/schema\/person\/94a0e25dd819e325bc73714b2b0e6250"},"breadcrumb":{"@id":"https:\/\/heuteinfo.de\/?p=2382#breadcrumb"},"inLanguage":"en-US","potentialAction":[{"@type":"ReadAction","target":["https:\/\/heuteinfo.de\/?p=2382"]}]},{"@type":"ImageObject","inLanguage":"en-US","@id":"https:\/\/heuteinfo.de\/?p=2382#primaryimage","url":"https:\/\/heuteinfo.de\/wp-content\/uploads\/2025\/12\/marwa-eldessouky-moderatorin-ard-magazin-brisant_857792472_1200x675_3adeebbe2aaea99ad566494cb7042f65.jpg","contentUrl":"https:\/\/heuteinfo.de\/wp-content\/uploads\/2025\/12\/marwa-eldessouky-moderatorin-ard-magazin-brisant_857792472_1200x675_3adeebbe2aaea99ad566494cb7042f65.jpg","width":1200,"height":675,"caption":"marwa eldesouki kinder"},{"@type":"BreadcrumbList","@id":"https:\/\/heuteinfo.de\/?p=2382#breadcrumb","itemListElement":[{"@type":"ListItem","position":1,"name":"Home","item":"https:\/\/heuteinfo.de\/"},{"@type":"ListItem","position":2,"name":"Marwa Eldesouki Kinder \u2013 Einblick in Familie, Privatleben und \u00d6ffentlichkeit"}]},{"@type":"WebSite","@id":"https:\/\/heuteinfo.de\/#website","url":"https:\/\/heuteinfo.de\/","name":"heuteinfo.de","description":"","potentialAction":[{"@type":"SearchAction","target":{"@type":"EntryPoint","urlTemplate":"https:\/\/heuteinfo.de\/?s={search_term_string}"},"query-input":{"@type":"PropertyValueSpecification","valueRequired":true,"valueName":"search_term_string"}}],"inLanguage":"en-US"},{"@type":"Person","@id":"https:\/\/heuteinfo.de\/#\/schema\/person\/94a0e25dd819e325bc73714b2b0e6250","name":"ahmedhassan98764@gmail.com","image":{"@type":"ImageObject","inLanguage":"en-US","@id":"https:\/\/secure.gravatar.com\/avatar\/e2e9655aa74e87126cf4d7a522342156dfe63385e2ce1859f3a68169de6937a9?s=96&d=mm&r=g","url":"https:\/\/secure.gravatar.com\/avatar\/e2e9655aa74e87126cf4d7a522342156dfe63385e2ce1859f3a68169de6937a9?s=96&d=mm&r=g","contentUrl":"https:\/\/secure.gravatar.com\/avatar\/e2e9655aa74e87126cf4d7a522342156dfe63385e2ce1859f3a68169de6937a9?s=96&d=mm&r=g","caption":"ahmedhassan98764@gmail.com"},"sameAs":["https:\/\/heuteinfo.de"],"url":"https:\/\/heuteinfo.de\/?author=1"}]}},"_links":{"self":[{"href":"https:\/\/heuteinfo.de\/index.php?rest_route=\/wp\/v2\/posts\/2382","targetHints":{"allow":["GET"]}}],"collection":[{"href":"https:\/\/heuteinfo.de\/index.php?rest_route=\/wp\/v2\/posts"}],"about":[{"href":"https:\/\/heuteinfo.de\/index.php?rest_route=\/wp\/v2\/types\/post"}],"author":[{"embeddable":true,"href":"https:\/\/heuteinfo.de\/index.php?rest_route=\/wp\/v2\/users\/1"}],"replies":[{"embeddable":true,"href":"https:\/\/heuteinfo.de\/index.php?rest_route=%2Fwp%2Fv2%2Fcomments&post=2382"}],"version-history":[{"count":3,"href":"https:\/\/heuteinfo.de\/index.php?rest_route=\/wp\/v2\/posts\/2382\/revisions"}],"predecessor-version":[{"id":10783,"href":"https:\/\/heuteinfo.de\/index.php?rest_route=\/wp\/v2\/posts\/2382\/revisions\/10783"}],"wp:featuredmedia":[{"embeddable":true,"href":"https:\/\/heuteinfo.de\/index.php?rest_route=\/wp\/v2\/media\/2383"}],"wp:attachment":[{"href":"https:\/\/heuteinfo.de\/index.php?rest_route=%2Fwp%2Fv2%2Fmedia&parent=2382"}],"wp:term":[{"taxonomy":"category","embeddable":true,"href":"https:\/\/heuteinfo.de\/index.php?rest_route=%2Fwp%2Fv2%2Fcategories&post=2382"},{"taxonomy":"post_tag","embeddable":true,"href":"https:\/\/heuteinfo.de\/index.php?rest_route=%2Fwp%2Fv2%2Ftags&post=2382"}],"curies":[{"name":"wp","href":"https:\/\/api.w.org\/{rel}","templated":true}]}}