{"id":2385,"date":"2025-12-13T13:15:32","date_gmt":"2025-12-13T13:15:32","guid":{"rendered":"https:\/\/heuteinfo.de\/?p=2385"},"modified":"2026-02-27T12:18:49","modified_gmt":"2026-02-27T12:18:49","slug":"alfons-schuhbeck-todesursache-impfung","status":"publish","type":"post","link":"https:\/\/heuteinfo.de\/?p=2385","title":{"rendered":"Alfons Schuhbeck Todesursache Impfung \u2013 Fakten, Ger\u00fcchte und die Wahrheit"},"content":{"rendered":"\n<p>Die Todesursache von <a href=\"https:\/\/de.wikipedia.org\/wiki\/Alfons_Schuhbeck\"><strong>Alfons Schuhbeck<\/strong><\/a> wurde Ende 2023 \u00f6ffentlich bekannt gegeben. Laut \u00fcbereinstimmenden Medienberichten starb er im Alter von 74 Jahren an den Folgen einer <strong>schweren Krebserkrankung<\/strong>. Diese Information gilt als gesichert und wurde aus seinem pers\u00f6nlichen Umfeld best\u00e4tigt. Schon Monate vor seinem Tod war bekannt, dass sich sein Gesundheitszustand stark verschlechtert hatte. Aus diesem Grund wurde Alfons Schuhbeck auch vorzeitig aus der Haft entlassen. Die Entscheidung basierte auf medizinischen Gutachten, die eine ernsthafte und fortgeschrittene Erkrankung belegten.<\/p>\n\n\n\n<p>Wichtig ist dabei: Es gab <strong>keine pl\u00f6tzliche oder unerwartete Todesmeldung<\/strong>. Sein Tod war die Folge eines l\u00e4ngeren Krankheitsverlaufs. Genau dieser Punkt wird online jedoch h\u00e4ufig ausgeblendet oder verk\u00fcrzt dargestellt. Viele Menschen suchen nach klaren Antworten, besonders wenn ein bekannter Name betroffen ist. Doch offizielle Stellen geben bei Todesursachen oft nur begrenzte Details preis. Das dient dem Schutz der Privatsph\u00e4re, auch bei prominenten Personen.<\/p>\n\n\n\n<p><strong>Fakten zur Todesursache von Alfons Schuhbeck:<\/strong><\/p>\n\n\n\n<figure class=\"wp-block-table\"><table class=\"has-fixed-layout\"><thead><tr><th>Punkt<\/th><th>Offizielle Information<\/th><\/tr><\/thead><tbody><tr><td>Todesdatum<\/td><td>Dezember 2023<\/td><\/tr><tr><td>Alter<\/td><td>74 Jahre<\/td><\/tr><tr><td>Todesursache<\/td><td>Krebserkrankung<\/td><\/tr><tr><td>Zusammenhang mit Impfung<\/td><td>Kein belegter Zusammenhang<\/td><\/tr><\/tbody><\/table><\/figure>\n\n\n\n<p>Diese bekannten Fakten stehen im starken Gegensatz zu vielen Spekulationen im Internet. Genau hier setzt die n\u00e4chste Frage an, die besonders h\u00e4ufig gesucht wird.<\/p>\n\n\n\n<h2 class=\"wp-block-heading\"><strong>Alfons Schuhbeck Todesursache Impfung \u2013 woher kommt das Ger\u00fccht?<\/strong><\/h2>\n\n\n\n<p>Die Suchanfrage <strong>\u201ealfons schuhbeck todesursache impfung\u201c<\/strong> tauchte kurz nach seinem Tod verst\u00e4rkt auf. Das liegt weniger an neuen Informationen, sondern vielmehr an einem bekannten Muster im Internet. Seit der Corona-Pandemie werden Todesf\u00e4lle \u2013 vor allem von bekannten Pers\u00f6nlichkeiten \u2013 oft automatisch mit Impfungen in Verbindung gebracht. Das geschieht h\u00e4ufig ohne Belege. Ein einzelner Kommentar oder ein spekulativer Beitrag reicht aus, damit sich ein Ger\u00fccht verbreitet.<\/p>\n\n\n\n<p>So entstehen diese Ger\u00fcchte meist:<\/p>\n\n\n\n<ul class=\"wp-block-list\">\n<li>Ein prominenter Mensch stirbt<\/li>\n\n\n\n<li>Die Todesursache wird nur allgemein genannt<\/li>\n\n\n\n<li>In sozialen Medien werden Fragen gestellt<\/li>\n\n\n\n<li>Einzelne Nutzer stellen einen Impfbezug her<\/li>\n\n\n\n<li>Suchmaschinen greifen das Suchinteresse auf<\/li>\n<\/ul>\n\n\n\n<p>Dabei ist wichtig zu verstehen: <strong>Suchanfragen sind keine Beweise.<\/strong> Sie zeigen nur, was Menschen besch\u00e4ftigt oder verunsichert. Im Fall von Alfons Schuhbeck gibt es <strong>keine seri\u00f6se Quelle<\/strong>, die einen Zusammenhang zwischen seinem Tod und einer Impfung herstellt. Trotzdem verbreitete sich der Begriff schnell, weil viele Menschen nach Erkl\u00e4rungen suchten. Unsicherheit f\u00fchrt oft zu vereinfachten Annahmen. Besonders bei komplexen Krankheiten wie Krebs f\u00e4llt es manchen schwer, den nat\u00fcrlichen Krankheitsverlauf zu akzeptieren.<\/p>\n\n\n\n<h2 class=\"wp-block-heading\">Gab es einen Zusammenhang zwischen Tod und Impfung?<\/h2>\n\n\n\n<p>Kurz und klar gesagt: <strong>Nein.<\/strong> Es gibt <strong>keinen belegten Zusammenhang<\/strong> zwischen der Todesursache von Alfons Schuhbeck und einer Impfung. Weder \u00c4rzte, noch offizielle Stellen oder seri\u00f6se Medien haben einen solchen Zusammenhang best\u00e4tigt. Auch medizinisch gibt es keinen Hinweis darauf, dass Impfungen eine Krebserkrankung verursachen oder verschlimmern w\u00fcrden. Gerade hier ist es wichtig, zwischen <strong>zeitlichem Zusammenhang<\/strong> und <strong>urs\u00e4chlichem Zusammenhang<\/strong> zu unterscheiden. Nur weil jemand geimpft war, bedeutet das nicht, dass die Impfung eine Krankheit ausgel\u00f6st hat.<\/p>\n\n\n\n<p>Mediziner weisen immer wieder darauf hin, dass Krebs:<\/p>\n\n\n\n<ul class=\"wp-block-list\">\n<li>sich meist \u00fcber Jahre entwickelt<\/li>\n\n\n\n<li>viele bekannte Risikofaktoren hat<\/li>\n\n\n\n<li>nicht pl\u00f6tzlich durch Impfungen entsteht<\/li>\n<\/ul>\n\n\n\n<blockquote class=\"wp-block-quote is-layout-flow wp-block-quote-is-layout-flow\">\n<p><strong>\u201eEine Impfung kann keinen Krebs verursachen, der sich \u00fcber Jahre entwickelt hat.\u201c \u2013 medizinischer Grundkonsens<\/strong><\/p>\n<\/blockquote>\n\n\n\n<p>Die Frage nach der Impfung ist menschlich. Aber sie darf nicht zu falschen Schl\u00fcssen f\u00fchren. Gerade bei bekannten Todesf\u00e4llen ist sachliche Einordnung besonders wichtig.<\/p>\n\n\n\n<h2 class=\"wp-block-heading\">Krebs als Todesursache \u2013 medizinischer Kontext<\/h2>\n\n\n\n<p>Krebserkrankungen geh\u00f6ren zu den h\u00e4ufigsten Todesursachen weltweit. Besonders im h\u00f6heren Alter steigt das Risiko deutlich an. Auch bei Alfons Schuhbeck handelte es sich um eine <strong>schwere, fortgeschrittene Krebserkrankung<\/strong>. Solche Erkrankungen verlaufen oft schleichend. Symptome werden manchmal erst sp\u00e4t erkannt oder \u00f6ffentlich gemacht. Das erkl\u00e4rt, warum viele Menschen \u00fcberrascht waren, als die Todesursache bekannt wurde.<\/p>\n\n\n\n<p>Typische Merkmale fortgeschrittener Krebserkrankungen sind:<\/p>\n\n\n\n<ul class=\"wp-block-list\">\n<li>starke k\u00f6rperliche Schw\u00e4che<\/li>\n\n\n\n<li>Gewichtsverlust<\/li>\n\n\n\n<li>eingeschr\u00e4nkte Belastbarkeit<\/li>\n\n\n\n<li>Notwendigkeit intensiver medizinischer Betreuung<\/li>\n<\/ul>\n\n\n\n<p>Diese Fakten passen zu dem bekannten Verlauf bei Alfons Schuhbeck. Seine vorzeitige Haftentlassung war ein deutliches Zeichen daf\u00fcr, wie ernst sein Zustand bereits war. Krebs ist eine komplexe Krankheit. Sie l\u00e4sst sich nicht auf einen einzelnen Ausl\u00f6ser reduzieren. Genau hier entstehen oft Missverst\u00e4ndnisse, wenn einfache Erkl\u00e4rungen gesucht werden.<\/p>\n\n\n\n<h2 class=\"wp-block-heading\">Warum Impfger\u00fcchte bei Prominenten entstehen<\/h2>\n\n\n\n<p>Die Verbindung von <strong>Todesursache und Impfung<\/strong> ist kein Einzelfall. Bei vielen prominenten Todesf\u00e4llen taucht diese Frage auf. Das hat mehrere Gr\u00fcnde. Zum einen spielt Angst eine gro\u00dfe Rolle. Impfungen sind f\u00fcr viele Menschen emotional besetzt. Zum anderen verst\u00e4rken soziale Medien Inhalte, die polarisieren oder provozieren.<\/p>\n\n\n\n<p>Weitere Gr\u00fcnde sind:<\/p>\n\n\n\n<ul class=\"wp-block-list\">\n<li>mangelndes medizinisches Wissen<\/li>\n\n\n\n<li>Misstrauen gegen\u00fcber offiziellen Informationen<\/li>\n\n\n\n<li>schnelle Verbreitung ungepr\u00fcfter Aussagen<\/li>\n\n\n\n<li>emotionale Reaktionen auf Todesmeldungen<\/li>\n<\/ul>\n\n\n\n<p>Suchmaschinen zeigen dann genau diese Begriffe an, weil sie h\u00e4ufig eingegeben werden. Das verst\u00e4rkt den Eindruck, es m\u00fcsse einen Zusammenhang geben \u2013 auch wenn es keinen gibt.<\/p>\n\n\n\n<h2 class=\"wp-block-heading\">Faktencheck: Alfons Schuhbeck Todesursache &amp; Impfung<\/h2>\n\n\n\n<p><strong>Was ist gesichert?<\/strong><br>Alfons Schuhbeck starb an Krebs.<\/p>\n\n\n\n<p><strong>Was ist nicht belegt?<\/strong><br>Ein Zusammenhang zwischen seinem Tod und einer Impfung.<\/p>\n\n\n\n<p><strong>Was sagen seri\u00f6se Quellen?<\/strong><br>Sie best\u00e4tigen ausschlie\u00dflich die Krebserkrankung als Todesursache.<\/p>\n\n\n\n<p>Diese klare Trennung ist wichtig, um Ger\u00fcchte nicht weiter zu verbreiten. Gerade bei sensiblen Themen wie Tod und Gesundheit braucht es Fakten statt Vermutungen.<\/p>\n\n\n\n<h2 class=\"wp-block-heading\">Fazit \u2013 was man zur Alfons Schuhbeck Todesursache wirklich wissen sollte<\/h2>\n\n\n\n<p>Die Diskussion um <strong>\u201ealfons schuhbeck todesursache impfung\u201c<\/strong> zeigt, wie schnell Unsicherheit zu Spekulationen f\u00fchren kann. Dabei sind die Fakten eigentlich eindeutig. Alfons Schuhbeck starb an den Folgen einer schweren Krebserkrankung. Es gibt keinen medizinischen oder belegten Hinweis auf einen Zusammenhang mit einer Impfung.<\/p>\n\n\n\n<p>Sein Tod ist tragisch, aber er sollte nicht f\u00fcr unbelegte Behauptungen genutzt werden. Ein respektvoller und sachlicher Umgang mit Informationen hilft, Vertrauen zu bewahren und falsche Narrative zu vermeiden. Am Ende bleibt Alfons Schuhbeck als das in Erinnerung, was er war: Ein pr\u00e4gender Koch, eine bekannte Pers\u00f6nlichkeit und ein Mensch mit einer komplexen Lebensgeschichte.<\/p>\n\n\n\n<p>Mher Lesson: <a href=\"https:\/\/heuteinfo.de\/2025\/12\/13\/marwa-eldesouki-kinder\/\"><strong>Marwa Eldesouki Kinder<\/strong><\/a><\/p>\n","protected":false},"excerpt":{"rendered":"<p>Die Todesursache von Alfons Schuhbeck wurde Ende 2023 \u00f6ffentlich bekannt gegeben. Laut \u00fcbereinstimmenden Medienberichten starb er im Alter von 74 Jahren an den Folgen einer schweren Krebserkrankung. Diese Information gilt als gesichert und wurde aus seinem pers\u00f6nlichen Umfeld best\u00e4tigt. Schon Monate vor seinem Tod war bekannt, dass sich sein Gesundheitszustand stark verschlechtert hatte. Aus diesem [&hellip;]<\/p>\n","protected":false},"author":1,"featured_media":2386,"comment_status":"closed","ping_status":"open","sticky":false,"template":"","format":"standard","meta":{"footnotes":""},"categories":[39],"tags":[],"class_list":["post-2385","post","type-post","status-publish","format-standard","has-post-thumbnail","hentry","category-lebensstil"],"yoast_head":"<!-- This site is optimized with the Yoast SEO plugin v27.4 - https:\/\/yoast.com\/product\/yoast-seo-wordpress\/ -->\n<title>Alfons Schuhbeck Todesursache Impfung \u2013 Fakten, Ger\u00fcchte und die Wahrheit - heuteinfo.de<\/title>\n<meta name=\"robots\" content=\"index, follow, max-snippet:-1, max-image-preview:large, max-video-preview:-1\" \/>\n<link rel=\"canonical\" href=\"https:\/\/heuteinfo.de\/?p=2385\" \/>\n<meta property=\"og:locale\" content=\"en_US\" \/>\n<meta property=\"og:type\" content=\"article\" \/>\n<meta property=\"og:title\" content=\"Alfons Schuhbeck Todesursache Impfung \u2013 Fakten, Ger\u00fcchte und die Wahrheit - heuteinfo.de\" \/>\n<meta property=\"og:description\" content=\"Die Todesursache von Alfons Schuhbeck wurde Ende 2023 \u00f6ffentlich bekannt gegeben. Laut \u00fcbereinstimmenden Medienberichten starb er im Alter von 74 Jahren an den Folgen einer schweren Krebserkrankung. Diese Information gilt als gesichert und wurde aus seinem pers\u00f6nlichen Umfeld best\u00e4tigt. Schon Monate vor seinem Tod war bekannt, dass sich sein Gesundheitszustand stark verschlechtert hatte. Aus diesem [&hellip;]\" \/>\n<meta property=\"og:url\" content=\"https:\/\/heuteinfo.de\/?p=2385\" \/>\n<meta property=\"og:site_name\" content=\"heuteinfo.de\" \/>\n<meta property=\"article:published_time\" content=\"2025-12-13T13:15:32+00:00\" \/>\n<meta property=\"article:modified_time\" content=\"2026-02-27T12:18:49+00:00\" \/>\n<meta property=\"og:image\" content=\"https:\/\/heuteinfo.de\/wp-content\/uploads\/2025\/12\/62f1274a-41bd-4a6a-921c-0695e1c50ab4.1366d028-8831-4f77-abe5-5909667e78d3-scaled.webp\" \/>\n\t<meta property=\"og:image:width\" content=\"2560\" \/>\n\t<meta property=\"og:image:height\" content=\"1440\" \/>\n\t<meta property=\"og:image:type\" content=\"image\/webp\" \/>\n<meta name=\"author\" content=\"ahmedhassan98764@gmail.com\" \/>\n<meta name=\"twitter:card\" content=\"summary_large_image\" \/>\n<meta name=\"twitter:label1\" content=\"Written by\" \/>\n\t<meta name=\"twitter:data1\" content=\"ahmedhassan98764@gmail.com\" \/>\n\t<meta name=\"twitter:label2\" content=\"Est. reading time\" \/>\n\t<meta name=\"twitter:data2\" content=\"5 minutes\" \/>\n<script type=\"application\/ld+json\" class=\"yoast-schema-graph\">{\"@context\":\"https:\\\/\\\/schema.org\",\"@graph\":[{\"@type\":\"Article\",\"@id\":\"https:\\\/\\\/heuteinfo.de\\\/?p=2385#article\",\"isPartOf\":{\"@id\":\"https:\\\/\\\/heuteinfo.de\\\/?p=2385\"},\"author\":{\"name\":\"ahmedhassan98764@gmail.com\",\"@id\":\"https:\\\/\\\/heuteinfo.de\\\/#\\\/schema\\\/person\\\/94a0e25dd819e325bc73714b2b0e6250\"},\"headline\":\"Alfons Schuhbeck Todesursache Impfung \u2013 Fakten, Ger\u00fcchte und die Wahrheit\",\"datePublished\":\"2025-12-13T13:15:32+00:00\",\"dateModified\":\"2026-02-27T12:18:49+00:00\",\"mainEntityOfPage\":{\"@id\":\"https:\\\/\\\/heuteinfo.de\\\/?p=2385\"},\"wordCount\":963,\"image\":{\"@id\":\"https:\\\/\\\/heuteinfo.de\\\/?p=2385#primaryimage\"},\"thumbnailUrl\":\"https:\\\/\\\/heuteinfo.de\\\/wp-content\\\/uploads\\\/2025\\\/12\\\/62f1274a-41bd-4a6a-921c-0695e1c50ab4.1366d028-8831-4f77-abe5-5909667e78d3-scaled.webp\",\"articleSection\":[\"Lebensstil\"],\"inLanguage\":\"en-US\"},{\"@type\":\"WebPage\",\"@id\":\"https:\\\/\\\/heuteinfo.de\\\/?p=2385\",\"url\":\"https:\\\/\\\/heuteinfo.de\\\/?p=2385\",\"name\":\"Alfons Schuhbeck Todesursache Impfung \u2013 Fakten, Ger\u00fcchte und die Wahrheit - heuteinfo.de\",\"isPartOf\":{\"@id\":\"https:\\\/\\\/heuteinfo.de\\\/#website\"},\"primaryImageOfPage\":{\"@id\":\"https:\\\/\\\/heuteinfo.de\\\/?p=2385#primaryimage\"},\"image\":{\"@id\":\"https:\\\/\\\/heuteinfo.de\\\/?p=2385#primaryimage\"},\"thumbnailUrl\":\"https:\\\/\\\/heuteinfo.de\\\/wp-content\\\/uploads\\\/2025\\\/12\\\/62f1274a-41bd-4a6a-921c-0695e1c50ab4.1366d028-8831-4f77-abe5-5909667e78d3-scaled.webp\",\"datePublished\":\"2025-12-13T13:15:32+00:00\",\"dateModified\":\"2026-02-27T12:18:49+00:00\",\"author\":{\"@id\":\"https:\\\/\\\/heuteinfo.de\\\/#\\\/schema\\\/person\\\/94a0e25dd819e325bc73714b2b0e6250\"},\"breadcrumb\":{\"@id\":\"https:\\\/\\\/heuteinfo.de\\\/?p=2385#breadcrumb\"},\"inLanguage\":\"en-US\",\"potentialAction\":[{\"@type\":\"ReadAction\",\"target\":[\"https:\\\/\\\/heuteinfo.de\\\/?p=2385\"]}]},{\"@type\":\"ImageObject\",\"inLanguage\":\"en-US\",\"@id\":\"https:\\\/\\\/heuteinfo.de\\\/?p=2385#primaryimage\",\"url\":\"https:\\\/\\\/heuteinfo.de\\\/wp-content\\\/uploads\\\/2025\\\/12\\\/62f1274a-41bd-4a6a-921c-0695e1c50ab4.1366d028-8831-4f77-abe5-5909667e78d3-scaled.webp\",\"contentUrl\":\"https:\\\/\\\/heuteinfo.de\\\/wp-content\\\/uploads\\\/2025\\\/12\\\/62f1274a-41bd-4a6a-921c-0695e1c50ab4.1366d028-8831-4f77-abe5-5909667e78d3-scaled.webp\",\"width\":2560,\"height\":1440,\"caption\":\"alfons schuhbeck todesursache impfung\"},{\"@type\":\"BreadcrumbList\",\"@id\":\"https:\\\/\\\/heuteinfo.de\\\/?p=2385#breadcrumb\",\"itemListElement\":[{\"@type\":\"ListItem\",\"position\":1,\"name\":\"Home\",\"item\":\"https:\\\/\\\/heuteinfo.de\\\/\"},{\"@type\":\"ListItem\",\"position\":2,\"name\":\"Alfons Schuhbeck Todesursache Impfung \u2013 Fakten, Ger\u00fcchte und die Wahrheit\"}]},{\"@type\":\"WebSite\",\"@id\":\"https:\\\/\\\/heuteinfo.de\\\/#website\",\"url\":\"https:\\\/\\\/heuteinfo.de\\\/\",\"name\":\"heuteinfo.de\",\"description\":\"\",\"potentialAction\":[{\"@type\":\"SearchAction\",\"target\":{\"@type\":\"EntryPoint\",\"urlTemplate\":\"https:\\\/\\\/heuteinfo.de\\\/?s={search_term_string}\"},\"query-input\":{\"@type\":\"PropertyValueSpecification\",\"valueRequired\":true,\"valueName\":\"search_term_string\"}}],\"inLanguage\":\"en-US\"},{\"@type\":\"Person\",\"@id\":\"https:\\\/\\\/heuteinfo.de\\\/#\\\/schema\\\/person\\\/94a0e25dd819e325bc73714b2b0e6250\",\"name\":\"ahmedhassan98764@gmail.com\",\"image\":{\"@type\":\"ImageObject\",\"inLanguage\":\"en-US\",\"@id\":\"https:\\\/\\\/secure.gravatar.com\\\/avatar\\\/e2e9655aa74e87126cf4d7a522342156dfe63385e2ce1859f3a68169de6937a9?s=96&d=mm&r=g\",\"url\":\"https:\\\/\\\/secure.gravatar.com\\\/avatar\\\/e2e9655aa74e87126cf4d7a522342156dfe63385e2ce1859f3a68169de6937a9?s=96&d=mm&r=g\",\"contentUrl\":\"https:\\\/\\\/secure.gravatar.com\\\/avatar\\\/e2e9655aa74e87126cf4d7a522342156dfe63385e2ce1859f3a68169de6937a9?s=96&d=mm&r=g\",\"caption\":\"ahmedhassan98764@gmail.com\"},\"sameAs\":[\"https:\\\/\\\/heuteinfo.de\"],\"url\":\"https:\\\/\\\/heuteinfo.de\\\/?author=1\"}]}<\/script>\n<!-- \/ Yoast SEO plugin. -->","yoast_head_json":{"title":"Alfons Schuhbeck Todesursache Impfung \u2013 Fakten, Ger\u00fcchte und die Wahrheit - heuteinfo.de","robots":{"index":"index","follow":"follow","max-snippet":"max-snippet:-1","max-image-preview":"max-image-preview:large","max-video-preview":"max-video-preview:-1"},"canonical":"https:\/\/heuteinfo.de\/?p=2385","og_locale":"en_US","og_type":"article","og_title":"Alfons Schuhbeck Todesursache Impfung \u2013 Fakten, Ger\u00fcchte und die Wahrheit - heuteinfo.de","og_description":"Die Todesursache von Alfons Schuhbeck wurde Ende 2023 \u00f6ffentlich bekannt gegeben. Laut \u00fcbereinstimmenden Medienberichten starb er im Alter von 74 Jahren an den Folgen einer schweren Krebserkrankung. Diese Information gilt als gesichert und wurde aus seinem pers\u00f6nlichen Umfeld best\u00e4tigt. Schon Monate vor seinem Tod war bekannt, dass sich sein Gesundheitszustand stark verschlechtert hatte. Aus diesem [&hellip;]","og_url":"https:\/\/heuteinfo.de\/?p=2385","og_site_name":"heuteinfo.de","article_published_time":"2025-12-13T13:15:32+00:00","article_modified_time":"2026-02-27T12:18:49+00:00","og_image":[{"width":2560,"height":1440,"url":"https:\/\/heuteinfo.de\/wp-content\/uploads\/2025\/12\/62f1274a-41bd-4a6a-921c-0695e1c50ab4.1366d028-8831-4f77-abe5-5909667e78d3-scaled.webp","type":"image\/webp"}],"author":"ahmedhassan98764@gmail.com","twitter_card":"summary_large_image","twitter_misc":{"Written by":"ahmedhassan98764@gmail.com","Est. reading time":"5 minutes"},"schema":{"@context":"https:\/\/schema.org","@graph":[{"@type":"Article","@id":"https:\/\/heuteinfo.de\/?p=2385#article","isPartOf":{"@id":"https:\/\/heuteinfo.de\/?p=2385"},"author":{"name":"ahmedhassan98764@gmail.com","@id":"https:\/\/heuteinfo.de\/#\/schema\/person\/94a0e25dd819e325bc73714b2b0e6250"},"headline":"Alfons Schuhbeck Todesursache Impfung \u2013 Fakten, Ger\u00fcchte und die Wahrheit","datePublished":"2025-12-13T13:15:32+00:00","dateModified":"2026-02-27T12:18:49+00:00","mainEntityOfPage":{"@id":"https:\/\/heuteinfo.de\/?p=2385"},"wordCount":963,"image":{"@id":"https:\/\/heuteinfo.de\/?p=2385#primaryimage"},"thumbnailUrl":"https:\/\/heuteinfo.de\/wp-content\/uploads\/2025\/12\/62f1274a-41bd-4a6a-921c-0695e1c50ab4.1366d028-8831-4f77-abe5-5909667e78d3-scaled.webp","articleSection":["Lebensstil"],"inLanguage":"en-US"},{"@type":"WebPage","@id":"https:\/\/heuteinfo.de\/?p=2385","url":"https:\/\/heuteinfo.de\/?p=2385","name":"Alfons Schuhbeck Todesursache Impfung \u2013 Fakten, Ger\u00fcchte und die Wahrheit - heuteinfo.de","isPartOf":{"@id":"https:\/\/heuteinfo.de\/#website"},"primaryImageOfPage":{"@id":"https:\/\/heuteinfo.de\/?p=2385#primaryimage"},"image":{"@id":"https:\/\/heuteinfo.de\/?p=2385#primaryimage"},"thumbnailUrl":"https:\/\/heuteinfo.de\/wp-content\/uploads\/2025\/12\/62f1274a-41bd-4a6a-921c-0695e1c50ab4.1366d028-8831-4f77-abe5-5909667e78d3-scaled.webp","datePublished":"2025-12-13T13:15:32+00:00","dateModified":"2026-02-27T12:18:49+00:00","author":{"@id":"https:\/\/heuteinfo.de\/#\/schema\/person\/94a0e25dd819e325bc73714b2b0e6250"},"breadcrumb":{"@id":"https:\/\/heuteinfo.de\/?p=2385#breadcrumb"},"inLanguage":"en-US","potentialAction":[{"@type":"ReadAction","target":["https:\/\/heuteinfo.de\/?p=2385"]}]},{"@type":"ImageObject","inLanguage":"en-US","@id":"https:\/\/heuteinfo.de\/?p=2385#primaryimage","url":"https:\/\/heuteinfo.de\/wp-content\/uploads\/2025\/12\/62f1274a-41bd-4a6a-921c-0695e1c50ab4.1366d028-8831-4f77-abe5-5909667e78d3-scaled.webp","contentUrl":"https:\/\/heuteinfo.de\/wp-content\/uploads\/2025\/12\/62f1274a-41bd-4a6a-921c-0695e1c50ab4.1366d028-8831-4f77-abe5-5909667e78d3-scaled.webp","width":2560,"height":1440,"caption":"alfons schuhbeck todesursache impfung"},{"@type":"BreadcrumbList","@id":"https:\/\/heuteinfo.de\/?p=2385#breadcrumb","itemListElement":[{"@type":"ListItem","position":1,"name":"Home","item":"https:\/\/heuteinfo.de\/"},{"@type":"ListItem","position":2,"name":"Alfons Schuhbeck Todesursache Impfung \u2013 Fakten, Ger\u00fcchte und die Wahrheit"}]},{"@type":"WebSite","@id":"https:\/\/heuteinfo.de\/#website","url":"https:\/\/heuteinfo.de\/","name":"heuteinfo.de","description":"","potentialAction":[{"@type":"SearchAction","target":{"@type":"EntryPoint","urlTemplate":"https:\/\/heuteinfo.de\/?s={search_term_string}"},"query-input":{"@type":"PropertyValueSpecification","valueRequired":true,"valueName":"search_term_string"}}],"inLanguage":"en-US"},{"@type":"Person","@id":"https:\/\/heuteinfo.de\/#\/schema\/person\/94a0e25dd819e325bc73714b2b0e6250","name":"ahmedhassan98764@gmail.com","image":{"@type":"ImageObject","inLanguage":"en-US","@id":"https:\/\/secure.gravatar.com\/avatar\/e2e9655aa74e87126cf4d7a522342156dfe63385e2ce1859f3a68169de6937a9?s=96&d=mm&r=g","url":"https:\/\/secure.gravatar.com\/avatar\/e2e9655aa74e87126cf4d7a522342156dfe63385e2ce1859f3a68169de6937a9?s=96&d=mm&r=g","contentUrl":"https:\/\/secure.gravatar.com\/avatar\/e2e9655aa74e87126cf4d7a522342156dfe63385e2ce1859f3a68169de6937a9?s=96&d=mm&r=g","caption":"ahmedhassan98764@gmail.com"},"sameAs":["https:\/\/heuteinfo.de"],"url":"https:\/\/heuteinfo.de\/?author=1"}]}},"_links":{"self":[{"href":"https:\/\/heuteinfo.de\/index.php?rest_route=\/wp\/v2\/posts\/2385","targetHints":{"allow":["GET"]}}],"collection":[{"href":"https:\/\/heuteinfo.de\/index.php?rest_route=\/wp\/v2\/posts"}],"about":[{"href":"https:\/\/heuteinfo.de\/index.php?rest_route=\/wp\/v2\/types\/post"}],"author":[{"embeddable":true,"href":"https:\/\/heuteinfo.de\/index.php?rest_route=\/wp\/v2\/users\/1"}],"replies":[{"embeddable":true,"href":"https:\/\/heuteinfo.de\/index.php?rest_route=%2Fwp%2Fv2%2Fcomments&post=2385"}],"version-history":[{"count":3,"href":"https:\/\/heuteinfo.de\/index.php?rest_route=\/wp\/v2\/posts\/2385\/revisions"}],"predecessor-version":[{"id":10784,"href":"https:\/\/heuteinfo.de\/index.php?rest_route=\/wp\/v2\/posts\/2385\/revisions\/10784"}],"wp:featuredmedia":[{"embeddable":true,"href":"https:\/\/heuteinfo.de\/index.php?rest_route=\/wp\/v2\/media\/2386"}],"wp:attachment":[{"href":"https:\/\/heuteinfo.de\/index.php?rest_route=%2Fwp%2Fv2%2Fmedia&parent=2385"}],"wp:term":[{"taxonomy":"category","embeddable":true,"href":"https:\/\/heuteinfo.de\/index.php?rest_route=%2Fwp%2Fv2%2Fcategories&post=2385"},{"taxonomy":"post_tag","embeddable":true,"href":"https:\/\/heuteinfo.de\/index.php?rest_route=%2Fwp%2Fv2%2Ftags&post=2385"}],"curies":[{"name":"wp","href":"https:\/\/api.w.org\/{rel}","templated":true}]}}