{"id":2392,"date":"2025-12-14T13:18:28","date_gmt":"2025-12-14T13:18:28","guid":{"rendered":"https:\/\/heuteinfo.de\/?p=2392"},"modified":"2026-02-27T12:18:50","modified_gmt":"2026-02-27T12:18:50","slug":"eva-von-muhlenfels","status":"publish","type":"post","link":"https:\/\/heuteinfo.de\/?p=2392","title":{"rendered":"Eva von M\u00fchlenfels: Leben, Karriere, B\u00fccher und pers\u00f6nliche Einblicke"},"content":{"rendered":"\n<p><a href=\"https:\/\/www.beck-shop.de\/eva-von-muehlenfels\/creator\/582358191?srsltid=AfmBOooV98a5z2sCoZysv9_RB3hCwPf9ZBQ7Lj5qkdiAHjviyBNeJp8g\"><strong>Eva von M\u00fchlenfels<\/strong><\/a> wurde 1979 geboren und wuchs in Deutschland auf. \u00dcber ihre Kindheit spricht sie selten \u00f6ffentlich, doch vieles deutet darauf hin, dass Sprache, B\u00fccher und Kreativit\u00e4t schon fr\u00fch eine wichtige Rolle spielten. Sie entwickelte ein nat\u00fcrliches Iteresse an Geschichten und daran, wie Worte wirken k\u00f6nnen. Dieses fr\u00fche Gesp\u00fcr f\u00fcr Sprache sollte sp\u00e4ter zu einem zentralen Bestandteil ihres Berufslebens werden.<\/p>\n\n\n\n<p>Nach der Schulzeit entschied sich Eva von M\u00fchlenfels f\u00fcr ein Studium der <strong>Anglistik<\/strong>, also der englischen Sprache und Literatur. Dieses Studium vermittelte ihr nicht nur sprachliche Sicherheit, sondern auch ein tiefes Verst\u00e4ndnis f\u00fcr Erz\u00e4hlstrukturen, Humor und kulturelle Unterschiede. Gerade diese Kombination aus Sprache und Storytelling ist heute klar in ihren Kinderb\u00fcchern zu erkennen Das Studium half ihr au\u00dferdem, analytisch zu denken und Texte kritisch zu betrachten. Diese F\u00e4higkeit ist sowohl im Fernsehen als auch im Schreiben von B\u00fcchern sehr wertvoll. Schon in dieser Phase zeigte sich, dass Eva von M\u00fchlenfels nicht nur konsumieren, sondern selbst gestalten wollte.<\/p>\n\n\n\n<h2 class=\"wp-block-heading\">Karriere im Fernsehen: Der Weg von Eva von M\u00fchlenfels<\/h2>\n\n\n\n<p>Bevor Eva von M\u00fchlenfels als Kinderbuchautorin bekannt wurde, arbeitete sie viele Jahre im deutschen Fernsehen. Dort war sie als <strong>Fernsehproduzentin<\/strong> t\u00e4tig und wirkte an verschiedenen Unterhaltungsformaten mit. Ihre Arbeit fand meist hinter den Kulissen statt, doch sie trug ma\u00dfgeblich zur Entwicklung und Umsetzung erfolgreicher Sendungen bei. In der Fernsehbranche lernte Eva von M\u00fchlenfels, wie Inhalte f\u00fcr ein breites Publikum funktionieren. Sie besch\u00e4ftigte sich mit Fragen wie:<\/p>\n\n\n\n<ul class=\"wp-block-list\">\n<li>Was bringt Menschen zum Lachen?<\/li>\n\n\n\n<li>Wie erz\u00e4hlt man Geschichten in kurzer Zeit?<\/li>\n\n\n\n<li>Wie erreicht man unterschiedliche Altersgruppen?<\/li>\n<\/ul>\n\n\n\n<p>Einige der Formate, an denen sie mitarbeitete, wurden sogar mit renommierten Preisen wie dem <strong>Grimme-Preis<\/strong> oder dem <strong>Deutschen Comedypreis<\/strong> ausgezeichnet. Diese Zeit pr\u00e4gte sie stark, war aber auch sehr fordernd. Nach mehreren Jahren im intensiven Fernsehalltag entschied sie sich bewusst f\u00fcr einen neuen Lebensabschnitt. Mit der Gr\u00fcndung einer Familie trat das Fernsehen zunehmend in den Hintergrund. Stattdessen entstand der Wunsch nach einer kreativen Arbeit, die sich besser mit dem Familienleben verbinden lie\u00df. So begann der n\u00e4chste wichtige Abschnitt im Leben von Eva von M\u00fchlenfels.<\/p>\n\n\n\n<h2 class=\"wp-block-heading\">Eva von M\u00fchlenfels als Kinderbuchautorin<\/h2>\n\n\n\n<p>Der Einstieg in die Welt der Kinderb\u00fccher war f\u00fcr Eva von M\u00fchlenfels kein pl\u00f6tzlicher Bruch, sondern eine nat\u00fcrliche Entwicklung. Sie brachte bereits alles mit, was gute Kinderliteratur braucht: Fantasie, Humor, Sprachgef\u00fchl und ein tiefes Verst\u00e4ndnis f\u00fcr Geschichten. Als Kinderbuchautorin schreibt Eva von M\u00fchlenfels vor allem f\u00fcr j\u00fcngere Kinder. Ihre B\u00fccher sind leicht verst\u00e4ndlich, aber nie oberfl\u00e4chlich. Sie nehmen Kinder ernst und sprechen ihre Neugier direkt an. Ein bekanntes Beispiel ist das Buch <strong>\u201eWas macht P\u00fc\u00fc\u00fcp?\u201c<\/strong>, das spielerisch mit Sprache, Ger\u00e4uschen und Alltagssituationen umgeht.<\/p>\n\n\n\n<p>Auch die <strong>\u201eKatzenhuhn\u201c-Reihe<\/strong> zeigt, wie gern Eva von M\u00fchlenfels mit ungew\u00f6hnlichen Ideen arbeitet. Tiere, Fantasiefiguren und \u00fcberraschende Wendungen stehen im Mittelpunkt. Dabei geht es nicht nur ums Lachen, sondern auch um Themen wie Anderssein, Freundschaft und Mut. Was Leserinnen und Leser besonders sch\u00e4tzen, ist die klare Sprache. Eva von M\u00fchlenfels verzichtet auf komplizierte S\u00e4tze und schreibt so, dass Kinder die Geschichten selbst verstehen k\u00f6nnen. Gleichzeitig entdecken Erwachsene beim Vorlesen oft kleine humorvolle Details.<\/p>\n\n\n\n<h2 class=\"wp-block-heading\">Schreibstil und zentrale Themen bei Eva von M\u00fchlenfels<\/h2>\n\n\n\n<p>Der Schreibstil von Eva von M\u00fchlenfels ist freundlich, warm und humorvoll. Ihre Texte wirken nie belehrend, sondern laden zum Mitdenken ein. Sie schreibt aus einer Perspektive, die Kindern Raum l\u00e4sst, eigene Ideen zu entwickeln. Typische Merkmale ihres Schreibstils sind:<\/p>\n\n\n\n<ul class=\"wp-block-list\">\n<li>einfache, klare Sprache<\/li>\n\n\n\n<li>kurze, lebendige Dialoge<\/li>\n\n\n\n<li>viel Wortwitz und Fantasie<\/li>\n\n\n\n<li>starke Bilder im Kopf der Leser<\/li>\n<\/ul>\n\n\n\n<p>Thematisch drehen sich ihre B\u00fccher oft um den Alltag von Kindern. Kleine Fragen werden gro\u00df gemacht, scheinbar Normales wird pl\u00f6tzlich spannend. Dabei zeigt Eva von M\u00fchlenfels, dass Kinderliteratur nicht laut oder \u00fcbertrieben sein muss, um zu wirken. Ein wiederkehrendes Motiv ist das <strong>spielerische Entdecken der Welt<\/strong>. Kinder sollen sich in ihren Geschichten wiederfinden und gleichzeitig Neues ausprobieren k\u00f6nnen \u2013 gedanklich und emotional.<\/p>\n\n\n\n<h2 class=\"wp-block-heading\">Privatleben und Familie<\/h2>\n\n\n\n<p>Eva von M\u00fchlenfels lebt mit ihrer Familie in <strong>Bonn<\/strong>. Sie ist Mutter von zwei T\u00f6chtern und legt gro\u00dfen Wert darauf, Beruf und Familie in Einklang zu bringen. Ihr Privatleben h\u00e4lt sie weitgehend aus der \u00d6ffentlichkeit heraus, was ihr in der heutigen Medienwelt Respekt einbringt.<\/p>\n\n\n\n<p>Das Familienleben beeinflusst ihre Arbeit deutlich. Viele Ideen f\u00fcr ihre B\u00fccher entstehen aus Alltagssituationen, Gespr\u00e4chen oder Beobachtungen. Gerade diese N\u00e4he zum echten Leben macht ihre Geschichten so glaubw\u00fcrdig. Statt st\u00e4ndig pr\u00e4sent zu sein, w\u00e4hlt Eva von M\u00fchlenfels gezielt \u00f6ffentliche Auftritte, etwa bei Lesungen oder Buchmessen. Dort steht immer die Literatur im Mittelpunkt, nicht die Person.<\/p>\n\n\n\n<h2 class=\"wp-block-heading\">Eva von M\u00fchlenfels und Bernhard Ho\u00ebcker<\/h2>\n\n\n\n<p>Ein h\u00e4ufig gesuchtes Thema ist die Beziehung zwischen <strong>Eva von M\u00fchlenfels und Bernhard Ho\u00ebcker<\/strong>. Bernhard Ho\u00ebcker ist einer der bekanntesten deutschen Komiker, doch das Paar geht sehr bewusst mit \u00d6ffentlichkeit um.<\/p>\n\n\n\n<p>Beide unterst\u00fctzen sich gegenseitig, arbeiten aber in unterschiedlichen kreativen Bereichen. W\u00e4hrend Bernhard Ho\u00ebcker vor allem auf der B\u00fchne und im Fernsehen pr\u00e4sent ist, konzentriert sich Eva von M\u00fchlenfels auf das Schreiben. Gemeinsame \u00f6ffentliche Auftritte gibt es gelegentlich, etwa bei Buchsignierungen oder Veranstaltungen. Dennoch bleibt klar: Eva von M\u00fchlenfels wird nicht \u00fcber ihre Ehe definiert, sondern \u00fcber ihre eigene Arbeit.<\/p>\n\n\n\n<h2 class=\"wp-block-heading\">Fazit<\/h2>\n\n\n\n<p>Eva von M\u00fchlenfels steht f\u00fcr eine moderne Form der Kinderliteratur. Sie zeigt, dass gute Geschichten nicht laut sein m\u00fcssen, um geh\u00f6rt zu werden. Ihre B\u00fccher passen in eine Zeit, in der Eltern und Kinder bewusster ausw\u00e4hlen, was sie lesen.<\/p>\n\n\n\n<p>Ihre Relevanz zeigt sich vor allem in:<\/p>\n\n\n\n<ul class=\"wp-block-list\">\n<li>steigender Nachfrage nach ihren B\u00fcchern<\/li>\n\n\n\n<li>positiven R\u00fcckmeldungen von Eltern und P\u00e4dagogen<\/li>\n\n\n\n<li>regelm\u00e4\u00dfigen Lesungen und Messeauftritten<\/li>\n<\/ul>\n\n\n\n<p>Eva von M\u00fchlenfels verbindet Erfahrung aus Medien, Sprache und Familienleben zu einem glaubw\u00fcrdigen Gesamtbild. Genau das macht sie f\u00fcr viele Leserinnen und Leser interessant \u2013 heute und in Zukunft. <strong>Eva von M\u00fchlenfels<\/strong> ist damit mehr als nur eine Kinderbuchautorin. Sie ist ein Beispiel daf\u00fcr, wie kreative Wege sich ver\u00e4ndern d\u00fcrfen und wie Geschichten entstehen, die lange im Kopf bleiben.<\/p>\n\n\n\n<p>Mher Lesson: <a href=\"https:\/\/heuteinfo.de\/2025\/12\/14\/annika-karsten-hoenig-herkunft\/\"><strong>Annika K\u00e4rsten-Hoenig Herkunf<\/strong><\/a><\/p>\n","protected":false},"excerpt":{"rendered":"<p>Eva von M\u00fchlenfels wurde 1979 geboren und wuchs in Deutschland auf. \u00dcber ihre Kindheit spricht sie selten \u00f6ffentlich, doch vieles deutet darauf hin, dass Sprache, B\u00fccher und Kreativit\u00e4t schon fr\u00fch eine wichtige Rolle spielten. Sie entwickelte ein nat\u00fcrliches Iteresse an Geschichten und daran, wie Worte wirken k\u00f6nnen. Dieses fr\u00fche Gesp\u00fcr f\u00fcr Sprache sollte sp\u00e4ter zu [&hellip;]<\/p>\n","protected":false},"author":1,"featured_media":2393,"comment_status":"closed","ping_status":"open","sticky":false,"template":"","format":"standard","meta":{"footnotes":""},"categories":[39],"tags":[],"class_list":["post-2392","post","type-post","status-publish","format-standard","has-post-thumbnail","hentry","category-lebensstil"],"yoast_head":"<!-- This site is optimized with the Yoast SEO plugin v27.4 - https:\/\/yoast.com\/product\/yoast-seo-wordpress\/ -->\n<title>Eva von M\u00fchlenfels: Leben, Karriere, B\u00fccher und pers\u00f6nliche Einblicke - heuteinfo.de<\/title>\n<meta name=\"robots\" content=\"index, follow, max-snippet:-1, max-image-preview:large, max-video-preview:-1\" \/>\n<link rel=\"canonical\" href=\"https:\/\/heuteinfo.de\/?p=2392\" \/>\n<meta property=\"og:locale\" content=\"en_US\" \/>\n<meta property=\"og:type\" content=\"article\" \/>\n<meta property=\"og:title\" content=\"Eva von M\u00fchlenfels: Leben, Karriere, B\u00fccher und pers\u00f6nliche Einblicke - heuteinfo.de\" \/>\n<meta property=\"og:description\" content=\"Eva von M\u00fchlenfels wurde 1979 geboren und wuchs in Deutschland auf. \u00dcber ihre Kindheit spricht sie selten \u00f6ffentlich, doch vieles deutet darauf hin, dass Sprache, B\u00fccher und Kreativit\u00e4t schon fr\u00fch eine wichtige Rolle spielten. Sie entwickelte ein nat\u00fcrliches Iteresse an Geschichten und daran, wie Worte wirken k\u00f6nnen. Dieses fr\u00fche Gesp\u00fcr f\u00fcr Sprache sollte sp\u00e4ter zu [&hellip;]\" \/>\n<meta property=\"og:url\" content=\"https:\/\/heuteinfo.de\/?p=2392\" \/>\n<meta property=\"og:site_name\" content=\"heuteinfo.de\" \/>\n<meta property=\"article:published_time\" content=\"2025-12-14T13:18:28+00:00\" \/>\n<meta property=\"article:modified_time\" content=\"2026-02-27T12:18:50+00:00\" \/>\n<meta property=\"og:image\" content=\"https:\/\/heuteinfo.de\/wp-content\/uploads\/2025\/12\/s-83.webp\" \/>\n\t<meta property=\"og:image:width\" content=\"632\" \/>\n\t<meta property=\"og:image:height\" content=\"420\" \/>\n\t<meta property=\"og:image:type\" content=\"image\/webp\" \/>\n<meta name=\"author\" content=\"ahmedhassan98764@gmail.com\" \/>\n<meta name=\"twitter:card\" content=\"summary_large_image\" \/>\n<meta name=\"twitter:label1\" content=\"Written by\" \/>\n\t<meta name=\"twitter:data1\" content=\"ahmedhassan98764@gmail.com\" \/>\n\t<meta name=\"twitter:label2\" content=\"Est. reading time\" \/>\n\t<meta name=\"twitter:data2\" content=\"5 minutes\" \/>\n<script type=\"application\/ld+json\" class=\"yoast-schema-graph\">{\"@context\":\"https:\\\/\\\/schema.org\",\"@graph\":[{\"@type\":\"Article\",\"@id\":\"https:\\\/\\\/heuteinfo.de\\\/?p=2392#article\",\"isPartOf\":{\"@id\":\"https:\\\/\\\/heuteinfo.de\\\/?p=2392\"},\"author\":{\"name\":\"ahmedhassan98764@gmail.com\",\"@id\":\"https:\\\/\\\/heuteinfo.de\\\/#\\\/schema\\\/person\\\/94a0e25dd819e325bc73714b2b0e6250\"},\"headline\":\"Eva von M\u00fchlenfels: Leben, Karriere, B\u00fccher und pers\u00f6nliche Einblicke\",\"datePublished\":\"2025-12-14T13:18:28+00:00\",\"dateModified\":\"2026-02-27T12:18:50+00:00\",\"mainEntityOfPage\":{\"@id\":\"https:\\\/\\\/heuteinfo.de\\\/?p=2392\"},\"wordCount\":1061,\"image\":{\"@id\":\"https:\\\/\\\/heuteinfo.de\\\/?p=2392#primaryimage\"},\"thumbnailUrl\":\"https:\\\/\\\/heuteinfo.de\\\/wp-content\\\/uploads\\\/2025\\\/12\\\/s-83.webp\",\"articleSection\":[\"Lebensstil\"],\"inLanguage\":\"en-US\"},{\"@type\":\"WebPage\",\"@id\":\"https:\\\/\\\/heuteinfo.de\\\/?p=2392\",\"url\":\"https:\\\/\\\/heuteinfo.de\\\/?p=2392\",\"name\":\"Eva von M\u00fchlenfels: Leben, Karriere, B\u00fccher und pers\u00f6nliche Einblicke - heuteinfo.de\",\"isPartOf\":{\"@id\":\"https:\\\/\\\/heuteinfo.de\\\/#website\"},\"primaryImageOfPage\":{\"@id\":\"https:\\\/\\\/heuteinfo.de\\\/?p=2392#primaryimage\"},\"image\":{\"@id\":\"https:\\\/\\\/heuteinfo.de\\\/?p=2392#primaryimage\"},\"thumbnailUrl\":\"https:\\\/\\\/heuteinfo.de\\\/wp-content\\\/uploads\\\/2025\\\/12\\\/s-83.webp\",\"datePublished\":\"2025-12-14T13:18:28+00:00\",\"dateModified\":\"2026-02-27T12:18:50+00:00\",\"author\":{\"@id\":\"https:\\\/\\\/heuteinfo.de\\\/#\\\/schema\\\/person\\\/94a0e25dd819e325bc73714b2b0e6250\"},\"breadcrumb\":{\"@id\":\"https:\\\/\\\/heuteinfo.de\\\/?p=2392#breadcrumb\"},\"inLanguage\":\"en-US\",\"potentialAction\":[{\"@type\":\"ReadAction\",\"target\":[\"https:\\\/\\\/heuteinfo.de\\\/?p=2392\"]}]},{\"@type\":\"ImageObject\",\"inLanguage\":\"en-US\",\"@id\":\"https:\\\/\\\/heuteinfo.de\\\/?p=2392#primaryimage\",\"url\":\"https:\\\/\\\/heuteinfo.de\\\/wp-content\\\/uploads\\\/2025\\\/12\\\/s-83.webp\",\"contentUrl\":\"https:\\\/\\\/heuteinfo.de\\\/wp-content\\\/uploads\\\/2025\\\/12\\\/s-83.webp\",\"width\":632,\"height\":420,\"caption\":\"eva von m\u00fchlenfels\"},{\"@type\":\"BreadcrumbList\",\"@id\":\"https:\\\/\\\/heuteinfo.de\\\/?p=2392#breadcrumb\",\"itemListElement\":[{\"@type\":\"ListItem\",\"position\":1,\"name\":\"Home\",\"item\":\"https:\\\/\\\/heuteinfo.de\\\/\"},{\"@type\":\"ListItem\",\"position\":2,\"name\":\"Eva von M\u00fchlenfels: Leben, Karriere, B\u00fccher und pers\u00f6nliche Einblicke\"}]},{\"@type\":\"WebSite\",\"@id\":\"https:\\\/\\\/heuteinfo.de\\\/#website\",\"url\":\"https:\\\/\\\/heuteinfo.de\\\/\",\"name\":\"heuteinfo.de\",\"description\":\"\",\"potentialAction\":[{\"@type\":\"SearchAction\",\"target\":{\"@type\":\"EntryPoint\",\"urlTemplate\":\"https:\\\/\\\/heuteinfo.de\\\/?s={search_term_string}\"},\"query-input\":{\"@type\":\"PropertyValueSpecification\",\"valueRequired\":true,\"valueName\":\"search_term_string\"}}],\"inLanguage\":\"en-US\"},{\"@type\":\"Person\",\"@id\":\"https:\\\/\\\/heuteinfo.de\\\/#\\\/schema\\\/person\\\/94a0e25dd819e325bc73714b2b0e6250\",\"name\":\"ahmedhassan98764@gmail.com\",\"image\":{\"@type\":\"ImageObject\",\"inLanguage\":\"en-US\",\"@id\":\"https:\\\/\\\/secure.gravatar.com\\\/avatar\\\/e2e9655aa74e87126cf4d7a522342156dfe63385e2ce1859f3a68169de6937a9?s=96&d=mm&r=g\",\"url\":\"https:\\\/\\\/secure.gravatar.com\\\/avatar\\\/e2e9655aa74e87126cf4d7a522342156dfe63385e2ce1859f3a68169de6937a9?s=96&d=mm&r=g\",\"contentUrl\":\"https:\\\/\\\/secure.gravatar.com\\\/avatar\\\/e2e9655aa74e87126cf4d7a522342156dfe63385e2ce1859f3a68169de6937a9?s=96&d=mm&r=g\",\"caption\":\"ahmedhassan98764@gmail.com\"},\"sameAs\":[\"https:\\\/\\\/heuteinfo.de\"],\"url\":\"https:\\\/\\\/heuteinfo.de\\\/?author=1\"}]}<\/script>\n<!-- \/ Yoast SEO plugin. -->","yoast_head_json":{"title":"Eva von M\u00fchlenfels: Leben, Karriere, B\u00fccher und pers\u00f6nliche Einblicke - heuteinfo.de","robots":{"index":"index","follow":"follow","max-snippet":"max-snippet:-1","max-image-preview":"max-image-preview:large","max-video-preview":"max-video-preview:-1"},"canonical":"https:\/\/heuteinfo.de\/?p=2392","og_locale":"en_US","og_type":"article","og_title":"Eva von M\u00fchlenfels: Leben, Karriere, B\u00fccher und pers\u00f6nliche Einblicke - heuteinfo.de","og_description":"Eva von M\u00fchlenfels wurde 1979 geboren und wuchs in Deutschland auf. \u00dcber ihre Kindheit spricht sie selten \u00f6ffentlich, doch vieles deutet darauf hin, dass Sprache, B\u00fccher und Kreativit\u00e4t schon fr\u00fch eine wichtige Rolle spielten. Sie entwickelte ein nat\u00fcrliches Iteresse an Geschichten und daran, wie Worte wirken k\u00f6nnen. Dieses fr\u00fche Gesp\u00fcr f\u00fcr Sprache sollte sp\u00e4ter zu [&hellip;]","og_url":"https:\/\/heuteinfo.de\/?p=2392","og_site_name":"heuteinfo.de","article_published_time":"2025-12-14T13:18:28+00:00","article_modified_time":"2026-02-27T12:18:50+00:00","og_image":[{"width":632,"height":420,"url":"https:\/\/heuteinfo.de\/wp-content\/uploads\/2025\/12\/s-83.webp","type":"image\/webp"}],"author":"ahmedhassan98764@gmail.com","twitter_card":"summary_large_image","twitter_misc":{"Written by":"ahmedhassan98764@gmail.com","Est. reading time":"5 minutes"},"schema":{"@context":"https:\/\/schema.org","@graph":[{"@type":"Article","@id":"https:\/\/heuteinfo.de\/?p=2392#article","isPartOf":{"@id":"https:\/\/heuteinfo.de\/?p=2392"},"author":{"name":"ahmedhassan98764@gmail.com","@id":"https:\/\/heuteinfo.de\/#\/schema\/person\/94a0e25dd819e325bc73714b2b0e6250"},"headline":"Eva von M\u00fchlenfels: Leben, Karriere, B\u00fccher und pers\u00f6nliche Einblicke","datePublished":"2025-12-14T13:18:28+00:00","dateModified":"2026-02-27T12:18:50+00:00","mainEntityOfPage":{"@id":"https:\/\/heuteinfo.de\/?p=2392"},"wordCount":1061,"image":{"@id":"https:\/\/heuteinfo.de\/?p=2392#primaryimage"},"thumbnailUrl":"https:\/\/heuteinfo.de\/wp-content\/uploads\/2025\/12\/s-83.webp","articleSection":["Lebensstil"],"inLanguage":"en-US"},{"@type":"WebPage","@id":"https:\/\/heuteinfo.de\/?p=2392","url":"https:\/\/heuteinfo.de\/?p=2392","name":"Eva von M\u00fchlenfels: Leben, Karriere, B\u00fccher und pers\u00f6nliche Einblicke - heuteinfo.de","isPartOf":{"@id":"https:\/\/heuteinfo.de\/#website"},"primaryImageOfPage":{"@id":"https:\/\/heuteinfo.de\/?p=2392#primaryimage"},"image":{"@id":"https:\/\/heuteinfo.de\/?p=2392#primaryimage"},"thumbnailUrl":"https:\/\/heuteinfo.de\/wp-content\/uploads\/2025\/12\/s-83.webp","datePublished":"2025-12-14T13:18:28+00:00","dateModified":"2026-02-27T12:18:50+00:00","author":{"@id":"https:\/\/heuteinfo.de\/#\/schema\/person\/94a0e25dd819e325bc73714b2b0e6250"},"breadcrumb":{"@id":"https:\/\/heuteinfo.de\/?p=2392#breadcrumb"},"inLanguage":"en-US","potentialAction":[{"@type":"ReadAction","target":["https:\/\/heuteinfo.de\/?p=2392"]}]},{"@type":"ImageObject","inLanguage":"en-US","@id":"https:\/\/heuteinfo.de\/?p=2392#primaryimage","url":"https:\/\/heuteinfo.de\/wp-content\/uploads\/2025\/12\/s-83.webp","contentUrl":"https:\/\/heuteinfo.de\/wp-content\/uploads\/2025\/12\/s-83.webp","width":632,"height":420,"caption":"eva von m\u00fchlenfels"},{"@type":"BreadcrumbList","@id":"https:\/\/heuteinfo.de\/?p=2392#breadcrumb","itemListElement":[{"@type":"ListItem","position":1,"name":"Home","item":"https:\/\/heuteinfo.de\/"},{"@type":"ListItem","position":2,"name":"Eva von M\u00fchlenfels: Leben, Karriere, B\u00fccher und pers\u00f6nliche Einblicke"}]},{"@type":"WebSite","@id":"https:\/\/heuteinfo.de\/#website","url":"https:\/\/heuteinfo.de\/","name":"heuteinfo.de","description":"","potentialAction":[{"@type":"SearchAction","target":{"@type":"EntryPoint","urlTemplate":"https:\/\/heuteinfo.de\/?s={search_term_string}"},"query-input":{"@type":"PropertyValueSpecification","valueRequired":true,"valueName":"search_term_string"}}],"inLanguage":"en-US"},{"@type":"Person","@id":"https:\/\/heuteinfo.de\/#\/schema\/person\/94a0e25dd819e325bc73714b2b0e6250","name":"ahmedhassan98764@gmail.com","image":{"@type":"ImageObject","inLanguage":"en-US","@id":"https:\/\/secure.gravatar.com\/avatar\/e2e9655aa74e87126cf4d7a522342156dfe63385e2ce1859f3a68169de6937a9?s=96&d=mm&r=g","url":"https:\/\/secure.gravatar.com\/avatar\/e2e9655aa74e87126cf4d7a522342156dfe63385e2ce1859f3a68169de6937a9?s=96&d=mm&r=g","contentUrl":"https:\/\/secure.gravatar.com\/avatar\/e2e9655aa74e87126cf4d7a522342156dfe63385e2ce1859f3a68169de6937a9?s=96&d=mm&r=g","caption":"ahmedhassan98764@gmail.com"},"sameAs":["https:\/\/heuteinfo.de"],"url":"https:\/\/heuteinfo.de\/?author=1"}]}},"_links":{"self":[{"href":"https:\/\/heuteinfo.de\/index.php?rest_route=\/wp\/v2\/posts\/2392","targetHints":{"allow":["GET"]}}],"collection":[{"href":"https:\/\/heuteinfo.de\/index.php?rest_route=\/wp\/v2\/posts"}],"about":[{"href":"https:\/\/heuteinfo.de\/index.php?rest_route=\/wp\/v2\/types\/post"}],"author":[{"embeddable":true,"href":"https:\/\/heuteinfo.de\/index.php?rest_route=\/wp\/v2\/users\/1"}],"replies":[{"embeddable":true,"href":"https:\/\/heuteinfo.de\/index.php?rest_route=%2Fwp%2Fv2%2Fcomments&post=2392"}],"version-history":[{"count":4,"href":"https:\/\/heuteinfo.de\/index.php?rest_route=\/wp\/v2\/posts\/2392\/revisions"}],"predecessor-version":[{"id":10786,"href":"https:\/\/heuteinfo.de\/index.php?rest_route=\/wp\/v2\/posts\/2392\/revisions\/10786"}],"wp:featuredmedia":[{"embeddable":true,"href":"https:\/\/heuteinfo.de\/index.php?rest_route=\/wp\/v2\/media\/2393"}],"wp:attachment":[{"href":"https:\/\/heuteinfo.de\/index.php?rest_route=%2Fwp%2Fv2%2Fmedia&parent=2392"}],"wp:term":[{"taxonomy":"category","embeddable":true,"href":"https:\/\/heuteinfo.de\/index.php?rest_route=%2Fwp%2Fv2%2Fcategories&post=2392"},{"taxonomy":"post_tag","embeddable":true,"href":"https:\/\/heuteinfo.de\/index.php?rest_route=%2Fwp%2Fv2%2Ftags&post=2392"}],"curies":[{"name":"wp","href":"https:\/\/api.w.org\/{rel}","templated":true}]}}