{"id":2397,"date":"2025-12-16T13:00:57","date_gmt":"2025-12-16T13:00:57","guid":{"rendered":"https:\/\/heuteinfo.de\/?p=2397"},"modified":"2026-02-27T12:18:51","modified_gmt":"2026-02-27T12:18:51","slug":"frederik-pleitgen-kinder","status":"publish","type":"post","link":"https:\/\/heuteinfo.de\/?p=2397","title":{"rendered":"Frederik Pleitgen Kinder \u2013 Familie, Privatleben und was wirklich bekannt ist"},"content":{"rendered":"\n<p>Die kurze Antwort lautet: <strong>Ja, <a href=\"https:\/\/de.wikipedia.org\/wiki\/Frederik_Pleitgen\">Frederik Pleitgen<\/a> hat Kinder.<\/strong> Nach \u00f6ffentlich zug\u00e4nglichen und glaubw\u00fcrdigen Informationen ist bekannt, dass er <strong>zwei Kinder<\/strong> hat. Dabei handelt es sich um <strong>einen Sohn und eine Tochter<\/strong>. Ihre Namen und genauen Lebensdaten werden jedoch bewusst nicht breit ver\u00f6ffentlicht. Gerade bei der Suche nach <strong>\u201eFrederik Pleitgen Kinder\u201c<\/strong> erwarten viele Leser konkrete Details. Doch genau diese Details gibt Pleitgen nur sehr eingeschr\u00e4nkt preis. Das ist kein Zufall, sondern eine klare Entscheidung.<\/p>\n\n\n\n<p>Was als gesichert gilt:<\/p>\n\n\n\n<ul class=\"wp-block-list\">\n<li>Frederik Pleitgen ist Familienvater<\/li>\n\n\n\n<li>Er hat zwei Kinder<\/li>\n\n\n\n<li>Seine Kinder stehen <strong>nicht im Rampenlicht<\/strong><\/li>\n\n\n\n<li>Es gibt keine offiziellen Interviews \u00fcber sie<\/li>\n<\/ul>\n\n\n\n<p>Diese Zur\u00fcckhaltung zeigt, dass f\u00fcr ihn die <strong>Sicherheit und Normalit\u00e4t seiner Kinder<\/strong> wichtiger ist als \u00f6ffentliche Aufmerksamkeit. In Zeiten von Social Media ist das eher selten, aber bewusst gew\u00e4hlt.<\/p>\n\n\n\n<h2 class=\"wp-block-heading\">Frederik Pleitgen Kinder und Familie im \u00dcberblick<\/h2>\n\n\n\n<p>Zur Familie von Frederik Pleitgen geh\u00f6rt auch seine Ehefrau. Er ist mit <strong>Justyna Pleitgen<\/strong> verheiratet. Sie ist ebenfalls beruflich erfolgreich, h\u00e4lt sich aber wie ihr Mann stark aus der \u00d6ffentlichkeit heraus. Die Familie lebt ein sehr <strong>ruhiges und abgeschirmtes Leben<\/strong>, trotz Pleitgens internationaler Karriere. Das ist besonders bemerkenswert, da er beruflich oft in gef\u00e4hrlichen Regionen unterwegs ist.<\/p>\n\n\n\n<p>Ein einfacher \u00dcberblick zur Familie:<\/p>\n\n\n\n<figure class=\"wp-block-table\"><table><thead><tr><th>Thema<\/th><th>Bekannte Information<\/th><\/tr><\/thead><tbody><tr><td>Ehepartnerin<\/td><td>Justyna Pleitgen<\/td><\/tr><tr><td>Kinder<\/td><td>Zwei (Sohn &amp; Tochter)<\/td><\/tr><tr><td>\u00d6ffentliche Auftritte<\/td><td>Sehr selten<\/td><\/tr><tr><td>Medienpr\u00e4senz der Kinder<\/td><td>Keine<\/td><\/tr><\/tbody><\/table><\/figure>\n\n\n\n<p>Viele Leser fragen sich, wie sich ein so fordernder Beruf mit Familienleben vereinbaren l\u00e4sst. Pleitgen selbst \u00e4u\u00dfert sich dazu kaum, doch Kollegen berichten, dass er <strong>klare Grenzen zwischen Arbeit und Privatleben<\/strong> zieht.<\/p>\n\n\n\n<h2 class=\"wp-block-heading\">Warum h\u00e4lt Frederik Pleitgen seine Kinder aus der \u00d6ffentlichkeit?<\/h2>\n\n\n\n<p>Die Frage, warum man so wenig \u00fcber <strong>Frederik Pleitgen Kinder<\/strong> wei\u00df, ist berechtigt. Die Antwort liegt vor allem im <strong>Schutz der Privatsph\u00e4re<\/strong>. Journalisten, besonders internationale Korrespondenten, stehen oft im Fokus politischer Spannungen. Das kann Risiken mit sich bringen \u2013 nicht nur f\u00fcr sie selbst, sondern auch f\u00fcr ihre Familien. Gr\u00fcnde f\u00fcr die Zur\u00fcckhaltung:<\/p>\n\n\n\n<ul class=\"wp-block-list\">\n<li>Schutz vor medialem Druck<\/li>\n\n\n\n<li>Sicherheit der Kinder<\/li>\n\n\n\n<li>M\u00f6glichkeit eines normalen Alltags<\/li>\n\n\n\n<li>Klare Trennung von Beruf und Familie<\/li>\n<\/ul>\n\n\n\n<p>Ein bekanntes Zitat aus dem Journalismus bringt es gut auf den Punkt:  <strong>\u201eJe \u00f6ffentlicher der Beruf, desto privater sollte die Familie bleiben.\u201c<\/strong> Gerade bei Kindern ist dieser Ansatz heute wichtiger denn je.<\/p>\n\n\n\n<h2 class=\"wp-block-heading\">Gibt es Fotos oder \u00f6ffentliche Auftritte der Frederik Pleitgen Kinder?<\/h2>\n\n\n\n<p>Kurz gesagt: <strong>Nein, keine offiziellen.<\/strong> Es existieren keine best\u00e4tigten \u00f6ffentlichen Fotos der Kinder von Frederik Pleitgen. Auch bei \u00f6ffentlichen Veranstaltungen oder Preisverleihungen tritt er meist allein oder mit Kollegen auf. Auf seinen Social-Media-Kan\u00e4len:<\/p>\n\n\n\n<ul class=\"wp-block-list\">\n<li>Keine Familienbilder<\/li>\n\n\n\n<li>Keine Hinweise auf seine Kinder<\/li>\n\n\n\n<li>Fokus ausschlie\u00dflich auf Journalismus<\/li>\n<\/ul>\n\n\n\n<p>Das unterscheidet ihn deutlich von vielen anderen bekannten Pers\u00f6nlichkeiten. Doch genau diese Konsequenz sorgt f\u00fcr Respekt \u2013 auch bei Medienexperten.<\/p>\n\n\n\n<h2 class=\"wp-block-heading\">H\u00e4ufig gestellte Fragen zu Frederik Pleitgen Kinder<\/h2>\n\n\n\n<p>Viele Fragen tauchen immer wieder auf, wenn Menschen nach diesem Thema suchen.<\/p>\n\n\n\n<p><strong>Wie alt sind die Kinder von Frederik Pleitgen?<\/strong><br>\u2192 Das ist nicht \u00f6ffentlich bekannt.<\/p>\n\n\n\n<p><strong>Leben die Kinder in Deutschland oder im Ausland?<\/strong><br>\u2192 Es wird angenommen, dass sie \u00fcberwiegend in Europa leben, best\u00e4tigt ist das aber nicht.<\/p>\n\n\n\n<p><strong>Sind die Kinder ebenfalls in den Medien aktiv?<\/strong><br>\u2192 Nein, es gibt keinerlei Hinweise darauf. Diese Antworten m\u00f6gen knapp wirken, doch sie zeigen, wie konsequent die Familie ihre Privatsph\u00e4re sch\u00fctzt.<\/p>\n\n\n\n<h2 class=\"wp-block-heading\">Frederik Pleitgen Kinder im Vergleich zu anderen Journalisten<\/h2>\n\n\n\n<p>Im Vergleich zu anderen bekannten Journalisten f\u00e4llt auf, dass Pleitgen besonders zur\u00fcckhaltend ist. W\u00e4hrend manche Reporter ihr Familienleben offen zeigen, w\u00e4hlt er einen anderen Weg.<\/p>\n\n\n\n<p>Ein einfacher Vergleich:<\/p>\n\n\n\n<figure class=\"wp-block-table\"><table><thead><tr><th>Journalist<\/th><th>Umgang mit Familie<\/th><\/tr><\/thead><tbody><tr><td>Frederik Pleitgen<\/td><td>Sehr privat<\/td><\/tr><tr><td>TV-Moderatoren<\/td><td>Oft \u00f6ffentlich<\/td><\/tr><tr><td>Social-Media-Pers\u00f6nlichkeiten<\/td><td>Sehr offen<\/td><\/tr><\/tbody><\/table><\/figure>\n\n\n\n<p>Diese Entscheidung ist weder richtig noch falsch. Sie zeigt lediglich unterschiedliche Priorit\u00e4ten. Bei Pleitgen liegt der Fokus klar auf <strong>seri\u00f6sem Journalismus<\/strong>, nicht auf Selbstdarstellung.<\/p>\n\n\n\n<h2 class=\"wp-block-heading\">Fazit<\/h2>\n\n\n\n<p>Zusammengefasst l\u00e4sst sich sagen:<\/p>\n\n\n\n<ul class=\"wp-block-list\">\n<li><strong>Frederik Pleitgen hat Kinder<\/strong><\/li>\n\n\n\n<li>Es sind <strong>zwei Kinder<\/strong>, ein Sohn und eine Tochter<\/li>\n\n\n\n<li>Namen, Alter und Bilder sind nicht \u00f6ffentlich<\/li>\n\n\n\n<li>Die Familie wird bewusst gesch\u00fctzt<\/li>\n\n\n\n<li>Privatsph\u00e4re steht \u00fcber \u00f6ffentlicher Neugier<\/li>\n<\/ul>\n\n\n\n<p>Wer nach <strong>\u201eFrederik Pleitgen Kinder\u201c<\/strong> sucht, findet vor allem eines: ein Beispiel daf\u00fcr, wie man auch als bekannte Pers\u00f6nlichkeit <strong>Grenzen setzen kann<\/strong>. Und genau das macht diesen Fall so interessant.<\/p>\n\n\n\n<p>Mher Lesson: <strong><a href=\"https:\/\/heuteinfo.de\/2025\/12\/14\/eva-von-muhlenfels\/\">Eva von M\u00fchlenfels<\/a><\/strong><\/p>\n","protected":false},"excerpt":{"rendered":"<p>Die kurze Antwort lautet: Ja, Frederik Pleitgen hat Kinder. Nach \u00f6ffentlich zug\u00e4nglichen und glaubw\u00fcrdigen Informationen ist bekannt, dass er zwei Kinder hat. Dabei handelt es sich um einen Sohn und eine Tochter. Ihre Namen und genauen Lebensdaten werden jedoch bewusst nicht breit ver\u00f6ffentlicht. Gerade bei der Suche nach \u201eFrederik Pleitgen Kinder\u201c erwarten viele Leser konkrete [&hellip;]<\/p>\n","protected":false},"author":1,"featured_media":2398,"comment_status":"closed","ping_status":"open","sticky":false,"template":"","format":"standard","meta":{"footnotes":""},"categories":[39],"tags":[],"class_list":["post-2397","post","type-post","status-publish","format-standard","has-post-thumbnail","hentry","category-lebensstil"],"yoast_head":"<!-- This site is optimized with the Yoast SEO plugin v27.4 - https:\/\/yoast.com\/product\/yoast-seo-wordpress\/ -->\n<title>Frederik Pleitgen Kinder \u2013 Familie, Privatleben und was wirklich bekannt ist - heuteinfo.de<\/title>\n<meta name=\"robots\" content=\"index, follow, max-snippet:-1, max-image-preview:large, max-video-preview:-1\" \/>\n<link rel=\"canonical\" href=\"https:\/\/heuteinfo.de\/?p=2397\" \/>\n<meta property=\"og:locale\" content=\"en_US\" \/>\n<meta property=\"og:type\" content=\"article\" \/>\n<meta property=\"og:title\" content=\"Frederik Pleitgen Kinder \u2013 Familie, Privatleben und was wirklich bekannt ist - heuteinfo.de\" \/>\n<meta property=\"og:description\" content=\"Die kurze Antwort lautet: Ja, Frederik Pleitgen hat Kinder. Nach \u00f6ffentlich zug\u00e4nglichen und glaubw\u00fcrdigen Informationen ist bekannt, dass er zwei Kinder hat. Dabei handelt es sich um einen Sohn und eine Tochter. Ihre Namen und genauen Lebensdaten werden jedoch bewusst nicht breit ver\u00f6ffentlicht. Gerade bei der Suche nach \u201eFrederik Pleitgen Kinder\u201c erwarten viele Leser konkrete [&hellip;]\" \/>\n<meta property=\"og:url\" content=\"https:\/\/heuteinfo.de\/?p=2397\" \/>\n<meta property=\"og:site_name\" content=\"heuteinfo.de\" \/>\n<meta property=\"article:published_time\" content=\"2025-12-16T13:00:57+00:00\" \/>\n<meta property=\"article:modified_time\" content=\"2026-02-27T12:18:51+00:00\" \/>\n<meta property=\"og:image\" content=\"https:\/\/heuteinfo.de\/wp-content\/uploads\/2025\/12\/imago0092465252h.webp\" \/>\n\t<meta property=\"og:image:width\" content=\"1024\" \/>\n\t<meta property=\"og:image:height\" content=\"681\" \/>\n\t<meta property=\"og:image:type\" content=\"image\/webp\" \/>\n<meta name=\"author\" content=\"ahmedhassan98764@gmail.com\" \/>\n<meta name=\"twitter:card\" content=\"summary_large_image\" \/>\n<meta name=\"twitter:label1\" content=\"Written by\" \/>\n\t<meta name=\"twitter:data1\" content=\"ahmedhassan98764@gmail.com\" \/>\n\t<meta name=\"twitter:label2\" content=\"Est. reading time\" \/>\n\t<meta name=\"twitter:data2\" content=\"3 minutes\" \/>\n<script type=\"application\/ld+json\" class=\"yoast-schema-graph\">{\"@context\":\"https:\\\/\\\/schema.org\",\"@graph\":[{\"@type\":\"Article\",\"@id\":\"https:\\\/\\\/heuteinfo.de\\\/?p=2397#article\",\"isPartOf\":{\"@id\":\"https:\\\/\\\/heuteinfo.de\\\/?p=2397\"},\"author\":{\"name\":\"ahmedhassan98764@gmail.com\",\"@id\":\"https:\\\/\\\/heuteinfo.de\\\/#\\\/schema\\\/person\\\/94a0e25dd819e325bc73714b2b0e6250\"},\"headline\":\"Frederik Pleitgen Kinder \u2013 Familie, Privatleben und was wirklich bekannt ist\",\"datePublished\":\"2025-12-16T13:00:57+00:00\",\"dateModified\":\"2026-02-27T12:18:51+00:00\",\"mainEntityOfPage\":{\"@id\":\"https:\\\/\\\/heuteinfo.de\\\/?p=2397\"},\"wordCount\":713,\"image\":{\"@id\":\"https:\\\/\\\/heuteinfo.de\\\/?p=2397#primaryimage\"},\"thumbnailUrl\":\"https:\\\/\\\/heuteinfo.de\\\/wp-content\\\/uploads\\\/2025\\\/12\\\/imago0092465252h.webp\",\"articleSection\":[\"Lebensstil\"],\"inLanguage\":\"en-US\"},{\"@type\":\"WebPage\",\"@id\":\"https:\\\/\\\/heuteinfo.de\\\/?p=2397\",\"url\":\"https:\\\/\\\/heuteinfo.de\\\/?p=2397\",\"name\":\"Frederik Pleitgen Kinder \u2013 Familie, Privatleben und was wirklich bekannt ist - heuteinfo.de\",\"isPartOf\":{\"@id\":\"https:\\\/\\\/heuteinfo.de\\\/#website\"},\"primaryImageOfPage\":{\"@id\":\"https:\\\/\\\/heuteinfo.de\\\/?p=2397#primaryimage\"},\"image\":{\"@id\":\"https:\\\/\\\/heuteinfo.de\\\/?p=2397#primaryimage\"},\"thumbnailUrl\":\"https:\\\/\\\/heuteinfo.de\\\/wp-content\\\/uploads\\\/2025\\\/12\\\/imago0092465252h.webp\",\"datePublished\":\"2025-12-16T13:00:57+00:00\",\"dateModified\":\"2026-02-27T12:18:51+00:00\",\"author\":{\"@id\":\"https:\\\/\\\/heuteinfo.de\\\/#\\\/schema\\\/person\\\/94a0e25dd819e325bc73714b2b0e6250\"},\"breadcrumb\":{\"@id\":\"https:\\\/\\\/heuteinfo.de\\\/?p=2397#breadcrumb\"},\"inLanguage\":\"en-US\",\"potentialAction\":[{\"@type\":\"ReadAction\",\"target\":[\"https:\\\/\\\/heuteinfo.de\\\/?p=2397\"]}]},{\"@type\":\"ImageObject\",\"inLanguage\":\"en-US\",\"@id\":\"https:\\\/\\\/heuteinfo.de\\\/?p=2397#primaryimage\",\"url\":\"https:\\\/\\\/heuteinfo.de\\\/wp-content\\\/uploads\\\/2025\\\/12\\\/imago0092465252h.webp\",\"contentUrl\":\"https:\\\/\\\/heuteinfo.de\\\/wp-content\\\/uploads\\\/2025\\\/12\\\/imago0092465252h.webp\",\"width\":1024,\"height\":681,\"caption\":\"frederik pleitgen kinder\"},{\"@type\":\"BreadcrumbList\",\"@id\":\"https:\\\/\\\/heuteinfo.de\\\/?p=2397#breadcrumb\",\"itemListElement\":[{\"@type\":\"ListItem\",\"position\":1,\"name\":\"Home\",\"item\":\"https:\\\/\\\/heuteinfo.de\\\/\"},{\"@type\":\"ListItem\",\"position\":2,\"name\":\"Frederik Pleitgen Kinder \u2013 Familie, Privatleben und was wirklich bekannt ist\"}]},{\"@type\":\"WebSite\",\"@id\":\"https:\\\/\\\/heuteinfo.de\\\/#website\",\"url\":\"https:\\\/\\\/heuteinfo.de\\\/\",\"name\":\"heuteinfo.de\",\"description\":\"\",\"potentialAction\":[{\"@type\":\"SearchAction\",\"target\":{\"@type\":\"EntryPoint\",\"urlTemplate\":\"https:\\\/\\\/heuteinfo.de\\\/?s={search_term_string}\"},\"query-input\":{\"@type\":\"PropertyValueSpecification\",\"valueRequired\":true,\"valueName\":\"search_term_string\"}}],\"inLanguage\":\"en-US\"},{\"@type\":\"Person\",\"@id\":\"https:\\\/\\\/heuteinfo.de\\\/#\\\/schema\\\/person\\\/94a0e25dd819e325bc73714b2b0e6250\",\"name\":\"ahmedhassan98764@gmail.com\",\"image\":{\"@type\":\"ImageObject\",\"inLanguage\":\"en-US\",\"@id\":\"https:\\\/\\\/secure.gravatar.com\\\/avatar\\\/e2e9655aa74e87126cf4d7a522342156dfe63385e2ce1859f3a68169de6937a9?s=96&d=mm&r=g\",\"url\":\"https:\\\/\\\/secure.gravatar.com\\\/avatar\\\/e2e9655aa74e87126cf4d7a522342156dfe63385e2ce1859f3a68169de6937a9?s=96&d=mm&r=g\",\"contentUrl\":\"https:\\\/\\\/secure.gravatar.com\\\/avatar\\\/e2e9655aa74e87126cf4d7a522342156dfe63385e2ce1859f3a68169de6937a9?s=96&d=mm&r=g\",\"caption\":\"ahmedhassan98764@gmail.com\"},\"sameAs\":[\"https:\\\/\\\/heuteinfo.de\"],\"url\":\"https:\\\/\\\/heuteinfo.de\\\/?author=1\"}]}<\/script>\n<!-- \/ Yoast SEO plugin. -->","yoast_head_json":{"title":"Frederik Pleitgen Kinder \u2013 Familie, Privatleben und was wirklich bekannt ist - heuteinfo.de","robots":{"index":"index","follow":"follow","max-snippet":"max-snippet:-1","max-image-preview":"max-image-preview:large","max-video-preview":"max-video-preview:-1"},"canonical":"https:\/\/heuteinfo.de\/?p=2397","og_locale":"en_US","og_type":"article","og_title":"Frederik Pleitgen Kinder \u2013 Familie, Privatleben und was wirklich bekannt ist - heuteinfo.de","og_description":"Die kurze Antwort lautet: Ja, Frederik Pleitgen hat Kinder. Nach \u00f6ffentlich zug\u00e4nglichen und glaubw\u00fcrdigen Informationen ist bekannt, dass er zwei Kinder hat. Dabei handelt es sich um einen Sohn und eine Tochter. Ihre Namen und genauen Lebensdaten werden jedoch bewusst nicht breit ver\u00f6ffentlicht. Gerade bei der Suche nach \u201eFrederik Pleitgen Kinder\u201c erwarten viele Leser konkrete [&hellip;]","og_url":"https:\/\/heuteinfo.de\/?p=2397","og_site_name":"heuteinfo.de","article_published_time":"2025-12-16T13:00:57+00:00","article_modified_time":"2026-02-27T12:18:51+00:00","og_image":[{"width":1024,"height":681,"url":"https:\/\/heuteinfo.de\/wp-content\/uploads\/2025\/12\/imago0092465252h.webp","type":"image\/webp"}],"author":"ahmedhassan98764@gmail.com","twitter_card":"summary_large_image","twitter_misc":{"Written by":"ahmedhassan98764@gmail.com","Est. reading time":"3 minutes"},"schema":{"@context":"https:\/\/schema.org","@graph":[{"@type":"Article","@id":"https:\/\/heuteinfo.de\/?p=2397#article","isPartOf":{"@id":"https:\/\/heuteinfo.de\/?p=2397"},"author":{"name":"ahmedhassan98764@gmail.com","@id":"https:\/\/heuteinfo.de\/#\/schema\/person\/94a0e25dd819e325bc73714b2b0e6250"},"headline":"Frederik Pleitgen Kinder \u2013 Familie, Privatleben und was wirklich bekannt ist","datePublished":"2025-12-16T13:00:57+00:00","dateModified":"2026-02-27T12:18:51+00:00","mainEntityOfPage":{"@id":"https:\/\/heuteinfo.de\/?p=2397"},"wordCount":713,"image":{"@id":"https:\/\/heuteinfo.de\/?p=2397#primaryimage"},"thumbnailUrl":"https:\/\/heuteinfo.de\/wp-content\/uploads\/2025\/12\/imago0092465252h.webp","articleSection":["Lebensstil"],"inLanguage":"en-US"},{"@type":"WebPage","@id":"https:\/\/heuteinfo.de\/?p=2397","url":"https:\/\/heuteinfo.de\/?p=2397","name":"Frederik Pleitgen Kinder \u2013 Familie, Privatleben und was wirklich bekannt ist - heuteinfo.de","isPartOf":{"@id":"https:\/\/heuteinfo.de\/#website"},"primaryImageOfPage":{"@id":"https:\/\/heuteinfo.de\/?p=2397#primaryimage"},"image":{"@id":"https:\/\/heuteinfo.de\/?p=2397#primaryimage"},"thumbnailUrl":"https:\/\/heuteinfo.de\/wp-content\/uploads\/2025\/12\/imago0092465252h.webp","datePublished":"2025-12-16T13:00:57+00:00","dateModified":"2026-02-27T12:18:51+00:00","author":{"@id":"https:\/\/heuteinfo.de\/#\/schema\/person\/94a0e25dd819e325bc73714b2b0e6250"},"breadcrumb":{"@id":"https:\/\/heuteinfo.de\/?p=2397#breadcrumb"},"inLanguage":"en-US","potentialAction":[{"@type":"ReadAction","target":["https:\/\/heuteinfo.de\/?p=2397"]}]},{"@type":"ImageObject","inLanguage":"en-US","@id":"https:\/\/heuteinfo.de\/?p=2397#primaryimage","url":"https:\/\/heuteinfo.de\/wp-content\/uploads\/2025\/12\/imago0092465252h.webp","contentUrl":"https:\/\/heuteinfo.de\/wp-content\/uploads\/2025\/12\/imago0092465252h.webp","width":1024,"height":681,"caption":"frederik pleitgen kinder"},{"@type":"BreadcrumbList","@id":"https:\/\/heuteinfo.de\/?p=2397#breadcrumb","itemListElement":[{"@type":"ListItem","position":1,"name":"Home","item":"https:\/\/heuteinfo.de\/"},{"@type":"ListItem","position":2,"name":"Frederik Pleitgen Kinder \u2013 Familie, Privatleben und was wirklich bekannt ist"}]},{"@type":"WebSite","@id":"https:\/\/heuteinfo.de\/#website","url":"https:\/\/heuteinfo.de\/","name":"heuteinfo.de","description":"","potentialAction":[{"@type":"SearchAction","target":{"@type":"EntryPoint","urlTemplate":"https:\/\/heuteinfo.de\/?s={search_term_string}"},"query-input":{"@type":"PropertyValueSpecification","valueRequired":true,"valueName":"search_term_string"}}],"inLanguage":"en-US"},{"@type":"Person","@id":"https:\/\/heuteinfo.de\/#\/schema\/person\/94a0e25dd819e325bc73714b2b0e6250","name":"ahmedhassan98764@gmail.com","image":{"@type":"ImageObject","inLanguage":"en-US","@id":"https:\/\/secure.gravatar.com\/avatar\/e2e9655aa74e87126cf4d7a522342156dfe63385e2ce1859f3a68169de6937a9?s=96&d=mm&r=g","url":"https:\/\/secure.gravatar.com\/avatar\/e2e9655aa74e87126cf4d7a522342156dfe63385e2ce1859f3a68169de6937a9?s=96&d=mm&r=g","contentUrl":"https:\/\/secure.gravatar.com\/avatar\/e2e9655aa74e87126cf4d7a522342156dfe63385e2ce1859f3a68169de6937a9?s=96&d=mm&r=g","caption":"ahmedhassan98764@gmail.com"},"sameAs":["https:\/\/heuteinfo.de"],"url":"https:\/\/heuteinfo.de\/?author=1"}]}},"_links":{"self":[{"href":"https:\/\/heuteinfo.de\/index.php?rest_route=\/wp\/v2\/posts\/2397","targetHints":{"allow":["GET"]}}],"collection":[{"href":"https:\/\/heuteinfo.de\/index.php?rest_route=\/wp\/v2\/posts"}],"about":[{"href":"https:\/\/heuteinfo.de\/index.php?rest_route=\/wp\/v2\/types\/post"}],"author":[{"embeddable":true,"href":"https:\/\/heuteinfo.de\/index.php?rest_route=\/wp\/v2\/users\/1"}],"replies":[{"embeddable":true,"href":"https:\/\/heuteinfo.de\/index.php?rest_route=%2Fwp%2Fv2%2Fcomments&post=2397"}],"version-history":[{"count":3,"href":"https:\/\/heuteinfo.de\/index.php?rest_route=\/wp\/v2\/posts\/2397\/revisions"}],"predecessor-version":[{"id":10787,"href":"https:\/\/heuteinfo.de\/index.php?rest_route=\/wp\/v2\/posts\/2397\/revisions\/10787"}],"wp:featuredmedia":[{"embeddable":true,"href":"https:\/\/heuteinfo.de\/index.php?rest_route=\/wp\/v2\/media\/2398"}],"wp:attachment":[{"href":"https:\/\/heuteinfo.de\/index.php?rest_route=%2Fwp%2Fv2%2Fmedia&parent=2397"}],"wp:term":[{"taxonomy":"category","embeddable":true,"href":"https:\/\/heuteinfo.de\/index.php?rest_route=%2Fwp%2Fv2%2Fcategories&post=2397"},{"taxonomy":"post_tag","embeddable":true,"href":"https:\/\/heuteinfo.de\/index.php?rest_route=%2Fwp%2Fv2%2Ftags&post=2397"}],"curies":[{"name":"wp","href":"https:\/\/api.w.org\/{rel}","templated":true}]}}