{"id":2400,"date":"2025-12-16T13:02:22","date_gmt":"2025-12-16T13:02:22","guid":{"rendered":"https:\/\/heuteinfo.de\/?p=2400"},"modified":"2026-02-27T12:18:51","modified_gmt":"2026-02-27T12:18:51","slug":"gunther-jauchs-tochter-behindert","status":"publish","type":"post","link":"https:\/\/heuteinfo.de\/?p=2400","title":{"rendered":"G\u00fcnther Jauchs Tochter behindert \u2013 Fakten, Ger\u00fcchte und was wirklich bekannt ist"},"content":{"rendered":"\n<p>Ger\u00fcchte im Internet entstehen oft leise und verbreiten sich schnell. Im Fall von <strong>\u201e<a href=\"https:\/\/de.wikipedia.org\/wiki\/G%C3%BCnther_Jauch\">G\u00fcnther Jauchs<\/a> Tochter behindert\u201c<\/strong> gibt es keinen klaren Ursprung, sondern viele kleine Ausl\u00f6ser. H\u00e4ufig beginnt es mit einer unbeantworteten Frage in einem Forum oder einem Kommentar unter einem Artikel. Andere Menschen lesen das, \u00fcbernehmen es ungepr\u00fcft und pl\u00f6tzlich wirkt es wie eine Tatsache. Ein wichtiger Punkt ist die Funktionsweise von Suchmaschinen. Wenn viele Menschen \u00e4hnliche Fragen stellen, schl\u00e4gt Google oder Bing diese automatisch vor. Dadurch entsteht der Eindruck, dass es sich um gesichertes Wissen handelt. In Wirklichkeit zeigt es nur, <strong>was oft gesucht wird<\/strong>, nicht was stimmt.<\/p>\n\n\n\n<p>Besonders bei Prominenten, die ihr Privatleben sch\u00fctzen, passiert Folgendes: Es gibt wenig Informationen, also f\u00fcllt das Internet diese L\u00fccke mit Annahmen. Das ist menschlich, aber nicht korrekt. G\u00fcnther Jauch \u00e4u\u00dfert sich bewusst nicht \u00fcber seine Kinder. Dieses Schweigen wird dann manchmal falsch interpretiert. Ein weiterer Faktor sind sogenannte Clickbait-Seiten. Sie nutzen sensible Begriffe wie <em>behindert<\/em> oder <em>Krankheit<\/em>, um Aufmerksamkeit zu erzeugen. Inhaltlich liefern sie jedoch meist keine neuen oder verl\u00e4sslichen Informationen. F\u00fcr Leserinnen und Leser ist es deshalb wichtig, <strong>Quellen kritisch zu hinterfragen<\/strong>.<\/p>\n\n\n\n<h2 class=\"wp-block-heading\">Privatsph\u00e4re von Kindern prominenter Personen<\/h2>\n\n\n\n<p>Kinder von Prominenten stehen oft unfreiwillig im Fokus der \u00d6ffentlichkeit. Dabei haben sie genauso ein Recht auf Privatsph\u00e4re wie jedes andere Kind. In Deutschland ist der Schutz von Kindern besonders stark geregelt \u2013 rechtlich und gesellschaftlich. G\u00fcnther Jauch gilt als gutes Beispiel daf\u00fcr, wie konsequent man Familie sch\u00fctzen kann. Er zeigt seine Kinder nicht in der \u00d6ffentlichkeit, spricht nicht \u00fcber ihre Lebensumst\u00e4nde und gibt keine Interviews \u00fcber ihr Privatleben. Diese Haltung ist kein Zufall, sondern eine bewusste Entscheidung. Gerade Fragen wie <strong>\u201eG\u00fcnther Jauchs Tochter behindert?\u201c<\/strong> zeigen, wie schnell Grenzen \u00fcberschritten werden k\u00f6nnen. Selbst wenn es eine Behinderung g\u00e4be, w\u00e4re das kein \u00f6ffentliches Thema. Gesundheitliche Fragen geh\u00f6ren zu den pers\u00f6nlichsten Dingen eines Menschen. Viele Medienexperten sagen klar:<\/p>\n\n\n\n<blockquote class=\"wp-block-quote is-layout-flow wp-block-quote-is-layout-flow\">\n<p><strong>Kinder von Prominenten sind keine \u00f6ffentlichen Personen.<\/strong><\/p>\n<\/blockquote>\n\n\n\n<p>Das bedeutet auch f\u00fcr Leserinnen und Leser Verantwortung. Nicht jede Frage, die man stellen kann, sollte man auch weiterverbreiten. Respekt beginnt dort, wo man akzeptiert, dass manche Dinge privat bleiben m\u00fcssen.<\/p>\n\n\n\n<h2 class=\"wp-block-heading\">Umgang mit sensiblen Themen wie Behinderung im Internet<\/h2>\n\n\n\n<p>Das Thema Behinderung wird im Internet oft falsch behandelt. Entweder wird es tabuisiert oder f\u00fcr Aufmerksamkeit benutzt. Beides ist problematisch. Behinderung ist ein Teil der gesellschaftlichen Realit\u00e4t und sollte <strong>sachlich, respektvoll und ohne Sensationslust<\/strong> behandelt werden. Wenn Begriffe wie <em>behindert<\/em> im Zusammenhang mit Ger\u00fcchten auftauchen, entsteht schnell ein falsches Bild. Es wirkt so, als w\u00e4re eine Behinderung etwas Negatives oder Geheimnisvolles. Das stimmt nicht. Viele Menschen mit Behinderung f\u00fchren ein erf\u00fclltes, selbstbestimmtes Leben.<\/p>\n\n\n\n<p>Problematisch wird es, wenn:<\/p>\n\n\n\n<ul class=\"wp-block-list\">\n<li>keine Fakten vorliegen<\/li>\n\n\n\n<li>Betroffene nicht selbst sprechen<\/li>\n\n\n\n<li>Spekulationen als Wahrheit dargestellt werden<\/li>\n<\/ul>\n\n\n\n<p>Im Fall von G\u00fcnther Jauch gibt es keine best\u00e4tigten Informationen. Deshalb sollte das Thema auch nicht weiter ausgeschm\u00fcckt werden. Verantwortungsvoller Umgang bedeutet, <strong>nicht alles weiterzuklicken oder zu teilen<\/strong>, nur weil es neugierig macht. Ein bewusster Umgang mit Sprache hilft dabei. Fragen k\u00f6nnen verletzen, auch wenn sie nicht b\u00f6se gemeint sind. Besonders dann, wenn es um Kinder geht.<\/p>\n\n\n\n<h2 class=\"wp-block-heading\">Fazit<\/h2>\n\n\n\n<p>Am Ende l\u00e4sst sich der Sachstand klar zusammenfassen. Der Suchbegriff <strong>\u201eG\u00fcnther Jauchs Tochter behindert\u201c<\/strong> basiert nicht auf best\u00e4tigten Informationen. Es gibt keine \u00f6ffentlichen Aussagen, keine Interviews und keine seri\u00f6sen Berichte, die das belegen.<\/p>\n\n\n\n<p>Was man sicher wei\u00df:<\/p>\n\n\n\n<ul class=\"wp-block-list\">\n<li>G\u00fcnther Jauch hat vier T\u00f6chter<\/li>\n\n\n\n<li>Er sch\u00fctzt sein Familienleben konsequent<\/li>\n\n\n\n<li>\u00dcber den Gesundheitszustand seiner Kinder ist nichts bekannt<\/li>\n<\/ul>\n\n\n\n<p>Alles andere sind Ger\u00fcchte oder Annahmen. Und genau hier ist Zur\u00fcckhaltung wichtig. Neugier ist menschlich, aber Respekt ist wichtiger. Besonders wenn es um Kinder und sensible Themen geht. Wer im Internet recherchiert, sollte sich immer fragen: <strong>Ist das eine Tatsache \u2013 oder nur eine oft gestellte Frage?<\/strong><\/p>\n\n\n\n<p>Mher Lesson: <strong><a href=\"https:\/\/heuteinfo.de\/2025\/12\/16\/frederik-pleitgen-kinder\/\">Frederik Pleitgen Kinder<\/a><\/strong><\/p>\n","protected":false},"excerpt":{"rendered":"<p>Ger\u00fcchte im Internet entstehen oft leise und verbreiten sich schnell. Im Fall von \u201eG\u00fcnther Jauchs Tochter behindert\u201c gibt es keinen klaren Ursprung, sondern viele kleine Ausl\u00f6ser. H\u00e4ufig beginnt es mit einer unbeantworteten Frage in einem Forum oder einem Kommentar unter einem Artikel. Andere Menschen lesen das, \u00fcbernehmen es ungepr\u00fcft und pl\u00f6tzlich wirkt es wie eine [&hellip;]<\/p>\n","protected":false},"author":1,"featured_media":2401,"comment_status":"closed","ping_status":"open","sticky":false,"template":"","format":"standard","meta":{"footnotes":""},"categories":[39],"tags":[],"class_list":["post-2400","post","type-post","status-publish","format-standard","has-post-thumbnail","hentry","category-lebensstil"],"yoast_head":"<!-- This site is optimized with the Yoast SEO plugin v27.4 - https:\/\/yoast.com\/product\/yoast-seo-wordpress\/ -->\n<title>G\u00fcnther Jauchs Tochter behindert \u2013 Fakten, Ger\u00fcchte und was wirklich bekannt ist - heuteinfo.de<\/title>\n<meta name=\"robots\" content=\"index, follow, max-snippet:-1, max-image-preview:large, max-video-preview:-1\" \/>\n<link rel=\"canonical\" href=\"https:\/\/heuteinfo.de\/?p=2400\" \/>\n<meta property=\"og:locale\" content=\"en_US\" \/>\n<meta property=\"og:type\" content=\"article\" \/>\n<meta property=\"og:title\" content=\"G\u00fcnther Jauchs Tochter behindert \u2013 Fakten, Ger\u00fcchte und was wirklich bekannt ist - heuteinfo.de\" \/>\n<meta property=\"og:description\" content=\"Ger\u00fcchte im Internet entstehen oft leise und verbreiten sich schnell. Im Fall von \u201eG\u00fcnther Jauchs Tochter behindert\u201c gibt es keinen klaren Ursprung, sondern viele kleine Ausl\u00f6ser. H\u00e4ufig beginnt es mit einer unbeantworteten Frage in einem Forum oder einem Kommentar unter einem Artikel. Andere Menschen lesen das, \u00fcbernehmen es ungepr\u00fcft und pl\u00f6tzlich wirkt es wie eine [&hellip;]\" \/>\n<meta property=\"og:url\" content=\"https:\/\/heuteinfo.de\/?p=2400\" \/>\n<meta property=\"og:site_name\" content=\"heuteinfo.de\" \/>\n<meta property=\"article:published_time\" content=\"2025-12-16T13:02:22+00:00\" \/>\n<meta property=\"article:modified_time\" content=\"2026-02-27T12:18:51+00:00\" \/>\n<meta property=\"og:image\" content=\"https:\/\/heuteinfo.de\/wp-content\/uploads\/2025\/12\/RTL-Wir-helfen-Kindern_large.jpg\" \/>\n\t<meta property=\"og:image:width\" content=\"360\" \/>\n\t<meta property=\"og:image:height\" content=\"251\" \/>\n\t<meta property=\"og:image:type\" content=\"image\/jpeg\" \/>\n<meta name=\"author\" content=\"ahmedhassan98764@gmail.com\" \/>\n<meta name=\"twitter:card\" content=\"summary_large_image\" \/>\n<meta name=\"twitter:label1\" content=\"Written by\" \/>\n\t<meta name=\"twitter:data1\" content=\"ahmedhassan98764@gmail.com\" \/>\n\t<meta name=\"twitter:label2\" content=\"Est. reading time\" \/>\n\t<meta name=\"twitter:data2\" content=\"3 minutes\" \/>\n<script type=\"application\/ld+json\" class=\"yoast-schema-graph\">{\"@context\":\"https:\\\/\\\/schema.org\",\"@graph\":[{\"@type\":\"Article\",\"@id\":\"https:\\\/\\\/heuteinfo.de\\\/?p=2400#article\",\"isPartOf\":{\"@id\":\"https:\\\/\\\/heuteinfo.de\\\/?p=2400\"},\"author\":{\"name\":\"ahmedhassan98764@gmail.com\",\"@id\":\"https:\\\/\\\/heuteinfo.de\\\/#\\\/schema\\\/person\\\/94a0e25dd819e325bc73714b2b0e6250\"},\"headline\":\"G\u00fcnther Jauchs Tochter behindert \u2013 Fakten, Ger\u00fcchte und was wirklich bekannt ist\",\"datePublished\":\"2025-12-16T13:02:22+00:00\",\"dateModified\":\"2026-02-27T12:18:51+00:00\",\"mainEntityOfPage\":{\"@id\":\"https:\\\/\\\/heuteinfo.de\\\/?p=2400\"},\"wordCount\":663,\"image\":{\"@id\":\"https:\\\/\\\/heuteinfo.de\\\/?p=2400#primaryimage\"},\"thumbnailUrl\":\"https:\\\/\\\/heuteinfo.de\\\/wp-content\\\/uploads\\\/2025\\\/12\\\/RTL-Wir-helfen-Kindern_large.jpg\",\"articleSection\":[\"Lebensstil\"],\"inLanguage\":\"en-US\"},{\"@type\":\"WebPage\",\"@id\":\"https:\\\/\\\/heuteinfo.de\\\/?p=2400\",\"url\":\"https:\\\/\\\/heuteinfo.de\\\/?p=2400\",\"name\":\"G\u00fcnther Jauchs Tochter behindert \u2013 Fakten, Ger\u00fcchte und was wirklich bekannt ist - heuteinfo.de\",\"isPartOf\":{\"@id\":\"https:\\\/\\\/heuteinfo.de\\\/#website\"},\"primaryImageOfPage\":{\"@id\":\"https:\\\/\\\/heuteinfo.de\\\/?p=2400#primaryimage\"},\"image\":{\"@id\":\"https:\\\/\\\/heuteinfo.de\\\/?p=2400#primaryimage\"},\"thumbnailUrl\":\"https:\\\/\\\/heuteinfo.de\\\/wp-content\\\/uploads\\\/2025\\\/12\\\/RTL-Wir-helfen-Kindern_large.jpg\",\"datePublished\":\"2025-12-16T13:02:22+00:00\",\"dateModified\":\"2026-02-27T12:18:51+00:00\",\"author\":{\"@id\":\"https:\\\/\\\/heuteinfo.de\\\/#\\\/schema\\\/person\\\/94a0e25dd819e325bc73714b2b0e6250\"},\"breadcrumb\":{\"@id\":\"https:\\\/\\\/heuteinfo.de\\\/?p=2400#breadcrumb\"},\"inLanguage\":\"en-US\",\"potentialAction\":[{\"@type\":\"ReadAction\",\"target\":[\"https:\\\/\\\/heuteinfo.de\\\/?p=2400\"]}]},{\"@type\":\"ImageObject\",\"inLanguage\":\"en-US\",\"@id\":\"https:\\\/\\\/heuteinfo.de\\\/?p=2400#primaryimage\",\"url\":\"https:\\\/\\\/heuteinfo.de\\\/wp-content\\\/uploads\\\/2025\\\/12\\\/RTL-Wir-helfen-Kindern_large.jpg\",\"contentUrl\":\"https:\\\/\\\/heuteinfo.de\\\/wp-content\\\/uploads\\\/2025\\\/12\\\/RTL-Wir-helfen-Kindern_large.jpg\",\"width\":360,\"height\":251,\"caption\":\"g\u00fcnther jauchs tochter behindert\"},{\"@type\":\"BreadcrumbList\",\"@id\":\"https:\\\/\\\/heuteinfo.de\\\/?p=2400#breadcrumb\",\"itemListElement\":[{\"@type\":\"ListItem\",\"position\":1,\"name\":\"Home\",\"item\":\"https:\\\/\\\/heuteinfo.de\\\/\"},{\"@type\":\"ListItem\",\"position\":2,\"name\":\"G\u00fcnther Jauchs Tochter behindert \u2013 Fakten, Ger\u00fcchte und was wirklich bekannt ist\"}]},{\"@type\":\"WebSite\",\"@id\":\"https:\\\/\\\/heuteinfo.de\\\/#website\",\"url\":\"https:\\\/\\\/heuteinfo.de\\\/\",\"name\":\"heuteinfo.de\",\"description\":\"\",\"potentialAction\":[{\"@type\":\"SearchAction\",\"target\":{\"@type\":\"EntryPoint\",\"urlTemplate\":\"https:\\\/\\\/heuteinfo.de\\\/?s={search_term_string}\"},\"query-input\":{\"@type\":\"PropertyValueSpecification\",\"valueRequired\":true,\"valueName\":\"search_term_string\"}}],\"inLanguage\":\"en-US\"},{\"@type\":\"Person\",\"@id\":\"https:\\\/\\\/heuteinfo.de\\\/#\\\/schema\\\/person\\\/94a0e25dd819e325bc73714b2b0e6250\",\"name\":\"ahmedhassan98764@gmail.com\",\"image\":{\"@type\":\"ImageObject\",\"inLanguage\":\"en-US\",\"@id\":\"https:\\\/\\\/secure.gravatar.com\\\/avatar\\\/e2e9655aa74e87126cf4d7a522342156dfe63385e2ce1859f3a68169de6937a9?s=96&d=mm&r=g\",\"url\":\"https:\\\/\\\/secure.gravatar.com\\\/avatar\\\/e2e9655aa74e87126cf4d7a522342156dfe63385e2ce1859f3a68169de6937a9?s=96&d=mm&r=g\",\"contentUrl\":\"https:\\\/\\\/secure.gravatar.com\\\/avatar\\\/e2e9655aa74e87126cf4d7a522342156dfe63385e2ce1859f3a68169de6937a9?s=96&d=mm&r=g\",\"caption\":\"ahmedhassan98764@gmail.com\"},\"sameAs\":[\"https:\\\/\\\/heuteinfo.de\"],\"url\":\"https:\\\/\\\/heuteinfo.de\\\/?author=1\"}]}<\/script>\n<!-- \/ Yoast SEO plugin. -->","yoast_head_json":{"title":"G\u00fcnther Jauchs Tochter behindert \u2013 Fakten, Ger\u00fcchte und was wirklich bekannt ist - heuteinfo.de","robots":{"index":"index","follow":"follow","max-snippet":"max-snippet:-1","max-image-preview":"max-image-preview:large","max-video-preview":"max-video-preview:-1"},"canonical":"https:\/\/heuteinfo.de\/?p=2400","og_locale":"en_US","og_type":"article","og_title":"G\u00fcnther Jauchs Tochter behindert \u2013 Fakten, Ger\u00fcchte und was wirklich bekannt ist - heuteinfo.de","og_description":"Ger\u00fcchte im Internet entstehen oft leise und verbreiten sich schnell. Im Fall von \u201eG\u00fcnther Jauchs Tochter behindert\u201c gibt es keinen klaren Ursprung, sondern viele kleine Ausl\u00f6ser. H\u00e4ufig beginnt es mit einer unbeantworteten Frage in einem Forum oder einem Kommentar unter einem Artikel. Andere Menschen lesen das, \u00fcbernehmen es ungepr\u00fcft und pl\u00f6tzlich wirkt es wie eine [&hellip;]","og_url":"https:\/\/heuteinfo.de\/?p=2400","og_site_name":"heuteinfo.de","article_published_time":"2025-12-16T13:02:22+00:00","article_modified_time":"2026-02-27T12:18:51+00:00","og_image":[{"width":360,"height":251,"url":"https:\/\/heuteinfo.de\/wp-content\/uploads\/2025\/12\/RTL-Wir-helfen-Kindern_large.jpg","type":"image\/jpeg"}],"author":"ahmedhassan98764@gmail.com","twitter_card":"summary_large_image","twitter_misc":{"Written by":"ahmedhassan98764@gmail.com","Est. reading time":"3 minutes"},"schema":{"@context":"https:\/\/schema.org","@graph":[{"@type":"Article","@id":"https:\/\/heuteinfo.de\/?p=2400#article","isPartOf":{"@id":"https:\/\/heuteinfo.de\/?p=2400"},"author":{"name":"ahmedhassan98764@gmail.com","@id":"https:\/\/heuteinfo.de\/#\/schema\/person\/94a0e25dd819e325bc73714b2b0e6250"},"headline":"G\u00fcnther Jauchs Tochter behindert \u2013 Fakten, Ger\u00fcchte und was wirklich bekannt ist","datePublished":"2025-12-16T13:02:22+00:00","dateModified":"2026-02-27T12:18:51+00:00","mainEntityOfPage":{"@id":"https:\/\/heuteinfo.de\/?p=2400"},"wordCount":663,"image":{"@id":"https:\/\/heuteinfo.de\/?p=2400#primaryimage"},"thumbnailUrl":"https:\/\/heuteinfo.de\/wp-content\/uploads\/2025\/12\/RTL-Wir-helfen-Kindern_large.jpg","articleSection":["Lebensstil"],"inLanguage":"en-US"},{"@type":"WebPage","@id":"https:\/\/heuteinfo.de\/?p=2400","url":"https:\/\/heuteinfo.de\/?p=2400","name":"G\u00fcnther Jauchs Tochter behindert \u2013 Fakten, Ger\u00fcchte und was wirklich bekannt ist - heuteinfo.de","isPartOf":{"@id":"https:\/\/heuteinfo.de\/#website"},"primaryImageOfPage":{"@id":"https:\/\/heuteinfo.de\/?p=2400#primaryimage"},"image":{"@id":"https:\/\/heuteinfo.de\/?p=2400#primaryimage"},"thumbnailUrl":"https:\/\/heuteinfo.de\/wp-content\/uploads\/2025\/12\/RTL-Wir-helfen-Kindern_large.jpg","datePublished":"2025-12-16T13:02:22+00:00","dateModified":"2026-02-27T12:18:51+00:00","author":{"@id":"https:\/\/heuteinfo.de\/#\/schema\/person\/94a0e25dd819e325bc73714b2b0e6250"},"breadcrumb":{"@id":"https:\/\/heuteinfo.de\/?p=2400#breadcrumb"},"inLanguage":"en-US","potentialAction":[{"@type":"ReadAction","target":["https:\/\/heuteinfo.de\/?p=2400"]}]},{"@type":"ImageObject","inLanguage":"en-US","@id":"https:\/\/heuteinfo.de\/?p=2400#primaryimage","url":"https:\/\/heuteinfo.de\/wp-content\/uploads\/2025\/12\/RTL-Wir-helfen-Kindern_large.jpg","contentUrl":"https:\/\/heuteinfo.de\/wp-content\/uploads\/2025\/12\/RTL-Wir-helfen-Kindern_large.jpg","width":360,"height":251,"caption":"g\u00fcnther jauchs tochter behindert"},{"@type":"BreadcrumbList","@id":"https:\/\/heuteinfo.de\/?p=2400#breadcrumb","itemListElement":[{"@type":"ListItem","position":1,"name":"Home","item":"https:\/\/heuteinfo.de\/"},{"@type":"ListItem","position":2,"name":"G\u00fcnther Jauchs Tochter behindert \u2013 Fakten, Ger\u00fcchte und was wirklich bekannt ist"}]},{"@type":"WebSite","@id":"https:\/\/heuteinfo.de\/#website","url":"https:\/\/heuteinfo.de\/","name":"heuteinfo.de","description":"","potentialAction":[{"@type":"SearchAction","target":{"@type":"EntryPoint","urlTemplate":"https:\/\/heuteinfo.de\/?s={search_term_string}"},"query-input":{"@type":"PropertyValueSpecification","valueRequired":true,"valueName":"search_term_string"}}],"inLanguage":"en-US"},{"@type":"Person","@id":"https:\/\/heuteinfo.de\/#\/schema\/person\/94a0e25dd819e325bc73714b2b0e6250","name":"ahmedhassan98764@gmail.com","image":{"@type":"ImageObject","inLanguage":"en-US","@id":"https:\/\/secure.gravatar.com\/avatar\/e2e9655aa74e87126cf4d7a522342156dfe63385e2ce1859f3a68169de6937a9?s=96&d=mm&r=g","url":"https:\/\/secure.gravatar.com\/avatar\/e2e9655aa74e87126cf4d7a522342156dfe63385e2ce1859f3a68169de6937a9?s=96&d=mm&r=g","contentUrl":"https:\/\/secure.gravatar.com\/avatar\/e2e9655aa74e87126cf4d7a522342156dfe63385e2ce1859f3a68169de6937a9?s=96&d=mm&r=g","caption":"ahmedhassan98764@gmail.com"},"sameAs":["https:\/\/heuteinfo.de"],"url":"https:\/\/heuteinfo.de\/?author=1"}]}},"_links":{"self":[{"href":"https:\/\/heuteinfo.de\/index.php?rest_route=\/wp\/v2\/posts\/2400","targetHints":{"allow":["GET"]}}],"collection":[{"href":"https:\/\/heuteinfo.de\/index.php?rest_route=\/wp\/v2\/posts"}],"about":[{"href":"https:\/\/heuteinfo.de\/index.php?rest_route=\/wp\/v2\/types\/post"}],"author":[{"embeddable":true,"href":"https:\/\/heuteinfo.de\/index.php?rest_route=\/wp\/v2\/users\/1"}],"replies":[{"embeddable":true,"href":"https:\/\/heuteinfo.de\/index.php?rest_route=%2Fwp%2Fv2%2Fcomments&post=2400"}],"version-history":[{"count":3,"href":"https:\/\/heuteinfo.de\/index.php?rest_route=\/wp\/v2\/posts\/2400\/revisions"}],"predecessor-version":[{"id":10788,"href":"https:\/\/heuteinfo.de\/index.php?rest_route=\/wp\/v2\/posts\/2400\/revisions\/10788"}],"wp:featuredmedia":[{"embeddable":true,"href":"https:\/\/heuteinfo.de\/index.php?rest_route=\/wp\/v2\/media\/2401"}],"wp:attachment":[{"href":"https:\/\/heuteinfo.de\/index.php?rest_route=%2Fwp%2Fv2%2Fmedia&parent=2400"}],"wp:term":[{"taxonomy":"category","embeddable":true,"href":"https:\/\/heuteinfo.de\/index.php?rest_route=%2Fwp%2Fv2%2Fcategories&post=2400"},{"taxonomy":"post_tag","embeddable":true,"href":"https:\/\/heuteinfo.de\/index.php?rest_route=%2Fwp%2Fv2%2Ftags&post=2400"}],"curies":[{"name":"wp","href":"https:\/\/api.w.org\/{rel}","templated":true}]}}