{"id":2404,"date":"2025-12-17T12:58:15","date_gmt":"2025-12-17T12:58:15","guid":{"rendered":"https:\/\/heuteinfo.de\/?p=2404"},"modified":"2026-02-27T12:18:52","modified_gmt":"2026-02-27T12:18:52","slug":"franca-lehfeldt-ungeschminkt","status":"publish","type":"post","link":"https:\/\/heuteinfo.de\/?p=2404","title":{"rendered":"Franca Lehfeldt ungeschminkt \u2013 Die nat\u00fcrliche Seite einer bekannten Journalistin"},"content":{"rendered":"\n<p>Franca Lehfeldt ungeschminkt zeigt eine Seite der bekannten Journalistin, die viele Menschen \u00fcberrascht hat. Normalerweise kennt man sie perfekt gestylt aus dem Fernsehen und von \u00f6ffentlichen Auftritten. Doch ohne Make-Up wirkt sie viel nat\u00fcrlicher, weicher und nahbarer.<\/p>\n\n\n\n<p>Dieser ungeschminkte Moment hat gro\u00dfe Aufmerksamkeit bekommen, weil er zeigt, dass auch eine starke Medienfrau nicht immer perfekt aussehen muss. Es macht sie menschlicher und zeigt, dass Nat\u00fcrlichkeit genauso sch\u00f6n sein kann wie ein professioneller Look.<\/p>\n\n\n\n<h2 class=\"wp-block-heading\" id=\"wer-ist-franca-lehfeldt-und-was-bedeutet-ungeschminkt\"><strong>Wer ist Franca Lehfeldt und was bedeutet \u201eungeschminkt\u201c?<\/strong><\/h2>\n\n\n\n<p><a href=\"http:\/\/postora.co.uk\">Franca Lehfeldt<\/a> ist eine bekannte deutsche Journalistin und Moderatorin. Viele kennen sie aus politischen Interviews, Nachrichtenformaten oder Talkrunden. Sie hat ein sehr klares, elegantes Auftreten, das viele Zuschauer mit Professionalit\u00e4t verbinden. Deshalb hat der Ausdruck <strong>\u201eFranca Lehfeldt ungeschminkt\u201c<\/strong> auch so viel Aufmerksamkeit bekommen.<\/p>\n\n\n\n<p>Wenn sie sich ungeschminkt zeigt, dann geht es nicht nur darum, dass sie kein Make-Up tr\u00e4gt. Es bedeutet, dass sie ihre nat\u00fcrliche Seite zeigt \u2013 die Seite, die man im Fernsehen oder in der \u00d6ffentlichkeit selten sieht. Menschen reagieren darauf oft positiv, weil es ehrlich wirkt. Es zeigt, dass selbst erfolgreiche Frauen nicht st\u00e4ndig perfekt aussehen m\u00fcssen. Genau das macht diesen Moment so interessant.<\/p>\n\n\n\n<h2 class=\"wp-block-heading\" id=\"hintergrund-karriere-offentliches-auftreten\"><strong>Hintergrund \u2013 Karriere &amp; \u00f6ffentliches Auftreten<\/strong><\/h2>\n\n\n\n<p>Franca Lehfeldt ist nicht einfach \u201enur\u201c eine Moderatorin. Sie hat eine starke berufliche Entwicklung durchlaufen. Nach ihrer Ausbildung arbeitete sie bei bekannten TV-Sendern und wurde schnell zu einem festen Gesicht im politischen Journalismus. Ihre Interviews, Moderationen und Analysen werden von vielen Menschen gesch\u00e4tzt.<\/p>\n\n\n\n<p>\u00d6ffentlich sieht man sie meistens sehr professionell gestylt. Glattes Haar, perfekt sitzendes Make-Up, klare Outfits \u2013 das ist der Look, f\u00fcr den sie bekannt ist. In der Medienwelt ist ein gepflegtes Auftreten wichtig, denn es beeinflusst, wie Menschen Informationen aufnehmen. Genau deshalb f\u00e4llt jede Ver\u00e4nderung sofort auf.<\/p>\n\n\n\n<p>Wenn man diesen Stil kennt, versteht man auch besser, warum der Begriff <strong>\u201eFranca Lehfeldt ungeschminkt\u201c<\/strong> so beliebt ist. Er zeigt einen starken Kontrast zu ihrem \u00fcblichen Auftritt. Ein Mensch, der sonst so kontrolliert wirkt, zeigt sich pl\u00f6tzlich ganz privat und echt. Dieser Kontrast macht neugierig.<\/p>\n\n\n\n<h2 class=\"wp-block-heading\" id=\"der-moment-franca-lehfeldt-ungeschminkt\"><strong>Der Moment \u201eFranca Lehfeldt ungeschminkt\u201c<\/strong><\/h2>\n\n\n\n<p>Der nat\u00fcrliche Moment, in dem Franca Lehfeldt ungeschminkt zu sehen war, wurde vor allem durch Social Media bekannt. Besonders ein Foto ohne sichtbares Make-Up hat viele Menschen \u00fcberrascht. Es zeigte sie entspannt, mit weicherem Ausdruck und weniger \u201eFernsehlook\u201c. Ein solcher Auftritt wirkt nicht nur nat\u00fcrlicher, sondern auch n\u00e4herbar.<\/p>\n\n\n\n<p>Viele Fans lobten diesen Moment. Sie fanden es mutig, offen und sympathisch. Einige schrieben sogar, dass sie ohne Make-Up noch sch\u00f6ner wirke. Und es stimmt: Oft wirkt ein nat\u00fcrliches Gesicht freundlicher und authentischer als ein stark geschminktes.<\/p>\n\n\n\n<p>Was den Moment besonders wichtig macht, ist die Botschaft dahinter. Franca Lehfeldt sprach n\u00e4mlich selbst \u00fcber Themen wie Alter, Haut, Falten und Sch\u00f6nheitsdruck. Sie erkl\u00e4rte, dass sie ihre Falten liebt und dass Social Media zu oft ein falsches Bild von Perfektion zeigt. Genau deshalb war \u201eFranca Lehfeldt ungeschminkt\u201c mehr als ein Foto \u2013 es war eine klare Aussage.<\/p>\n\n\n\n<h2 class=\"wp-block-heading\" id=\"warum-naturliche-looks-bei-prominenten-wichtig-sind\"><strong>Warum nat\u00fcrliche Looks bei Prominenten wichtig sind<\/strong><\/h2>\n\n\n\n<p>In der heutigen Zeit wirken viele Bilder im Internet perfekt. Filter, Retuschen, Beauty-Effekte \u2013 all das f\u00fchrt dazu, dass Menschen denken, sie m\u00fcssten immer makellos aussehen. Doch das ist unrealistisch. Umso wichtiger ist es, wenn bekannte Pers\u00f6nlichkeiten wie Franca Lehfeldt zeigen, dass echte Haut normal ist.<\/p>\n\n\n\n<p>Wenn Prominente sich ungeschminkt zeigen, hat das mehrere Vorteile:<\/p>\n\n\n\n<ul class=\"wp-block-list\">\n<li><strong>Es macht sie nahbarer.<\/strong><\/li>\n\n\n\n<li><strong>Es zeigt Selbstbewusstsein.<\/strong><\/li>\n\n\n\n<li><strong>Es hilft anderen Frauen, sich wohler zu f\u00fchlen.<\/strong><\/li>\n\n\n\n<li><strong>Es bricht unrealistische Sch\u00f6nheitsideale auf.<\/strong><\/li>\n<\/ul>\n\n\n\n<p>Promis haben gro\u00dfen Einfluss darauf, wie wir Sch\u00f6nheit sehen. Wenn jemand wie Franca Lehfeldt, die oft im Rampenlicht steht, bewusst ohne Make-Up erscheint, kann das eine starke Wirkung haben. Es zeigt: Nat\u00fcrlichkeit ist v\u00f6llig okay.<\/p>\n\n\n\n<h2 class=\"wp-block-heading\" id=\"was-wir-von-franca-lehfeldt-ungeschminkt-lernen-konnen\"><strong>Was wir von Franca Lehfeldt ungeschminkt lernen k\u00f6nnen<\/strong><\/h2>\n\n\n\n<p>Der ungeschminkte Moment von Franca Lehfeldt ist eine gute Erinnerung daran, dass Sch\u00f6nheit nicht von Perfektion kommt. Sie zeigt, dass Selbstbewusstsein nicht davon abh\u00e4ngt, wie viel Make-Up man tr\u00e4gt. Viele Frauen f\u00fchlen sich unter Druck gesetzt, immer perfekt auszusehen. Doch diese Erwartung ist weder gesund noch n\u00f6tig.<\/p>\n\n\n\n<p>Was wir daraus lernen k\u00f6nnen:<\/p>\n\n\n\n<ul class=\"wp-block-list\">\n<li>Man darf sich auch mal zeigen, wie man wirklich ist.<\/li>\n\n\n\n<li>Nat\u00fcrlichkeit ist genauso sch\u00f6n wie Glamour.<\/li>\n\n\n\n<li>Falten, Linien und kleine Makel geh\u00f6ren zum Leben dazu.<\/li>\n\n\n\n<li>Man muss nicht st\u00e4ndig performen oder ein Bild aufrechterhalten.<\/li>\n<\/ul>\n\n\n\n<p>Franca Lehfeldt vermittelt mit ihrem ungeschminkten Look ein Gef\u00fchl von Freiheit. Es ist eine Einladung, entspannter zu sein und nicht st\u00e4ndig in einem Sch\u00f6nheitswettbewerb zu leben.<\/p>\n\n\n\n<h2 class=\"wp-block-heading\" id=\"haufige-fragen-zu-franca-lehfeldt-ungeschminkt\"><strong>H\u00e4ufige Fragen zu \u201eFranca Lehfeldt ungeschminkt\u201c<\/strong><\/h2>\n\n\n\n<p><strong>Zeigt sich Franca Lehfeldt wirklich oft ungeschminkt?<\/strong><br>Sie zeigt sich nicht st\u00e4ndig ungeschminkt, aber immer wieder \u2013 besonders auf privaten Fotos oder spontanen Momenten.<\/p>\n\n\n\n<p><strong>Warum reagieren Menschen so stark darauf?<\/strong><br>Weil es ein starker Kontrast zu ihrem \u00fcblichen Auftritt ist. Und weil viele Menschen es erfrischend finden, wenn eine bekannte Person nat\u00fcrlich wirkt.<\/p>\n\n\n\n<p><strong>Ist sie komplett ohne Make-Up oder nur weniger geschminkt?<\/strong><br>Auf vielen Fotos scheint sie komplett ohne Make-Up zu sein. Auf manchen wirkt es wie ein sehr leichter, nat\u00fcrlicher Look.<\/p>\n\n\n\n<p><strong>Was sagt ihr Umfeld dazu?<\/strong><br>Viele Kommentare, auch aus ihrem privaten Umfeld, reagieren positiv. Vor allem ihre Fans loben ihre Nat\u00fcrlichkeit.<\/p>\n\n\n\n<h2 class=\"wp-block-heading\" id=\"fazit-die-bedeutung-von-franca-lehfeldt-ungeschminkt\"><strong>Fazit \u2013 Die Bedeutung von \u201eFranca Lehfeldt ungeschminkt\u201c<\/strong><\/h2>\n\n\n\n<p>Der Moment <strong>\u201eFranca Lehfeldt ungeschminkt\u201c<\/strong> zeigt, wie stark der Wunsch nach Echtheit in unserer Gesellschaft geworden ist. Menschen sehnen sich nach realistischen Bildern, echten Emotionen und weniger Perfektion. Franca Lehfeldt hat genau das geliefert \u2013 ohne gro\u00dfe Inszenierung.<\/p>\n\n\n\n<p>Ihr nat\u00fcrlicher Auftritt ist nicht nur ein Foto, sondern eine kleine Botschaft: <strong>Man muss nicht immer perfekt aussehen, um sch\u00f6n zu sein.<\/strong><\/p>\n\n\n\n<p><strong>Mher Lessn:\u00a0<\/strong><a href=\"https:\/\/heuteinfo.de\/2025\/12\/16\/gunther-jauchs-tochter-behindert\/\">G\u00fcnther Jauchs Tochter behindert<\/a><\/p>\n","protected":false},"excerpt":{"rendered":"<p>Franca Lehfeldt ungeschminkt zeigt eine Seite der bekannten Journalistin, die viele Menschen \u00fcberrascht hat. Normalerweise kennt man sie perfekt gestylt aus dem Fernsehen und von \u00f6ffentlichen Auftritten. Doch ohne Make-Up wirkt sie viel nat\u00fcrlicher, weicher und nahbarer. Dieser ungeschminkte Moment hat gro\u00dfe Aufmerksamkeit bekommen, weil er zeigt, dass auch eine starke Medienfrau nicht immer perfekt [&hellip;]<\/p>\n","protected":false},"author":1,"featured_media":2405,"comment_status":"closed","ping_status":"open","sticky":false,"template":"","format":"standard","meta":{"footnotes":""},"categories":[39],"tags":[],"class_list":["post-2404","post","type-post","status-publish","format-standard","has-post-thumbnail","hentry","category-lebensstil"],"yoast_head":"<!-- This site is optimized with the Yoast SEO plugin v27.4 - https:\/\/yoast.com\/product\/yoast-seo-wordpress\/ -->\n<title>Franca Lehfeldt ungeschminkt \u2013 Die nat\u00fcrliche Seite einer bekannten Journalistin - heuteinfo.de<\/title>\n<meta name=\"robots\" content=\"index, follow, max-snippet:-1, max-image-preview:large, max-video-preview:-1\" \/>\n<link rel=\"canonical\" href=\"https:\/\/heuteinfo.de\/?p=2404\" \/>\n<meta property=\"og:locale\" content=\"en_US\" \/>\n<meta property=\"og:type\" content=\"article\" \/>\n<meta property=\"og:title\" content=\"Franca Lehfeldt ungeschminkt \u2013 Die nat\u00fcrliche Seite einer bekannten Journalistin - heuteinfo.de\" \/>\n<meta property=\"og:description\" content=\"Franca Lehfeldt ungeschminkt zeigt eine Seite der bekannten Journalistin, die viele Menschen \u00fcberrascht hat. Normalerweise kennt man sie perfekt gestylt aus dem Fernsehen und von \u00f6ffentlichen Auftritten. Doch ohne Make-Up wirkt sie viel nat\u00fcrlicher, weicher und nahbarer. Dieser ungeschminkte Moment hat gro\u00dfe Aufmerksamkeit bekommen, weil er zeigt, dass auch eine starke Medienfrau nicht immer perfekt [&hellip;]\" \/>\n<meta property=\"og:url\" content=\"https:\/\/heuteinfo.de\/?p=2404\" \/>\n<meta property=\"og:site_name\" content=\"heuteinfo.de\" \/>\n<meta property=\"article:published_time\" content=\"2025-12-17T12:58:15+00:00\" \/>\n<meta property=\"article:modified_time\" content=\"2026-02-27T12:18:52+00:00\" \/>\n<meta property=\"og:image\" content=\"https:\/\/heuteinfo.de\/wp-content\/uploads\/2025\/12\/332b93adc54e527412b9d6f831ff072c.jpg\" \/>\n\t<meta property=\"og:image:width\" content=\"736\" \/>\n\t<meta property=\"og:image:height\" content=\"414\" \/>\n\t<meta property=\"og:image:type\" content=\"image\/jpeg\" \/>\n<meta name=\"author\" content=\"ahmedhassan98764@gmail.com\" \/>\n<meta name=\"twitter:card\" content=\"summary_large_image\" \/>\n<meta name=\"twitter:label1\" content=\"Written by\" \/>\n\t<meta name=\"twitter:data1\" content=\"ahmedhassan98764@gmail.com\" \/>\n\t<meta name=\"twitter:label2\" content=\"Est. reading time\" \/>\n\t<meta name=\"twitter:data2\" content=\"5 minutes\" \/>\n<script type=\"application\/ld+json\" class=\"yoast-schema-graph\">{\"@context\":\"https:\\\/\\\/schema.org\",\"@graph\":[{\"@type\":\"Article\",\"@id\":\"https:\\\/\\\/heuteinfo.de\\\/?p=2404#article\",\"isPartOf\":{\"@id\":\"https:\\\/\\\/heuteinfo.de\\\/?p=2404\"},\"author\":{\"name\":\"ahmedhassan98764@gmail.com\",\"@id\":\"https:\\\/\\\/heuteinfo.de\\\/#\\\/schema\\\/person\\\/94a0e25dd819e325bc73714b2b0e6250\"},\"headline\":\"Franca Lehfeldt ungeschminkt \u2013 Die nat\u00fcrliche Seite einer bekannten Journalistin\",\"datePublished\":\"2025-12-17T12:58:15+00:00\",\"dateModified\":\"2026-02-27T12:18:52+00:00\",\"mainEntityOfPage\":{\"@id\":\"https:\\\/\\\/heuteinfo.de\\\/?p=2404\"},\"wordCount\":954,\"image\":{\"@id\":\"https:\\\/\\\/heuteinfo.de\\\/?p=2404#primaryimage\"},\"thumbnailUrl\":\"https:\\\/\\\/heuteinfo.de\\\/wp-content\\\/uploads\\\/2025\\\/12\\\/332b93adc54e527412b9d6f831ff072c.jpg\",\"articleSection\":[\"Lebensstil\"],\"inLanguage\":\"en-US\"},{\"@type\":\"WebPage\",\"@id\":\"https:\\\/\\\/heuteinfo.de\\\/?p=2404\",\"url\":\"https:\\\/\\\/heuteinfo.de\\\/?p=2404\",\"name\":\"Franca Lehfeldt ungeschminkt \u2013 Die nat\u00fcrliche Seite einer bekannten Journalistin - heuteinfo.de\",\"isPartOf\":{\"@id\":\"https:\\\/\\\/heuteinfo.de\\\/#website\"},\"primaryImageOfPage\":{\"@id\":\"https:\\\/\\\/heuteinfo.de\\\/?p=2404#primaryimage\"},\"image\":{\"@id\":\"https:\\\/\\\/heuteinfo.de\\\/?p=2404#primaryimage\"},\"thumbnailUrl\":\"https:\\\/\\\/heuteinfo.de\\\/wp-content\\\/uploads\\\/2025\\\/12\\\/332b93adc54e527412b9d6f831ff072c.jpg\",\"datePublished\":\"2025-12-17T12:58:15+00:00\",\"dateModified\":\"2026-02-27T12:18:52+00:00\",\"author\":{\"@id\":\"https:\\\/\\\/heuteinfo.de\\\/#\\\/schema\\\/person\\\/94a0e25dd819e325bc73714b2b0e6250\"},\"breadcrumb\":{\"@id\":\"https:\\\/\\\/heuteinfo.de\\\/?p=2404#breadcrumb\"},\"inLanguage\":\"en-US\",\"potentialAction\":[{\"@type\":\"ReadAction\",\"target\":[\"https:\\\/\\\/heuteinfo.de\\\/?p=2404\"]}]},{\"@type\":\"ImageObject\",\"inLanguage\":\"en-US\",\"@id\":\"https:\\\/\\\/heuteinfo.de\\\/?p=2404#primaryimage\",\"url\":\"https:\\\/\\\/heuteinfo.de\\\/wp-content\\\/uploads\\\/2025\\\/12\\\/332b93adc54e527412b9d6f831ff072c.jpg\",\"contentUrl\":\"https:\\\/\\\/heuteinfo.de\\\/wp-content\\\/uploads\\\/2025\\\/12\\\/332b93adc54e527412b9d6f831ff072c.jpg\",\"width\":736,\"height\":414,\"caption\":\"franca lehfeldt ungeschminkt\"},{\"@type\":\"BreadcrumbList\",\"@id\":\"https:\\\/\\\/heuteinfo.de\\\/?p=2404#breadcrumb\",\"itemListElement\":[{\"@type\":\"ListItem\",\"position\":1,\"name\":\"Home\",\"item\":\"https:\\\/\\\/heuteinfo.de\\\/\"},{\"@type\":\"ListItem\",\"position\":2,\"name\":\"Franca Lehfeldt ungeschminkt \u2013 Die nat\u00fcrliche Seite einer bekannten Journalistin\"}]},{\"@type\":\"WebSite\",\"@id\":\"https:\\\/\\\/heuteinfo.de\\\/#website\",\"url\":\"https:\\\/\\\/heuteinfo.de\\\/\",\"name\":\"heuteinfo.de\",\"description\":\"\",\"potentialAction\":[{\"@type\":\"SearchAction\",\"target\":{\"@type\":\"EntryPoint\",\"urlTemplate\":\"https:\\\/\\\/heuteinfo.de\\\/?s={search_term_string}\"},\"query-input\":{\"@type\":\"PropertyValueSpecification\",\"valueRequired\":true,\"valueName\":\"search_term_string\"}}],\"inLanguage\":\"en-US\"},{\"@type\":\"Person\",\"@id\":\"https:\\\/\\\/heuteinfo.de\\\/#\\\/schema\\\/person\\\/94a0e25dd819e325bc73714b2b0e6250\",\"name\":\"ahmedhassan98764@gmail.com\",\"image\":{\"@type\":\"ImageObject\",\"inLanguage\":\"en-US\",\"@id\":\"https:\\\/\\\/secure.gravatar.com\\\/avatar\\\/e2e9655aa74e87126cf4d7a522342156dfe63385e2ce1859f3a68169de6937a9?s=96&d=mm&r=g\",\"url\":\"https:\\\/\\\/secure.gravatar.com\\\/avatar\\\/e2e9655aa74e87126cf4d7a522342156dfe63385e2ce1859f3a68169de6937a9?s=96&d=mm&r=g\",\"contentUrl\":\"https:\\\/\\\/secure.gravatar.com\\\/avatar\\\/e2e9655aa74e87126cf4d7a522342156dfe63385e2ce1859f3a68169de6937a9?s=96&d=mm&r=g\",\"caption\":\"ahmedhassan98764@gmail.com\"},\"sameAs\":[\"https:\\\/\\\/heuteinfo.de\"],\"url\":\"https:\\\/\\\/heuteinfo.de\\\/?author=1\"}]}<\/script>\n<!-- \/ Yoast SEO plugin. -->","yoast_head_json":{"title":"Franca Lehfeldt ungeschminkt \u2013 Die nat\u00fcrliche Seite einer bekannten Journalistin - heuteinfo.de","robots":{"index":"index","follow":"follow","max-snippet":"max-snippet:-1","max-image-preview":"max-image-preview:large","max-video-preview":"max-video-preview:-1"},"canonical":"https:\/\/heuteinfo.de\/?p=2404","og_locale":"en_US","og_type":"article","og_title":"Franca Lehfeldt ungeschminkt \u2013 Die nat\u00fcrliche Seite einer bekannten Journalistin - heuteinfo.de","og_description":"Franca Lehfeldt ungeschminkt zeigt eine Seite der bekannten Journalistin, die viele Menschen \u00fcberrascht hat. Normalerweise kennt man sie perfekt gestylt aus dem Fernsehen und von \u00f6ffentlichen Auftritten. Doch ohne Make-Up wirkt sie viel nat\u00fcrlicher, weicher und nahbarer. Dieser ungeschminkte Moment hat gro\u00dfe Aufmerksamkeit bekommen, weil er zeigt, dass auch eine starke Medienfrau nicht immer perfekt [&hellip;]","og_url":"https:\/\/heuteinfo.de\/?p=2404","og_site_name":"heuteinfo.de","article_published_time":"2025-12-17T12:58:15+00:00","article_modified_time":"2026-02-27T12:18:52+00:00","og_image":[{"width":736,"height":414,"url":"https:\/\/heuteinfo.de\/wp-content\/uploads\/2025\/12\/332b93adc54e527412b9d6f831ff072c.jpg","type":"image\/jpeg"}],"author":"ahmedhassan98764@gmail.com","twitter_card":"summary_large_image","twitter_misc":{"Written by":"ahmedhassan98764@gmail.com","Est. reading time":"5 minutes"},"schema":{"@context":"https:\/\/schema.org","@graph":[{"@type":"Article","@id":"https:\/\/heuteinfo.de\/?p=2404#article","isPartOf":{"@id":"https:\/\/heuteinfo.de\/?p=2404"},"author":{"name":"ahmedhassan98764@gmail.com","@id":"https:\/\/heuteinfo.de\/#\/schema\/person\/94a0e25dd819e325bc73714b2b0e6250"},"headline":"Franca Lehfeldt ungeschminkt \u2013 Die nat\u00fcrliche Seite einer bekannten Journalistin","datePublished":"2025-12-17T12:58:15+00:00","dateModified":"2026-02-27T12:18:52+00:00","mainEntityOfPage":{"@id":"https:\/\/heuteinfo.de\/?p=2404"},"wordCount":954,"image":{"@id":"https:\/\/heuteinfo.de\/?p=2404#primaryimage"},"thumbnailUrl":"https:\/\/heuteinfo.de\/wp-content\/uploads\/2025\/12\/332b93adc54e527412b9d6f831ff072c.jpg","articleSection":["Lebensstil"],"inLanguage":"en-US"},{"@type":"WebPage","@id":"https:\/\/heuteinfo.de\/?p=2404","url":"https:\/\/heuteinfo.de\/?p=2404","name":"Franca Lehfeldt ungeschminkt \u2013 Die nat\u00fcrliche Seite einer bekannten Journalistin - heuteinfo.de","isPartOf":{"@id":"https:\/\/heuteinfo.de\/#website"},"primaryImageOfPage":{"@id":"https:\/\/heuteinfo.de\/?p=2404#primaryimage"},"image":{"@id":"https:\/\/heuteinfo.de\/?p=2404#primaryimage"},"thumbnailUrl":"https:\/\/heuteinfo.de\/wp-content\/uploads\/2025\/12\/332b93adc54e527412b9d6f831ff072c.jpg","datePublished":"2025-12-17T12:58:15+00:00","dateModified":"2026-02-27T12:18:52+00:00","author":{"@id":"https:\/\/heuteinfo.de\/#\/schema\/person\/94a0e25dd819e325bc73714b2b0e6250"},"breadcrumb":{"@id":"https:\/\/heuteinfo.de\/?p=2404#breadcrumb"},"inLanguage":"en-US","potentialAction":[{"@type":"ReadAction","target":["https:\/\/heuteinfo.de\/?p=2404"]}]},{"@type":"ImageObject","inLanguage":"en-US","@id":"https:\/\/heuteinfo.de\/?p=2404#primaryimage","url":"https:\/\/heuteinfo.de\/wp-content\/uploads\/2025\/12\/332b93adc54e527412b9d6f831ff072c.jpg","contentUrl":"https:\/\/heuteinfo.de\/wp-content\/uploads\/2025\/12\/332b93adc54e527412b9d6f831ff072c.jpg","width":736,"height":414,"caption":"franca lehfeldt ungeschminkt"},{"@type":"BreadcrumbList","@id":"https:\/\/heuteinfo.de\/?p=2404#breadcrumb","itemListElement":[{"@type":"ListItem","position":1,"name":"Home","item":"https:\/\/heuteinfo.de\/"},{"@type":"ListItem","position":2,"name":"Franca Lehfeldt ungeschminkt \u2013 Die nat\u00fcrliche Seite einer bekannten Journalistin"}]},{"@type":"WebSite","@id":"https:\/\/heuteinfo.de\/#website","url":"https:\/\/heuteinfo.de\/","name":"heuteinfo.de","description":"","potentialAction":[{"@type":"SearchAction","target":{"@type":"EntryPoint","urlTemplate":"https:\/\/heuteinfo.de\/?s={search_term_string}"},"query-input":{"@type":"PropertyValueSpecification","valueRequired":true,"valueName":"search_term_string"}}],"inLanguage":"en-US"},{"@type":"Person","@id":"https:\/\/heuteinfo.de\/#\/schema\/person\/94a0e25dd819e325bc73714b2b0e6250","name":"ahmedhassan98764@gmail.com","image":{"@type":"ImageObject","inLanguage":"en-US","@id":"https:\/\/secure.gravatar.com\/avatar\/e2e9655aa74e87126cf4d7a522342156dfe63385e2ce1859f3a68169de6937a9?s=96&d=mm&r=g","url":"https:\/\/secure.gravatar.com\/avatar\/e2e9655aa74e87126cf4d7a522342156dfe63385e2ce1859f3a68169de6937a9?s=96&d=mm&r=g","contentUrl":"https:\/\/secure.gravatar.com\/avatar\/e2e9655aa74e87126cf4d7a522342156dfe63385e2ce1859f3a68169de6937a9?s=96&d=mm&r=g","caption":"ahmedhassan98764@gmail.com"},"sameAs":["https:\/\/heuteinfo.de"],"url":"https:\/\/heuteinfo.de\/?author=1"}]}},"_links":{"self":[{"href":"https:\/\/heuteinfo.de\/index.php?rest_route=\/wp\/v2\/posts\/2404","targetHints":{"allow":["GET"]}}],"collection":[{"href":"https:\/\/heuteinfo.de\/index.php?rest_route=\/wp\/v2\/posts"}],"about":[{"href":"https:\/\/heuteinfo.de\/index.php?rest_route=\/wp\/v2\/types\/post"}],"author":[{"embeddable":true,"href":"https:\/\/heuteinfo.de\/index.php?rest_route=\/wp\/v2\/users\/1"}],"replies":[{"embeddable":true,"href":"https:\/\/heuteinfo.de\/index.php?rest_route=%2Fwp%2Fv2%2Fcomments&post=2404"}],"version-history":[{"count":3,"href":"https:\/\/heuteinfo.de\/index.php?rest_route=\/wp\/v2\/posts\/2404\/revisions"}],"predecessor-version":[{"id":10789,"href":"https:\/\/heuteinfo.de\/index.php?rest_route=\/wp\/v2\/posts\/2404\/revisions\/10789"}],"wp:featuredmedia":[{"embeddable":true,"href":"https:\/\/heuteinfo.de\/index.php?rest_route=\/wp\/v2\/media\/2405"}],"wp:attachment":[{"href":"https:\/\/heuteinfo.de\/index.php?rest_route=%2Fwp%2Fv2%2Fmedia&parent=2404"}],"wp:term":[{"taxonomy":"category","embeddable":true,"href":"https:\/\/heuteinfo.de\/index.php?rest_route=%2Fwp%2Fv2%2Fcategories&post=2404"},{"taxonomy":"post_tag","embeddable":true,"href":"https:\/\/heuteinfo.de\/index.php?rest_route=%2Fwp%2Fv2%2Ftags&post=2404"}],"curies":[{"name":"wp","href":"https:\/\/api.w.org\/{rel}","templated":true}]}}