{"id":2407,"date":"2025-12-17T13:02:29","date_gmt":"2025-12-17T13:02:29","guid":{"rendered":"https:\/\/heuteinfo.de\/?p=2407"},"modified":"2026-02-27T12:18:53","modified_gmt":"2026-02-27T12:18:53","slug":"dagmar-berghoff-schlaganfall","status":"publish","type":"post","link":"https:\/\/heuteinfo.de\/?p=2407","title":{"rendered":"Dagmar Berghoff Schlaganfall \u2013 Was steckt wirklich dahinter?"},"content":{"rendered":"\n<p>Wenn Menschen nach <strong>\u201eDagmar Berghoff Schlaganfall\u201c<\/strong> suchen, steckt dahinter oft Unsicherheit oder der Wunsch nach Klarheit. <a href=\"https:\/\/de.wikipedia.org\/wiki\/Dagmar_Berghoff\">Dagmar Berghoff<\/a> ist seit Jahrzehnten eine bekannte Pers\u00f6nlichkeit in Deutschland, und viele f\u00fchlen sich ihr durch ihre lange Zeit vor der Kamera eng verbunden. Deshalb l\u00f6sen Nachrichten \u00fcber ihre Gesundheit schnell Fragen aus. In diesem ersten Abschnitt geht es darum, die Grundlage zu legen: Warum taucht der Begriff \u00fcberhaupt auf? Welche Informationen sind gesichert? Und warum sind solche Themen rund um Prominente oft so sensibel?<\/p>\n\n\n\n<p>Viele Leser stolpern \u00fcber den Begriff <strong>\u201eDagmar Berghoff und Schlaganfall\u201c<\/strong> im Internet, doch selten ist klar, ob dahinter echte Fakten stecken oder lediglich Ger\u00fcchte, die sich durch Social Media, Foren oder Fehlinterpretationen verbreitet haben. Prominente stehen besonders im Fokus, denn kleine gesundheitliche Ver\u00e4nderungen k\u00f6nnen schnell falsch gedeutet werden. Wenn eine Person im Fernsehen pr\u00e4sent war und sp\u00e4ter seltener \u00f6ffentlich auftritt, kann dies schnell zu Spekulationen f\u00fchren.<\/p>\n\n\n\n<h2 class=\"wp-block-heading\" id=\"wer-ist-dagmar-berghoff\">Wer ist Dagmar Berghoff?<\/h2>\n\n\n\n<p>Dagmar Berghoff ist vielen Menschen bekannt, weil sie eines der vertrautesten Gesichter der deutschen Nachrichtengeschichte ist. Sie wurde 1943 geboren und startete fr\u00fch eine Karriere im Rundfunk, lange bevor sie zur Tagesschau kam. Viele erinnern sich an ihre warme Stimme und ihre ruhige Art, mit der sie auch schwierige Nachrichten \u00fcbermittelte. \u00dcber Jahrzehnte blieb sie ein St\u00fcck Stabilit\u00e4t im Alltag vieler Zuschauer.<\/p>\n\n\n\n<p>Im Laufe ihrer Karriere arbeitete sie nicht nur als Nachrichtensprecherin, sondern auch im Radio und in verschiedenen Kulturformaten. Ihre Vielseitigkeit machte sie zu einer Pers\u00f6nlichkeit, die weit \u00fcber ihre Rolle in der ARD hinaus bekannt wurde. Auch nach ihrem Abschied von der Tagesschau blieb sie pr\u00e4sent, sei es in Interviews, Lesungen oder als engagierte Unterst\u00fctzerin kultureller Projekte. Trotz ihrer \u00f6ffentlichen Pr\u00e4senz hat sie ihr Privatleben immer weitgehend gesch\u00fctzt. Viele bewundern sie daf\u00fcr, dass sie eine Balance zwischen \u00d6ffentlichkeit und pers\u00f6nlicher Ruhe fand. Diese Zur\u00fcckhaltung kann allerdings auch dazu f\u00fchren, dass Ger\u00fcchte schneller entstehen, weil Menschen versuchen, L\u00fccken mit Vermutungen zu f\u00fcllen. Genau das k\u00f6nnte erkl\u00e4ren, warum Begriffe wie <strong>\u201eDagmar Berghoff Schlaganfall\u201c<\/strong> online auftauchen, obwohl keine offiziellen Aussagen dazu existieren.<\/p>\n\n\n\n<h2 class=\"wp-block-heading\" id=\"schlaganfall-was-bedeutet-das-uberhaupt\">Schlaganfall \u2013 Was bedeutet das \u00fcberhaupt?<\/h2>\n\n\n\n<p>Ein Schlaganfall ist eine ernsthafte medizinische Situation, die jeden Menschen treffen kann. Er entsteht, wenn das Gehirn pl\u00f6tzlich nicht mehr ausreichend mit Blut versorgt wird. Das kann passieren, wenn ein Blutgef\u00e4\u00df verstopft oder platzt. In solchen Momenten z\u00e4hlt jede Minute, denn Gehirnzellen k\u00f6nnen sehr schnell Schaden nehmen.<\/p>\n\n\n\n<p>Typische Anzeichen sind Schwierigkeiten beim Sprechen, ein h\u00e4ngender Mundwinkel oder das Gef\u00fchl, eine K\u00f6rperseite nicht mehr richtig bewegen zu k\u00f6nnen. Viele Menschen wissen nicht, dass auch starker Schwindel, Sehst\u00f6rungen oder ungew\u00f6hnliche Kopfschmerzen Hinweise sein k\u00f6nnen. Gerade deshalb ist Aufkl\u00e4rung wichtig, weil fr\u00fches Erkennen Leben retten kann. Dass der Begriff \u201eSchlaganfall\u201c oft mit Prominenten verbunden wird, liegt daran, dass Medien solche Geschichten schnell verbreiten. Sie wecken Emotionen, erzeugen Aufmerksamkeit und verbreiten sich dadurch rasch. Menschen googeln dann Begriffe wie <strong>\u201eSchlaganfall Dagmar Berghoff\u201c<\/strong>, obwohl gar kein best\u00e4tigter Fall vorliegt. Das zeigt, wie wichtig es ist, Informationen immer zu \u00fcberpr\u00fcfen.<\/p>\n\n\n\n<h2 class=\"wp-block-heading\" id=\"das-gerucht-dagmar-berghoff-schlaganfall-was-steckt-dahinter\">Das Ger\u00fccht: \u201eDagmar Berghoff Schlaganfall\u201c \u2013 Was steckt dahinter?<\/h2>\n\n\n\n<p>Der Ausdruck taucht immer wieder in Suchmaschinen auf, doch die Herkunft ist oft unklar. Viele Ger\u00fcchte entstehen schlicht durch Missverst\u00e4ndnisse. Wenn eine bekannte Person \u00e4lter wird, seltener erscheint oder gesundheitliche Themen anspricht, k\u00f6nnen daraus schnell eigene Geschichten entstehen, die niemand best\u00e4tigt hat.<\/p>\n\n\n\n<p>Im Fall von Dagmar Berghoff gibt es <strong>keine offizielle Aussage<\/strong>, keinen Bericht und auch keine seri\u00f6se Quelle, die von einem Schlaganfall spricht. Trotzdem verbreitet sich das Ger\u00fccht weiter, weil Menschen nach Antworten suchen oder weil kleine Beobachtungen falsch interpretiert werden. Manche glauben sogar, dass \u00e4ltere Interviews ein Hinweis seien, obwohl sie v\u00f6llig andere Themen betreffen. Ger\u00fcchte entstehen oft dann, wenn eine bekannte Person nicht mehr regelm\u00e4\u00dfig im Fernsehen zu sehen ist. Der Alltag ver\u00e4ndert sich, das \u00f6ffentliche Bild wird seltener, und pl\u00f6tzlich wirken ganz normale Alterserscheinungen wie etwas Dramatisches. Das ist bei vielen Prominenten so, nicht nur bei Dagmar Berghoff.<\/p>\n\n\n\n<h2 class=\"wp-block-heading\" id=\"der-aktuelle-gesundheitszustand-von-dagmar-berghoff\">Der aktuelle Gesundheitszustand von Dagmar Berghoff<\/h2>\n\n\n\n<p>Alles, was \u00f6ffentlich bekannt ist, deutet darauf hin, dass Dagmar Berghoff f\u00fcr ihr Alter sehr aktiv ist. Sie nimmt immer wieder an Veranstaltungen teil, gibt Interviews und spricht \u00fcber Themen, die ihr wichtig sind. Wer sie in j\u00fcngeren Auftritten sieht, erkennt eine Frau, die ruhig, reflektiert und durchaus lebensfroh wirkt.<\/p>\n\n\n\n<p>Nat\u00fcrlich ver\u00e4ndert das Alter jeden Menschen. Aber diese Ver\u00e4nderungen haben nichts damit zu tun, was das Wort \u201eSchlaganfall\u201c im Internet suggeriert. Deshalb ist es wichtig, zwischen echten Aussagen und blo\u00dfen Vermutungen zu unterscheiden. Es gibt keinen Hinweis darauf, dass sie gesundheitlich mit den Folgen eines Schlaganfalls k\u00e4mpft. Gerade weil sie eine lange Medienkarriere hatte, achten viele Menschen genau auf ihr Auftreten. Doch auch \u00f6ffentliche Personen sind ganz normale Menschen, die \u00e4lter werden \u2013 und das ohne, dass man unbest\u00e4tigte Diagnosen an sie herantr\u00e4gt.<\/p>\n\n\n\n<h2 class=\"wp-block-heading\" id=\"wie-man-gesundheitsgeruchte-richtig-einordnet\">Wie man Gesundheitsger\u00fcchte richtig einordnet<\/h2>\n\n\n\n<p>Wenn Namen wie <strong>\u201eDagmar Berghoff\u201c<\/strong> und W\u00f6rter wie <strong>\u201eSchlaganfall\u201c<\/strong> zusammen auftauchen, sollte man immer vorsichtig sein. Nicht jede Schlagzeile oder jeder Online-Kommentar ist glaubw\u00fcrdig. Viele Ger\u00fcchte entstehen, weil Nutzer Dinge weitergeben, ohne nachzupr\u00fcfen, oder weil Seiten Klicks erzeugen m\u00f6chten.<\/p>\n\n\n\n<p>Ein paar einfache Fragen helfen dabei, Informationen besser einzusch\u00e4tzen:<\/p>\n\n\n\n<ul class=\"wp-block-list\">\n<li>Kommt die Info aus einer zuverl\u00e4ssigen Quelle?<\/li>\n\n\n\n<li>Gibt es eine direkte Aussage der betroffenen Person?<\/li>\n\n\n\n<li>Berichten mehrere seri\u00f6se Medien \u00fcbereinstimmend?<\/li>\n\n\n\n<li>Wird die Meldung mit echten Fakten belegt?<\/li>\n<\/ul>\n\n\n\n<p>Wenn diese Punkte fehlen, ist es meistens nur ein Ger\u00fccht. Bei Dagmar Berghoff ist genau das der Fall: Es gibt viele Suchanfragen, aber keine belegten Informationen.<\/p>\n\n\n\n<h2 class=\"wp-block-heading\" id=\"fazit-was-bedeutet-dagmar-berghoff-schlaganfall-wirklich\">Fazit: Was bedeutet \u201eDagmar Berghoff Schlaganfall\u201c wirklich?<\/h2>\n\n\n\n<p>Zusammengefasst gibt es <strong>keine echten Hinweise<\/strong>, dass Dagmar Berghoff einen Schlaganfall hatte. Der Begriff entsteht eher durch Vermutungen, Suchgewohnheiten und das Bed\u00fcrfnis vieler Menschen, \u00fcber den Gesundheitszustand bekannter Gesichter mehr zu erfahren.<\/p>\n\n\n\n<p>Der wichtigste Punkt ist: Respektvoller Umgang mit Gesundheitsinformationen sch\u00fctzt Menschen davor, unn\u00f6tig verletzt zu werden oder falsch dargestellt zu werden. Dagmar Berghoff bleibt eine bedeutende Pers\u00f6nlichkeit, deren Leben und Karriere viele beeindruckt haben \u2013 unabh\u00e4ngig von Ger\u00fcchten.<\/p>\n\n\n\n<h2 class=\"wp-block-heading\" id=\"faq-zu-dagmar-berghoff-und-dem-schlaganfall-gerucht\">FAQ zu Dagmar Berghoff und dem Schlaganfall-Ger\u00fccht<\/h2>\n\n\n\n<p><strong>Hatte Dagmar Berghoff einen Schlaganfall?<\/strong><br>Nein, dazu gibt es keine best\u00e4tigte Information.<\/p>\n\n\n\n<p><strong>Warum suchen Menschen nach \u201eDagmar Berghoff Schlaganfall\u201c?<\/strong><br>Weil Ger\u00fcchte, Alter und Medienberichte oft zu Missverst\u00e4ndnissen f\u00fchren.<\/p>\n\n\n\n<p><strong>Wie geht es ihr heute?<\/strong><br>Nach \u00f6ffentlich bekannten Informationen geht es ihr gut, und sie bleibt aktiv.<\/p>\n\n\n\n<p>Mher Lesson: <a href=\"https:\/\/heuteinfo.de\/2025\/12\/17\/franca-lehfeldt-ungeschminkt\/\">Franca Lehfeldt ungeschminkt<\/a><\/p>\n","protected":false},"excerpt":{"rendered":"<p>Wenn Menschen nach \u201eDagmar Berghoff Schlaganfall\u201c suchen, steckt dahinter oft Unsicherheit oder der Wunsch nach Klarheit. Dagmar Berghoff ist seit Jahrzehnten eine bekannte Pers\u00f6nlichkeit in Deutschland, und viele f\u00fchlen sich ihr durch ihre lange Zeit vor der Kamera eng verbunden. Deshalb l\u00f6sen Nachrichten \u00fcber ihre Gesundheit schnell Fragen aus. In diesem ersten Abschnitt geht es [&hellip;]<\/p>\n","protected":false},"author":1,"featured_media":2408,"comment_status":"closed","ping_status":"open","sticky":false,"template":"","format":"standard","meta":{"footnotes":""},"categories":[39],"tags":[],"class_list":["post-2407","post","type-post","status-publish","format-standard","has-post-thumbnail","hentry","category-lebensstil"],"yoast_head":"<!-- This site is optimized with the Yoast SEO plugin v27.4 - https:\/\/yoast.com\/product\/yoast-seo-wordpress\/ -->\n<title>Dagmar Berghoff Schlaganfall \u2013 Was steckt wirklich dahinter? - heuteinfo.de<\/title>\n<meta name=\"robots\" content=\"index, follow, max-snippet:-1, max-image-preview:large, max-video-preview:-1\" \/>\n<link rel=\"canonical\" href=\"https:\/\/heuteinfo.de\/?p=2407\" \/>\n<meta property=\"og:locale\" content=\"en_US\" \/>\n<meta property=\"og:type\" content=\"article\" \/>\n<meta property=\"og:title\" content=\"Dagmar Berghoff Schlaganfall \u2013 Was steckt wirklich dahinter? - heuteinfo.de\" \/>\n<meta property=\"og:description\" content=\"Wenn Menschen nach \u201eDagmar Berghoff Schlaganfall\u201c suchen, steckt dahinter oft Unsicherheit oder der Wunsch nach Klarheit. Dagmar Berghoff ist seit Jahrzehnten eine bekannte Pers\u00f6nlichkeit in Deutschland, und viele f\u00fchlen sich ihr durch ihre lange Zeit vor der Kamera eng verbunden. Deshalb l\u00f6sen Nachrichten \u00fcber ihre Gesundheit schnell Fragen aus. In diesem ersten Abschnitt geht es [&hellip;]\" \/>\n<meta property=\"og:url\" content=\"https:\/\/heuteinfo.de\/?p=2407\" \/>\n<meta property=\"og:site_name\" content=\"heuteinfo.de\" \/>\n<meta property=\"article:published_time\" content=\"2025-12-17T13:02:29+00:00\" \/>\n<meta property=\"article:modified_time\" content=\"2026-02-27T12:18:53+00:00\" \/>\n<meta property=\"og:image\" content=\"https:\/\/heuteinfo.de\/wp-content\/uploads\/2025\/12\/dagmar-berghoff-sie-verlas-ueber-33-jahre-lang-die-tagesschau.webp\" \/>\n\t<meta property=\"og:image:width\" content=\"1788\" \/>\n\t<meta property=\"og:image:height\" content=\"1005\" \/>\n\t<meta property=\"og:image:type\" content=\"image\/webp\" \/>\n<meta name=\"author\" content=\"ahmedhassan98764@gmail.com\" \/>\n<meta name=\"twitter:card\" content=\"summary_large_image\" \/>\n<meta name=\"twitter:label1\" content=\"Written by\" \/>\n\t<meta name=\"twitter:data1\" content=\"ahmedhassan98764@gmail.com\" \/>\n\t<meta name=\"twitter:label2\" content=\"Est. reading time\" \/>\n\t<meta name=\"twitter:data2\" content=\"5 minutes\" \/>\n<script type=\"application\/ld+json\" class=\"yoast-schema-graph\">{\"@context\":\"https:\\\/\\\/schema.org\",\"@graph\":[{\"@type\":\"Article\",\"@id\":\"https:\\\/\\\/heuteinfo.de\\\/?p=2407#article\",\"isPartOf\":{\"@id\":\"https:\\\/\\\/heuteinfo.de\\\/?p=2407\"},\"author\":{\"name\":\"ahmedhassan98764@gmail.com\",\"@id\":\"https:\\\/\\\/heuteinfo.de\\\/#\\\/schema\\\/person\\\/94a0e25dd819e325bc73714b2b0e6250\"},\"headline\":\"Dagmar Berghoff Schlaganfall \u2013 Was steckt wirklich dahinter?\",\"datePublished\":\"2025-12-17T13:02:29+00:00\",\"dateModified\":\"2026-02-27T12:18:53+00:00\",\"mainEntityOfPage\":{\"@id\":\"https:\\\/\\\/heuteinfo.de\\\/?p=2407\"},\"wordCount\":1095,\"image\":{\"@id\":\"https:\\\/\\\/heuteinfo.de\\\/?p=2407#primaryimage\"},\"thumbnailUrl\":\"https:\\\/\\\/heuteinfo.de\\\/wp-content\\\/uploads\\\/2025\\\/12\\\/dagmar-berghoff-sie-verlas-ueber-33-jahre-lang-die-tagesschau.webp\",\"articleSection\":[\"Lebensstil\"],\"inLanguage\":\"en-US\"},{\"@type\":\"WebPage\",\"@id\":\"https:\\\/\\\/heuteinfo.de\\\/?p=2407\",\"url\":\"https:\\\/\\\/heuteinfo.de\\\/?p=2407\",\"name\":\"Dagmar Berghoff Schlaganfall \u2013 Was steckt wirklich dahinter? - heuteinfo.de\",\"isPartOf\":{\"@id\":\"https:\\\/\\\/heuteinfo.de\\\/#website\"},\"primaryImageOfPage\":{\"@id\":\"https:\\\/\\\/heuteinfo.de\\\/?p=2407#primaryimage\"},\"image\":{\"@id\":\"https:\\\/\\\/heuteinfo.de\\\/?p=2407#primaryimage\"},\"thumbnailUrl\":\"https:\\\/\\\/heuteinfo.de\\\/wp-content\\\/uploads\\\/2025\\\/12\\\/dagmar-berghoff-sie-verlas-ueber-33-jahre-lang-die-tagesschau.webp\",\"datePublished\":\"2025-12-17T13:02:29+00:00\",\"dateModified\":\"2026-02-27T12:18:53+00:00\",\"author\":{\"@id\":\"https:\\\/\\\/heuteinfo.de\\\/#\\\/schema\\\/person\\\/94a0e25dd819e325bc73714b2b0e6250\"},\"breadcrumb\":{\"@id\":\"https:\\\/\\\/heuteinfo.de\\\/?p=2407#breadcrumb\"},\"inLanguage\":\"en-US\",\"potentialAction\":[{\"@type\":\"ReadAction\",\"target\":[\"https:\\\/\\\/heuteinfo.de\\\/?p=2407\"]}]},{\"@type\":\"ImageObject\",\"inLanguage\":\"en-US\",\"@id\":\"https:\\\/\\\/heuteinfo.de\\\/?p=2407#primaryimage\",\"url\":\"https:\\\/\\\/heuteinfo.de\\\/wp-content\\\/uploads\\\/2025\\\/12\\\/dagmar-berghoff-sie-verlas-ueber-33-jahre-lang-die-tagesschau.webp\",\"contentUrl\":\"https:\\\/\\\/heuteinfo.de\\\/wp-content\\\/uploads\\\/2025\\\/12\\\/dagmar-berghoff-sie-verlas-ueber-33-jahre-lang-die-tagesschau.webp\",\"width\":1788,\"height\":1005,\"caption\":\"dagmar berghoff schlaganfall\"},{\"@type\":\"BreadcrumbList\",\"@id\":\"https:\\\/\\\/heuteinfo.de\\\/?p=2407#breadcrumb\",\"itemListElement\":[{\"@type\":\"ListItem\",\"position\":1,\"name\":\"Home\",\"item\":\"https:\\\/\\\/heuteinfo.de\\\/\"},{\"@type\":\"ListItem\",\"position\":2,\"name\":\"Dagmar Berghoff Schlaganfall \u2013 Was steckt wirklich dahinter?\"}]},{\"@type\":\"WebSite\",\"@id\":\"https:\\\/\\\/heuteinfo.de\\\/#website\",\"url\":\"https:\\\/\\\/heuteinfo.de\\\/\",\"name\":\"heuteinfo.de\",\"description\":\"\",\"potentialAction\":[{\"@type\":\"SearchAction\",\"target\":{\"@type\":\"EntryPoint\",\"urlTemplate\":\"https:\\\/\\\/heuteinfo.de\\\/?s={search_term_string}\"},\"query-input\":{\"@type\":\"PropertyValueSpecification\",\"valueRequired\":true,\"valueName\":\"search_term_string\"}}],\"inLanguage\":\"en-US\"},{\"@type\":\"Person\",\"@id\":\"https:\\\/\\\/heuteinfo.de\\\/#\\\/schema\\\/person\\\/94a0e25dd819e325bc73714b2b0e6250\",\"name\":\"ahmedhassan98764@gmail.com\",\"image\":{\"@type\":\"ImageObject\",\"inLanguage\":\"en-US\",\"@id\":\"https:\\\/\\\/secure.gravatar.com\\\/avatar\\\/e2e9655aa74e87126cf4d7a522342156dfe63385e2ce1859f3a68169de6937a9?s=96&d=mm&r=g\",\"url\":\"https:\\\/\\\/secure.gravatar.com\\\/avatar\\\/e2e9655aa74e87126cf4d7a522342156dfe63385e2ce1859f3a68169de6937a9?s=96&d=mm&r=g\",\"contentUrl\":\"https:\\\/\\\/secure.gravatar.com\\\/avatar\\\/e2e9655aa74e87126cf4d7a522342156dfe63385e2ce1859f3a68169de6937a9?s=96&d=mm&r=g\",\"caption\":\"ahmedhassan98764@gmail.com\"},\"sameAs\":[\"https:\\\/\\\/heuteinfo.de\"],\"url\":\"https:\\\/\\\/heuteinfo.de\\\/?author=1\"}]}<\/script>\n<!-- \/ Yoast SEO plugin. -->","yoast_head_json":{"title":"Dagmar Berghoff Schlaganfall \u2013 Was steckt wirklich dahinter? - heuteinfo.de","robots":{"index":"index","follow":"follow","max-snippet":"max-snippet:-1","max-image-preview":"max-image-preview:large","max-video-preview":"max-video-preview:-1"},"canonical":"https:\/\/heuteinfo.de\/?p=2407","og_locale":"en_US","og_type":"article","og_title":"Dagmar Berghoff Schlaganfall \u2013 Was steckt wirklich dahinter? - heuteinfo.de","og_description":"Wenn Menschen nach \u201eDagmar Berghoff Schlaganfall\u201c suchen, steckt dahinter oft Unsicherheit oder der Wunsch nach Klarheit. Dagmar Berghoff ist seit Jahrzehnten eine bekannte Pers\u00f6nlichkeit in Deutschland, und viele f\u00fchlen sich ihr durch ihre lange Zeit vor der Kamera eng verbunden. Deshalb l\u00f6sen Nachrichten \u00fcber ihre Gesundheit schnell Fragen aus. In diesem ersten Abschnitt geht es [&hellip;]","og_url":"https:\/\/heuteinfo.de\/?p=2407","og_site_name":"heuteinfo.de","article_published_time":"2025-12-17T13:02:29+00:00","article_modified_time":"2026-02-27T12:18:53+00:00","og_image":[{"width":1788,"height":1005,"url":"https:\/\/heuteinfo.de\/wp-content\/uploads\/2025\/12\/dagmar-berghoff-sie-verlas-ueber-33-jahre-lang-die-tagesschau.webp","type":"image\/webp"}],"author":"ahmedhassan98764@gmail.com","twitter_card":"summary_large_image","twitter_misc":{"Written by":"ahmedhassan98764@gmail.com","Est. reading time":"5 minutes"},"schema":{"@context":"https:\/\/schema.org","@graph":[{"@type":"Article","@id":"https:\/\/heuteinfo.de\/?p=2407#article","isPartOf":{"@id":"https:\/\/heuteinfo.de\/?p=2407"},"author":{"name":"ahmedhassan98764@gmail.com","@id":"https:\/\/heuteinfo.de\/#\/schema\/person\/94a0e25dd819e325bc73714b2b0e6250"},"headline":"Dagmar Berghoff Schlaganfall \u2013 Was steckt wirklich dahinter?","datePublished":"2025-12-17T13:02:29+00:00","dateModified":"2026-02-27T12:18:53+00:00","mainEntityOfPage":{"@id":"https:\/\/heuteinfo.de\/?p=2407"},"wordCount":1095,"image":{"@id":"https:\/\/heuteinfo.de\/?p=2407#primaryimage"},"thumbnailUrl":"https:\/\/heuteinfo.de\/wp-content\/uploads\/2025\/12\/dagmar-berghoff-sie-verlas-ueber-33-jahre-lang-die-tagesschau.webp","articleSection":["Lebensstil"],"inLanguage":"en-US"},{"@type":"WebPage","@id":"https:\/\/heuteinfo.de\/?p=2407","url":"https:\/\/heuteinfo.de\/?p=2407","name":"Dagmar Berghoff Schlaganfall \u2013 Was steckt wirklich dahinter? - heuteinfo.de","isPartOf":{"@id":"https:\/\/heuteinfo.de\/#website"},"primaryImageOfPage":{"@id":"https:\/\/heuteinfo.de\/?p=2407#primaryimage"},"image":{"@id":"https:\/\/heuteinfo.de\/?p=2407#primaryimage"},"thumbnailUrl":"https:\/\/heuteinfo.de\/wp-content\/uploads\/2025\/12\/dagmar-berghoff-sie-verlas-ueber-33-jahre-lang-die-tagesschau.webp","datePublished":"2025-12-17T13:02:29+00:00","dateModified":"2026-02-27T12:18:53+00:00","author":{"@id":"https:\/\/heuteinfo.de\/#\/schema\/person\/94a0e25dd819e325bc73714b2b0e6250"},"breadcrumb":{"@id":"https:\/\/heuteinfo.de\/?p=2407#breadcrumb"},"inLanguage":"en-US","potentialAction":[{"@type":"ReadAction","target":["https:\/\/heuteinfo.de\/?p=2407"]}]},{"@type":"ImageObject","inLanguage":"en-US","@id":"https:\/\/heuteinfo.de\/?p=2407#primaryimage","url":"https:\/\/heuteinfo.de\/wp-content\/uploads\/2025\/12\/dagmar-berghoff-sie-verlas-ueber-33-jahre-lang-die-tagesschau.webp","contentUrl":"https:\/\/heuteinfo.de\/wp-content\/uploads\/2025\/12\/dagmar-berghoff-sie-verlas-ueber-33-jahre-lang-die-tagesschau.webp","width":1788,"height":1005,"caption":"dagmar berghoff schlaganfall"},{"@type":"BreadcrumbList","@id":"https:\/\/heuteinfo.de\/?p=2407#breadcrumb","itemListElement":[{"@type":"ListItem","position":1,"name":"Home","item":"https:\/\/heuteinfo.de\/"},{"@type":"ListItem","position":2,"name":"Dagmar Berghoff Schlaganfall \u2013 Was steckt wirklich dahinter?"}]},{"@type":"WebSite","@id":"https:\/\/heuteinfo.de\/#website","url":"https:\/\/heuteinfo.de\/","name":"heuteinfo.de","description":"","potentialAction":[{"@type":"SearchAction","target":{"@type":"EntryPoint","urlTemplate":"https:\/\/heuteinfo.de\/?s={search_term_string}"},"query-input":{"@type":"PropertyValueSpecification","valueRequired":true,"valueName":"search_term_string"}}],"inLanguage":"en-US"},{"@type":"Person","@id":"https:\/\/heuteinfo.de\/#\/schema\/person\/94a0e25dd819e325bc73714b2b0e6250","name":"ahmedhassan98764@gmail.com","image":{"@type":"ImageObject","inLanguage":"en-US","@id":"https:\/\/secure.gravatar.com\/avatar\/e2e9655aa74e87126cf4d7a522342156dfe63385e2ce1859f3a68169de6937a9?s=96&d=mm&r=g","url":"https:\/\/secure.gravatar.com\/avatar\/e2e9655aa74e87126cf4d7a522342156dfe63385e2ce1859f3a68169de6937a9?s=96&d=mm&r=g","contentUrl":"https:\/\/secure.gravatar.com\/avatar\/e2e9655aa74e87126cf4d7a522342156dfe63385e2ce1859f3a68169de6937a9?s=96&d=mm&r=g","caption":"ahmedhassan98764@gmail.com"},"sameAs":["https:\/\/heuteinfo.de"],"url":"https:\/\/heuteinfo.de\/?author=1"}]}},"_links":{"self":[{"href":"https:\/\/heuteinfo.de\/index.php?rest_route=\/wp\/v2\/posts\/2407","targetHints":{"allow":["GET"]}}],"collection":[{"href":"https:\/\/heuteinfo.de\/index.php?rest_route=\/wp\/v2\/posts"}],"about":[{"href":"https:\/\/heuteinfo.de\/index.php?rest_route=\/wp\/v2\/types\/post"}],"author":[{"embeddable":true,"href":"https:\/\/heuteinfo.de\/index.php?rest_route=\/wp\/v2\/users\/1"}],"replies":[{"embeddable":true,"href":"https:\/\/heuteinfo.de\/index.php?rest_route=%2Fwp%2Fv2%2Fcomments&post=2407"}],"version-history":[{"count":3,"href":"https:\/\/heuteinfo.de\/index.php?rest_route=\/wp\/v2\/posts\/2407\/revisions"}],"predecessor-version":[{"id":10790,"href":"https:\/\/heuteinfo.de\/index.php?rest_route=\/wp\/v2\/posts\/2407\/revisions\/10790"}],"wp:featuredmedia":[{"embeddable":true,"href":"https:\/\/heuteinfo.de\/index.php?rest_route=\/wp\/v2\/media\/2408"}],"wp:attachment":[{"href":"https:\/\/heuteinfo.de\/index.php?rest_route=%2Fwp%2Fv2%2Fmedia&parent=2407"}],"wp:term":[{"taxonomy":"category","embeddable":true,"href":"https:\/\/heuteinfo.de\/index.php?rest_route=%2Fwp%2Fv2%2Fcategories&post=2407"},{"taxonomy":"post_tag","embeddable":true,"href":"https:\/\/heuteinfo.de\/index.php?rest_route=%2Fwp%2Fv2%2Ftags&post=2407"}],"curies":[{"name":"wp","href":"https:\/\/api.w.org\/{rel}","templated":true}]}}