{"id":2413,"date":"2025-12-18T12:57:23","date_gmt":"2025-12-18T12:57:23","guid":{"rendered":"https:\/\/heuteinfo.de\/?p=2413"},"modified":"2026-02-27T12:18:54","modified_gmt":"2026-02-27T12:18:54","slug":"charles-quincy-ascher-einstein","status":"publish","type":"post","link":"https:\/\/heuteinfo.de\/?p=2413","title":{"rendered":"Charles Quincy Ascher Einstein: Leben, Herkunft &amp; die Geschichte der Einstein-Familie"},"content":{"rendered":"\n<p><strong><a href=\"https:\/\/en.wikipedia.org\/wiki\/Einstein_family\">Charles Quincy Ascher Einstein<\/a><\/strong> tr\u00e4gt einen weltweit bekannten Nachnamen, der sofort Erinnerungen an den ber\u00fchmten Physiker Albert Einstein weckt. Doch anders als viele erwarten, lebt Charles nicht im Rampenlicht und ist auch kein Wissenschaftler. Er geh\u00f6rt zur modernen Generation der Einstein-Familie und ist einer der <strong>Urenkel von Albert Einstein<\/strong>.<\/p>\n\n\n\n<p>Er wurde 1971 geboren und wuchs in der Schweiz auf, weit entfernt vom gro\u00dfen Medieninteresse. Genau das macht ihn f\u00fcr viele Menschen besonders interessant. Wie lebt jemand, der einen so ikonischen Namen tr\u00e4gt? Welche Erfahrungen sammelt man, wenn der eigene Urgro\u00dfvater ein Genie war? Und wie f\u00fchlt sich ein normales Leben an, wenn die Welt Erwartungen mit sich bringt? Ein oft zitierter Satz aus einem Bericht \u00fcber die Einstein-Nachkommen bringt dieses Gef\u00fchl gut auf den Punkt:<\/p>\n\n\n\n<blockquote class=\"wp-block-quote is-layout-flow wp-block-quote-is-layout-flow\">\n<p><strong>\u201eEs f\u00fchlt sich manchmal so an, als w\u00fcrden die Menschen denken, wir seien die Urenkel eines Gottes.\u201c<\/strong><\/p>\n<\/blockquote>\n\n\n\n<p>Dieser Satz beschreibt, wie schwer ein gro\u00dfer Name sein kann, selbst wenn man versucht, ganz normal zu leben.<\/p>\n\n\n\n<h2 class=\"wp-block-heading\"><strong>Familienhintergrund &amp; fr\u00fches Leben von Charles Quincy Ascher Einstein<\/strong><\/h2>\n\n\n\n<p>Charles Quincy Ascher Einstein stammt aus einer traditionsreichen Familie, die trotz ihres ber\u00fchmten Ursprungs versucht, ein ruhiges und privates Leben zu f\u00fchren. Seine Eltern sind <strong>Bernhard Caesar Einstein<\/strong>, der Enkel von Albert Einstein, und <strong>Doris Aude Ascher<\/strong>. Bernhard selbst arbeitete viele Jahre im technischen Bereich, vor allem in der Elektronik, und f\u00fchrte ein eher bescheidenes Leben \u2013 fernab von Ruhm oder Wissenschaftsdramen. Charles wuchs zusammen mit vier Geschwistern auf: <strong>Thomas Martin<\/strong>, <strong>Paul Michael<\/strong>, <strong>Eduard Albert \u201eTed\u201c Einstein<\/strong> und <strong>Mira Einstein<\/strong>. Die Familie lebte \u00fcberwiegend in der Schweiz. Das Land bot Ruhe, Stabilit\u00e4t und Abstand von der weltweiten Aufmerksamkeit, die der Name \u201eEinstein\u201c sonst leicht ausl\u00f6st.<\/p>\n\n\n\n<p>Schon fr\u00fch bekam Charles zu sp\u00fcren, dass sein Nachname f\u00fcr viele Menschen etwas Besonderes ist. Neugier, Erwartungen und Vergleiche geh\u00f6rten fast automatisch zu seinem Alltag. Gleichzeitig berichten Quellen, dass er als Kind gerne Videospiele mochte und sp\u00e4ter sogar einen kleinen Laden f\u00fchrte, in dem Computerspiele verkauft wurden. Der Laden trug humorvoll den Namen <strong>\u201eEinstein\u2019s World\u201c<\/strong> \u2013 ein kleiner, pers\u00f6nlicher Bezug zur Familiengeschichte, ohne sie zu \u00fcberh\u00f6hen.<\/p>\n\n\n\n<h2 class=\"wp-block-heading\"><strong>Karriere, Alltag &amp; \u00f6ffentliche Pr\u00e4senz<\/strong><\/h2>\n\n\n\n<p>Im Gegensatz zu seinem ber\u00fchmten Vorfahren lebt <strong>Charles Quincy Ascher Einstein<\/strong> ein ruhiges Berufsleben. Es wird berichtet, dass er in der Schweiz als Sprecher f\u00fcr ein gro\u00dfes Krankenhaus gearbeitet hat. Diese Art Arbeit hat nichts mit Physik oder Forschung zu tun, zeigt aber, dass er seinen eigenen Weg gew\u00e4hlt hat, statt in die Fu\u00dfstapfen von Albert Einstein zu treten.<\/p>\n\n\n\n<p>Seine \u00f6ffentliche Pr\u00e4senz ist gering. Er gibt selten Interviews und meidet die Medien. Die Einstein-Familie hat sich \u00fcber Generationen hinweg immer wieder bewusst f\u00fcr Privatsph\u00e4re entschieden. Der Name bringt zwar Aufmerksamkeit, doch die Familie sieht sich selbst als normale Menschen, die ein normales Leben f\u00fchren m\u00f6chten. Charles ist daf\u00fcr ein gutes Beispiel. Er wirkt bodenst\u00e4ndig, privat und fokussiert auf das, was ihm pers\u00f6nlich wichtig ist \u2013 nicht auf das, was die Welt von einem Einstein erwartet.<\/p>\n\n\n\n<h2 class=\"wp-block-heading\"><strong>Die Bedeutung des Einstein-Namens f\u00fcr Charles Quincy Ascher Einstein<\/strong><\/h2>\n\n\n\n<p>Einen weltber\u00fchmten Namen zu tragen, bedeutet nicht automatisch ein leichtes Leben. Viele Nachkommen ber\u00fchmter Pers\u00f6nlichkeiten berichten von Druck, st\u00e4ndigen Vergleichen und Erwartungen. F\u00fcr Charles Quincy Ascher Einstein ist das nicht anders. Der Name \u201eEinstein\u201c steht f\u00fcr:<\/p>\n\n\n\n<ul class=\"wp-block-list\">\n<li>Intelligenz<\/li>\n\n\n\n<li>Wissenschaft<\/li>\n\n\n\n<li>Revolution\u00e4re Ideen<\/li>\n\n\n\n<li>Ein unvergleichliches Verm\u00e4chtnis<\/li>\n<\/ul>\n\n\n\n<p>Doch Menschen erwarten manchmal, dass jeder Einstein ein Genie sein muss. Genau dieses Missverst\u00e4ndnis kann belastend sein. Deshalb leben viele Familienmitglieder bewusst zur\u00fcckgezogen. Sie m\u00f6chten nicht als \u201eEinsteins\u201c gesehen werden, sondern als Individuen mit eigenen St\u00e4rken und Interessen. Charles ist ein gutes Beispiel daf\u00fcr, wie man einen ber\u00fchmten Namen tragen kann, ohne sich davon definieren zu lassen. Er ist nicht Albert Einstein \u2013 er ist <strong>Charles<\/strong>, ein eigener Mensch mit eigenen Zielen.<\/p>\n\n\n\n<h2 class=\"wp-block-heading\">Familie, Genealogie &amp; die Ahnenlinien der Einstein-Familie<\/h2>\n\n\n\n<p>Die Einstein-Familie hat eine breite genealogische Struktur, die von Albert Einstein \u00fcber seine Kinder, Enkel und Urenkel reicht. Eine kurze \u00dcbersicht:<\/p>\n\n\n\n<figure class=\"wp-block-table\"><table><thead><tr><th>Familienmitglied<\/th><th>Beziehung zu Albert Einstein<\/th><th>Bemerkung<\/th><\/tr><\/thead><tbody><tr><td>Albert Einstein<\/td><td>\u2014<\/td><td>Der Ursprung des weltber\u00fchmten Namens<\/td><\/tr><tr><td>Hans Albert Einstein<\/td><td>Sohn<\/td><td>Vater von Bernhard Caesar Einstein<\/td><\/tr><tr><td>Bernhard Caesar Einstein<\/td><td>Enkel<\/td><td>Vater von Charles Quincy Ascher Einstein<\/td><\/tr><tr><td>Charles Quincy Ascher Einstein<\/td><td>Urenkel<\/td><td>Moderne Generation der Einstein-Familie<\/td><\/tr><\/tbody><\/table><\/figure>\n\n\n\n<p>Viele Menschen interessieren sich f\u00fcr diese Linien, weil sie das Gef\u00fchl haben, dass das Genie Albert Einstein etwas \u201eweitergegeben\u201c hat. Doch die Einstein-Familie betont selbst, dass sie ein ganz normales Familienleben f\u00fchrt.<\/p>\n\n\n\n<h2 class=\"wp-block-heading\"><strong>Mythen &amp; Missverst\u00e4ndnisse \u00fcber Charles Quincy Ascher Einstein<\/strong><\/h2>\n\n\n\n<p>Rund um den Namen \u201eEinstein\u201c entstehen viele Mythen. Manche Quellen behaupten, Charles habe wissenschaftliche Arbeiten ver\u00f6ffentlicht oder sei im Bereich der theoretischen Physik aktiv. Diese Informationen sind nicht best\u00e4tigt. Die wichtigsten Klarstellungen:<\/p>\n\n\n\n<ul class=\"wp-block-list\">\n<li><strong>Er ist kein Wissenschaftler.<\/strong><\/li>\n\n\n\n<li><strong>Er hat keine \u00f6ffentlich bekannten Forschungsarbeiten.<\/strong><\/li>\n\n\n\n<li><strong>Er lebt privat und ist nicht im wissenschaftlichen Rampenlicht.<\/strong><\/li>\n<\/ul>\n\n\n\n<p>Das Problem ist, dass viele Webseiten versuchen, Geschichten aufzubauschen, weil der Name \u201eEinstein\u201c Aufmerksamkeit bringt. Deshalb ist es wichtig, zwischen echten Informationen und Fantasiegeschichten zu unterscheiden. Die Wahrheit ist simpler und menschlicher: <strong>Charles Quincy Ascher Einstein f\u00fchrt ein ruhiges, normales Leben.<\/strong><\/p>\n\n\n\n<h2 class=\"wp-block-heading\"><strong>Warum die Geschichte von Charles Quincy Ascher Einstein auch heute noch spannend ist<\/strong><\/h2>\n\n\n\n<p>Viele Menschen interessieren sich f\u00fcr Charles Quincy Ascher Einstein, weil seine Geschichte zeigt, wie unterschiedlich das Leben von ber\u00fchmten Nachkommen sein kann. Manche Familien bauen auf dem Erbe auf. Andere suchen ihren eigenen Weg. Charles geh\u00f6rt zur zweiten Gruppe. Seine Geschichte zeigt:<\/p>\n\n\n\n<ul class=\"wp-block-list\">\n<li>Dass ein gro\u00dfer Name Druck bringen kann<\/li>\n\n\n\n<li>Dass Normalit\u00e4t oft wertvoller ist als Ruhm<\/li>\n\n\n\n<li>Dass Familienerbe nicht gleich Lebensweg bedeutet<\/li>\n<\/ul>\n\n\n\n<p>Er erinnert uns daran, dass wir Menschen nicht nur \u00fcber ihre Vorfahren definieren sollten, sondern \u00fcber ihr eigenes Leben.<\/p>\n\n\n\n<h2 class=\"wp-block-heading\"><strong>FAQ zu Charles Quincy Ascher Einstein<\/strong><\/h2>\n\n\n\n<p><strong>Ist Charles Quincy Ascher Einstein wirklich ein Urenkel von Albert Einstein?<\/strong><br>Ja, \u00fcber seinen Vater Bernhard Caesar Einstein.<\/p>\n\n\n\n<p><strong>Ist er Wissenschaftler?<\/strong><br>Nein, er hat andere Berufswege gew\u00e4hlt.<\/p>\n\n\n\n<p><strong>Wo lebt er heute?<\/strong><br>Bekannte Berichte nennen die Schweiz.<\/p>\n\n\n\n<p><strong>Warum wei\u00df man so wenig \u00fcber ihn?<\/strong><br>Die Einstein-Familie sch\u00fctzt ihre Privatsph\u00e4re sehr stark.<\/p>\n\n\n\n<h2 class=\"wp-block-heading\"><strong>Fazit<\/strong><\/h2>\n\n\n\n<p>Die Geschichte von <strong>Charles Quincy Ascher Einstein<\/strong> ist ruhig, menschlich und frei von gro\u00dfen Schlagzeilen. Und genau das macht sie interessant. Sein Leben zeigt, dass selbst ein ber\u00fchmter Name nicht definiert, wer man ist. Er steht f\u00fcr eine moderne Generation der Einstein-Familie, die ihren eigenen Weg geht \u2013 frei, privat und unabh\u00e4ngig vom gro\u00dfen Schatten seines Urgro\u00dfvaters.<\/p>\n\n\n\n<p>Mher Lesson: <strong><a href=\"https:\/\/heuteinfo.de\/2025\/12\/18\/keilani-bautista\/\">Keilani Bautista<\/a><\/strong><\/p>\n","protected":false},"excerpt":{"rendered":"<p>Charles Quincy Ascher Einstein tr\u00e4gt einen weltweit bekannten Nachnamen, der sofort Erinnerungen an den ber\u00fchmten Physiker Albert Einstein weckt. Doch anders als viele erwarten, lebt Charles nicht im Rampenlicht und ist auch kein Wissenschaftler. Er geh\u00f6rt zur modernen Generation der Einstein-Familie und ist einer der Urenkel von Albert Einstein. Er wurde 1971 geboren und wuchs [&hellip;]<\/p>\n","protected":false},"author":1,"featured_media":2414,"comment_status":"closed","ping_status":"open","sticky":false,"template":"","format":"standard","meta":{"footnotes":""},"categories":[39],"tags":[],"class_list":["post-2413","post","type-post","status-publish","format-standard","has-post-thumbnail","hentry","category-lebensstil"],"yoast_head":"<!-- This site is optimized with the Yoast SEO plugin v27.4 - https:\/\/yoast.com\/product\/yoast-seo-wordpress\/ -->\n<title>Charles Quincy Ascher Einstein: Leben, Herkunft &amp; die Geschichte der Einstein-Familie - heuteinfo.de<\/title>\n<meta name=\"robots\" content=\"index, follow, max-snippet:-1, max-image-preview:large, max-video-preview:-1\" \/>\n<link rel=\"canonical\" href=\"https:\/\/heuteinfo.de\/?p=2413\" \/>\n<meta property=\"og:locale\" content=\"en_US\" \/>\n<meta property=\"og:type\" content=\"article\" \/>\n<meta property=\"og:title\" content=\"Charles Quincy Ascher Einstein: Leben, Herkunft &amp; die Geschichte der Einstein-Familie - heuteinfo.de\" \/>\n<meta property=\"og:description\" content=\"Charles Quincy Ascher Einstein tr\u00e4gt einen weltweit bekannten Nachnamen, der sofort Erinnerungen an den ber\u00fchmten Physiker Albert Einstein weckt. Doch anders als viele erwarten, lebt Charles nicht im Rampenlicht und ist auch kein Wissenschaftler. Er geh\u00f6rt zur modernen Generation der Einstein-Familie und ist einer der Urenkel von Albert Einstein. Er wurde 1971 geboren und wuchs [&hellip;]\" \/>\n<meta property=\"og:url\" content=\"https:\/\/heuteinfo.de\/?p=2413\" \/>\n<meta property=\"og:site_name\" content=\"heuteinfo.de\" \/>\n<meta property=\"article:published_time\" content=\"2025-12-18T12:57:23+00:00\" \/>\n<meta property=\"article:modified_time\" content=\"2026-02-27T12:18:54+00:00\" \/>\n<meta property=\"og:image\" content=\"https:\/\/heuteinfo.de\/wp-content\/uploads\/2025\/12\/charles-quincy-ascher-charly-Einstein-768x432-1.webp\" \/>\n\t<meta property=\"og:image:width\" content=\"768\" \/>\n\t<meta property=\"og:image:height\" content=\"432\" \/>\n\t<meta property=\"og:image:type\" content=\"image\/webp\" \/>\n<meta name=\"author\" content=\"ahmedhassan98764@gmail.com\" \/>\n<meta name=\"twitter:card\" content=\"summary_large_image\" \/>\n<meta name=\"twitter:label1\" content=\"Written by\" \/>\n\t<meta name=\"twitter:data1\" content=\"ahmedhassan98764@gmail.com\" \/>\n\t<meta name=\"twitter:label2\" content=\"Est. reading time\" \/>\n\t<meta name=\"twitter:data2\" content=\"5 minutes\" \/>\n<script type=\"application\/ld+json\" class=\"yoast-schema-graph\">{\"@context\":\"https:\\\/\\\/schema.org\",\"@graph\":[{\"@type\":\"Article\",\"@id\":\"https:\\\/\\\/heuteinfo.de\\\/?p=2413#article\",\"isPartOf\":{\"@id\":\"https:\\\/\\\/heuteinfo.de\\\/?p=2413\"},\"author\":{\"name\":\"ahmedhassan98764@gmail.com\",\"@id\":\"https:\\\/\\\/heuteinfo.de\\\/#\\\/schema\\\/person\\\/94a0e25dd819e325bc73714b2b0e6250\"},\"headline\":\"Charles Quincy Ascher Einstein: Leben, Herkunft &amp; die Geschichte der Einstein-Familie\",\"datePublished\":\"2025-12-18T12:57:23+00:00\",\"dateModified\":\"2026-02-27T12:18:54+00:00\",\"mainEntityOfPage\":{\"@id\":\"https:\\\/\\\/heuteinfo.de\\\/?p=2413\"},\"wordCount\":1100,\"image\":{\"@id\":\"https:\\\/\\\/heuteinfo.de\\\/?p=2413#primaryimage\"},\"thumbnailUrl\":\"https:\\\/\\\/heuteinfo.de\\\/wp-content\\\/uploads\\\/2025\\\/12\\\/charles-quincy-ascher-charly-Einstein-768x432-1.webp\",\"articleSection\":[\"Lebensstil\"],\"inLanguage\":\"en-US\"},{\"@type\":\"WebPage\",\"@id\":\"https:\\\/\\\/heuteinfo.de\\\/?p=2413\",\"url\":\"https:\\\/\\\/heuteinfo.de\\\/?p=2413\",\"name\":\"Charles Quincy Ascher Einstein: Leben, Herkunft &amp; die Geschichte der Einstein-Familie - heuteinfo.de\",\"isPartOf\":{\"@id\":\"https:\\\/\\\/heuteinfo.de\\\/#website\"},\"primaryImageOfPage\":{\"@id\":\"https:\\\/\\\/heuteinfo.de\\\/?p=2413#primaryimage\"},\"image\":{\"@id\":\"https:\\\/\\\/heuteinfo.de\\\/?p=2413#primaryimage\"},\"thumbnailUrl\":\"https:\\\/\\\/heuteinfo.de\\\/wp-content\\\/uploads\\\/2025\\\/12\\\/charles-quincy-ascher-charly-Einstein-768x432-1.webp\",\"datePublished\":\"2025-12-18T12:57:23+00:00\",\"dateModified\":\"2026-02-27T12:18:54+00:00\",\"author\":{\"@id\":\"https:\\\/\\\/heuteinfo.de\\\/#\\\/schema\\\/person\\\/94a0e25dd819e325bc73714b2b0e6250\"},\"breadcrumb\":{\"@id\":\"https:\\\/\\\/heuteinfo.de\\\/?p=2413#breadcrumb\"},\"inLanguage\":\"en-US\",\"potentialAction\":[{\"@type\":\"ReadAction\",\"target\":[\"https:\\\/\\\/heuteinfo.de\\\/?p=2413\"]}]},{\"@type\":\"ImageObject\",\"inLanguage\":\"en-US\",\"@id\":\"https:\\\/\\\/heuteinfo.de\\\/?p=2413#primaryimage\",\"url\":\"https:\\\/\\\/heuteinfo.de\\\/wp-content\\\/uploads\\\/2025\\\/12\\\/charles-quincy-ascher-charly-Einstein-768x432-1.webp\",\"contentUrl\":\"https:\\\/\\\/heuteinfo.de\\\/wp-content\\\/uploads\\\/2025\\\/12\\\/charles-quincy-ascher-charly-Einstein-768x432-1.webp\",\"width\":768,\"height\":432,\"caption\":\"charles quincy ascher einstein\"},{\"@type\":\"BreadcrumbList\",\"@id\":\"https:\\\/\\\/heuteinfo.de\\\/?p=2413#breadcrumb\",\"itemListElement\":[{\"@type\":\"ListItem\",\"position\":1,\"name\":\"Home\",\"item\":\"https:\\\/\\\/heuteinfo.de\\\/\"},{\"@type\":\"ListItem\",\"position\":2,\"name\":\"Charles Quincy Ascher Einstein: Leben, Herkunft &amp; die Geschichte der Einstein-Familie\"}]},{\"@type\":\"WebSite\",\"@id\":\"https:\\\/\\\/heuteinfo.de\\\/#website\",\"url\":\"https:\\\/\\\/heuteinfo.de\\\/\",\"name\":\"heuteinfo.de\",\"description\":\"\",\"potentialAction\":[{\"@type\":\"SearchAction\",\"target\":{\"@type\":\"EntryPoint\",\"urlTemplate\":\"https:\\\/\\\/heuteinfo.de\\\/?s={search_term_string}\"},\"query-input\":{\"@type\":\"PropertyValueSpecification\",\"valueRequired\":true,\"valueName\":\"search_term_string\"}}],\"inLanguage\":\"en-US\"},{\"@type\":\"Person\",\"@id\":\"https:\\\/\\\/heuteinfo.de\\\/#\\\/schema\\\/person\\\/94a0e25dd819e325bc73714b2b0e6250\",\"name\":\"ahmedhassan98764@gmail.com\",\"image\":{\"@type\":\"ImageObject\",\"inLanguage\":\"en-US\",\"@id\":\"https:\\\/\\\/secure.gravatar.com\\\/avatar\\\/e2e9655aa74e87126cf4d7a522342156dfe63385e2ce1859f3a68169de6937a9?s=96&d=mm&r=g\",\"url\":\"https:\\\/\\\/secure.gravatar.com\\\/avatar\\\/e2e9655aa74e87126cf4d7a522342156dfe63385e2ce1859f3a68169de6937a9?s=96&d=mm&r=g\",\"contentUrl\":\"https:\\\/\\\/secure.gravatar.com\\\/avatar\\\/e2e9655aa74e87126cf4d7a522342156dfe63385e2ce1859f3a68169de6937a9?s=96&d=mm&r=g\",\"caption\":\"ahmedhassan98764@gmail.com\"},\"sameAs\":[\"https:\\\/\\\/heuteinfo.de\"],\"url\":\"https:\\\/\\\/heuteinfo.de\\\/?author=1\"}]}<\/script>\n<!-- \/ Yoast SEO plugin. -->","yoast_head_json":{"title":"Charles Quincy Ascher Einstein: Leben, Herkunft &amp; die Geschichte der Einstein-Familie - heuteinfo.de","robots":{"index":"index","follow":"follow","max-snippet":"max-snippet:-1","max-image-preview":"max-image-preview:large","max-video-preview":"max-video-preview:-1"},"canonical":"https:\/\/heuteinfo.de\/?p=2413","og_locale":"en_US","og_type":"article","og_title":"Charles Quincy Ascher Einstein: Leben, Herkunft &amp; die Geschichte der Einstein-Familie - heuteinfo.de","og_description":"Charles Quincy Ascher Einstein tr\u00e4gt einen weltweit bekannten Nachnamen, der sofort Erinnerungen an den ber\u00fchmten Physiker Albert Einstein weckt. Doch anders als viele erwarten, lebt Charles nicht im Rampenlicht und ist auch kein Wissenschaftler. Er geh\u00f6rt zur modernen Generation der Einstein-Familie und ist einer der Urenkel von Albert Einstein. Er wurde 1971 geboren und wuchs [&hellip;]","og_url":"https:\/\/heuteinfo.de\/?p=2413","og_site_name":"heuteinfo.de","article_published_time":"2025-12-18T12:57:23+00:00","article_modified_time":"2026-02-27T12:18:54+00:00","og_image":[{"width":768,"height":432,"url":"https:\/\/heuteinfo.de\/wp-content\/uploads\/2025\/12\/charles-quincy-ascher-charly-Einstein-768x432-1.webp","type":"image\/webp"}],"author":"ahmedhassan98764@gmail.com","twitter_card":"summary_large_image","twitter_misc":{"Written by":"ahmedhassan98764@gmail.com","Est. reading time":"5 minutes"},"schema":{"@context":"https:\/\/schema.org","@graph":[{"@type":"Article","@id":"https:\/\/heuteinfo.de\/?p=2413#article","isPartOf":{"@id":"https:\/\/heuteinfo.de\/?p=2413"},"author":{"name":"ahmedhassan98764@gmail.com","@id":"https:\/\/heuteinfo.de\/#\/schema\/person\/94a0e25dd819e325bc73714b2b0e6250"},"headline":"Charles Quincy Ascher Einstein: Leben, Herkunft &amp; die Geschichte der Einstein-Familie","datePublished":"2025-12-18T12:57:23+00:00","dateModified":"2026-02-27T12:18:54+00:00","mainEntityOfPage":{"@id":"https:\/\/heuteinfo.de\/?p=2413"},"wordCount":1100,"image":{"@id":"https:\/\/heuteinfo.de\/?p=2413#primaryimage"},"thumbnailUrl":"https:\/\/heuteinfo.de\/wp-content\/uploads\/2025\/12\/charles-quincy-ascher-charly-Einstein-768x432-1.webp","articleSection":["Lebensstil"],"inLanguage":"en-US"},{"@type":"WebPage","@id":"https:\/\/heuteinfo.de\/?p=2413","url":"https:\/\/heuteinfo.de\/?p=2413","name":"Charles Quincy Ascher Einstein: Leben, Herkunft &amp; die Geschichte der Einstein-Familie - heuteinfo.de","isPartOf":{"@id":"https:\/\/heuteinfo.de\/#website"},"primaryImageOfPage":{"@id":"https:\/\/heuteinfo.de\/?p=2413#primaryimage"},"image":{"@id":"https:\/\/heuteinfo.de\/?p=2413#primaryimage"},"thumbnailUrl":"https:\/\/heuteinfo.de\/wp-content\/uploads\/2025\/12\/charles-quincy-ascher-charly-Einstein-768x432-1.webp","datePublished":"2025-12-18T12:57:23+00:00","dateModified":"2026-02-27T12:18:54+00:00","author":{"@id":"https:\/\/heuteinfo.de\/#\/schema\/person\/94a0e25dd819e325bc73714b2b0e6250"},"breadcrumb":{"@id":"https:\/\/heuteinfo.de\/?p=2413#breadcrumb"},"inLanguage":"en-US","potentialAction":[{"@type":"ReadAction","target":["https:\/\/heuteinfo.de\/?p=2413"]}]},{"@type":"ImageObject","inLanguage":"en-US","@id":"https:\/\/heuteinfo.de\/?p=2413#primaryimage","url":"https:\/\/heuteinfo.de\/wp-content\/uploads\/2025\/12\/charles-quincy-ascher-charly-Einstein-768x432-1.webp","contentUrl":"https:\/\/heuteinfo.de\/wp-content\/uploads\/2025\/12\/charles-quincy-ascher-charly-Einstein-768x432-1.webp","width":768,"height":432,"caption":"charles quincy ascher einstein"},{"@type":"BreadcrumbList","@id":"https:\/\/heuteinfo.de\/?p=2413#breadcrumb","itemListElement":[{"@type":"ListItem","position":1,"name":"Home","item":"https:\/\/heuteinfo.de\/"},{"@type":"ListItem","position":2,"name":"Charles Quincy Ascher Einstein: Leben, Herkunft &amp; die Geschichte der Einstein-Familie"}]},{"@type":"WebSite","@id":"https:\/\/heuteinfo.de\/#website","url":"https:\/\/heuteinfo.de\/","name":"heuteinfo.de","description":"","potentialAction":[{"@type":"SearchAction","target":{"@type":"EntryPoint","urlTemplate":"https:\/\/heuteinfo.de\/?s={search_term_string}"},"query-input":{"@type":"PropertyValueSpecification","valueRequired":true,"valueName":"search_term_string"}}],"inLanguage":"en-US"},{"@type":"Person","@id":"https:\/\/heuteinfo.de\/#\/schema\/person\/94a0e25dd819e325bc73714b2b0e6250","name":"ahmedhassan98764@gmail.com","image":{"@type":"ImageObject","inLanguage":"en-US","@id":"https:\/\/secure.gravatar.com\/avatar\/e2e9655aa74e87126cf4d7a522342156dfe63385e2ce1859f3a68169de6937a9?s=96&d=mm&r=g","url":"https:\/\/secure.gravatar.com\/avatar\/e2e9655aa74e87126cf4d7a522342156dfe63385e2ce1859f3a68169de6937a9?s=96&d=mm&r=g","contentUrl":"https:\/\/secure.gravatar.com\/avatar\/e2e9655aa74e87126cf4d7a522342156dfe63385e2ce1859f3a68169de6937a9?s=96&d=mm&r=g","caption":"ahmedhassan98764@gmail.com"},"sameAs":["https:\/\/heuteinfo.de"],"url":"https:\/\/heuteinfo.de\/?author=1"}]}},"_links":{"self":[{"href":"https:\/\/heuteinfo.de\/index.php?rest_route=\/wp\/v2\/posts\/2413","targetHints":{"allow":["GET"]}}],"collection":[{"href":"https:\/\/heuteinfo.de\/index.php?rest_route=\/wp\/v2\/posts"}],"about":[{"href":"https:\/\/heuteinfo.de\/index.php?rest_route=\/wp\/v2\/types\/post"}],"author":[{"embeddable":true,"href":"https:\/\/heuteinfo.de\/index.php?rest_route=\/wp\/v2\/users\/1"}],"replies":[{"embeddable":true,"href":"https:\/\/heuteinfo.de\/index.php?rest_route=%2Fwp%2Fv2%2Fcomments&post=2413"}],"version-history":[{"count":3,"href":"https:\/\/heuteinfo.de\/index.php?rest_route=\/wp\/v2\/posts\/2413\/revisions"}],"predecessor-version":[{"id":10792,"href":"https:\/\/heuteinfo.de\/index.php?rest_route=\/wp\/v2\/posts\/2413\/revisions\/10792"}],"wp:featuredmedia":[{"embeddable":true,"href":"https:\/\/heuteinfo.de\/index.php?rest_route=\/wp\/v2\/media\/2414"}],"wp:attachment":[{"href":"https:\/\/heuteinfo.de\/index.php?rest_route=%2Fwp%2Fv2%2Fmedia&parent=2413"}],"wp:term":[{"taxonomy":"category","embeddable":true,"href":"https:\/\/heuteinfo.de\/index.php?rest_route=%2Fwp%2Fv2%2Fcategories&post=2413"},{"taxonomy":"post_tag","embeddable":true,"href":"https:\/\/heuteinfo.de\/index.php?rest_route=%2Fwp%2Fv2%2Ftags&post=2413"}],"curies":[{"name":"wp","href":"https:\/\/api.w.org\/{rel}","templated":true}]}}