{"id":2420,"date":"2025-12-20T12:59:38","date_gmt":"2025-12-20T12:59:38","guid":{"rendered":"https:\/\/heuteinfo.de\/?p=2420"},"modified":"2026-02-27T12:18:55","modified_gmt":"2026-02-27T12:18:55","slug":"lisa-eckhart-korpergrosse","status":"publish","type":"post","link":"https:\/\/heuteinfo.de\/?p=2420","title":{"rendered":"Lisa Eckhart K\u00f6rpergr\u00f6\u00dfe \u2013 Wie gro\u00df ist die Kabarettistin wirklich?"},"content":{"rendered":"\n<p>Viele Menschen suchen gezielt nach \u201e<a href=\"https:\/\/de.wikipedia.org\/wiki\/Lisa_Eckhart\"><strong>Lisa Eckhart<\/strong><\/a> K\u00f6rpergr\u00f6\u00dfe\u201c, erwarten eine klare Zahl und sind dann \u00fcberrascht, dass es <strong>keine offiziell best\u00e4tigte Angabe<\/strong> gibt. Anders als bei manchen internationalen Stars hat Lisa Eckhart ihre K\u00f6rpergr\u00f6\u00dfe <strong>nie eindeutig in einem Steckbrief oder auf offiziellen Kan\u00e4len ver\u00f6ffentlicht<\/strong>. Das ist im deutschsprachigen Raum nicht ungew\u00f6hnlich. Viele K\u00fcnstlerinnen legen bewusst keinen Wert darauf, k\u00f6rperliche Daten \u00f6ffentlich zu machen. Gerade Lisa Eckhart, die sehr reflektiert mit \u00d6ffentlichkeit umgeht, scheint solche Details nicht in den Mittelpunkt stellen zu wollen.<\/p>\n\n\n\n<p>Was man dazu wissen sollte:<\/p>\n\n\n\n<ul class=\"wp-block-list\">\n<li>Es gibt <strong>keine Angaben auf offiziellen Webseiten oder Verlagen<\/strong><\/li>\n\n\n\n<li>Auch in TV-Portr\u00e4ts wird ihre Gr\u00f6\u00dfe nicht genannt<\/li>\n\n\n\n<li>Online kursierende Zahlen stammen meist aus <strong>Sch\u00e4tzungen oder Drittquellen<\/strong><\/li>\n<\/ul>\n\n\n\n<p>Das bedeutet nicht, dass alle Angaben falsch sind. Es hei\u00dft nur, dass man zwischen <strong>best\u00e4tigten Aussagen<\/strong> und <strong>reinen Vermutungen<\/strong> unterscheiden muss. Genau deshalb ist es wichtig, genauer hinzuschauen, woher bestimmte Zahlen kommen.<\/p>\n\n\n\n<h2 class=\"wp-block-heading\">Wie gro\u00df ist Lisa Eckhart laut Interviews und Aussagen?<\/h2>\n\n\n\n<p>Obwohl es keine offizielle Angabe gibt, existieren <strong>indirekte Hinweise<\/strong> aus Interviews. In Gespr\u00e4chen hat Lisa Eckhart selbst sinngem\u00e4\u00df angedeutet, dass sie sich <strong>nicht als besonders gro\u00df empfindet<\/strong>. In einem bekannten Interview fiel dabei eine Gr\u00f6\u00dfenordnung von <strong>etwa 1,70 bis 1,73 Metern<\/strong>, allerdings ohne Anspruch auf Genauigkeit. Solche Aussagen sind keine festen Fakten, geben aber einen realistischen Rahmen vor. Wichtig ist dabei zu verstehen, dass K\u00fcnstlerinnen in Interviews oft <strong>locker oder ironisch<\/strong> \u00fcber sich sprechen. Gerade bei Lisa Eckhart geh\u00f6rt diese Distanz zur eigenen Person zu ihrem Stil.<\/p>\n\n\n\n<p>Zusammengefasst l\u00e4sst sich sagen:<\/p>\n\n\n\n<ul class=\"wp-block-list\">\n<li>Die h\u00e4ufig genannte <strong>Lisa Eckhart Gr\u00f6\u00dfe liegt bei ca. 170\u2013173 cm<\/strong><\/li>\n\n\n\n<li>Diese Zahl basiert auf <strong>Selbstaussagen und journalistischer Einordnung<\/strong><\/li>\n\n\n\n<li>Eine exakte Best\u00e4tigung gibt es nicht<\/li>\n<\/ul>\n\n\n\n<p>F\u00fcr viele Leser ist das trotzdem ausreichend, da diese Spanne gut zu ihrem Erscheinungsbild passt.<\/p>\n\n\n\n<h2 class=\"wp-block-heading\">Gesch\u00e4tzte K\u00f6rpergr\u00f6\u00dfe von Lisa Eckhart im Vergleich<\/h2>\n\n\n\n<p>Um die <strong>Lisa Eckhart K\u00f6rpergr\u00f6\u00dfe<\/strong> besser einordnen zu k\u00f6nnen, hilft ein Vergleich. Die durchschnittliche K\u00f6rpergr\u00f6\u00dfe von Frauen in \u00d6sterreich liegt bei etwa <strong>165 cm<\/strong>. Damit w\u00fcrde Lisa Eckhart \u2013 selbst bei vorsichtiger Sch\u00e4tzung \u2013 <strong>\u00fcber dem Durchschnitt<\/strong> liegen.<\/p>\n\n\n\n<p>Ein Vergleich hilft, die Wahrnehmung besser zu verstehen:<\/p>\n\n\n\n<figure class=\"wp-block-table\"><table class=\"has-fixed-layout\"><thead><tr><th>Vergleich<\/th><th>Gesch\u00e4tzte Gr\u00f6\u00dfe<\/th><\/tr><\/thead><tbody><tr><td>Durchschnitt Frau (AT)<\/td><td>ca. 165 cm<\/td><\/tr><tr><td>Lisa Eckhart (Sch\u00e4tzung)<\/td><td>ca. 170\u2013173 cm<\/td><\/tr><tr><td>Wirkung auf der B\u00fchne<\/td><td>oft gr\u00f6\u00dfer<\/td><\/tr><\/tbody><\/table><\/figure>\n\n\n\n<p>Dieser kleine Unterschied reicht schon aus, um auf der B\u00fchne pr\u00e4senter zu wirken. Vor allem in Kombination mit Haltung, Kleidung und Stimme verst\u00e4rkt sich dieser Effekt deutlich.<\/p>\n\n\n\n<h2 class=\"wp-block-heading\">Warum wirkt Lisa Eckhart gr\u00f6\u00dfer, als sie ist?<\/h2>\n\n\n\n<p>Ein sehr h\u00e4ufiger Grund f\u00fcr die Suche nach <em>\u201eWie gro\u00df ist Lisa Eckhart wirklich?\u201c<\/em> ist, dass sie <strong>gr\u00f6\u00dfer wirkt, als viele erwarten<\/strong>. Das liegt nicht nur an Zentimetern, sondern an mehreren Faktoren, die zusammenkommen.<\/p>\n\n\n\n<p>Dazu geh\u00f6ren:<\/p>\n\n\n\n<ul class=\"wp-block-list\">\n<li><strong>Sehr aufrechte K\u00f6rperhaltung<\/strong><\/li>\n\n\n\n<li>Ruhige, langsame Bewegungen<\/li>\n\n\n\n<li>Elegante Kleidung mit klaren Linien<\/li>\n\n\n\n<li>H\u00e4ufiges Tragen von Schuhen mit Absatz<\/li>\n<\/ul>\n\n\n\n<p>Vor allem ihre <strong>B\u00fchnenkleidung<\/strong> spielt eine gro\u00dfe Rolle. Lange M\u00e4ntel, schmale Schnitte und hohe Schuhe strecken optisch. Gleichzeitig spricht sie meist ruhig und bestimmt, was ihre Pr\u00e4senz zus\u00e4tzlich verst\u00e4rkt. Unser Gehirn verbindet diese Merkmale automatisch mit Gr\u00f6\u00dfe und Autorit\u00e4t.<\/p>\n\n\n\n<h2 class=\"wp-block-heading\">Lisa Eckhart K\u00f6rpergr\u00f6\u00dfe und B\u00fchnenwirkung<\/h2>\n\n\n\n<p>In der B\u00fchnenkunst ist K\u00f6rpergr\u00f6\u00dfe selten entscheidend. Viel wichtiger ist, <strong>wie jemand den Raum nutzt<\/strong>. Lisa Eckhart beherrscht das sehr bewusst. Sie steht oft still, bewegt sich gezielt und nutzt Pausen in der Sprache. Dadurch richtet sich die volle Aufmerksamkeit auf sie. Ihre Gr\u00f6\u00dfe \u2013 egal ob 1,70 oder 1,73 m \u2013 wird so Teil einer gr\u00f6\u00dferen Inszenierung. Viele Experten sind sich einig, dass:<\/p>\n\n\n\n<ul class=\"wp-block-list\">\n<li><strong>Pr\u00e4senz wichtiger ist als Zentimeter<\/strong><\/li>\n\n\n\n<li>Stimme, Haltung und Timing mehr Wirkung haben<\/li>\n\n\n\n<li>Zuschauer Gr\u00f6\u00dfe oft \u00fcbersch\u00e4tzen<\/li>\n<\/ul>\n\n\n\n<p>Das erkl\u00e4rt, warum ihre K\u00f6rpergr\u00f6\u00dfe so oft Thema ist, obwohl sie f\u00fcr ihre Kunst eigentlich keine Rolle spielt.<\/p>\n\n\n\n<h2 class=\"wp-block-heading\">H\u00e4ufig gestellte Fragen zur Lisa Eckhart K\u00f6rpergr\u00f6\u00dfe<\/h2>\n\n\n\n<p><strong>Wie gro\u00df ist Lisa Eckhart?<\/strong><br>Eine h\u00e4ufig genannte Sch\u00e4tzung liegt zwischen <strong>170 und 173 cm<\/strong>, ohne offizielle Best\u00e4tigung.<\/p>\n\n\n\n<p><strong>Gibt es widerspr\u00fcchliche Angaben?<\/strong><br>Ja, manche Webseiten nennen kleinere Werte. Diese sind meist <strong>nicht belegt<\/strong>.<\/p>\n\n\n\n<p><strong>Warum tr\u00e4gt Lisa Eckhart oft hohe Schuhe?<\/strong><br>Das geh\u00f6rt zu ihrem B\u00fchnenstil und verst\u00e4rkt ihre elegante, distanzierte Wirkung.<\/p>\n\n\n\n<p><strong>Ist sie gr\u00f6\u00dfer als der Durchschnitt?<\/strong><br>Wahrscheinlich ja, zumindest leicht \u00fcber dem Durchschnitt.<\/p>\n\n\n\n<h2 class=\"wp-block-heading\">Fazit: Was wir \u00fcber Lisa Eckharts K\u00f6rpergr\u00f6\u00dfe wirklich wissen<\/h2>\n\n\n\n<p>Die Suche nach <strong>\u201eLisa Eckhart K\u00f6rpergr\u00f6\u00dfe\u201c<\/strong> zeigt vor allem eines: Menschen sind fasziniert von ihrer Erscheinung. Obwohl es <strong>keine offizielle Zahl<\/strong> gibt, l\u00e4sst sich realistisch sagen, dass sie <strong>etwa 1,70 bis 1,73 Meter gro\u00df<\/strong> ist.<\/p>\n\n\n\n<p>Viel wichtiger als die genaue Zahl ist jedoch ihre Wirkung. Lisa Eckhart zeigt, dass <strong>Auftreten, Sprache und Haltung<\/strong> entscheidender sind als reine K\u00f6rperma\u00dfe. Ihre Gr\u00f6\u00dfe ist ein Detail, ihre Pr\u00e4senz ist das, was im Ged\u00e4chtnis bleibt.<\/p>\n\n\n\n<p>Mher Lesson: <a href=\"https:\/\/heuteinfo.de\/2025\/12\/20\/death-in-paradise-darsteller-gestorben\/\"><strong>Death in Paradise Darsteller Gestorben<\/strong><\/a><\/p>\n","protected":false},"excerpt":{"rendered":"<p>Viele Menschen suchen gezielt nach \u201eLisa Eckhart K\u00f6rpergr\u00f6\u00dfe\u201c, erwarten eine klare Zahl und sind dann \u00fcberrascht, dass es keine offiziell best\u00e4tigte Angabe gibt. Anders als bei manchen internationalen Stars hat Lisa Eckhart ihre K\u00f6rpergr\u00f6\u00dfe nie eindeutig in einem Steckbrief oder auf offiziellen Kan\u00e4len ver\u00f6ffentlicht. Das ist im deutschsprachigen Raum nicht ungew\u00f6hnlich. Viele K\u00fcnstlerinnen legen bewusst [&hellip;]<\/p>\n","protected":false},"author":1,"featured_media":2421,"comment_status":"closed","ping_status":"open","sticky":false,"template":"","format":"standard","meta":{"footnotes":""},"categories":[39],"tags":[],"class_list":["post-2420","post","type-post","status-publish","format-standard","has-post-thumbnail","hentry","category-lebensstil"],"yoast_head":"<!-- This site is optimized with the Yoast SEO plugin v27.4 - https:\/\/yoast.com\/product\/yoast-seo-wordpress\/ -->\n<title>Lisa Eckhart K\u00f6rpergr\u00f6\u00dfe \u2013 Wie gro\u00df ist die Kabarettistin wirklich? - heuteinfo.de<\/title>\n<meta name=\"robots\" content=\"index, follow, max-snippet:-1, max-image-preview:large, max-video-preview:-1\" \/>\n<link rel=\"canonical\" href=\"https:\/\/heuteinfo.de\/?p=2420\" \/>\n<meta property=\"og:locale\" content=\"en_US\" \/>\n<meta property=\"og:type\" content=\"article\" \/>\n<meta property=\"og:title\" content=\"Lisa Eckhart K\u00f6rpergr\u00f6\u00dfe \u2013 Wie gro\u00df ist die Kabarettistin wirklich? - heuteinfo.de\" \/>\n<meta property=\"og:description\" content=\"Viele Menschen suchen gezielt nach \u201eLisa Eckhart K\u00f6rpergr\u00f6\u00dfe\u201c, erwarten eine klare Zahl und sind dann \u00fcberrascht, dass es keine offiziell best\u00e4tigte Angabe gibt. Anders als bei manchen internationalen Stars hat Lisa Eckhart ihre K\u00f6rpergr\u00f6\u00dfe nie eindeutig in einem Steckbrief oder auf offiziellen Kan\u00e4len ver\u00f6ffentlicht. Das ist im deutschsprachigen Raum nicht ungew\u00f6hnlich. Viele K\u00fcnstlerinnen legen bewusst [&hellip;]\" \/>\n<meta property=\"og:url\" content=\"https:\/\/heuteinfo.de\/?p=2420\" \/>\n<meta property=\"og:site_name\" content=\"heuteinfo.de\" \/>\n<meta property=\"article:published_time\" content=\"2025-12-20T12:59:38+00:00\" \/>\n<meta property=\"article:modified_time\" content=\"2026-02-27T12:18:55+00:00\" \/>\n<meta property=\"og:image\" content=\"https:\/\/heuteinfo.de\/wp-content\/uploads\/2025\/12\/lisaeckhart-2.jpg\" \/>\n\t<meta property=\"og:image:width\" content=\"1000\" \/>\n\t<meta property=\"og:image:height\" content=\"667\" \/>\n\t<meta property=\"og:image:type\" content=\"image\/jpeg\" \/>\n<meta name=\"author\" content=\"ahmedhassan98764@gmail.com\" \/>\n<meta name=\"twitter:card\" content=\"summary_large_image\" \/>\n<meta name=\"twitter:label1\" content=\"Written by\" \/>\n\t<meta name=\"twitter:data1\" content=\"ahmedhassan98764@gmail.com\" \/>\n\t<meta name=\"twitter:label2\" content=\"Est. reading time\" \/>\n\t<meta name=\"twitter:data2\" content=\"4 minutes\" \/>\n<script type=\"application\/ld+json\" class=\"yoast-schema-graph\">{\"@context\":\"https:\\\/\\\/schema.org\",\"@graph\":[{\"@type\":\"Article\",\"@id\":\"https:\\\/\\\/heuteinfo.de\\\/?p=2420#article\",\"isPartOf\":{\"@id\":\"https:\\\/\\\/heuteinfo.de\\\/?p=2420\"},\"author\":{\"name\":\"ahmedhassan98764@gmail.com\",\"@id\":\"https:\\\/\\\/heuteinfo.de\\\/#\\\/schema\\\/person\\\/94a0e25dd819e325bc73714b2b0e6250\"},\"headline\":\"Lisa Eckhart K\u00f6rpergr\u00f6\u00dfe \u2013 Wie gro\u00df ist die Kabarettistin wirklich?\",\"datePublished\":\"2025-12-20T12:59:38+00:00\",\"dateModified\":\"2026-02-27T12:18:55+00:00\",\"mainEntityOfPage\":{\"@id\":\"https:\\\/\\\/heuteinfo.de\\\/?p=2420\"},\"wordCount\":836,\"image\":{\"@id\":\"https:\\\/\\\/heuteinfo.de\\\/?p=2420#primaryimage\"},\"thumbnailUrl\":\"https:\\\/\\\/heuteinfo.de\\\/wp-content\\\/uploads\\\/2025\\\/12\\\/lisaeckhart-2.jpg\",\"articleSection\":[\"Lebensstil\"],\"inLanguage\":\"en-US\"},{\"@type\":\"WebPage\",\"@id\":\"https:\\\/\\\/heuteinfo.de\\\/?p=2420\",\"url\":\"https:\\\/\\\/heuteinfo.de\\\/?p=2420\",\"name\":\"Lisa Eckhart K\u00f6rpergr\u00f6\u00dfe \u2013 Wie gro\u00df ist die Kabarettistin wirklich? - heuteinfo.de\",\"isPartOf\":{\"@id\":\"https:\\\/\\\/heuteinfo.de\\\/#website\"},\"primaryImageOfPage\":{\"@id\":\"https:\\\/\\\/heuteinfo.de\\\/?p=2420#primaryimage\"},\"image\":{\"@id\":\"https:\\\/\\\/heuteinfo.de\\\/?p=2420#primaryimage\"},\"thumbnailUrl\":\"https:\\\/\\\/heuteinfo.de\\\/wp-content\\\/uploads\\\/2025\\\/12\\\/lisaeckhart-2.jpg\",\"datePublished\":\"2025-12-20T12:59:38+00:00\",\"dateModified\":\"2026-02-27T12:18:55+00:00\",\"author\":{\"@id\":\"https:\\\/\\\/heuteinfo.de\\\/#\\\/schema\\\/person\\\/94a0e25dd819e325bc73714b2b0e6250\"},\"breadcrumb\":{\"@id\":\"https:\\\/\\\/heuteinfo.de\\\/?p=2420#breadcrumb\"},\"inLanguage\":\"en-US\",\"potentialAction\":[{\"@type\":\"ReadAction\",\"target\":[\"https:\\\/\\\/heuteinfo.de\\\/?p=2420\"]}]},{\"@type\":\"ImageObject\",\"inLanguage\":\"en-US\",\"@id\":\"https:\\\/\\\/heuteinfo.de\\\/?p=2420#primaryimage\",\"url\":\"https:\\\/\\\/heuteinfo.de\\\/wp-content\\\/uploads\\\/2025\\\/12\\\/lisaeckhart-2.jpg\",\"contentUrl\":\"https:\\\/\\\/heuteinfo.de\\\/wp-content\\\/uploads\\\/2025\\\/12\\\/lisaeckhart-2.jpg\",\"width\":1000,\"height\":667,\"caption\":\"lisa eckhart k\u00f6rpergr\u00f6\u00dfe\"},{\"@type\":\"BreadcrumbList\",\"@id\":\"https:\\\/\\\/heuteinfo.de\\\/?p=2420#breadcrumb\",\"itemListElement\":[{\"@type\":\"ListItem\",\"position\":1,\"name\":\"Home\",\"item\":\"https:\\\/\\\/heuteinfo.de\\\/\"},{\"@type\":\"ListItem\",\"position\":2,\"name\":\"Lisa Eckhart K\u00f6rpergr\u00f6\u00dfe \u2013 Wie gro\u00df ist die Kabarettistin wirklich?\"}]},{\"@type\":\"WebSite\",\"@id\":\"https:\\\/\\\/heuteinfo.de\\\/#website\",\"url\":\"https:\\\/\\\/heuteinfo.de\\\/\",\"name\":\"heuteinfo.de\",\"description\":\"\",\"potentialAction\":[{\"@type\":\"SearchAction\",\"target\":{\"@type\":\"EntryPoint\",\"urlTemplate\":\"https:\\\/\\\/heuteinfo.de\\\/?s={search_term_string}\"},\"query-input\":{\"@type\":\"PropertyValueSpecification\",\"valueRequired\":true,\"valueName\":\"search_term_string\"}}],\"inLanguage\":\"en-US\"},{\"@type\":\"Person\",\"@id\":\"https:\\\/\\\/heuteinfo.de\\\/#\\\/schema\\\/person\\\/94a0e25dd819e325bc73714b2b0e6250\",\"name\":\"ahmedhassan98764@gmail.com\",\"image\":{\"@type\":\"ImageObject\",\"inLanguage\":\"en-US\",\"@id\":\"https:\\\/\\\/secure.gravatar.com\\\/avatar\\\/e2e9655aa74e87126cf4d7a522342156dfe63385e2ce1859f3a68169de6937a9?s=96&d=mm&r=g\",\"url\":\"https:\\\/\\\/secure.gravatar.com\\\/avatar\\\/e2e9655aa74e87126cf4d7a522342156dfe63385e2ce1859f3a68169de6937a9?s=96&d=mm&r=g\",\"contentUrl\":\"https:\\\/\\\/secure.gravatar.com\\\/avatar\\\/e2e9655aa74e87126cf4d7a522342156dfe63385e2ce1859f3a68169de6937a9?s=96&d=mm&r=g\",\"caption\":\"ahmedhassan98764@gmail.com\"},\"sameAs\":[\"https:\\\/\\\/heuteinfo.de\"],\"url\":\"https:\\\/\\\/heuteinfo.de\\\/?author=1\"}]}<\/script>\n<!-- \/ Yoast SEO plugin. -->","yoast_head_json":{"title":"Lisa Eckhart K\u00f6rpergr\u00f6\u00dfe \u2013 Wie gro\u00df ist die Kabarettistin wirklich? - heuteinfo.de","robots":{"index":"index","follow":"follow","max-snippet":"max-snippet:-1","max-image-preview":"max-image-preview:large","max-video-preview":"max-video-preview:-1"},"canonical":"https:\/\/heuteinfo.de\/?p=2420","og_locale":"en_US","og_type":"article","og_title":"Lisa Eckhart K\u00f6rpergr\u00f6\u00dfe \u2013 Wie gro\u00df ist die Kabarettistin wirklich? - heuteinfo.de","og_description":"Viele Menschen suchen gezielt nach \u201eLisa Eckhart K\u00f6rpergr\u00f6\u00dfe\u201c, erwarten eine klare Zahl und sind dann \u00fcberrascht, dass es keine offiziell best\u00e4tigte Angabe gibt. Anders als bei manchen internationalen Stars hat Lisa Eckhart ihre K\u00f6rpergr\u00f6\u00dfe nie eindeutig in einem Steckbrief oder auf offiziellen Kan\u00e4len ver\u00f6ffentlicht. Das ist im deutschsprachigen Raum nicht ungew\u00f6hnlich. Viele K\u00fcnstlerinnen legen bewusst [&hellip;]","og_url":"https:\/\/heuteinfo.de\/?p=2420","og_site_name":"heuteinfo.de","article_published_time":"2025-12-20T12:59:38+00:00","article_modified_time":"2026-02-27T12:18:55+00:00","og_image":[{"width":1000,"height":667,"url":"https:\/\/heuteinfo.de\/wp-content\/uploads\/2025\/12\/lisaeckhart-2.jpg","type":"image\/jpeg"}],"author":"ahmedhassan98764@gmail.com","twitter_card":"summary_large_image","twitter_misc":{"Written by":"ahmedhassan98764@gmail.com","Est. reading time":"4 minutes"},"schema":{"@context":"https:\/\/schema.org","@graph":[{"@type":"Article","@id":"https:\/\/heuteinfo.de\/?p=2420#article","isPartOf":{"@id":"https:\/\/heuteinfo.de\/?p=2420"},"author":{"name":"ahmedhassan98764@gmail.com","@id":"https:\/\/heuteinfo.de\/#\/schema\/person\/94a0e25dd819e325bc73714b2b0e6250"},"headline":"Lisa Eckhart K\u00f6rpergr\u00f6\u00dfe \u2013 Wie gro\u00df ist die Kabarettistin wirklich?","datePublished":"2025-12-20T12:59:38+00:00","dateModified":"2026-02-27T12:18:55+00:00","mainEntityOfPage":{"@id":"https:\/\/heuteinfo.de\/?p=2420"},"wordCount":836,"image":{"@id":"https:\/\/heuteinfo.de\/?p=2420#primaryimage"},"thumbnailUrl":"https:\/\/heuteinfo.de\/wp-content\/uploads\/2025\/12\/lisaeckhart-2.jpg","articleSection":["Lebensstil"],"inLanguage":"en-US"},{"@type":"WebPage","@id":"https:\/\/heuteinfo.de\/?p=2420","url":"https:\/\/heuteinfo.de\/?p=2420","name":"Lisa Eckhart K\u00f6rpergr\u00f6\u00dfe \u2013 Wie gro\u00df ist die Kabarettistin wirklich? - heuteinfo.de","isPartOf":{"@id":"https:\/\/heuteinfo.de\/#website"},"primaryImageOfPage":{"@id":"https:\/\/heuteinfo.de\/?p=2420#primaryimage"},"image":{"@id":"https:\/\/heuteinfo.de\/?p=2420#primaryimage"},"thumbnailUrl":"https:\/\/heuteinfo.de\/wp-content\/uploads\/2025\/12\/lisaeckhart-2.jpg","datePublished":"2025-12-20T12:59:38+00:00","dateModified":"2026-02-27T12:18:55+00:00","author":{"@id":"https:\/\/heuteinfo.de\/#\/schema\/person\/94a0e25dd819e325bc73714b2b0e6250"},"breadcrumb":{"@id":"https:\/\/heuteinfo.de\/?p=2420#breadcrumb"},"inLanguage":"en-US","potentialAction":[{"@type":"ReadAction","target":["https:\/\/heuteinfo.de\/?p=2420"]}]},{"@type":"ImageObject","inLanguage":"en-US","@id":"https:\/\/heuteinfo.de\/?p=2420#primaryimage","url":"https:\/\/heuteinfo.de\/wp-content\/uploads\/2025\/12\/lisaeckhart-2.jpg","contentUrl":"https:\/\/heuteinfo.de\/wp-content\/uploads\/2025\/12\/lisaeckhart-2.jpg","width":1000,"height":667,"caption":"lisa eckhart k\u00f6rpergr\u00f6\u00dfe"},{"@type":"BreadcrumbList","@id":"https:\/\/heuteinfo.de\/?p=2420#breadcrumb","itemListElement":[{"@type":"ListItem","position":1,"name":"Home","item":"https:\/\/heuteinfo.de\/"},{"@type":"ListItem","position":2,"name":"Lisa Eckhart K\u00f6rpergr\u00f6\u00dfe \u2013 Wie gro\u00df ist die Kabarettistin wirklich?"}]},{"@type":"WebSite","@id":"https:\/\/heuteinfo.de\/#website","url":"https:\/\/heuteinfo.de\/","name":"heuteinfo.de","description":"","potentialAction":[{"@type":"SearchAction","target":{"@type":"EntryPoint","urlTemplate":"https:\/\/heuteinfo.de\/?s={search_term_string}"},"query-input":{"@type":"PropertyValueSpecification","valueRequired":true,"valueName":"search_term_string"}}],"inLanguage":"en-US"},{"@type":"Person","@id":"https:\/\/heuteinfo.de\/#\/schema\/person\/94a0e25dd819e325bc73714b2b0e6250","name":"ahmedhassan98764@gmail.com","image":{"@type":"ImageObject","inLanguage":"en-US","@id":"https:\/\/secure.gravatar.com\/avatar\/e2e9655aa74e87126cf4d7a522342156dfe63385e2ce1859f3a68169de6937a9?s=96&d=mm&r=g","url":"https:\/\/secure.gravatar.com\/avatar\/e2e9655aa74e87126cf4d7a522342156dfe63385e2ce1859f3a68169de6937a9?s=96&d=mm&r=g","contentUrl":"https:\/\/secure.gravatar.com\/avatar\/e2e9655aa74e87126cf4d7a522342156dfe63385e2ce1859f3a68169de6937a9?s=96&d=mm&r=g","caption":"ahmedhassan98764@gmail.com"},"sameAs":["https:\/\/heuteinfo.de"],"url":"https:\/\/heuteinfo.de\/?author=1"}]}},"_links":{"self":[{"href":"https:\/\/heuteinfo.de\/index.php?rest_route=\/wp\/v2\/posts\/2420","targetHints":{"allow":["GET"]}}],"collection":[{"href":"https:\/\/heuteinfo.de\/index.php?rest_route=\/wp\/v2\/posts"}],"about":[{"href":"https:\/\/heuteinfo.de\/index.php?rest_route=\/wp\/v2\/types\/post"}],"author":[{"embeddable":true,"href":"https:\/\/heuteinfo.de\/index.php?rest_route=\/wp\/v2\/users\/1"}],"replies":[{"embeddable":true,"href":"https:\/\/heuteinfo.de\/index.php?rest_route=%2Fwp%2Fv2%2Fcomments&post=2420"}],"version-history":[{"count":3,"href":"https:\/\/heuteinfo.de\/index.php?rest_route=\/wp\/v2\/posts\/2420\/revisions"}],"predecessor-version":[{"id":10794,"href":"https:\/\/heuteinfo.de\/index.php?rest_route=\/wp\/v2\/posts\/2420\/revisions\/10794"}],"wp:featuredmedia":[{"embeddable":true,"href":"https:\/\/heuteinfo.de\/index.php?rest_route=\/wp\/v2\/media\/2421"}],"wp:attachment":[{"href":"https:\/\/heuteinfo.de\/index.php?rest_route=%2Fwp%2Fv2%2Fmedia&parent=2420"}],"wp:term":[{"taxonomy":"category","embeddable":true,"href":"https:\/\/heuteinfo.de\/index.php?rest_route=%2Fwp%2Fv2%2Fcategories&post=2420"},{"taxonomy":"post_tag","embeddable":true,"href":"https:\/\/heuteinfo.de\/index.php?rest_route=%2Fwp%2Fv2%2Ftags&post=2420"}],"curies":[{"name":"wp","href":"https:\/\/api.w.org\/{rel}","templated":true}]}}