{"id":2427,"date":"2025-12-21T12:42:34","date_gmt":"2025-12-21T12:42:34","guid":{"rendered":"https:\/\/heuteinfo.de\/?p=2427"},"modified":"2026-02-27T12:18:57","modified_gmt":"2026-02-27T12:18:57","slug":"gestorben-franziska-kohlund","status":"publish","type":"post","link":"https:\/\/heuteinfo.de\/?p=2427","title":{"rendered":"Gestorben Franziska Kohlund \u2013 Leben, Karriere und Abschied einer Theaterfrau"},"content":{"rendered":"\n<p><a href=\"https:\/\/de.wikipedia.org\/wiki\/Franziska_Kohlund\"><strong>Franziska Kohlunds<\/strong><\/a> k\u00fcnstlerischer Weg war stark vom <strong>Theater gepr\u00e4gt<\/strong>. W\u00e4hrend viele Schauspielerinnen ihrer Zeit versuchten, im Film oder Fernsehen bekannter zu werden, blieb sie der B\u00fchne treu. F\u00fcr sie war Theater ein Ort der Begegnung, des Denkens und des Austauschs. Sie sah es als Raum, in dem gesellschaftliche Fragen gestellt werden durften \u2013 ohne Vereinfachung. Als Schauspielerin war sie bekannt f\u00fcr ihre <strong>intensive Pr\u00e4senz<\/strong>. Sie spielte keine Rollen \u201eoberfl\u00e4chlich\u201c. Jede Figur wurde von ihr ernst genommen und sorgf\u00e4ltig ausgearbeitet. Kolleginnen und Kollegen beschrieben sie als diszipliniert, genau und sehr aufmerksam im Probenprozess. Sie h\u00f6rte zu, beobachtete viel und sprach wenig \u2013 doch wenn sie sprach, hatte es Gewicht.<\/p>\n\n\n\n<p>Neben der Schauspielerei arbeitete sie auch als <strong>Regisseurin<\/strong>. In dieser Rolle zeigte sich besonders ihre klare Haltung zur Kunst. Sie bevorzugte reduzierte Inszenierungen, bei denen Text, Schauspiel und Atmosph\u00e4re im Mittelpunkt standen. Gro\u00dfe Effekte oder laute Bilder waren ihr weniger wichtig als <strong>Inhalt und Wirkung<\/strong>. Ein wichtiger Teil ihres Lebens war die Arbeit in <strong>freien Theatergruppen<\/strong>. Dort hatte sie die M\u00f6glichkeit, unabh\u00e4ngig von gro\u00dfen Institutionen zu arbeiten. Diese Freiheit nutzte sie, um:<\/p>\n\n\n\n<ul class=\"wp-block-list\">\n<li>neue Stoffe auszuprobieren<\/li>\n\n\n\n<li>klassische Texte neu zu deuten<\/li>\n\n\n\n<li>jungen Schauspielerinnen und Schauspielern Raum zu geben<\/li>\n<\/ul>\n\n\n\n<p>Diese Arbeit brachte ihr gro\u00dfen Respekt in der Theaterszene ein, auch wenn sie damit bewusst auf breiten Ruhm verzichtete. Gerade deshalb gilt sie heute als <strong>K\u00fcnstlerin mit Haltung<\/strong>.<\/p>\n\n\n\n<h2 class=\"wp-block-heading\">Gestorben: Wann und woran starb Franziska Kohlund?<\/h2>\n\n\n\n<p>Die Frage <strong>\u201egestorben Franziska Kohlund\u201c<\/strong> wird h\u00e4ufig gestellt, weil viele Menschen erst sp\u00e4t von ihrem Tod erfahren haben. Franziska Kohlund starb <strong>am 16. September 2014<\/strong> im Alter von <strong>67 Jahren<\/strong>. Ihr Tod erfolgte nach <strong>l\u00e4ngerer Krankheit<\/strong>, \u00fcber die \u00f6ffentlich nur wenig bekannt wurde. Diese Zur\u00fcckhaltung entsprach ihrem gesamten Leben. Sie trennte ihr privates Leben strikt von ihrer Arbeit. Weder sie selbst noch ihre Familie suchten \u00f6ffentliche Aufmerksamkeit. Auch nach ihrem Tod blieb der Umgang mit pers\u00f6nlichen Details <strong>respektvoll und ruhig<\/strong>.<\/p>\n\n\n\n<p>Bekannte Fakten zu ihrem Tod lassen sich \u00fcbersichtlich zusammenfassen:<\/p>\n\n\n\n<figure class=\"wp-block-table\"><table class=\"has-fixed-layout\"><thead><tr><th>Punkt<\/th><th>Information<\/th><\/tr><\/thead><tbody><tr><td>Todesdatum<\/td><td>16. September 2014<\/td><\/tr><tr><td>Alter<\/td><td>67 Jahre<\/td><\/tr><tr><td>Ort<\/td><td>Schweiz<\/td><\/tr><tr><td>Ursache<\/td><td>L\u00e4ngere Krankheit (nicht n\u00e4her benannt)<\/td><\/tr><\/tbody><\/table><\/figure>\n\n\n\n<p>Gerade diese sachliche Klarheit ist wichtig. Viele Suchanfragen entstehen aus Unsicherheit oder aus widerspr\u00fcchlichen Informationen. Fest steht: <strong>Es gibt keine Hinweise auf pl\u00f6tzliche oder ungekl\u00e4rte Umst\u00e4nde<\/strong>. Ihr Tod war die Folge einer Krankheit, \u00fcber die bewusst keine Details ver\u00f6ffentlicht wurden.<\/p>\n\n\n\n<h2 class=\"wp-block-heading\">Reaktionen auf den Tod von Franziska Kohlund<\/h2>\n\n\n\n<p>Nach ihrem Tod war die \u00f6ffentliche Berichterstattung eher leise, aber <strong>sehr respektvoll<\/strong>. Vor allem aus der Theaterwelt kamen pers\u00f6nliche Worte des Abschieds. Viele Nachrufe betonten nicht ihren Bekanntheitsgrad, sondern ihre <strong>menschliche und k\u00fcnstlerische Integrit\u00e4t<\/strong>.<\/p>\n\n\n\n<p>Besonders hervorgehoben wurden:<\/p>\n\n\n\n<ul class=\"wp-block-list\">\n<li>ihre Ernsthaftigkeit gegen\u00fcber der Kunst<\/li>\n\n\n\n<li>ihre Verl\u00e4sslichkeit als Kollegin<\/li>\n\n\n\n<li>ihr feiner, oft leiser Humor<\/li>\n<\/ul>\n\n\n\n<p>In Theaterkreisen wurde ihr Tod als <strong>gro\u00dfer Verlust<\/strong> empfunden. Nicht, weil sie prominent war, sondern weil sie eine jener Pers\u00f6nlichkeiten war, die ein Ensemble zusammenhalten und pr\u00e4gen.<\/p>\n\n\n\n<h2 class=\"wp-block-heading\">Das Verm\u00e4chtnis von Franziska Kohlund<\/h2>\n\n\n\n<p>Auch Jahre nach dem Thema <strong>\u201egestorben Franziska Kohlund\u201c<\/strong> bleibt die Frage nach ihrem Verm\u00e4chtnis wichtig. Ihr Einfluss zeigt sich weniger in Preisen oder Schlagzeilen, sondern in der <strong>Art zu arbeiten<\/strong>, die sie vorlebte.<\/p>\n\n\n\n<p>Sie hinterlie\u00df:<\/p>\n\n\n\n<ul class=\"wp-block-list\">\n<li>zahlreiche Theaterinszenierungen<\/li>\n\n\n\n<li>Erinnerungen bei Kollegen und Sch\u00fclern<\/li>\n\n\n\n<li>ein klares Beispiel f\u00fcr k\u00fcnstlerische Konsequenz<\/li>\n<\/ul>\n\n\n\n<p>Besonders im <strong>Schweizer Theater<\/strong> gilt sie als Teil jener Generation, die das freie Theater gest\u00e4rkt und weiterentwickelt hat. Ihr Ansatz, Kunst nicht zu vereinfachen, sondern ernst zu nehmen, wirkt bis heute nach.<\/p>\n\n\n\n<h2 class=\"wp-block-heading\">H\u00e4ufige Fragen zu \u201egestorben Franziska Kohlund\u201c<\/h2>\n\n\n\n<p><strong>Wann ist Franziska Kohlund gestorben?<\/strong><br>Sie starb am 16. September 2014.<\/p>\n\n\n\n<p><strong>Wie alt war Franziska Kohlund bei ihrem Tod?<\/strong><br>Sie war 67 Jahre alt.<\/p>\n\n\n\n<p><strong>Ist die Todesursache bekannt?<\/strong><br>Es ist bekannt, dass sie nach l\u00e4ngerer Krankheit starb. Weitere Details wurden nicht ver\u00f6ffentlicht. Diese kurzen Antworten sind oft das, was Menschen suchen. Doch dahinter steckt ein viel gr\u00f6\u00dferes Lebenswerk.<\/p>\n\n\n\n<h2 class=\"wp-block-heading\">Warum wird Franziska Kohlund bis heute gesucht?<\/h2>\n\n\n\n<p>Der Suchbegriff <strong>\u201egestorben Franziska Kohlund\u201c<\/strong> taucht immer wieder auf, weil ihr Name:<\/p>\n\n\n\n<ul class=\"wp-block-list\">\n<li>im Zusammenhang mit Theatergeschichte erscheint<\/li>\n\n\n\n<li>in Familienzusammenh\u00e4ngen erw\u00e4hnt wird<\/li>\n\n\n\n<li>in kulturellen R\u00fcckblicken auftaucht<\/li>\n<\/ul>\n\n\n\n<p>Viele Menschen sto\u00dfen zuf\u00e4llig auf ihren Namen und m\u00f6chten wissen, <strong>was aus ihr geworden ist<\/strong>. Diese Neugier zeigt, dass ihre Arbeit nicht vergessen ist.<\/p>\n\n\n\n<h2 class=\"wp-block-heading\">Fazit<\/h2>\n\n\n\n<p>Franziska Kohlund war eine <strong>stille, aber bedeutende Theaterfrau<\/strong>. Ihr Tod im Jahr 2014 markierte das Ende eines Lebens, das ganz der Kunst gewidmet war. Die Suche nach <strong>\u201egestorben Franziska Kohlund\u201c<\/strong> ist oft der Anfang, sich mit ihrem Werk und ihrer Haltung auseinanderzusetzen.<\/p>\n\n\n\n<p>Sie zeigte, dass man auch ohne gro\u00dfen Ruhm <strong>Spuren hinterlassen<\/strong> kann \u2013 durch Konsequenz, Ehrlichkeit und Leidenschaft f\u00fcr das Theater.<\/p>\n\n\n\n<p>Mher Lesson: <a href=\"https:\/\/heuteinfo.de\/2025\/12\/21\/otto-waalkes-vermogen\/\"><strong>Otto Waalkes Verm\u00f6gen<\/strong><\/a><\/p>\n\n\n\n<p><\/p>\n","protected":false},"excerpt":{"rendered":"<p>Franziska Kohlunds k\u00fcnstlerischer Weg war stark vom Theater gepr\u00e4gt. W\u00e4hrend viele Schauspielerinnen ihrer Zeit versuchten, im Film oder Fernsehen bekannter zu werden, blieb sie der B\u00fchne treu. F\u00fcr sie war Theater ein Ort der Begegnung, des Denkens und des Austauschs. Sie sah es als Raum, in dem gesellschaftliche Fragen gestellt werden durften \u2013 ohne Vereinfachung. [&hellip;]<\/p>\n","protected":false},"author":1,"featured_media":2428,"comment_status":"closed","ping_status":"open","sticky":false,"template":"","format":"standard","meta":{"footnotes":""},"categories":[39],"tags":[],"class_list":["post-2427","post","type-post","status-publish","format-standard","has-post-thumbnail","hentry","category-lebensstil"],"yoast_head":"<!-- This site is optimized with the Yoast SEO plugin v27.4 - https:\/\/yoast.com\/product\/yoast-seo-wordpress\/ -->\n<title>Gestorben Franziska Kohlund \u2013 Leben, Karriere und Abschied einer Theaterfrau - heuteinfo.de<\/title>\n<meta name=\"robots\" content=\"index, follow, max-snippet:-1, max-image-preview:large, max-video-preview:-1\" \/>\n<link rel=\"canonical\" href=\"https:\/\/heuteinfo.de\/?p=2427\" \/>\n<meta property=\"og:locale\" content=\"en_US\" \/>\n<meta property=\"og:type\" content=\"article\" \/>\n<meta property=\"og:title\" content=\"Gestorben Franziska Kohlund \u2013 Leben, Karriere und Abschied einer Theaterfrau - heuteinfo.de\" \/>\n<meta property=\"og:description\" content=\"Franziska Kohlunds k\u00fcnstlerischer Weg war stark vom Theater gepr\u00e4gt. W\u00e4hrend viele Schauspielerinnen ihrer Zeit versuchten, im Film oder Fernsehen bekannter zu werden, blieb sie der B\u00fchne treu. F\u00fcr sie war Theater ein Ort der Begegnung, des Denkens und des Austauschs. Sie sah es als Raum, in dem gesellschaftliche Fragen gestellt werden durften \u2013 ohne Vereinfachung. [&hellip;]\" \/>\n<meta property=\"og:url\" content=\"https:\/\/heuteinfo.de\/?p=2427\" \/>\n<meta property=\"og:site_name\" content=\"heuteinfo.de\" \/>\n<meta property=\"article:published_time\" content=\"2025-12-21T12:42:34+00:00\" \/>\n<meta property=\"article:modified_time\" content=\"2026-02-27T12:18:57+00:00\" \/>\n<meta property=\"og:image\" content=\"https:\/\/heuteinfo.de\/wp-content\/uploads\/2025\/12\/christian-kohlund-1.jpg\" \/>\n\t<meta property=\"og:image:width\" content=\"800\" \/>\n\t<meta property=\"og:image:height\" content=\"420\" \/>\n\t<meta property=\"og:image:type\" content=\"image\/jpeg\" \/>\n<meta name=\"author\" content=\"ahmedhassan98764@gmail.com\" \/>\n<meta name=\"twitter:card\" content=\"summary_large_image\" \/>\n<meta name=\"twitter:label1\" content=\"Written by\" \/>\n\t<meta name=\"twitter:data1\" content=\"ahmedhassan98764@gmail.com\" \/>\n\t<meta name=\"twitter:label2\" content=\"Est. reading time\" \/>\n\t<meta name=\"twitter:data2\" content=\"4 minutes\" \/>\n<script type=\"application\/ld+json\" class=\"yoast-schema-graph\">{\"@context\":\"https:\\\/\\\/schema.org\",\"@graph\":[{\"@type\":\"Article\",\"@id\":\"https:\\\/\\\/heuteinfo.de\\\/?p=2427#article\",\"isPartOf\":{\"@id\":\"https:\\\/\\\/heuteinfo.de\\\/?p=2427\"},\"author\":{\"name\":\"ahmedhassan98764@gmail.com\",\"@id\":\"https:\\\/\\\/heuteinfo.de\\\/#\\\/schema\\\/person\\\/94a0e25dd819e325bc73714b2b0e6250\"},\"headline\":\"Gestorben Franziska Kohlund \u2013 Leben, Karriere und Abschied einer Theaterfrau\",\"datePublished\":\"2025-12-21T12:42:34+00:00\",\"dateModified\":\"2026-02-27T12:18:57+00:00\",\"mainEntityOfPage\":{\"@id\":\"https:\\\/\\\/heuteinfo.de\\\/?p=2427\"},\"wordCount\":786,\"image\":{\"@id\":\"https:\\\/\\\/heuteinfo.de\\\/?p=2427#primaryimage\"},\"thumbnailUrl\":\"https:\\\/\\\/heuteinfo.de\\\/wp-content\\\/uploads\\\/2025\\\/12\\\/christian-kohlund-1.jpg\",\"articleSection\":[\"Lebensstil\"],\"inLanguage\":\"en-US\"},{\"@type\":\"WebPage\",\"@id\":\"https:\\\/\\\/heuteinfo.de\\\/?p=2427\",\"url\":\"https:\\\/\\\/heuteinfo.de\\\/?p=2427\",\"name\":\"Gestorben Franziska Kohlund \u2013 Leben, Karriere und Abschied einer Theaterfrau - heuteinfo.de\",\"isPartOf\":{\"@id\":\"https:\\\/\\\/heuteinfo.de\\\/#website\"},\"primaryImageOfPage\":{\"@id\":\"https:\\\/\\\/heuteinfo.de\\\/?p=2427#primaryimage\"},\"image\":{\"@id\":\"https:\\\/\\\/heuteinfo.de\\\/?p=2427#primaryimage\"},\"thumbnailUrl\":\"https:\\\/\\\/heuteinfo.de\\\/wp-content\\\/uploads\\\/2025\\\/12\\\/christian-kohlund-1.jpg\",\"datePublished\":\"2025-12-21T12:42:34+00:00\",\"dateModified\":\"2026-02-27T12:18:57+00:00\",\"author\":{\"@id\":\"https:\\\/\\\/heuteinfo.de\\\/#\\\/schema\\\/person\\\/94a0e25dd819e325bc73714b2b0e6250\"},\"breadcrumb\":{\"@id\":\"https:\\\/\\\/heuteinfo.de\\\/?p=2427#breadcrumb\"},\"inLanguage\":\"en-US\",\"potentialAction\":[{\"@type\":\"ReadAction\",\"target\":[\"https:\\\/\\\/heuteinfo.de\\\/?p=2427\"]}]},{\"@type\":\"ImageObject\",\"inLanguage\":\"en-US\",\"@id\":\"https:\\\/\\\/heuteinfo.de\\\/?p=2427#primaryimage\",\"url\":\"https:\\\/\\\/heuteinfo.de\\\/wp-content\\\/uploads\\\/2025\\\/12\\\/christian-kohlund-1.jpg\",\"contentUrl\":\"https:\\\/\\\/heuteinfo.de\\\/wp-content\\\/uploads\\\/2025\\\/12\\\/christian-kohlund-1.jpg\",\"width\":800,\"height\":420,\"caption\":\"gestorben franziska kohlund\"},{\"@type\":\"BreadcrumbList\",\"@id\":\"https:\\\/\\\/heuteinfo.de\\\/?p=2427#breadcrumb\",\"itemListElement\":[{\"@type\":\"ListItem\",\"position\":1,\"name\":\"Home\",\"item\":\"https:\\\/\\\/heuteinfo.de\\\/\"},{\"@type\":\"ListItem\",\"position\":2,\"name\":\"Gestorben Franziska Kohlund \u2013 Leben, Karriere und Abschied einer Theaterfrau\"}]},{\"@type\":\"WebSite\",\"@id\":\"https:\\\/\\\/heuteinfo.de\\\/#website\",\"url\":\"https:\\\/\\\/heuteinfo.de\\\/\",\"name\":\"heuteinfo.de\",\"description\":\"\",\"potentialAction\":[{\"@type\":\"SearchAction\",\"target\":{\"@type\":\"EntryPoint\",\"urlTemplate\":\"https:\\\/\\\/heuteinfo.de\\\/?s={search_term_string}\"},\"query-input\":{\"@type\":\"PropertyValueSpecification\",\"valueRequired\":true,\"valueName\":\"search_term_string\"}}],\"inLanguage\":\"en-US\"},{\"@type\":\"Person\",\"@id\":\"https:\\\/\\\/heuteinfo.de\\\/#\\\/schema\\\/person\\\/94a0e25dd819e325bc73714b2b0e6250\",\"name\":\"ahmedhassan98764@gmail.com\",\"image\":{\"@type\":\"ImageObject\",\"inLanguage\":\"en-US\",\"@id\":\"https:\\\/\\\/secure.gravatar.com\\\/avatar\\\/e2e9655aa74e87126cf4d7a522342156dfe63385e2ce1859f3a68169de6937a9?s=96&d=mm&r=g\",\"url\":\"https:\\\/\\\/secure.gravatar.com\\\/avatar\\\/e2e9655aa74e87126cf4d7a522342156dfe63385e2ce1859f3a68169de6937a9?s=96&d=mm&r=g\",\"contentUrl\":\"https:\\\/\\\/secure.gravatar.com\\\/avatar\\\/e2e9655aa74e87126cf4d7a522342156dfe63385e2ce1859f3a68169de6937a9?s=96&d=mm&r=g\",\"caption\":\"ahmedhassan98764@gmail.com\"},\"sameAs\":[\"https:\\\/\\\/heuteinfo.de\"],\"url\":\"https:\\\/\\\/heuteinfo.de\\\/?author=1\"}]}<\/script>\n<!-- \/ Yoast SEO plugin. -->","yoast_head_json":{"title":"Gestorben Franziska Kohlund \u2013 Leben, Karriere und Abschied einer Theaterfrau - heuteinfo.de","robots":{"index":"index","follow":"follow","max-snippet":"max-snippet:-1","max-image-preview":"max-image-preview:large","max-video-preview":"max-video-preview:-1"},"canonical":"https:\/\/heuteinfo.de\/?p=2427","og_locale":"en_US","og_type":"article","og_title":"Gestorben Franziska Kohlund \u2013 Leben, Karriere und Abschied einer Theaterfrau - heuteinfo.de","og_description":"Franziska Kohlunds k\u00fcnstlerischer Weg war stark vom Theater gepr\u00e4gt. W\u00e4hrend viele Schauspielerinnen ihrer Zeit versuchten, im Film oder Fernsehen bekannter zu werden, blieb sie der B\u00fchne treu. F\u00fcr sie war Theater ein Ort der Begegnung, des Denkens und des Austauschs. Sie sah es als Raum, in dem gesellschaftliche Fragen gestellt werden durften \u2013 ohne Vereinfachung. [&hellip;]","og_url":"https:\/\/heuteinfo.de\/?p=2427","og_site_name":"heuteinfo.de","article_published_time":"2025-12-21T12:42:34+00:00","article_modified_time":"2026-02-27T12:18:57+00:00","og_image":[{"width":800,"height":420,"url":"https:\/\/heuteinfo.de\/wp-content\/uploads\/2025\/12\/christian-kohlund-1.jpg","type":"image\/jpeg"}],"author":"ahmedhassan98764@gmail.com","twitter_card":"summary_large_image","twitter_misc":{"Written by":"ahmedhassan98764@gmail.com","Est. reading time":"4 minutes"},"schema":{"@context":"https:\/\/schema.org","@graph":[{"@type":"Article","@id":"https:\/\/heuteinfo.de\/?p=2427#article","isPartOf":{"@id":"https:\/\/heuteinfo.de\/?p=2427"},"author":{"name":"ahmedhassan98764@gmail.com","@id":"https:\/\/heuteinfo.de\/#\/schema\/person\/94a0e25dd819e325bc73714b2b0e6250"},"headline":"Gestorben Franziska Kohlund \u2013 Leben, Karriere und Abschied einer Theaterfrau","datePublished":"2025-12-21T12:42:34+00:00","dateModified":"2026-02-27T12:18:57+00:00","mainEntityOfPage":{"@id":"https:\/\/heuteinfo.de\/?p=2427"},"wordCount":786,"image":{"@id":"https:\/\/heuteinfo.de\/?p=2427#primaryimage"},"thumbnailUrl":"https:\/\/heuteinfo.de\/wp-content\/uploads\/2025\/12\/christian-kohlund-1.jpg","articleSection":["Lebensstil"],"inLanguage":"en-US"},{"@type":"WebPage","@id":"https:\/\/heuteinfo.de\/?p=2427","url":"https:\/\/heuteinfo.de\/?p=2427","name":"Gestorben Franziska Kohlund \u2013 Leben, Karriere und Abschied einer Theaterfrau - heuteinfo.de","isPartOf":{"@id":"https:\/\/heuteinfo.de\/#website"},"primaryImageOfPage":{"@id":"https:\/\/heuteinfo.de\/?p=2427#primaryimage"},"image":{"@id":"https:\/\/heuteinfo.de\/?p=2427#primaryimage"},"thumbnailUrl":"https:\/\/heuteinfo.de\/wp-content\/uploads\/2025\/12\/christian-kohlund-1.jpg","datePublished":"2025-12-21T12:42:34+00:00","dateModified":"2026-02-27T12:18:57+00:00","author":{"@id":"https:\/\/heuteinfo.de\/#\/schema\/person\/94a0e25dd819e325bc73714b2b0e6250"},"breadcrumb":{"@id":"https:\/\/heuteinfo.de\/?p=2427#breadcrumb"},"inLanguage":"en-US","potentialAction":[{"@type":"ReadAction","target":["https:\/\/heuteinfo.de\/?p=2427"]}]},{"@type":"ImageObject","inLanguage":"en-US","@id":"https:\/\/heuteinfo.de\/?p=2427#primaryimage","url":"https:\/\/heuteinfo.de\/wp-content\/uploads\/2025\/12\/christian-kohlund-1.jpg","contentUrl":"https:\/\/heuteinfo.de\/wp-content\/uploads\/2025\/12\/christian-kohlund-1.jpg","width":800,"height":420,"caption":"gestorben franziska kohlund"},{"@type":"BreadcrumbList","@id":"https:\/\/heuteinfo.de\/?p=2427#breadcrumb","itemListElement":[{"@type":"ListItem","position":1,"name":"Home","item":"https:\/\/heuteinfo.de\/"},{"@type":"ListItem","position":2,"name":"Gestorben Franziska Kohlund \u2013 Leben, Karriere und Abschied einer Theaterfrau"}]},{"@type":"WebSite","@id":"https:\/\/heuteinfo.de\/#website","url":"https:\/\/heuteinfo.de\/","name":"heuteinfo.de","description":"","potentialAction":[{"@type":"SearchAction","target":{"@type":"EntryPoint","urlTemplate":"https:\/\/heuteinfo.de\/?s={search_term_string}"},"query-input":{"@type":"PropertyValueSpecification","valueRequired":true,"valueName":"search_term_string"}}],"inLanguage":"en-US"},{"@type":"Person","@id":"https:\/\/heuteinfo.de\/#\/schema\/person\/94a0e25dd819e325bc73714b2b0e6250","name":"ahmedhassan98764@gmail.com","image":{"@type":"ImageObject","inLanguage":"en-US","@id":"https:\/\/secure.gravatar.com\/avatar\/e2e9655aa74e87126cf4d7a522342156dfe63385e2ce1859f3a68169de6937a9?s=96&d=mm&r=g","url":"https:\/\/secure.gravatar.com\/avatar\/e2e9655aa74e87126cf4d7a522342156dfe63385e2ce1859f3a68169de6937a9?s=96&d=mm&r=g","contentUrl":"https:\/\/secure.gravatar.com\/avatar\/e2e9655aa74e87126cf4d7a522342156dfe63385e2ce1859f3a68169de6937a9?s=96&d=mm&r=g","caption":"ahmedhassan98764@gmail.com"},"sameAs":["https:\/\/heuteinfo.de"],"url":"https:\/\/heuteinfo.de\/?author=1"}]}},"_links":{"self":[{"href":"https:\/\/heuteinfo.de\/index.php?rest_route=\/wp\/v2\/posts\/2427","targetHints":{"allow":["GET"]}}],"collection":[{"href":"https:\/\/heuteinfo.de\/index.php?rest_route=\/wp\/v2\/posts"}],"about":[{"href":"https:\/\/heuteinfo.de\/index.php?rest_route=\/wp\/v2\/types\/post"}],"author":[{"embeddable":true,"href":"https:\/\/heuteinfo.de\/index.php?rest_route=\/wp\/v2\/users\/1"}],"replies":[{"embeddable":true,"href":"https:\/\/heuteinfo.de\/index.php?rest_route=%2Fwp%2Fv2%2Fcomments&post=2427"}],"version-history":[{"count":3,"href":"https:\/\/heuteinfo.de\/index.php?rest_route=\/wp\/v2\/posts\/2427\/revisions"}],"predecessor-version":[{"id":10796,"href":"https:\/\/heuteinfo.de\/index.php?rest_route=\/wp\/v2\/posts\/2427\/revisions\/10796"}],"wp:featuredmedia":[{"embeddable":true,"href":"https:\/\/heuteinfo.de\/index.php?rest_route=\/wp\/v2\/media\/2428"}],"wp:attachment":[{"href":"https:\/\/heuteinfo.de\/index.php?rest_route=%2Fwp%2Fv2%2Fmedia&parent=2427"}],"wp:term":[{"taxonomy":"category","embeddable":true,"href":"https:\/\/heuteinfo.de\/index.php?rest_route=%2Fwp%2Fv2%2Fcategories&post=2427"},{"taxonomy":"post_tag","embeddable":true,"href":"https:\/\/heuteinfo.de\/index.php?rest_route=%2Fwp%2Fv2%2Ftags&post=2427"}],"curies":[{"name":"wp","href":"https:\/\/api.w.org\/{rel}","templated":true}]}}