{"id":2444,"date":"2025-12-27T12:12:52","date_gmt":"2025-12-27T12:12:52","guid":{"rendered":"https:\/\/heuteinfo.de\/?p=2444"},"modified":"2026-02-27T12:19:00","modified_gmt":"2026-02-27T12:19:00","slug":"mit-wem-ist-frederik-pleitgen-verheiratet","status":"publish","type":"post","link":"https:\/\/heuteinfo.de\/?p=2444","title":{"rendered":"Mit wem ist Frederik Pleitgen verheiratet? Ehe, Familie &amp; Privatleben verst\u00e4ndlich erkl\u00e4rt"},"content":{"rendered":"\n<p><a href=\"https:\/\/en.wikipedia.org\/wiki\/Frederik_Pleitgen\"><strong>Frederik Pleitgen<\/strong><\/a> ist ein deutscher Journalist, der international bekannt ist. Viele Menschen kennen ihn aus dem Fernsehen, vor allem durch seine Berichte f\u00fcr <strong>CNN International<\/strong>, wo er als <strong>Senior International Correspondent<\/strong> arbeitet. Er berichtet regelm\u00e4\u00dfig aus Krisen- und Konfliktgebieten und gilt als sehr sachlich, ruhig und professionell.<\/p>\n\n\n\n<p>Seine journalistische Arbeit f\u00fchrt ihn oft in schwierige Regionen der Welt. Dazu geh\u00f6ren Kriegsgebiete, politische Brennpunkte und internationale Gipfeltreffen. Genau diese N\u00e4he zu gro\u00dfen weltpolitischen Ereignissen macht ihn f\u00fcr viele Zuschauer besonders interessant. Gleichzeitig sorgt sie daf\u00fcr, dass sich viele Menschen auch f\u00fcr sein Leben au\u00dferhalb der Kamera interessieren. Ein weiterer Grund f\u00fcr das gro\u00dfe Interesse ist sein famili\u00e4rer Hintergrund. Frederik Pleitgen ist der Sohn des bekannten deutschen Journalisten <strong>Fritz Pleitgen<\/strong>, der lange Zeit eine pr\u00e4gende Figur im \u00f6ffentlich-rechtlichen Rundfunk war. Dadurch wurde Frederik Pleitgen schon fr\u00fch mit Medien, \u00d6ffentlichkeit und journalistischer Verantwortung konfrontiert.<\/p>\n\n\n\n<h2 class=\"wp-block-heading\">Mit wem ist Frederik Pleitgen verheiratet?<\/h2>\n\n\n\n<p>Die Frage <strong>\u201emit wem ist Frederik Pleitgen verheiratet?\u201c<\/strong> geh\u00f6rt zu den meistgesuchten Fragen rund um seine Person. Die kurze und ehrliche Antwort lautet: <strong>Frederik Pleitgen ist verheiratet<\/strong>, aber er h\u00e4lt den Namen und das Leben seiner Ehefrau bewusst aus der \u00d6ffentlichkeit heraus. Im Gegensatz zu vielen anderen bekannten Pers\u00f6nlichkeiten spricht er <strong>nicht offen \u00fcber seine Ehe<\/strong> in Interviews und zeigt seine Partnerin nicht auf roten Teppichen oder in sozialen Medien. Das ist eine klare und bewusste Entscheidung. Pleitgen hat mehrfach durchblicken lassen, dass ihm der Schutz seiner Familie sehr wichtig ist, gerade wegen seines gef\u00e4hrlichen Berufs.<\/p>\n\n\n\n<p>Was jedoch als <strong>gesichert gilt<\/strong>:<\/p>\n\n\n\n<ul class=\"wp-block-list\">\n<li>Frederik Pleitgen ist seit vielen Jahren verheiratet<\/li>\n\n\n\n<li>Er lebt in einer stabilen, langfristigen Ehe<\/li>\n\n\n\n<li>Seine Ehefrau ist keine Person des \u00f6ffentlichen Lebens<\/li>\n<\/ul>\n\n\n\n<p>Viele Informationen, die online kursieren, basieren auf indirekten Hinweisen oder \u00e4lteren Aussagen. Wichtig ist dabei, zwischen <strong>best\u00e4tigten Fakten<\/strong> und <strong>reinen Spekulationen<\/strong> zu unterscheiden. Offizielle Profile wie CNN oder gro\u00dfe Interviews nennen bewusst keine Details zur Ehe. Gerade diese Zur\u00fcckhaltung ist ein Zeichen von Professionalit\u00e4t. Pleitgen trennt klar zwischen <strong>Journalismus<\/strong> und <strong>Privatleben<\/strong> \u2013 ein Ansatz, den viele Menschen heute wieder sehr sch\u00e4tzen.<\/p>\n\n\n\n<h2 class=\"wp-block-heading\">Wer ist die Ehefrau von Frederik Pleitgen?<\/h2>\n\n\n\n<p>Auch hier gilt: Wer nach dem Namen oder Beruf sucht, wird schnell merken, dass es <strong>keine offizielle Best\u00e4tigung<\/strong> gibt. In einigen Online-Artikeln wird ein Name genannt, doch diese Angaben stammen <strong>nicht aus verl\u00e4sslichen Prim\u00e4rquellen<\/strong>.<\/p>\n\n\n\n<p>Was man mit Vorsicht sagen kann:<\/p>\n\n\n\n<ul class=\"wp-block-list\">\n<li>Seine Ehefrau lebt bewusst au\u00dferhalb der \u00d6ffentlichkeit<\/li>\n\n\n\n<li>Sie tritt nicht gemeinsam mit ihm bei \u00f6ffentlichen Events auf<\/li>\n\n\n\n<li>Sie scheint ein ruhiges, privates Leben zu bevorzugen<\/li>\n<\/ul>\n\n\n\n<p>Das ist besonders verst\u00e4ndlich, wenn man bedenkt, dass Pleitgen oft aus Krisengebieten berichtet. F\u00fcr viele Journalistenfamilien ist es ein wichtiger Schutzmechanismus, <strong>nicht \u00f6ffentlich sichtbar<\/strong> zu sein. Ein Zitat, das sinngem\u00e4\u00df gut zu seiner Haltung passt (auch wenn es nicht wortw\u00f6rtlich von ihm stammt): <strong>\u201eNicht alles, was \u00f6ffentlich interessiert, muss \u00f6ffentlich gemacht werden.\u201c<\/strong> Diese Haltung erkl\u00e4rt sehr gut, warum es kaum gesicherte Informationen \u00fcber seine Ehefrau gibt \u2013 und warum das auch respektiert werden sollte.<\/p>\n\n\n\n<h2 class=\"wp-block-heading\">Wie lange ist Frederik Pleitgen schon verheiratet?<\/h2>\n\n\n\n<p>Auch zur Dauer der Ehe gibt es <strong>keine exakten Jahreszahlen<\/strong>. Allerdings lassen sich aus \u00f6ffentlichen Aussagen und zeitlichen Hinweisen R\u00fcckschl\u00fcsse ziehen. Demnach ist Frederik Pleitgen <strong>seit vielen Jahren verheiratet<\/strong>, vermutlich bereits \u00fcber ein Jahrzehnt.<\/p>\n\n\n\n<p>Was daf\u00fcr spricht:<\/p>\n\n\n\n<ul class=\"wp-block-list\">\n<li>Hinweise auf eine langj\u00e4hrige Ehe in \u00e4lteren Beitr\u00e4gen<\/li>\n\n\n\n<li>Ein gefestigtes Familienleben trotz internationaler Karriere<\/li>\n\n\n\n<li>Keine Berichte \u00fcber Trennungen oder \u00f6ffentliche Beziehungen<\/li>\n<\/ul>\n\n\n\n<p>Das zeigt, dass Pleitgen nicht nur beruflich konstant arbeitet, sondern auch privat auf <strong>Stabilit\u00e4t und Best\u00e4ndigkeit<\/strong> setzt. Gerade in einem Beruf mit viel Reisen und Risiko ist das keine Selbstverst\u00e4ndlichkeit.<\/p>\n\n\n\n<h2 class=\"wp-block-heading\">Hat Frederik Pleitgen Kinder?<\/h2>\n\n\n\n<p>Ja, nach \u00fcbereinstimmenden Berichten hat Frederik Pleitgen <strong>Kinder<\/strong>. Auch hier gilt jedoch: Es gibt <strong>keine offiziellen Angaben<\/strong> zu Namen, Alter oder Anzahl. Und genau das ist auch beabsichtigt.<\/p>\n\n\n\n<p>Bekannt ist:<\/p>\n\n\n\n<ul class=\"wp-block-list\">\n<li>Seine Kinder werden vollst\u00e4ndig aus der \u00d6ffentlichkeit herausgehalten<\/li>\n\n\n\n<li>Es gibt keine Fotos oder \u00f6ffentlichen Erw\u00e4hnungen<\/li>\n\n\n\n<li>Ihr Schutz steht klar im Vordergrund<\/li>\n<\/ul>\n\n\n\n<p>Diese Entscheidung ist besonders im Journalismus weit verbreitet. Viele Reporter, die aus gef\u00e4hrlichen Regionen berichten, sch\u00fctzen ihre Familien bewusst vor medialer Aufmerksamkeit. Man kann daraus schlie\u00dfen, dass Pleitgen gro\u00dfen Wert auf ein <strong>normales, sicheres Familienleben<\/strong> legt \u2013 fernab von Kameras und Schlagzeilen.<\/p>\n\n\n\n<h2 class=\"wp-block-heading\">Warum spricht Frederik Pleitgen kaum \u00fcber sein Privatleben?<\/h2>\n\n\n\n<p>Der Hauptgrund ist einfach: <strong>Sicherheit und Privatsph\u00e4re<\/strong>. Als internationaler Journalist ist Pleitgen weltweit sichtbar. Das kann Risiken mit sich bringen \u2013 nicht nur f\u00fcr ihn, sondern auch f\u00fcr seine Familie. Weitere Gr\u00fcnde sind:<\/p>\n\n\n\n<ul class=\"wp-block-list\">\n<li>Klare Trennung von Beruf und Privatleben<\/li>\n\n\n\n<li>Fokus auf Inhalte statt Personenkult<\/li>\n\n\n\n<li>Respekt gegen\u00fcber seiner Familie<\/li>\n<\/ul>\n\n\n\n<p>W\u00e4hrend viele Medienpers\u00f6nlichkeiten ihr Privatleben \u00f6ffentlich teilen, geht Pleitgen den umgekehrten Weg. Das wirkt auf manche distanziert, ist aber in Wahrheit sehr konsequent. Gerade deshalb genie\u00dft er in journalistischen Kreisen einen sehr guten Ruf. Seine Arbeit steht im Vordergrund \u2013 nicht sein Privatleben.<\/p>\n\n\n\n<h2 class=\"wp-block-heading\">H\u00e4ufig gestellte Fragen zu Frederik Pleitgens Ehe<\/h2>\n\n\n\n<p><strong>Mit wem ist Frederik Pleitgen verheiratet?<\/strong><br>\u2192 Er ist verheiratet, der Name seiner Ehefrau ist nicht offiziell best\u00e4tigt.<\/p>\n\n\n\n<p><strong>Ist seine Ehefrau eine bekannte Person?<\/strong><br>\u2192 Nein, sie ist keine Person des \u00f6ffentlichen Lebens.<\/p>\n\n\n\n<p><strong>Gibt es gemeinsame \u00f6ffentliche Auftritte?<\/strong><br>\u2192 Nein, bewusst nicht.<\/p>\n\n\n\n<p><strong>Warum gibt es so wenige Informationen?<\/strong><br>\u2192 Aus Gr\u00fcnden der Privatsph\u00e4re und Sicherheit. Diese Fragen zeigen, wie gro\u00df das Interesse ist \u2013 aber auch, wie wichtig ein respektvoller Umgang mit privaten Grenzen bleibt.<\/p>\n\n\n\n<h2 class=\"wp-block-heading\">Fazit<\/h2>\n\n\n\n<p>Zum Abschluss l\u00e4sst sich festhalten:<\/p>\n\n\n\n<ul class=\"wp-block-list\">\n<li><strong>Frederik Pleitgen ist verheiratet<\/strong><\/li>\n\n\n\n<li>Er f\u00fchrt ein bewusst privates Familienleben<\/li>\n\n\n\n<li>Seine Ehefrau und Kinder stehen nicht in der \u00d6ffentlichkeit<\/li>\n\n\n\n<li>Viele Details bleiben absichtlich unbekannt<\/li>\n<\/ul>\n\n\n\n<p>Die Frage <strong>\u201emit wem ist Frederik Pleitgen verheiratet?\u201c<\/strong> l\u00e4sst sich also nur teilweise beantworten. Und das ist auch v\u00f6llig in Ordnung. Nicht jede bekannte Pers\u00f6nlichkeit muss ihr Privatleben teilen, um glaubw\u00fcrdig oder interessant zu sein. Im Gegenteil: Pleitgen zeigt, dass man auch mit <strong>Zur\u00fcckhaltung, Respekt und Klarheit<\/strong> gro\u00dfes Vertrauen gewinnen kann \u2013 beruflich wie privat.<\/p>\n\n\n\n<p>Mher Lesson: <a href=\"https:\/\/heuteinfo.de\/2025\/12\/24\/macaulay-culkin-geschwister\/\"><strong>Macaulay Culkin Geschwister<\/strong><\/a><\/p>\n","protected":false},"excerpt":{"rendered":"<p>Frederik Pleitgen ist ein deutscher Journalist, der international bekannt ist. Viele Menschen kennen ihn aus dem Fernsehen, vor allem durch seine Berichte f\u00fcr CNN International, wo er als Senior International Correspondent arbeitet. Er berichtet regelm\u00e4\u00dfig aus Krisen- und Konfliktgebieten und gilt als sehr sachlich, ruhig und professionell. Seine journalistische Arbeit f\u00fchrt ihn oft in schwierige [&hellip;]<\/p>\n","protected":false},"author":1,"featured_media":2445,"comment_status":"closed","ping_status":"open","sticky":false,"template":"","format":"standard","meta":{"footnotes":""},"categories":[39],"tags":[],"class_list":["post-2444","post","type-post","status-publish","format-standard","has-post-thumbnail","hentry","category-lebensstil"],"yoast_head":"<!-- This site is optimized with the Yoast SEO plugin v27.4 - https:\/\/yoast.com\/product\/yoast-seo-wordpress\/ -->\n<title>Mit wem ist Frederik Pleitgen verheiratet? Ehe, Familie &amp; Privatleben verst\u00e4ndlich erkl\u00e4rt - heuteinfo.de<\/title>\n<meta name=\"robots\" content=\"index, follow, max-snippet:-1, max-image-preview:large, max-video-preview:-1\" \/>\n<link rel=\"canonical\" href=\"https:\/\/heuteinfo.de\/?p=2444\" \/>\n<meta property=\"og:locale\" content=\"en_US\" \/>\n<meta property=\"og:type\" content=\"article\" \/>\n<meta property=\"og:title\" content=\"Mit wem ist Frederik Pleitgen verheiratet? Ehe, Familie &amp; Privatleben verst\u00e4ndlich erkl\u00e4rt - heuteinfo.de\" \/>\n<meta property=\"og:description\" content=\"Frederik Pleitgen ist ein deutscher Journalist, der international bekannt ist. Viele Menschen kennen ihn aus dem Fernsehen, vor allem durch seine Berichte f\u00fcr CNN International, wo er als Senior International Correspondent arbeitet. Er berichtet regelm\u00e4\u00dfig aus Krisen- und Konfliktgebieten und gilt als sehr sachlich, ruhig und professionell. Seine journalistische Arbeit f\u00fchrt ihn oft in schwierige [&hellip;]\" \/>\n<meta property=\"og:url\" content=\"https:\/\/heuteinfo.de\/?p=2444\" \/>\n<meta property=\"og:site_name\" content=\"heuteinfo.de\" \/>\n<meta property=\"article:published_time\" content=\"2025-12-27T12:12:52+00:00\" \/>\n<meta property=\"article:modified_time\" content=\"2026-02-27T12:19:00+00:00\" \/>\n<meta property=\"og:image\" content=\"https:\/\/heuteinfo.de\/wp-content\/uploads\/2025\/12\/f723a538acc971b1690beb3c917a-1.jpg\" \/>\n\t<meta property=\"og:image:width\" content=\"1024\" \/>\n\t<meta property=\"og:image:height\" content=\"681\" \/>\n\t<meta property=\"og:image:type\" content=\"image\/jpeg\" \/>\n<meta name=\"author\" content=\"ahmedhassan98764@gmail.com\" \/>\n<meta name=\"twitter:card\" content=\"summary_large_image\" \/>\n<meta name=\"twitter:label1\" content=\"Written by\" \/>\n\t<meta name=\"twitter:data1\" content=\"ahmedhassan98764@gmail.com\" \/>\n\t<meta name=\"twitter:label2\" content=\"Est. reading time\" \/>\n\t<meta name=\"twitter:data2\" content=\"5 minutes\" \/>\n<script type=\"application\/ld+json\" class=\"yoast-schema-graph\">{\"@context\":\"https:\\\/\\\/schema.org\",\"@graph\":[{\"@type\":\"Article\",\"@id\":\"https:\\\/\\\/heuteinfo.de\\\/?p=2444#article\",\"isPartOf\":{\"@id\":\"https:\\\/\\\/heuteinfo.de\\\/?p=2444\"},\"author\":{\"name\":\"ahmedhassan98764@gmail.com\",\"@id\":\"https:\\\/\\\/heuteinfo.de\\\/#\\\/schema\\\/person\\\/94a0e25dd819e325bc73714b2b0e6250\"},\"headline\":\"Mit wem ist Frederik Pleitgen verheiratet? Ehe, Familie &amp; Privatleben verst\u00e4ndlich erkl\u00e4rt\",\"datePublished\":\"2025-12-27T12:12:52+00:00\",\"dateModified\":\"2026-02-27T12:19:00+00:00\",\"mainEntityOfPage\":{\"@id\":\"https:\\\/\\\/heuteinfo.de\\\/?p=2444\"},\"wordCount\":1009,\"image\":{\"@id\":\"https:\\\/\\\/heuteinfo.de\\\/?p=2444#primaryimage\"},\"thumbnailUrl\":\"https:\\\/\\\/heuteinfo.de\\\/wp-content\\\/uploads\\\/2025\\\/12\\\/f723a538acc971b1690beb3c917a-1.jpg\",\"articleSection\":[\"Lebensstil\"],\"inLanguage\":\"en-US\"},{\"@type\":\"WebPage\",\"@id\":\"https:\\\/\\\/heuteinfo.de\\\/?p=2444\",\"url\":\"https:\\\/\\\/heuteinfo.de\\\/?p=2444\",\"name\":\"Mit wem ist Frederik Pleitgen verheiratet? Ehe, Familie &amp; Privatleben verst\u00e4ndlich erkl\u00e4rt - heuteinfo.de\",\"isPartOf\":{\"@id\":\"https:\\\/\\\/heuteinfo.de\\\/#website\"},\"primaryImageOfPage\":{\"@id\":\"https:\\\/\\\/heuteinfo.de\\\/?p=2444#primaryimage\"},\"image\":{\"@id\":\"https:\\\/\\\/heuteinfo.de\\\/?p=2444#primaryimage\"},\"thumbnailUrl\":\"https:\\\/\\\/heuteinfo.de\\\/wp-content\\\/uploads\\\/2025\\\/12\\\/f723a538acc971b1690beb3c917a-1.jpg\",\"datePublished\":\"2025-12-27T12:12:52+00:00\",\"dateModified\":\"2026-02-27T12:19:00+00:00\",\"author\":{\"@id\":\"https:\\\/\\\/heuteinfo.de\\\/#\\\/schema\\\/person\\\/94a0e25dd819e325bc73714b2b0e6250\"},\"breadcrumb\":{\"@id\":\"https:\\\/\\\/heuteinfo.de\\\/?p=2444#breadcrumb\"},\"inLanguage\":\"en-US\",\"potentialAction\":[{\"@type\":\"ReadAction\",\"target\":[\"https:\\\/\\\/heuteinfo.de\\\/?p=2444\"]}]},{\"@type\":\"ImageObject\",\"inLanguage\":\"en-US\",\"@id\":\"https:\\\/\\\/heuteinfo.de\\\/?p=2444#primaryimage\",\"url\":\"https:\\\/\\\/heuteinfo.de\\\/wp-content\\\/uploads\\\/2025\\\/12\\\/f723a538acc971b1690beb3c917a-1.jpg\",\"contentUrl\":\"https:\\\/\\\/heuteinfo.de\\\/wp-content\\\/uploads\\\/2025\\\/12\\\/f723a538acc971b1690beb3c917a-1.jpg\",\"width\":1024,\"height\":681,\"caption\":\"mit wem ist frederik pleitgen verheiratet\"},{\"@type\":\"BreadcrumbList\",\"@id\":\"https:\\\/\\\/heuteinfo.de\\\/?p=2444#breadcrumb\",\"itemListElement\":[{\"@type\":\"ListItem\",\"position\":1,\"name\":\"Home\",\"item\":\"https:\\\/\\\/heuteinfo.de\\\/\"},{\"@type\":\"ListItem\",\"position\":2,\"name\":\"Mit wem ist Frederik Pleitgen verheiratet? Ehe, Familie &amp; Privatleben verst\u00e4ndlich erkl\u00e4rt\"}]},{\"@type\":\"WebSite\",\"@id\":\"https:\\\/\\\/heuteinfo.de\\\/#website\",\"url\":\"https:\\\/\\\/heuteinfo.de\\\/\",\"name\":\"heuteinfo.de\",\"description\":\"\",\"potentialAction\":[{\"@type\":\"SearchAction\",\"target\":{\"@type\":\"EntryPoint\",\"urlTemplate\":\"https:\\\/\\\/heuteinfo.de\\\/?s={search_term_string}\"},\"query-input\":{\"@type\":\"PropertyValueSpecification\",\"valueRequired\":true,\"valueName\":\"search_term_string\"}}],\"inLanguage\":\"en-US\"},{\"@type\":\"Person\",\"@id\":\"https:\\\/\\\/heuteinfo.de\\\/#\\\/schema\\\/person\\\/94a0e25dd819e325bc73714b2b0e6250\",\"name\":\"ahmedhassan98764@gmail.com\",\"image\":{\"@type\":\"ImageObject\",\"inLanguage\":\"en-US\",\"@id\":\"https:\\\/\\\/secure.gravatar.com\\\/avatar\\\/e2e9655aa74e87126cf4d7a522342156dfe63385e2ce1859f3a68169de6937a9?s=96&d=mm&r=g\",\"url\":\"https:\\\/\\\/secure.gravatar.com\\\/avatar\\\/e2e9655aa74e87126cf4d7a522342156dfe63385e2ce1859f3a68169de6937a9?s=96&d=mm&r=g\",\"contentUrl\":\"https:\\\/\\\/secure.gravatar.com\\\/avatar\\\/e2e9655aa74e87126cf4d7a522342156dfe63385e2ce1859f3a68169de6937a9?s=96&d=mm&r=g\",\"caption\":\"ahmedhassan98764@gmail.com\"},\"sameAs\":[\"https:\\\/\\\/heuteinfo.de\"],\"url\":\"https:\\\/\\\/heuteinfo.de\\\/?author=1\"}]}<\/script>\n<!-- \/ Yoast SEO plugin. -->","yoast_head_json":{"title":"Mit wem ist Frederik Pleitgen verheiratet? Ehe, Familie &amp; Privatleben verst\u00e4ndlich erkl\u00e4rt - heuteinfo.de","robots":{"index":"index","follow":"follow","max-snippet":"max-snippet:-1","max-image-preview":"max-image-preview:large","max-video-preview":"max-video-preview:-1"},"canonical":"https:\/\/heuteinfo.de\/?p=2444","og_locale":"en_US","og_type":"article","og_title":"Mit wem ist Frederik Pleitgen verheiratet? Ehe, Familie &amp; Privatleben verst\u00e4ndlich erkl\u00e4rt - heuteinfo.de","og_description":"Frederik Pleitgen ist ein deutscher Journalist, der international bekannt ist. Viele Menschen kennen ihn aus dem Fernsehen, vor allem durch seine Berichte f\u00fcr CNN International, wo er als Senior International Correspondent arbeitet. Er berichtet regelm\u00e4\u00dfig aus Krisen- und Konfliktgebieten und gilt als sehr sachlich, ruhig und professionell. Seine journalistische Arbeit f\u00fchrt ihn oft in schwierige [&hellip;]","og_url":"https:\/\/heuteinfo.de\/?p=2444","og_site_name":"heuteinfo.de","article_published_time":"2025-12-27T12:12:52+00:00","article_modified_time":"2026-02-27T12:19:00+00:00","og_image":[{"width":1024,"height":681,"url":"https:\/\/heuteinfo.de\/wp-content\/uploads\/2025\/12\/f723a538acc971b1690beb3c917a-1.jpg","type":"image\/jpeg"}],"author":"ahmedhassan98764@gmail.com","twitter_card":"summary_large_image","twitter_misc":{"Written by":"ahmedhassan98764@gmail.com","Est. reading time":"5 minutes"},"schema":{"@context":"https:\/\/schema.org","@graph":[{"@type":"Article","@id":"https:\/\/heuteinfo.de\/?p=2444#article","isPartOf":{"@id":"https:\/\/heuteinfo.de\/?p=2444"},"author":{"name":"ahmedhassan98764@gmail.com","@id":"https:\/\/heuteinfo.de\/#\/schema\/person\/94a0e25dd819e325bc73714b2b0e6250"},"headline":"Mit wem ist Frederik Pleitgen verheiratet? Ehe, Familie &amp; Privatleben verst\u00e4ndlich erkl\u00e4rt","datePublished":"2025-12-27T12:12:52+00:00","dateModified":"2026-02-27T12:19:00+00:00","mainEntityOfPage":{"@id":"https:\/\/heuteinfo.de\/?p=2444"},"wordCount":1009,"image":{"@id":"https:\/\/heuteinfo.de\/?p=2444#primaryimage"},"thumbnailUrl":"https:\/\/heuteinfo.de\/wp-content\/uploads\/2025\/12\/f723a538acc971b1690beb3c917a-1.jpg","articleSection":["Lebensstil"],"inLanguage":"en-US"},{"@type":"WebPage","@id":"https:\/\/heuteinfo.de\/?p=2444","url":"https:\/\/heuteinfo.de\/?p=2444","name":"Mit wem ist Frederik Pleitgen verheiratet? Ehe, Familie &amp; Privatleben verst\u00e4ndlich erkl\u00e4rt - heuteinfo.de","isPartOf":{"@id":"https:\/\/heuteinfo.de\/#website"},"primaryImageOfPage":{"@id":"https:\/\/heuteinfo.de\/?p=2444#primaryimage"},"image":{"@id":"https:\/\/heuteinfo.de\/?p=2444#primaryimage"},"thumbnailUrl":"https:\/\/heuteinfo.de\/wp-content\/uploads\/2025\/12\/f723a538acc971b1690beb3c917a-1.jpg","datePublished":"2025-12-27T12:12:52+00:00","dateModified":"2026-02-27T12:19:00+00:00","author":{"@id":"https:\/\/heuteinfo.de\/#\/schema\/person\/94a0e25dd819e325bc73714b2b0e6250"},"breadcrumb":{"@id":"https:\/\/heuteinfo.de\/?p=2444#breadcrumb"},"inLanguage":"en-US","potentialAction":[{"@type":"ReadAction","target":["https:\/\/heuteinfo.de\/?p=2444"]}]},{"@type":"ImageObject","inLanguage":"en-US","@id":"https:\/\/heuteinfo.de\/?p=2444#primaryimage","url":"https:\/\/heuteinfo.de\/wp-content\/uploads\/2025\/12\/f723a538acc971b1690beb3c917a-1.jpg","contentUrl":"https:\/\/heuteinfo.de\/wp-content\/uploads\/2025\/12\/f723a538acc971b1690beb3c917a-1.jpg","width":1024,"height":681,"caption":"mit wem ist frederik pleitgen verheiratet"},{"@type":"BreadcrumbList","@id":"https:\/\/heuteinfo.de\/?p=2444#breadcrumb","itemListElement":[{"@type":"ListItem","position":1,"name":"Home","item":"https:\/\/heuteinfo.de\/"},{"@type":"ListItem","position":2,"name":"Mit wem ist Frederik Pleitgen verheiratet? Ehe, Familie &amp; Privatleben verst\u00e4ndlich erkl\u00e4rt"}]},{"@type":"WebSite","@id":"https:\/\/heuteinfo.de\/#website","url":"https:\/\/heuteinfo.de\/","name":"heuteinfo.de","description":"","potentialAction":[{"@type":"SearchAction","target":{"@type":"EntryPoint","urlTemplate":"https:\/\/heuteinfo.de\/?s={search_term_string}"},"query-input":{"@type":"PropertyValueSpecification","valueRequired":true,"valueName":"search_term_string"}}],"inLanguage":"en-US"},{"@type":"Person","@id":"https:\/\/heuteinfo.de\/#\/schema\/person\/94a0e25dd819e325bc73714b2b0e6250","name":"ahmedhassan98764@gmail.com","image":{"@type":"ImageObject","inLanguage":"en-US","@id":"https:\/\/secure.gravatar.com\/avatar\/e2e9655aa74e87126cf4d7a522342156dfe63385e2ce1859f3a68169de6937a9?s=96&d=mm&r=g","url":"https:\/\/secure.gravatar.com\/avatar\/e2e9655aa74e87126cf4d7a522342156dfe63385e2ce1859f3a68169de6937a9?s=96&d=mm&r=g","contentUrl":"https:\/\/secure.gravatar.com\/avatar\/e2e9655aa74e87126cf4d7a522342156dfe63385e2ce1859f3a68169de6937a9?s=96&d=mm&r=g","caption":"ahmedhassan98764@gmail.com"},"sameAs":["https:\/\/heuteinfo.de"],"url":"https:\/\/heuteinfo.de\/?author=1"}]}},"_links":{"self":[{"href":"https:\/\/heuteinfo.de\/index.php?rest_route=\/wp\/v2\/posts\/2444","targetHints":{"allow":["GET"]}}],"collection":[{"href":"https:\/\/heuteinfo.de\/index.php?rest_route=\/wp\/v2\/posts"}],"about":[{"href":"https:\/\/heuteinfo.de\/index.php?rest_route=\/wp\/v2\/types\/post"}],"author":[{"embeddable":true,"href":"https:\/\/heuteinfo.de\/index.php?rest_route=\/wp\/v2\/users\/1"}],"replies":[{"embeddable":true,"href":"https:\/\/heuteinfo.de\/index.php?rest_route=%2Fwp%2Fv2%2Fcomments&post=2444"}],"version-history":[{"count":3,"href":"https:\/\/heuteinfo.de\/index.php?rest_route=\/wp\/v2\/posts\/2444\/revisions"}],"predecessor-version":[{"id":10801,"href":"https:\/\/heuteinfo.de\/index.php?rest_route=\/wp\/v2\/posts\/2444\/revisions\/10801"}],"wp:featuredmedia":[{"embeddable":true,"href":"https:\/\/heuteinfo.de\/index.php?rest_route=\/wp\/v2\/media\/2445"}],"wp:attachment":[{"href":"https:\/\/heuteinfo.de\/index.php?rest_route=%2Fwp%2Fv2%2Fmedia&parent=2444"}],"wp:term":[{"taxonomy":"category","embeddable":true,"href":"https:\/\/heuteinfo.de\/index.php?rest_route=%2Fwp%2Fv2%2Fcategories&post=2444"},{"taxonomy":"post_tag","embeddable":true,"href":"https:\/\/heuteinfo.de\/index.php?rest_route=%2Fwp%2Fv2%2Ftags&post=2444"}],"curies":[{"name":"wp","href":"https:\/\/api.w.org\/{rel}","templated":true}]}}