{"id":2451,"date":"2025-12-29T11:57:59","date_gmt":"2025-12-29T11:57:59","guid":{"rendered":"https:\/\/heuteinfo.de\/?p=2451"},"modified":"2026-02-27T12:19:04","modified_gmt":"2026-02-27T12:19:04","slug":"enie-van-de-meiklokjes-scheidung","status":"publish","type":"post","link":"https:\/\/heuteinfo.de\/?p=2451","title":{"rendered":"Enie van de Meiklokjes Scheidung \u2013 Was ist wirklich dran an den Trennungsger\u00fcchten?"},"content":{"rendered":"\n<p>Die Ger\u00fcchte zur <a href=\"https:\/\/de.wikipedia.org\/wiki\/Enie_van_de_Meiklokjes\"><strong>Enie van de Meiklokjes<\/strong><\/a> Scheidung sind nicht pl\u00f6tzlich entstanden. Sie haben sich \u00fcber Jahre langsam aufgebaut. Ein Hauptgrund daf\u00fcr ist, dass Enie ihr Privatleben kaum \u00f6ffentlich zeigt. Es gibt nur wenige Interviews, keine regelm\u00e4\u00dfigen Einblicke in soziale Medien und kaum private Fotos. Im Internet gilt oft die Regel: Wenn nichts best\u00e4tigt wird, entstehen Vermutungen. Suchmaschinen verst\u00e4rken diesen Effekt zus\u00e4tzlich. Sobald viele Menschen \u00e4hnliche Fragen stellen, wie etwa \u201eIst Enie van de Meiklokjes geschieden?\u201c, steigt das Thema in den Suchergebnissen weiter nach oben. Dadurch wirkt es gr\u00f6\u00dfer, als es tats\u00e4chlich ist. Typische Ausl\u00f6ser f\u00fcr solche Ger\u00fcchte sind:<\/p>\n\n\n\n<ul class=\"wp-block-list\">\n<li>l\u00e4ngere \u00f6ffentliche Abwesenheit des Partners<\/li>\n\n\n\n<li>fehlende gemeinsame Auftritte<\/li>\n\n\n\n<li>alte Informationen, die neu aufgegriffen werden<\/li>\n\n\n\n<li>unklare oder missverst\u00e4ndliche Online-Artikel<\/li>\n<\/ul>\n\n\n\n<p>Oft reicht schon ein einzelner Beitrag, der ohne klare Quelle ver\u00f6ffentlicht wird. Andere Seiten greifen ihn auf, schreiben ihn um, und pl\u00f6tzlich wirkt ein Ger\u00fccht wie eine Tatsache.<\/p>\n\n\n\n<h2 class=\"wp-block-heading\">Ist Enie van de Meiklokjes wirklich geschieden?<\/h2>\n\n\n\n<p>Die kurze und ehrliche Antwort lautet: <strong>Es gibt keine best\u00e4tigten Informationen \u00fcber eine Scheidung.<\/strong> Weder Enie van de Meiklokjes selbst noch seri\u00f6se Medien haben eine Trennung oder Scheidung offiziell best\u00e4tigt. Das ist ein wichtiger Punkt, der bei der Suche nach \u201eEnie van de Meiklokjes Scheidung\u201c oft untergeht. Viele Artikel arbeiten mit Vermutungen, nicht mit Fakten. Sie nutzen vage Formulierungen wie \u201eangeblich\u201c oder \u201ees wird gemunkelt\u201c, liefern aber keine verl\u00e4sslichen Belege. Faktencheck zur Enie van de Meiklokjes Scheidung<\/p>\n\n\n\n<figure class=\"wp-block-table\"><table class=\"has-fixed-layout\"><thead><tr><th>Aussage<\/th><th>Fakt oder Ger\u00fccht<\/th><\/tr><\/thead><tbody><tr><td>Enie hat sich \u00f6ffentlich zur Scheidung ge\u00e4u\u00dfert<\/td><td>\u274c Nein<\/td><\/tr><tr><td>Es gibt offizielle Berichte gro\u00dfer Medien<\/td><td>\u274c Nein<\/td><\/tr><tr><td>Suchanfragen deuten auf Trennung hin<\/td><td>\u26a0\ufe0f Ja, aber ohne Beweise<\/td><\/tr><tr><td>Privates Leben wird bewusst gesch\u00fctzt<\/td><td>\u2705 Ja<\/td><\/tr><\/tbody><\/table><\/figure>\n\n\n\n<p>Das bedeutet nicht, dass man alles wissen muss. Es zeigt eher, dass nicht jede h\u00e4ufige Frage auch eine wahre Geschichte hat.<\/p>\n\n\n\n<h2 class=\"wp-block-heading\">Ehe, Partner und fr\u00fchere Beziehungen von Enie van de Meiklokjes<\/h2>\n\n\n\n<p>Ein weiterer Grund f\u00fcr die Verwirrung rund um die <strong>Enie van de Meiklokjes Scheidung<\/strong> ist die Mischung aus Vergangenheit und Gegenwart. Enie hatte in fr\u00fcheren Jahren bekannte Beziehungen, die \u00f6ffentlich thematisiert wurden. Diese alten Informationen tauchen immer wieder auf und werden f\u00e4lschlich mit ihrer heutigen Situation verbunden.<\/p>\n\n\n\n<p>Viele Leser erkennen nicht, dass:<\/p>\n\n\n\n<ul class=\"wp-block-list\">\n<li>fr\u00fchere Beziehungen lange beendet sind<\/li>\n\n\n\n<li>alte Interviews aus dem Zusammenhang gerissen werden<\/li>\n\n\n\n<li>fr\u00fchere Partner nichts mit einer aktuellen Ehe zu tun haben<\/li>\n<\/ul>\n\n\n\n<p>Enie selbst hat mehrfach gezeigt, dass sie klare Grenzen zieht. Sie spricht offen \u00fcber ihre Arbeit, aber kaum \u00fcber ihre Familie. Das ist eine bewusste Entscheidung, die man respektieren sollte.<strong>Wichtig zu verstehen:<\/strong> <em>Privatsph\u00e4re bedeutet nicht automatisch Trennung oder Scheidung.<\/em><\/p>\n\n\n\n<h2 class=\"wp-block-heading\">Warum Promi-Scheidungen Menschen so stark interessieren<\/h2>\n\n\n\n<p>Das Interesse an Themen wie <strong>\u201eEnie van de Meiklokjes Scheidung\u201c<\/strong> ist kein Einzelfall. Menschen f\u00fchlen sich Prominenten oft emotional verbunden. Man sieht sie regelm\u00e4\u00dfig im Fernsehen und hat das Gef\u00fchl, sie zu kennen. Psychologisch spielen dabei mehrere Faktoren eine Rolle:<\/p>\n\n\n\n<ul class=\"wp-block-list\">\n<li>Neugier auf das Leben hinter der Kamera<\/li>\n\n\n\n<li>Vergleich mit dem eigenen Leben<\/li>\n\n\n\n<li>Trost durch das Wissen, dass auch bekannte Menschen Probleme haben<\/li>\n<\/ul>\n\n\n\n<p>Besonders Scheidungen erzeugen Aufmerksamkeit, weil sie starke Gef\u00fchle ausl\u00f6sen. Doch genau hier ist Vorsicht wichtig. Nicht jede private Ver\u00e4nderung ist f\u00fcr die \u00d6ffentlichkeit bestimmt.<\/p>\n\n\n\n<h2 class=\"wp-block-heading\">Wie Enie van de Meiklokjes mit Ger\u00fcchten umgeht<\/h2>\n\n\n\n<p>Enie van de Meiklokjes w\u00e4hlt einen ruhigen und konsequenten Weg. Sie \u00e4u\u00dfert sich kaum zu Ger\u00fcchten. Stattdessen konzentriert sie sich auf ihre Arbeit und ihre \u00f6ffentlichen Projekte. Diese Strategie hat zwei Seiten:<\/p>\n\n\n\n<ul class=\"wp-block-list\">\n<li>Sie sch\u00fctzt ihr Privatleben<\/li>\n\n\n\n<li>Sie l\u00e4sst Raum f\u00fcr Spekulationen<\/li>\n<\/ul>\n\n\n\n<p>Langfristig zeigt sie jedoch Wirkung. Ohne Best\u00e4tigung verlieren viele Ger\u00fcchte mit der Zeit an Bedeutung. Schweigen ist in solchen F\u00e4llen oft eine klare, wenn auch stille Antwort.<\/p>\n\n\n\n<h2 class=\"wp-block-heading\">Fakten vs. Falschinformationen im Internet<\/h2>\n\n\n\n<p>Das Internet macht es leicht, Informationen zu verbreiten. Leider gilt das auch f\u00fcr falsche Inhalte. Beim Thema <strong>Enie van de Meiklokjes Scheidung<\/strong> ist es besonders wichtig, kritisch zu bleiben.<\/p>\n\n\n\n<p>Achte auf:<\/p>\n\n\n\n<ul class=\"wp-block-list\">\n<li>klare Quellenangaben<\/li>\n\n\n\n<li>aktuelle Informationen<\/li>\n\n\n\n<li>seri\u00f6se Medien<\/li>\n\n\n\n<li>direkte Aussagen statt Vermutungen<\/li>\n<\/ul>\n\n\n\n<p>Wenn diese Punkte fehlen, handelt es sich meist nicht um verl\u00e4ssliche Fakten.<\/p>\n\n\n\n<h2 class=\"wp-block-heading\">Fazit: Was man \u00fcber Enie van de Meiklokjes Scheidung wissen sollte<\/h2>\n\n\n\n<p>Zusammengefasst l\u00e4sst sich sagen: Die <strong>Enie van de Meiklokjes Scheidung<\/strong> ist ein h\u00e4ufig gesuchtes Thema, aber es gibt <strong>keine best\u00e4tigten Beweise<\/strong>, dass sie tats\u00e4chlich geschieden ist. Viele Ger\u00fcchte entstehen durch Schweigen, alte Informationen und schnelle Online-Verbreitung.<\/p>\n\n\n\n<p>Enie van de Meiklokjes zeigt, dass es m\u00f6glich ist, erfolgreich und bekannt zu sein, ohne das eigene Privatleben preiszugeben. Das verdient Respekt. Nicht jede Frage, die oft gestellt wird, braucht eine \u00f6ffentliche Antwort.<\/p>\n\n\n\n<p>Mher Lesson: <a href=\"https:\/\/heuteinfo.de\/2025\/12\/27\/muriel-baumeister-frieda-besson\/\"><strong>Muriel Baumeister Frieda Besson<\/strong><\/a><\/p>\n","protected":false},"excerpt":{"rendered":"<p>Die Ger\u00fcchte zur Enie van de Meiklokjes Scheidung sind nicht pl\u00f6tzlich entstanden. Sie haben sich \u00fcber Jahre langsam aufgebaut. Ein Hauptgrund daf\u00fcr ist, dass Enie ihr Privatleben kaum \u00f6ffentlich zeigt. Es gibt nur wenige Interviews, keine regelm\u00e4\u00dfigen Einblicke in soziale Medien und kaum private Fotos. Im Internet gilt oft die Regel: Wenn nichts best\u00e4tigt wird, [&hellip;]<\/p>\n","protected":false},"author":1,"featured_media":2452,"comment_status":"closed","ping_status":"open","sticky":false,"template":"","format":"standard","meta":{"footnotes":""},"categories":[39],"tags":[],"class_list":["post-2451","post","type-post","status-publish","format-standard","has-post-thumbnail","hentry","category-lebensstil"],"yoast_head":"<!-- This site is optimized with the Yoast SEO plugin v27.4 - https:\/\/yoast.com\/product\/yoast-seo-wordpress\/ -->\n<title>Enie van de Meiklokjes Scheidung \u2013 Was ist wirklich dran an den Trennungsger\u00fcchten? - heuteinfo.de<\/title>\n<meta name=\"robots\" content=\"index, follow, max-snippet:-1, max-image-preview:large, max-video-preview:-1\" \/>\n<link rel=\"canonical\" href=\"https:\/\/heuteinfo.de\/?p=2451\" \/>\n<meta property=\"og:locale\" content=\"en_US\" \/>\n<meta property=\"og:type\" content=\"article\" \/>\n<meta property=\"og:title\" content=\"Enie van de Meiklokjes Scheidung \u2013 Was ist wirklich dran an den Trennungsger\u00fcchten? - heuteinfo.de\" \/>\n<meta property=\"og:description\" content=\"Die Ger\u00fcchte zur Enie van de Meiklokjes Scheidung sind nicht pl\u00f6tzlich entstanden. Sie haben sich \u00fcber Jahre langsam aufgebaut. Ein Hauptgrund daf\u00fcr ist, dass Enie ihr Privatleben kaum \u00f6ffentlich zeigt. Es gibt nur wenige Interviews, keine regelm\u00e4\u00dfigen Einblicke in soziale Medien und kaum private Fotos. Im Internet gilt oft die Regel: Wenn nichts best\u00e4tigt wird, [&hellip;]\" \/>\n<meta property=\"og:url\" content=\"https:\/\/heuteinfo.de\/?p=2451\" \/>\n<meta property=\"og:site_name\" content=\"heuteinfo.de\" \/>\n<meta property=\"article:published_time\" content=\"2025-12-29T11:57:59+00:00\" \/>\n<meta property=\"article:modified_time\" content=\"2026-02-27T12:19:04+00:00\" \/>\n<meta property=\"og:image\" content=\"https:\/\/heuteinfo.de\/wp-content\/uploads\/2025\/12\/enie-van-de-meiklokjes-scheidung.jpeg\" \/>\n\t<meta property=\"og:image:width\" content=\"300\" \/>\n\t<meta property=\"og:image:height\" content=\"168\" \/>\n\t<meta property=\"og:image:type\" content=\"image\/jpeg\" \/>\n<meta name=\"author\" content=\"ahmedhassan98764@gmail.com\" \/>\n<meta name=\"twitter:card\" content=\"summary_large_image\" \/>\n<meta name=\"twitter:label1\" content=\"Written by\" \/>\n\t<meta name=\"twitter:data1\" content=\"ahmedhassan98764@gmail.com\" \/>\n\t<meta name=\"twitter:label2\" content=\"Est. reading time\" \/>\n\t<meta name=\"twitter:data2\" content=\"4 minutes\" \/>\n<script type=\"application\/ld+json\" class=\"yoast-schema-graph\">{\"@context\":\"https:\\\/\\\/schema.org\",\"@graph\":[{\"@type\":\"Article\",\"@id\":\"https:\\\/\\\/heuteinfo.de\\\/?p=2451#article\",\"isPartOf\":{\"@id\":\"https:\\\/\\\/heuteinfo.de\\\/?p=2451\"},\"author\":{\"name\":\"ahmedhassan98764@gmail.com\",\"@id\":\"https:\\\/\\\/heuteinfo.de\\\/#\\\/schema\\\/person\\\/94a0e25dd819e325bc73714b2b0e6250\"},\"headline\":\"Enie van de Meiklokjes Scheidung \u2013 Was ist wirklich dran an den Trennungsger\u00fcchten?\",\"datePublished\":\"2025-12-29T11:57:59+00:00\",\"dateModified\":\"2026-02-27T12:19:04+00:00\",\"mainEntityOfPage\":{\"@id\":\"https:\\\/\\\/heuteinfo.de\\\/?p=2451\"},\"wordCount\":793,\"image\":{\"@id\":\"https:\\\/\\\/heuteinfo.de\\\/?p=2451#primaryimage\"},\"thumbnailUrl\":\"https:\\\/\\\/heuteinfo.de\\\/wp-content\\\/uploads\\\/2025\\\/12\\\/enie-van-de-meiklokjes-scheidung.jpeg\",\"articleSection\":[\"Lebensstil\"],\"inLanguage\":\"en-US\"},{\"@type\":\"WebPage\",\"@id\":\"https:\\\/\\\/heuteinfo.de\\\/?p=2451\",\"url\":\"https:\\\/\\\/heuteinfo.de\\\/?p=2451\",\"name\":\"Enie van de Meiklokjes Scheidung \u2013 Was ist wirklich dran an den Trennungsger\u00fcchten? - heuteinfo.de\",\"isPartOf\":{\"@id\":\"https:\\\/\\\/heuteinfo.de\\\/#website\"},\"primaryImageOfPage\":{\"@id\":\"https:\\\/\\\/heuteinfo.de\\\/?p=2451#primaryimage\"},\"image\":{\"@id\":\"https:\\\/\\\/heuteinfo.de\\\/?p=2451#primaryimage\"},\"thumbnailUrl\":\"https:\\\/\\\/heuteinfo.de\\\/wp-content\\\/uploads\\\/2025\\\/12\\\/enie-van-de-meiklokjes-scheidung.jpeg\",\"datePublished\":\"2025-12-29T11:57:59+00:00\",\"dateModified\":\"2026-02-27T12:19:04+00:00\",\"author\":{\"@id\":\"https:\\\/\\\/heuteinfo.de\\\/#\\\/schema\\\/person\\\/94a0e25dd819e325bc73714b2b0e6250\"},\"breadcrumb\":{\"@id\":\"https:\\\/\\\/heuteinfo.de\\\/?p=2451#breadcrumb\"},\"inLanguage\":\"en-US\",\"potentialAction\":[{\"@type\":\"ReadAction\",\"target\":[\"https:\\\/\\\/heuteinfo.de\\\/?p=2451\"]}]},{\"@type\":\"ImageObject\",\"inLanguage\":\"en-US\",\"@id\":\"https:\\\/\\\/heuteinfo.de\\\/?p=2451#primaryimage\",\"url\":\"https:\\\/\\\/heuteinfo.de\\\/wp-content\\\/uploads\\\/2025\\\/12\\\/enie-van-de-meiklokjes-scheidung.jpeg\",\"contentUrl\":\"https:\\\/\\\/heuteinfo.de\\\/wp-content\\\/uploads\\\/2025\\\/12\\\/enie-van-de-meiklokjes-scheidung.jpeg\",\"width\":300,\"height\":168,\"caption\":\"enie van de meiklokjes scheidung\"},{\"@type\":\"BreadcrumbList\",\"@id\":\"https:\\\/\\\/heuteinfo.de\\\/?p=2451#breadcrumb\",\"itemListElement\":[{\"@type\":\"ListItem\",\"position\":1,\"name\":\"Home\",\"item\":\"https:\\\/\\\/heuteinfo.de\\\/\"},{\"@type\":\"ListItem\",\"position\":2,\"name\":\"Enie van de Meiklokjes Scheidung \u2013 Was ist wirklich dran an den Trennungsger\u00fcchten?\"}]},{\"@type\":\"WebSite\",\"@id\":\"https:\\\/\\\/heuteinfo.de\\\/#website\",\"url\":\"https:\\\/\\\/heuteinfo.de\\\/\",\"name\":\"heuteinfo.de\",\"description\":\"\",\"potentialAction\":[{\"@type\":\"SearchAction\",\"target\":{\"@type\":\"EntryPoint\",\"urlTemplate\":\"https:\\\/\\\/heuteinfo.de\\\/?s={search_term_string}\"},\"query-input\":{\"@type\":\"PropertyValueSpecification\",\"valueRequired\":true,\"valueName\":\"search_term_string\"}}],\"inLanguage\":\"en-US\"},{\"@type\":\"Person\",\"@id\":\"https:\\\/\\\/heuteinfo.de\\\/#\\\/schema\\\/person\\\/94a0e25dd819e325bc73714b2b0e6250\",\"name\":\"ahmedhassan98764@gmail.com\",\"image\":{\"@type\":\"ImageObject\",\"inLanguage\":\"en-US\",\"@id\":\"https:\\\/\\\/secure.gravatar.com\\\/avatar\\\/e2e9655aa74e87126cf4d7a522342156dfe63385e2ce1859f3a68169de6937a9?s=96&d=mm&r=g\",\"url\":\"https:\\\/\\\/secure.gravatar.com\\\/avatar\\\/e2e9655aa74e87126cf4d7a522342156dfe63385e2ce1859f3a68169de6937a9?s=96&d=mm&r=g\",\"contentUrl\":\"https:\\\/\\\/secure.gravatar.com\\\/avatar\\\/e2e9655aa74e87126cf4d7a522342156dfe63385e2ce1859f3a68169de6937a9?s=96&d=mm&r=g\",\"caption\":\"ahmedhassan98764@gmail.com\"},\"sameAs\":[\"https:\\\/\\\/heuteinfo.de\"],\"url\":\"https:\\\/\\\/heuteinfo.de\\\/?author=1\"}]}<\/script>\n<!-- \/ Yoast SEO plugin. -->","yoast_head_json":{"title":"Enie van de Meiklokjes Scheidung \u2013 Was ist wirklich dran an den Trennungsger\u00fcchten? - heuteinfo.de","robots":{"index":"index","follow":"follow","max-snippet":"max-snippet:-1","max-image-preview":"max-image-preview:large","max-video-preview":"max-video-preview:-1"},"canonical":"https:\/\/heuteinfo.de\/?p=2451","og_locale":"en_US","og_type":"article","og_title":"Enie van de Meiklokjes Scheidung \u2013 Was ist wirklich dran an den Trennungsger\u00fcchten? - heuteinfo.de","og_description":"Die Ger\u00fcchte zur Enie van de Meiklokjes Scheidung sind nicht pl\u00f6tzlich entstanden. Sie haben sich \u00fcber Jahre langsam aufgebaut. Ein Hauptgrund daf\u00fcr ist, dass Enie ihr Privatleben kaum \u00f6ffentlich zeigt. Es gibt nur wenige Interviews, keine regelm\u00e4\u00dfigen Einblicke in soziale Medien und kaum private Fotos. Im Internet gilt oft die Regel: Wenn nichts best\u00e4tigt wird, [&hellip;]","og_url":"https:\/\/heuteinfo.de\/?p=2451","og_site_name":"heuteinfo.de","article_published_time":"2025-12-29T11:57:59+00:00","article_modified_time":"2026-02-27T12:19:04+00:00","og_image":[{"width":300,"height":168,"url":"https:\/\/heuteinfo.de\/wp-content\/uploads\/2025\/12\/enie-van-de-meiklokjes-scheidung.jpeg","type":"image\/jpeg"}],"author":"ahmedhassan98764@gmail.com","twitter_card":"summary_large_image","twitter_misc":{"Written by":"ahmedhassan98764@gmail.com","Est. reading time":"4 minutes"},"schema":{"@context":"https:\/\/schema.org","@graph":[{"@type":"Article","@id":"https:\/\/heuteinfo.de\/?p=2451#article","isPartOf":{"@id":"https:\/\/heuteinfo.de\/?p=2451"},"author":{"name":"ahmedhassan98764@gmail.com","@id":"https:\/\/heuteinfo.de\/#\/schema\/person\/94a0e25dd819e325bc73714b2b0e6250"},"headline":"Enie van de Meiklokjes Scheidung \u2013 Was ist wirklich dran an den Trennungsger\u00fcchten?","datePublished":"2025-12-29T11:57:59+00:00","dateModified":"2026-02-27T12:19:04+00:00","mainEntityOfPage":{"@id":"https:\/\/heuteinfo.de\/?p=2451"},"wordCount":793,"image":{"@id":"https:\/\/heuteinfo.de\/?p=2451#primaryimage"},"thumbnailUrl":"https:\/\/heuteinfo.de\/wp-content\/uploads\/2025\/12\/enie-van-de-meiklokjes-scheidung.jpeg","articleSection":["Lebensstil"],"inLanguage":"en-US"},{"@type":"WebPage","@id":"https:\/\/heuteinfo.de\/?p=2451","url":"https:\/\/heuteinfo.de\/?p=2451","name":"Enie van de Meiklokjes Scheidung \u2013 Was ist wirklich dran an den Trennungsger\u00fcchten? - heuteinfo.de","isPartOf":{"@id":"https:\/\/heuteinfo.de\/#website"},"primaryImageOfPage":{"@id":"https:\/\/heuteinfo.de\/?p=2451#primaryimage"},"image":{"@id":"https:\/\/heuteinfo.de\/?p=2451#primaryimage"},"thumbnailUrl":"https:\/\/heuteinfo.de\/wp-content\/uploads\/2025\/12\/enie-van-de-meiklokjes-scheidung.jpeg","datePublished":"2025-12-29T11:57:59+00:00","dateModified":"2026-02-27T12:19:04+00:00","author":{"@id":"https:\/\/heuteinfo.de\/#\/schema\/person\/94a0e25dd819e325bc73714b2b0e6250"},"breadcrumb":{"@id":"https:\/\/heuteinfo.de\/?p=2451#breadcrumb"},"inLanguage":"en-US","potentialAction":[{"@type":"ReadAction","target":["https:\/\/heuteinfo.de\/?p=2451"]}]},{"@type":"ImageObject","inLanguage":"en-US","@id":"https:\/\/heuteinfo.de\/?p=2451#primaryimage","url":"https:\/\/heuteinfo.de\/wp-content\/uploads\/2025\/12\/enie-van-de-meiklokjes-scheidung.jpeg","contentUrl":"https:\/\/heuteinfo.de\/wp-content\/uploads\/2025\/12\/enie-van-de-meiklokjes-scheidung.jpeg","width":300,"height":168,"caption":"enie van de meiklokjes scheidung"},{"@type":"BreadcrumbList","@id":"https:\/\/heuteinfo.de\/?p=2451#breadcrumb","itemListElement":[{"@type":"ListItem","position":1,"name":"Home","item":"https:\/\/heuteinfo.de\/"},{"@type":"ListItem","position":2,"name":"Enie van de Meiklokjes Scheidung \u2013 Was ist wirklich dran an den Trennungsger\u00fcchten?"}]},{"@type":"WebSite","@id":"https:\/\/heuteinfo.de\/#website","url":"https:\/\/heuteinfo.de\/","name":"heuteinfo.de","description":"","potentialAction":[{"@type":"SearchAction","target":{"@type":"EntryPoint","urlTemplate":"https:\/\/heuteinfo.de\/?s={search_term_string}"},"query-input":{"@type":"PropertyValueSpecification","valueRequired":true,"valueName":"search_term_string"}}],"inLanguage":"en-US"},{"@type":"Person","@id":"https:\/\/heuteinfo.de\/#\/schema\/person\/94a0e25dd819e325bc73714b2b0e6250","name":"ahmedhassan98764@gmail.com","image":{"@type":"ImageObject","inLanguage":"en-US","@id":"https:\/\/secure.gravatar.com\/avatar\/e2e9655aa74e87126cf4d7a522342156dfe63385e2ce1859f3a68169de6937a9?s=96&d=mm&r=g","url":"https:\/\/secure.gravatar.com\/avatar\/e2e9655aa74e87126cf4d7a522342156dfe63385e2ce1859f3a68169de6937a9?s=96&d=mm&r=g","contentUrl":"https:\/\/secure.gravatar.com\/avatar\/e2e9655aa74e87126cf4d7a522342156dfe63385e2ce1859f3a68169de6937a9?s=96&d=mm&r=g","caption":"ahmedhassan98764@gmail.com"},"sameAs":["https:\/\/heuteinfo.de"],"url":"https:\/\/heuteinfo.de\/?author=1"}]}},"_links":{"self":[{"href":"https:\/\/heuteinfo.de\/index.php?rest_route=\/wp\/v2\/posts\/2451","targetHints":{"allow":["GET"]}}],"collection":[{"href":"https:\/\/heuteinfo.de\/index.php?rest_route=\/wp\/v2\/posts"}],"about":[{"href":"https:\/\/heuteinfo.de\/index.php?rest_route=\/wp\/v2\/types\/post"}],"author":[{"embeddable":true,"href":"https:\/\/heuteinfo.de\/index.php?rest_route=\/wp\/v2\/users\/1"}],"replies":[{"embeddable":true,"href":"https:\/\/heuteinfo.de\/index.php?rest_route=%2Fwp%2Fv2%2Fcomments&post=2451"}],"version-history":[{"count":3,"href":"https:\/\/heuteinfo.de\/index.php?rest_route=\/wp\/v2\/posts\/2451\/revisions"}],"predecessor-version":[{"id":10803,"href":"https:\/\/heuteinfo.de\/index.php?rest_route=\/wp\/v2\/posts\/2451\/revisions\/10803"}],"wp:featuredmedia":[{"embeddable":true,"href":"https:\/\/heuteinfo.de\/index.php?rest_route=\/wp\/v2\/media\/2452"}],"wp:attachment":[{"href":"https:\/\/heuteinfo.de\/index.php?rest_route=%2Fwp%2Fv2%2Fmedia&parent=2451"}],"wp:term":[{"taxonomy":"category","embeddable":true,"href":"https:\/\/heuteinfo.de\/index.php?rest_route=%2Fwp%2Fv2%2Fcategories&post=2451"},{"taxonomy":"post_tag","embeddable":true,"href":"https:\/\/heuteinfo.de\/index.php?rest_route=%2Fwp%2Fv2%2Ftags&post=2451"}],"curies":[{"name":"wp","href":"https:\/\/api.w.org\/{rel}","templated":true}]}}