{"id":2463,"date":"2026-01-01T12:45:13","date_gmt":"2026-01-01T12:45:13","guid":{"rendered":"https:\/\/heuteinfo.de\/?p=2463"},"modified":"2026-01-01T12:45:18","modified_gmt":"2026-01-01T12:45:18","slug":"kara-gislason-traueranzeige","status":"publish","type":"post","link":"https:\/\/heuteinfo.de\/?p=2463","title":{"rendered":"Kara Gislason Traueranzeige \u2013 Wer war Kara Gislason und warum suchen so viele danach?"},"content":{"rendered":"\n<p>Der Suchbegriff <strong><a href=\"https:\/\/www.ran.de\/sports\/handball\/news\/unglaublich-hart-gislason-spricht-ueber-krebs-tod-der-ehefrau-133980\">Kara Gislason<\/a> Traueranzeige<\/strong> wird vor allem von Menschen genutzt, die mehr \u00fcber den Tod von Kara Gislason erfahren m\u00f6chten. Viele wollen wissen, <strong>ob es eine offizielle Todesanzeige gibt<\/strong>, was darin steht und warum sie \u00f6ffentliches Interesse geweckt hat.<\/p>\n\n\n\n<p>Eine <em>Traueranzeige<\/em> ist eine \u00f6ffentliche Mitteilung \u00fcber den Tod eines Menschen. Sie wird oft in Zeitungen oder online ver\u00f6ffentlicht. Ziel ist es, andere zu informieren, zu gedenken und Mitgef\u00fchl zu zeigen.<\/p>\n\n\n\n<h2 class=\"wp-block-heading\">Wer war Kara Gislason?<\/h2>\n\n\n\n<p>Viele Menschen, die nach <strong>Kara Gislason Traueranzeige<\/strong> suchen, m\u00f6chten zuerst verstehen, <strong>wer Kara Gislason als Mensch war<\/strong>. Abseits von Medienberichten war sie keine \u00f6ffentliche Person im klassischen Sinn. Trotzdem hatte sie eine gro\u00dfe Bedeutung \u2013 vor allem f\u00fcr ihre Familie. Kara Gislason war vor allem als <strong>Ehefrau, Mutter und Familienmensch<\/strong> bekannt. Sie lebte bewusst ein Leben au\u00dferhalb des Rampenlichts. W\u00e4hrend ihr Mann im Profisport t\u00e4tig war, hielt sie den privaten Raum zusammen. Freunde und Wegbegleiter beschrieben sie als ruhig, warmherzig und sehr bodenst\u00e4ndig.<\/p>\n\n\n\n<p>Sie stand nicht gerne im Mittelpunkt. Genau das macht ihr Leben f\u00fcr viele Menschen heute interessant. Denn oft sind es gerade diese stillen Pers\u00f6nlichkeiten, deren Verlust besonders tief sp\u00fcrbar ist. Was viele Leser sch\u00e4tzen, ist der Respekt, mit dem \u00fcber sie gesprochen wird. In Berichten rund um die <strong>Traueranzeige von Kara Gislason<\/strong> wird deutlich, dass sie ein Mensch war, der anderen Halt gab, ohne Aufmerksamkeit zu suchen.<\/p>\n\n\n\n<h2 class=\"wp-block-heading\">Kara Gislason und ihre Familie \u2013 ein gemeinsames Leben<\/h2>\n\n\n\n<p>Ein zentraler Teil im Zusammenhang mit der <strong>Kara Gislason Traueranzeige<\/strong> ist ihre Familie. Kara war \u00fcber viele Jahrzehnte verheiratet und begleitete ihren Mann durch verschiedene Lebensphasen, L\u00e4nder und berufliche Ver\u00e4nderungen. Gemeinsam bauten sie ein stabiles Familienleben auf. Dabei spielte Vertrauen eine gro\u00dfe Rolle. W\u00e4hrend der Beruf oft \u00f6ffentlich war, blieb das Privatleben gesch\u00fctzt.<\/p>\n\n\n\n<p>Die Familie war f\u00fcr Kara Gislason kein Nebenpunkt, sondern der Mittelpunkt ihres Lebens.<br>Das zeigt sich auch darin, dass viele Informationen bewusst privat gehalten wurden \u2013 selbst nach ihrem Tod. Diese Zur\u00fcckhaltung wird von vielen Menschen respektiert. Sie zeigt, dass Trauer nicht laut sein muss, um echt zu sein.<\/p>\n\n\n\n<h2 class=\"wp-block-heading\">Todesdatum und bekannte Hintergr\u00fcnde<\/h2>\n\n\n\n<p>Im Zusammenhang mit der <strong>Kara Gislason Traueranzeige<\/strong> taucht h\u00e4ufig die Frage nach dem Todesdatum und den Umst\u00e4nden auf. Bekannt ist, dass Kara Gislason im Jahr <strong>2021<\/strong> verstorben ist. \u00dcber die genauen medizinischen Details wurde nur sehr wenig \u00f6ffentlich gemacht. Das ist eine bewusste Entscheidung der Familie gewesen. Und genau das entspricht auch dem respektvollen Umgang, den viele Leser erwarten. Was \u00f6ffentlich bekannt wurde, l\u00e4sst sich sachlich zusammenfassen:<\/p>\n\n\n\n<figure class=\"wp-block-table\"><table class=\"has-fixed-layout\"><thead><tr><th>Punkt<\/th><th>Information<\/th><\/tr><\/thead><tbody><tr><td>Todesjahr<\/td><td>2021<\/td><\/tr><tr><td>\u00d6ffentliche Details<\/td><td>bewusst begrenzt<\/td><\/tr><tr><td>Umgang der Familie<\/td><td>privat und w\u00fcrdevoll<\/td><\/tr><\/tbody><\/table><\/figure>\n\n\n\n<p>Diese Zur\u00fcckhaltung ist einer der Gr\u00fcnde, warum viele Menschen online nach der <strong>Traueranzeige von Kara Gislason<\/strong> suchen. Sie hoffen, dort eine klare, verl\u00e4ssliche Information zu finden \u2013 ohne Ger\u00fcchte oder Spekulationen.<\/p>\n\n\n\n<h2 class=\"wp-block-heading\">Die Kara Gislason Traueranzeige \u2013 Inhalt und Bedeutung<\/h2>\n\n\n\n<p>Eine <strong>Traueranzeige<\/strong> ist mehr als nur eine Todesnachricht. Sie ist ein Zeichen von Erinnerung, Liebe und Abschied. Die <strong>Kara Gislason Traueranzeige<\/strong> folgte diesem klassischen, w\u00fcrdevollen Stil. Sie richtete sich in erster Linie an Familie, Freunde und Wegbegleiter. Gleichzeitig wurde sie durch Medienberichte auch f\u00fcr die \u00d6ffentlichkeit sichtbar. Typisch f\u00fcr solche Anzeigen sind:<\/p>\n\n\n\n<ul class=\"wp-block-list\">\n<li>der vollst\u00e4ndige Name<\/li>\n\n\n\n<li>ein kurzer Abschiedssatz<\/li>\n\n\n\n<li>die Nennung der engsten Angeh\u00f6rigen<\/li>\n\n\n\n<li>Hinweise zur Beisetzung oder zum stillen Gedenken<\/li>\n<\/ul>\n\n\n\n<p>In diesem Fall stand nicht die \u00d6ffentlichkeit im Vordergrund, sondern <strong>Respekt und Ruhe<\/strong>. Genau das macht die Anzeige f\u00fcr viele Menschen so bewegend. <strong>Manchmal sagen wenige Worte mehr als lange Erkl\u00e4rungen.<\/strong><\/p>\n\n\n\n<h2 class=\"wp-block-heading\">\u00d6ffentliche Reaktionen auf die Traueranzeige<\/h2>\n\n\n\n<p>Nach dem Bekanntwerden der <strong>Kara Gislason Traueranzeige<\/strong> gab es viele stille Reaktionen. Vor allem aus dem sportlichen Umfeld kamen Beileidsbekundungen. Nicht laut, nicht aufdringlich, sondern respektvoll.<\/p>\n\n\n\n<p>Fans, Kollegen und Wegbegleiter zeigten Mitgef\u00fchl. Viele nutzten soziale Medien oder Kommentare, um kurze Worte des Trostes zu hinterlassen. Dabei ging es weniger um Bekanntheit, sondern um <strong>menschliche Anteilnahme<\/strong>. Das erkl\u00e4rt auch, warum der Suchbegriff <em>Kara Gislason Traueranzeige<\/em> bis heute regelm\u00e4\u00dfig eingegeben wird.<\/p>\n\n\n\n<h2 class=\"wp-block-heading\">Warum wird \u201eKara Gislason Traueranzeige\u201c so h\u00e4ufig gesucht?<\/h2>\n\n\n\n<p>Die h\u00e4ufige Suche nach <strong>Kara Gislason Traueranzeige<\/strong> hat mehrere Gr\u00fcnde. Einer davon ist die Art, wie wir heute mit Trauer umgehen.<\/p>\n\n\n\n<p>Menschen suchen online, weil sie:<\/p>\n\n\n\n<ul class=\"wp-block-list\">\n<li>Best\u00e4tigung suchen<\/li>\n\n\n\n<li>Erinnerungen verstehen wollen<\/li>\n\n\n\n<li>Anteilnahme ausdr\u00fccken m\u00f6chten<\/li>\n\n\n\n<li>Ruhe und Klarheit suchen<\/li>\n<\/ul>\n\n\n\n<p>Das Internet ist f\u00fcr viele zu einem Ort des stillen Gedenkens geworden.<br>Gerade bei bekannten Namen m\u00f6chten Menschen <strong>seri\u00f6se Informationen<\/strong> statt Ger\u00fcchte.<\/p>\n\n\n\n<h2 class=\"wp-block-heading\">H\u00e4ufige Fragen zur Kara Gislason Traueranzeige<\/h2>\n\n\n\n<p><strong>Gibt es eine offizielle Online-Traueranzeige?<\/strong><br>Nicht jede Traueranzeige ist dauerhaft online abrufbar. Viele erscheinen nur regional oder zeitlich begrenzt.<\/p>\n\n\n\n<p><strong>Warum sind so wenige Details bekannt?<\/strong><br>Aus Respekt vor der Familie wurden viele Informationen bewusst privat gehalten.<\/p>\n\n\n\n<p><strong>Ist die Suche nach der Traueranzeige respektvoll?<\/strong><br>Ja, solange sie aus ehrlichem Interesse und Mitgef\u00fchl erfolgt.<\/p>\n\n\n\n<h2 class=\"wp-block-heading\">Fazit<\/h2>\n\n\n\n<p>Die Suche nach <strong>Kara Gislason Traueranzeige<\/strong> zeigt, wie sehr Menschen heute Anteil nehmen \u2013 auch digital. Hinter dem Suchbegriff steht kein blo\u00dfes Interesse, sondern oft echtes Mitgef\u00fchl und der Wunsch nach Verst\u00e4ndnis.<\/p>\n\n\n\n<p>Kara Gislason bleibt f\u00fcr viele ein Beispiel daf\u00fcr, dass ein erf\u00fclltes Leben nicht \u00f6ffentlich sein muss, um Spuren zu hinterlassen.<\/p>\n\n\n\n<p>Mher Lesson: <a href=\"https:\/\/heuteinfo.de\/2026\/01\/01\/glucksjormon\/\"><strong>Gl\u00fccksjormon<\/strong><\/a><\/p>\n","protected":false},"excerpt":{"rendered":"<p>Der Suchbegriff Kara Gislason Traueranzeige wird vor allem von Menschen genutzt, die mehr \u00fcber den Tod von Kara Gislason erfahren m\u00f6chten. Viele wollen wissen, ob es eine offizielle Todesanzeige gibt, was darin steht und warum sie \u00f6ffentliches Interesse geweckt hat. Eine Traueranzeige ist eine \u00f6ffentliche Mitteilung \u00fcber den Tod eines Menschen. Sie wird oft in [&hellip;]<\/p>\n","protected":false},"author":1,"featured_media":2464,"comment_status":"closed","ping_status":"open","sticky":false,"template":"","format":"standard","meta":{"footnotes":""},"categories":[39],"tags":[83],"class_list":["post-2463","post","type-post","status-publish","format-standard","has-post-thumbnail","hentry","category-lebensstil","tag-kara-gislason-traueranzeige"],"yoast_head":"<!-- This site is optimized with the Yoast SEO plugin v27.4 - https:\/\/yoast.com\/product\/yoast-seo-wordpress\/ -->\n<title>Kara Gislason Traueranzeige \u2013 Wer war Kara Gislason und warum suchen so viele danach? - heuteinfo.de<\/title>\n<meta name=\"robots\" content=\"index, follow, max-snippet:-1, max-image-preview:large, max-video-preview:-1\" \/>\n<link rel=\"canonical\" href=\"https:\/\/heuteinfo.de\/?p=2463\" \/>\n<meta property=\"og:locale\" content=\"en_US\" \/>\n<meta property=\"og:type\" content=\"article\" \/>\n<meta property=\"og:title\" content=\"Kara Gislason Traueranzeige \u2013 Wer war Kara Gislason und warum suchen so viele danach? - heuteinfo.de\" \/>\n<meta property=\"og:description\" content=\"Der Suchbegriff Kara Gislason Traueranzeige wird vor allem von Menschen genutzt, die mehr \u00fcber den Tod von Kara Gislason erfahren m\u00f6chten. Viele wollen wissen, ob es eine offizielle Todesanzeige gibt, was darin steht und warum sie \u00f6ffentliches Interesse geweckt hat. Eine Traueranzeige ist eine \u00f6ffentliche Mitteilung \u00fcber den Tod eines Menschen. Sie wird oft in [&hellip;]\" \/>\n<meta property=\"og:url\" content=\"https:\/\/heuteinfo.de\/?p=2463\" \/>\n<meta property=\"og:site_name\" content=\"heuteinfo.de\" \/>\n<meta property=\"article:published_time\" content=\"2026-01-01T12:45:13+00:00\" \/>\n<meta property=\"article:modified_time\" content=\"2026-01-01T12:45:18+00:00\" \/>\n<meta property=\"og:image\" content=\"https:\/\/heuteinfo.de\/wp-content\/uploads\/2026\/01\/kara-gislason-traueranzeige-1024x683-1.jpg\" \/>\n\t<meta property=\"og:image:width\" content=\"1024\" \/>\n\t<meta property=\"og:image:height\" content=\"683\" \/>\n\t<meta property=\"og:image:type\" content=\"image\/jpeg\" \/>\n<meta name=\"author\" content=\"ahmedhassan98764@gmail.com\" \/>\n<meta name=\"twitter:card\" content=\"summary_large_image\" \/>\n<meta name=\"twitter:label1\" content=\"Written by\" \/>\n\t<meta name=\"twitter:data1\" content=\"ahmedhassan98764@gmail.com\" \/>\n\t<meta name=\"twitter:label2\" content=\"Est. reading time\" \/>\n\t<meta name=\"twitter:data2\" content=\"4 minutes\" \/>\n<script type=\"application\/ld+json\" class=\"yoast-schema-graph\">{\"@context\":\"https:\\\/\\\/schema.org\",\"@graph\":[{\"@type\":\"Article\",\"@id\":\"https:\\\/\\\/heuteinfo.de\\\/?p=2463#article\",\"isPartOf\":{\"@id\":\"https:\\\/\\\/heuteinfo.de\\\/?p=2463\"},\"author\":{\"name\":\"ahmedhassan98764@gmail.com\",\"@id\":\"https:\\\/\\\/heuteinfo.de\\\/#\\\/schema\\\/person\\\/94a0e25dd819e325bc73714b2b0e6250\"},\"headline\":\"Kara Gislason Traueranzeige \u2013 Wer war Kara Gislason und warum suchen so viele danach?\",\"datePublished\":\"2026-01-01T12:45:13+00:00\",\"dateModified\":\"2026-01-01T12:45:18+00:00\",\"mainEntityOfPage\":{\"@id\":\"https:\\\/\\\/heuteinfo.de\\\/?p=2463\"},\"wordCount\":881,\"image\":{\"@id\":\"https:\\\/\\\/heuteinfo.de\\\/?p=2463#primaryimage\"},\"thumbnailUrl\":\"https:\\\/\\\/heuteinfo.de\\\/wp-content\\\/uploads\\\/2026\\\/01\\\/kara-gislason-traueranzeige-1024x683-1.jpg\",\"keywords\":[\"kara gislason traueranzeige\"],\"articleSection\":[\"Lebensstil\"],\"inLanguage\":\"en-US\"},{\"@type\":\"WebPage\",\"@id\":\"https:\\\/\\\/heuteinfo.de\\\/?p=2463\",\"url\":\"https:\\\/\\\/heuteinfo.de\\\/?p=2463\",\"name\":\"Kara Gislason Traueranzeige \u2013 Wer war Kara Gislason und warum suchen so viele danach? - heuteinfo.de\",\"isPartOf\":{\"@id\":\"https:\\\/\\\/heuteinfo.de\\\/#website\"},\"primaryImageOfPage\":{\"@id\":\"https:\\\/\\\/heuteinfo.de\\\/?p=2463#primaryimage\"},\"image\":{\"@id\":\"https:\\\/\\\/heuteinfo.de\\\/?p=2463#primaryimage\"},\"thumbnailUrl\":\"https:\\\/\\\/heuteinfo.de\\\/wp-content\\\/uploads\\\/2026\\\/01\\\/kara-gislason-traueranzeige-1024x683-1.jpg\",\"datePublished\":\"2026-01-01T12:45:13+00:00\",\"dateModified\":\"2026-01-01T12:45:18+00:00\",\"author\":{\"@id\":\"https:\\\/\\\/heuteinfo.de\\\/#\\\/schema\\\/person\\\/94a0e25dd819e325bc73714b2b0e6250\"},\"breadcrumb\":{\"@id\":\"https:\\\/\\\/heuteinfo.de\\\/?p=2463#breadcrumb\"},\"inLanguage\":\"en-US\",\"potentialAction\":[{\"@type\":\"ReadAction\",\"target\":[\"https:\\\/\\\/heuteinfo.de\\\/?p=2463\"]}]},{\"@type\":\"ImageObject\",\"inLanguage\":\"en-US\",\"@id\":\"https:\\\/\\\/heuteinfo.de\\\/?p=2463#primaryimage\",\"url\":\"https:\\\/\\\/heuteinfo.de\\\/wp-content\\\/uploads\\\/2026\\\/01\\\/kara-gislason-traueranzeige-1024x683-1.jpg\",\"contentUrl\":\"https:\\\/\\\/heuteinfo.de\\\/wp-content\\\/uploads\\\/2026\\\/01\\\/kara-gislason-traueranzeige-1024x683-1.jpg\",\"width\":1024,\"height\":683,\"caption\":\"kara gislason traueranzeige\"},{\"@type\":\"BreadcrumbList\",\"@id\":\"https:\\\/\\\/heuteinfo.de\\\/?p=2463#breadcrumb\",\"itemListElement\":[{\"@type\":\"ListItem\",\"position\":1,\"name\":\"Home\",\"item\":\"https:\\\/\\\/heuteinfo.de\\\/\"},{\"@type\":\"ListItem\",\"position\":2,\"name\":\"Kara Gislason Traueranzeige \u2013 Wer war Kara Gislason und warum suchen so viele danach?\"}]},{\"@type\":\"WebSite\",\"@id\":\"https:\\\/\\\/heuteinfo.de\\\/#website\",\"url\":\"https:\\\/\\\/heuteinfo.de\\\/\",\"name\":\"heuteinfo.de\",\"description\":\"\",\"potentialAction\":[{\"@type\":\"SearchAction\",\"target\":{\"@type\":\"EntryPoint\",\"urlTemplate\":\"https:\\\/\\\/heuteinfo.de\\\/?s={search_term_string}\"},\"query-input\":{\"@type\":\"PropertyValueSpecification\",\"valueRequired\":true,\"valueName\":\"search_term_string\"}}],\"inLanguage\":\"en-US\"},{\"@type\":\"Person\",\"@id\":\"https:\\\/\\\/heuteinfo.de\\\/#\\\/schema\\\/person\\\/94a0e25dd819e325bc73714b2b0e6250\",\"name\":\"ahmedhassan98764@gmail.com\",\"image\":{\"@type\":\"ImageObject\",\"inLanguage\":\"en-US\",\"@id\":\"https:\\\/\\\/secure.gravatar.com\\\/avatar\\\/e2e9655aa74e87126cf4d7a522342156dfe63385e2ce1859f3a68169de6937a9?s=96&d=mm&r=g\",\"url\":\"https:\\\/\\\/secure.gravatar.com\\\/avatar\\\/e2e9655aa74e87126cf4d7a522342156dfe63385e2ce1859f3a68169de6937a9?s=96&d=mm&r=g\",\"contentUrl\":\"https:\\\/\\\/secure.gravatar.com\\\/avatar\\\/e2e9655aa74e87126cf4d7a522342156dfe63385e2ce1859f3a68169de6937a9?s=96&d=mm&r=g\",\"caption\":\"ahmedhassan98764@gmail.com\"},\"sameAs\":[\"https:\\\/\\\/heuteinfo.de\"],\"url\":\"https:\\\/\\\/heuteinfo.de\\\/?author=1\"}]}<\/script>\n<!-- \/ Yoast SEO plugin. -->","yoast_head_json":{"title":"Kara Gislason Traueranzeige \u2013 Wer war Kara Gislason und warum suchen so viele danach? - heuteinfo.de","robots":{"index":"index","follow":"follow","max-snippet":"max-snippet:-1","max-image-preview":"max-image-preview:large","max-video-preview":"max-video-preview:-1"},"canonical":"https:\/\/heuteinfo.de\/?p=2463","og_locale":"en_US","og_type":"article","og_title":"Kara Gislason Traueranzeige \u2013 Wer war Kara Gislason und warum suchen so viele danach? - heuteinfo.de","og_description":"Der Suchbegriff Kara Gislason Traueranzeige wird vor allem von Menschen genutzt, die mehr \u00fcber den Tod von Kara Gislason erfahren m\u00f6chten. Viele wollen wissen, ob es eine offizielle Todesanzeige gibt, was darin steht und warum sie \u00f6ffentliches Interesse geweckt hat. Eine Traueranzeige ist eine \u00f6ffentliche Mitteilung \u00fcber den Tod eines Menschen. Sie wird oft in [&hellip;]","og_url":"https:\/\/heuteinfo.de\/?p=2463","og_site_name":"heuteinfo.de","article_published_time":"2026-01-01T12:45:13+00:00","article_modified_time":"2026-01-01T12:45:18+00:00","og_image":[{"width":1024,"height":683,"url":"https:\/\/heuteinfo.de\/wp-content\/uploads\/2026\/01\/kara-gislason-traueranzeige-1024x683-1.jpg","type":"image\/jpeg"}],"author":"ahmedhassan98764@gmail.com","twitter_card":"summary_large_image","twitter_misc":{"Written by":"ahmedhassan98764@gmail.com","Est. reading time":"4 minutes"},"schema":{"@context":"https:\/\/schema.org","@graph":[{"@type":"Article","@id":"https:\/\/heuteinfo.de\/?p=2463#article","isPartOf":{"@id":"https:\/\/heuteinfo.de\/?p=2463"},"author":{"name":"ahmedhassan98764@gmail.com","@id":"https:\/\/heuteinfo.de\/#\/schema\/person\/94a0e25dd819e325bc73714b2b0e6250"},"headline":"Kara Gislason Traueranzeige \u2013 Wer war Kara Gislason und warum suchen so viele danach?","datePublished":"2026-01-01T12:45:13+00:00","dateModified":"2026-01-01T12:45:18+00:00","mainEntityOfPage":{"@id":"https:\/\/heuteinfo.de\/?p=2463"},"wordCount":881,"image":{"@id":"https:\/\/heuteinfo.de\/?p=2463#primaryimage"},"thumbnailUrl":"https:\/\/heuteinfo.de\/wp-content\/uploads\/2026\/01\/kara-gislason-traueranzeige-1024x683-1.jpg","keywords":["kara gislason traueranzeige"],"articleSection":["Lebensstil"],"inLanguage":"en-US"},{"@type":"WebPage","@id":"https:\/\/heuteinfo.de\/?p=2463","url":"https:\/\/heuteinfo.de\/?p=2463","name":"Kara Gislason Traueranzeige \u2013 Wer war Kara Gislason und warum suchen so viele danach? - heuteinfo.de","isPartOf":{"@id":"https:\/\/heuteinfo.de\/#website"},"primaryImageOfPage":{"@id":"https:\/\/heuteinfo.de\/?p=2463#primaryimage"},"image":{"@id":"https:\/\/heuteinfo.de\/?p=2463#primaryimage"},"thumbnailUrl":"https:\/\/heuteinfo.de\/wp-content\/uploads\/2026\/01\/kara-gislason-traueranzeige-1024x683-1.jpg","datePublished":"2026-01-01T12:45:13+00:00","dateModified":"2026-01-01T12:45:18+00:00","author":{"@id":"https:\/\/heuteinfo.de\/#\/schema\/person\/94a0e25dd819e325bc73714b2b0e6250"},"breadcrumb":{"@id":"https:\/\/heuteinfo.de\/?p=2463#breadcrumb"},"inLanguage":"en-US","potentialAction":[{"@type":"ReadAction","target":["https:\/\/heuteinfo.de\/?p=2463"]}]},{"@type":"ImageObject","inLanguage":"en-US","@id":"https:\/\/heuteinfo.de\/?p=2463#primaryimage","url":"https:\/\/heuteinfo.de\/wp-content\/uploads\/2026\/01\/kara-gislason-traueranzeige-1024x683-1.jpg","contentUrl":"https:\/\/heuteinfo.de\/wp-content\/uploads\/2026\/01\/kara-gislason-traueranzeige-1024x683-1.jpg","width":1024,"height":683,"caption":"kara gislason traueranzeige"},{"@type":"BreadcrumbList","@id":"https:\/\/heuteinfo.de\/?p=2463#breadcrumb","itemListElement":[{"@type":"ListItem","position":1,"name":"Home","item":"https:\/\/heuteinfo.de\/"},{"@type":"ListItem","position":2,"name":"Kara Gislason Traueranzeige \u2013 Wer war Kara Gislason und warum suchen so viele danach?"}]},{"@type":"WebSite","@id":"https:\/\/heuteinfo.de\/#website","url":"https:\/\/heuteinfo.de\/","name":"heuteinfo.de","description":"","potentialAction":[{"@type":"SearchAction","target":{"@type":"EntryPoint","urlTemplate":"https:\/\/heuteinfo.de\/?s={search_term_string}"},"query-input":{"@type":"PropertyValueSpecification","valueRequired":true,"valueName":"search_term_string"}}],"inLanguage":"en-US"},{"@type":"Person","@id":"https:\/\/heuteinfo.de\/#\/schema\/person\/94a0e25dd819e325bc73714b2b0e6250","name":"ahmedhassan98764@gmail.com","image":{"@type":"ImageObject","inLanguage":"en-US","@id":"https:\/\/secure.gravatar.com\/avatar\/e2e9655aa74e87126cf4d7a522342156dfe63385e2ce1859f3a68169de6937a9?s=96&d=mm&r=g","url":"https:\/\/secure.gravatar.com\/avatar\/e2e9655aa74e87126cf4d7a522342156dfe63385e2ce1859f3a68169de6937a9?s=96&d=mm&r=g","contentUrl":"https:\/\/secure.gravatar.com\/avatar\/e2e9655aa74e87126cf4d7a522342156dfe63385e2ce1859f3a68169de6937a9?s=96&d=mm&r=g","caption":"ahmedhassan98764@gmail.com"},"sameAs":["https:\/\/heuteinfo.de"],"url":"https:\/\/heuteinfo.de\/?author=1"}]}},"_links":{"self":[{"href":"https:\/\/heuteinfo.de\/index.php?rest_route=\/wp\/v2\/posts\/2463","targetHints":{"allow":["GET"]}}],"collection":[{"href":"https:\/\/heuteinfo.de\/index.php?rest_route=\/wp\/v2\/posts"}],"about":[{"href":"https:\/\/heuteinfo.de\/index.php?rest_route=\/wp\/v2\/types\/post"}],"author":[{"embeddable":true,"href":"https:\/\/heuteinfo.de\/index.php?rest_route=\/wp\/v2\/users\/1"}],"replies":[{"embeddable":true,"href":"https:\/\/heuteinfo.de\/index.php?rest_route=%2Fwp%2Fv2%2Fcomments&post=2463"}],"version-history":[{"count":1,"href":"https:\/\/heuteinfo.de\/index.php?rest_route=\/wp\/v2\/posts\/2463\/revisions"}],"predecessor-version":[{"id":2465,"href":"https:\/\/heuteinfo.de\/index.php?rest_route=\/wp\/v2\/posts\/2463\/revisions\/2465"}],"wp:featuredmedia":[{"embeddable":true,"href":"https:\/\/heuteinfo.de\/index.php?rest_route=\/wp\/v2\/media\/2464"}],"wp:attachment":[{"href":"https:\/\/heuteinfo.de\/index.php?rest_route=%2Fwp%2Fv2%2Fmedia&parent=2463"}],"wp:term":[{"taxonomy":"category","embeddable":true,"href":"https:\/\/heuteinfo.de\/index.php?rest_route=%2Fwp%2Fv2%2Fcategories&post=2463"},{"taxonomy":"post_tag","embeddable":true,"href":"https:\/\/heuteinfo.de\/index.php?rest_route=%2Fwp%2Fv2%2Ftags&post=2463"}],"curies":[{"name":"wp","href":"https:\/\/api.w.org\/{rel}","templated":true}]}}